{"id":48003,"date":"2015-06-18T12:28:36","date_gmt":"2015-06-18T10:28:36","guid":{"rendered":"http:\/\/www.article-marketing.eu\/comunicati\/senza-categoria\/digital-radio-e-dab-radio-il-futuro-della-radio\/"},"modified":"2020-08-10T01:22:21","modified_gmt":"2020-08-09T23:22:21","slug":"digital-radio-e-dab-radio-il-futuro-della-radio","status":"publish","type":"post","link":"https:\/\/www.article-marketing.eu\/comunicati\/telecomunicazioni\/radio-e-tv-satellitare\/digital-radio-e-dab-radio-il-futuro-della-radio\/","title":{"rendered":"Digital Radio e Dab Radio &#8211; Il futuro della Radio"},"content":{"rendered":"<p>Ancora prima della televisione, &egrave; stata la radio a rivoluzionare lo stile di vita della popolazione dei paesi sviluppati. Mentre prima si viveva nel proprio microcosmo costituito dalla famiglia, dal lavoro, dal vicinato, e solo pochi privilegiati potevano conoscere le notizie e gli avvenimenti che riguardavano zone oltre i confini della citt&agrave; o del paese, la radio ha permesso il primo vero contatto con il mondo. E il discorso pu&ograve; essere esteso anche alla musica, che era fruita solo dal vivo, e solo in occasioni speciali; con la radio invece &egrave; riuscita a penetrare in tutte le case, sempre diversa e sempre nuova. L&#8217;ingresso della radio nelle abitazioni costitu&igrave; l&#8217;apertura di una vera e propria finestra su di una realt&agrave; che andava oltre i limiti della propria esperienza diretta.<br \/>Le conseguenze sociali e sociologiche della radio furono enormi: creazione e accrescimento dell&#8217;opinione pubblica, unificazione linguistica delle singole nazioni, diffusione di una cultura omogenea e standard, la nascita di idoli pop musicali e di star dei radio romanzi e delle radionovele; divenne uno strumento di compagnia per le casalinghe e di svago per gli uomini al ritorno dal lavoro, creando appuntamenti fissi e routine basate sugli orari delle trasmissioni.<br \/>Incredibilmente, la radio &egrave; stata in seguito uno degli strumenti che ha subito un minor tasso di evoluzione e di innovazione rispetto agli altri device tecnologici, tanto che l&#8217;ultima vera novit&agrave; &egrave; stata l&#8217;introduzione del transistor, che ha permesso all&#8217;apparecchio radiofonico di diventare portatile e di accompagnare i movimenti giovanili a partire dagli anni &#8217;60.<br \/>Ai giorni nostri si sta per&ograve; imponendo un altro interessante e forse definitivo cambiamento: l&#8217;introduzione del digitale nel panorama delle trasmissioni radiofoniche. Non sar&agrave; uno switch off violento come nel caso delle televisioni, ma &egrave; previsto un graduale passaggio al nuovo tipo di segnale, per permettere una convivenza tra le vecchie radio analogiche e le nuove digitali.<br \/>&Egrave; necessaria questa novit&agrave;? Per gli amanti dell&#8217;audio di alta qualit&agrave; certamente si. Infatti la <strong>digital radio<\/strong> (<a href=\"http:\/\/www.radionovelli.it\/chi-siamo\/radio\/\" title=\"Dab Radio Radionovelli\">www.radionovelli.it<\/a>) non riceve pi&ugrave; onde, ma un segnale dati che viene codificato e restituisce un suono sempre limpido e pulito, paragonabile a quello dei CD. E all&#8217;interno di questo segnale digitale possono essere inseriti non solo dati audio, ma anche informazioni testuali quali il nome della stazione, notizie, risultati sportivi e immagini, come le copertine dei dischi. Inoltre va a scomparire del tutto la fastidiosa mancanza di segnale che obbliga a cambiare stazione o deteriora la qualit&agrave; del suono: si passa infatti dal tuning alla selezione della stazione per nome, con sintonizzazione automatica da parte dell&#8217;apparecchio.<\/p>\n<p>Radionovelli, da oltre 60 anni alfiere dell&#8217;audio di qualit&agrave; e della passione per la radio, ha prontamente sposato la causa della digital radio, e nel suo storico negozio di Roma, in via Tagliamento, propone una vasta gamma di radio DAB+, autoradio digitali e radio vintage; queste ultime, fiore all&#8217;occhiello del catalogo, uniscono la pi&ugrave; moderna tecnologia al fascino di un&#8217;estetica retr&ograve;, che richiama gli anni d&#8217;oro della radio. I clienti hanno la possibilit&agrave; di testare la straordinaria qualit&agrave; della trasmissione digitale, oltre a numerose altre sorgenti sonore e casse, all&#8217;interno della sala d&#8217;ascolto professionale che Radionovelli mette loro a disposizione, progettata da un architetto specializzato ed unica per le proprie caratteristiche in tutta Roma.<\/p>\n","protected":false},"excerpt":{"rendered":"<p>Le diverse fasi della Radio, da finestra sul mondo e strumento di compagnia, a manifesto di libert\u00e0. La prossima grande tappa sar\u00e0 la qualit\u00e0 e la ricchezza di contenuti del digitale?<\/p>\n","protected":false},"author":10,"featured_media":0,"comment_status":"open","ping_status":"open","sticky":false,"template":"","format":"standard","meta":{"cybocfi_hide_featured_image":"","footnotes":""},"categories":[805],"tags":[51872,51871],"class_list":["post-48003","post","type-post","status-publish","format-standard","hentry","category-radio-e-tv-satellitare","tag-dab-radio","tag-digital-radio"],"yoast_head":"<!-- This site is optimized with the Yoast SEO plugin v27.0 - https:\/\/yoast.com\/product\/yoast-seo-wordpress\/ -->\n<title>Digital Radio e Dab Radio - Il futuro della Radio - Article Marketing<\/title>\n<meta name=\"robots\" content=\"index, follow, max-snippet:-1, max-image-preview:large, max-video-preview:-1\" \/>\n<link rel=\"canonical\" href=\"https:\/\/www.article-marketing.eu\/comunicati\/telecomunicazioni\/radio-e-tv-satellitare\/digital-radio-e-dab-radio-il-futuro-della-radio\/\" \/>\n<meta property=\"og:locale\" content=\"it_IT\" \/>\n<meta property=\"og:type\" content=\"article\" \/>\n<meta property=\"og:title\" content=\"Digital Radio e Dab Radio - Il futuro della Radio - Article Marketing\" \/>\n<meta property=\"og:description\" content=\"Le diverse fasi della Radio, da finestra sul mondo e strumento di compagnia, a manifesto di libert\u00e0. La prossima grande tappa sar\u00e0 la qualit\u00e0 e la ricchezza di contenuti del digitale?\" \/>\n<meta property=\"og:url\" content=\"https:\/\/www.article-marketing.eu\/comunicati\/telecomunicazioni\/radio-e-tv-satellitare\/digital-radio-e-dab-radio-il-futuro-della-radio\/\" \/>\n<meta property=\"og:site_name\" content=\"Article Marketing\" \/>\n<meta property=\"article:published_time\" content=\"2015-06-18T10:28:36+00:00\" \/>\n<meta property=\"article:modified_time\" content=\"2020-08-09T23:22:21+00:00\" \/>\n<meta name=\"author\" content=\"Redazione Comunicati Stampa\" \/>\n<meta name=\"twitter:card\" content=\"summary_large_image\" \/>\n<meta name=\"twitter:label1\" content=\"Scritto da\" \/>\n\t<meta name=\"twitter:data1\" content=\"Redazione Comunicati Stampa\" \/>\n\t<meta name=\"twitter:label2\" content=\"Tempo di lettura stimato\" \/>\n\t<meta name=\"twitter:data2\" content=\"3 minuti\" \/>\n<script type=\"application\/ld+json\" class=\"yoast-schema-graph\">{\"@context\":\"https:\/\/schema.org\",\"@graph\":[{\"@type\":\"Article\",\"@id\":\"https:\/\/www.article-marketing.eu\/comunicati\/telecomunicazioni\/radio-e-tv-satellitare\/digital-radio-e-dab-radio-il-futuro-della-radio\/#article\",\"isPartOf\":{\"@id\":\"https:\/\/www.article-marketing.eu\/comunicati\/telecomunicazioni\/radio-e-tv-satellitare\/digital-radio-e-dab-radio-il-futuro-della-radio\/\"},\"author\":{\"name\":\"Redazione Comunicati Stampa\",\"@id\":\"https:\/\/www.article-marketing.eu\/comunicati\/#\/schema\/person\/44372e4d4d0fa797b18e03ed1ace9017\"},\"headline\":\"Digital Radio e Dab Radio &#8211; Il futuro della Radio\",\"datePublished\":\"2015-06-18T10:28:36+00:00\",\"dateModified\":\"2020-08-09T23:22:21+00:00\",\"mainEntityOfPage\":{\"@id\":\"https:\/\/www.article-marketing.eu\/comunicati\/telecomunicazioni\/radio-e-tv-satellitare\/digital-radio-e-dab-radio-il-futuro-della-radio\/\"},\"wordCount\":564,\"commentCount\":0,\"keywords\":[\"Dab Radio\",\"Digital Radio\"],\"articleSection\":[\"Radio e TV satellitare\"],\"inLanguage\":\"it-IT\",\"potentialAction\":[{\"@type\":\"CommentAction\",\"name\":\"Comment\",\"target\":[\"https:\/\/www.article-marketing.eu\/comunicati\/telecomunicazioni\/radio-e-tv-satellitare\/digital-radio-e-dab-radio-il-futuro-della-radio\/#respond\"]}]},{\"@type\":\"WebPage\",\"@id\":\"https:\/\/www.article-marketing.eu\/comunicati\/telecomunicazioni\/radio-e-tv-satellitare\/digital-radio-e-dab-radio-il-futuro-della-radio\/\",\"url\":\"https:\/\/www.article-marketing.eu\/comunicati\/telecomunicazioni\/radio-e-tv-satellitare\/digital-radio-e-dab-radio-il-futuro-della-radio\/\",\"name\":\"Digital Radio e Dab Radio - Il futuro della Radio - Article Marketing\",\"isPartOf\":{\"@id\":\"https:\/\/www.article-marketing.eu\/comunicati\/#website\"},\"datePublished\":\"2015-06-18T10:28:36+00:00\",\"dateModified\":\"2020-08-09T23:22:21+00:00\",\"author\":{\"@id\":\"https:\/\/www.article-marketing.eu\/comunicati\/#\/schema\/person\/44372e4d4d0fa797b18e03ed1ace9017\"},\"breadcrumb\":{\"@id\":\"https:\/\/www.article-marketing.eu\/comunicati\/telecomunicazioni\/radio-e-tv-satellitare\/digital-radio-e-dab-radio-il-futuro-della-radio\/#breadcrumb\"},\"inLanguage\":\"it-IT\",\"potentialAction\":[{\"@type\":\"ReadAction\",\"target\":[\"https:\/\/www.article-marketing.eu\/comunicati\/telecomunicazioni\/radio-e-tv-satellitare\/digital-radio-e-dab-radio-il-futuro-della-radio\/\"]}]},{\"@type\":\"BreadcrumbList\",\"@id\":\"https:\/\/www.article-marketing.eu\/comunicati\/telecomunicazioni\/radio-e-tv-satellitare\/digital-radio-e-dab-radio-il-futuro-della-radio\/#breadcrumb\",\"itemListElement\":[{\"@type\":\"ListItem\",\"position\":1,\"name\":\"Home\",\"item\":\"https:\/\/www.article-marketing.eu\/comunicati\/\"},{\"@type\":\"ListItem\",\"position\":2,\"name\":\"Digital Radio e Dab Radio &#8211; Il futuro della Radio\"}]},{\"@type\":\"WebSite\",\"@id\":\"https:\/\/www.article-marketing.eu\/comunicati\/#website\",\"url\":\"https:\/\/www.article-marketing.eu\/comunicati\/\",\"name\":\"Article Marketing\",\"description\":\"article marketing &amp; press release\",\"potentialAction\":[{\"@type\":\"SearchAction\",\"target\":{\"@type\":\"EntryPoint\",\"urlTemplate\":\"https:\/\/www.article-marketing.eu\/comunicati\/?s={search_term_string}\"},\"query-input\":{\"@type\":\"PropertyValueSpecification\",\"valueRequired\":true,\"valueName\":\"search_term_string\"}}],\"inLanguage\":\"it-IT\"},{\"@type\":\"Person\",\"@id\":\"https:\/\/www.article-marketing.eu\/comunicati\/#\/schema\/person\/44372e4d4d0fa797b18e03ed1ace9017\",\"name\":\"Redazione Comunicati Stampa\",\"image\":{\"@type\":\"ImageObject\",\"inLanguage\":\"it-IT\",\"@id\":\"https:\/\/www.article-marketing.eu\/comunicati\/#\/schema\/person\/image\/\",\"url\":\"https:\/\/secure.gravatar.com\/avatar\/50e5c6421d3072f42e7ace803501602c60d75233d34e29fd05feb91c8760b792?s=96&d=mm&r=g\",\"contentUrl\":\"https:\/\/secure.gravatar.com\/avatar\/50e5c6421d3072f42e7ace803501602c60d75233d34e29fd05feb91c8760b792?s=96&d=mm&r=g\",\"caption\":\"Redazione Comunicati Stampa\"},\"url\":\"https:\/\/www.article-marketing.eu\/comunicati\/author\/redazione-comunicati-stampa\/\"}]}<\/script>\n<!-- \/ Yoast SEO plugin. -->","yoast_head_json":{"title":"Digital Radio e Dab Radio - Il futuro della Radio - Article Marketing","robots":{"index":"index","follow":"follow","max-snippet":"max-snippet:-1","max-image-preview":"max-image-preview:large","max-video-preview":"max-video-preview:-1"},"canonical":"https:\/\/www.article-marketing.eu\/comunicati\/telecomunicazioni\/radio-e-tv-satellitare\/digital-radio-e-dab-radio-il-futuro-della-radio\/","og_locale":"it_IT","og_type":"article","og_title":"Digital Radio e Dab Radio - Il futuro della Radio - Article Marketing","og_description":"Le diverse fasi della Radio, da finestra sul mondo e strumento di compagnia, a manifesto di libert\u00e0. La prossima grande tappa sar\u00e0 la qualit\u00e0 e la ricchezza di contenuti del digitale?","og_url":"https:\/\/www.article-marketing.eu\/comunicati\/telecomunicazioni\/radio-e-tv-satellitare\/digital-radio-e-dab-radio-il-futuro-della-radio\/","og_site_name":"Article Marketing","article_published_time":"2015-06-18T10:28:36+00:00","article_modified_time":"2020-08-09T23:22:21+00:00","author":"Redazione Comunicati Stampa","twitter_card":"summary_large_image","twitter_misc":{"Scritto da":"Redazione Comunicati Stampa","Tempo di lettura stimato":"3 minuti"},"schema":{"@context":"https:\/\/schema.org","@graph":[{"@type":"Article","@id":"https:\/\/www.article-marketing.eu\/comunicati\/telecomunicazioni\/radio-e-tv-satellitare\/digital-radio-e-dab-radio-il-futuro-della-radio\/#article","isPartOf":{"@id":"https:\/\/www.article-marketing.eu\/comunicati\/telecomunicazioni\/radio-e-tv-satellitare\/digital-radio-e-dab-radio-il-futuro-della-radio\/"},"author":{"name":"Redazione Comunicati Stampa","@id":"https:\/\/www.article-marketing.eu\/comunicati\/#\/schema\/person\/44372e4d4d0fa797b18e03ed1ace9017"},"headline":"Digital Radio e Dab Radio &#8211; Il futuro della Radio","datePublished":"2015-06-18T10:28:36+00:00","dateModified":"2020-08-09T23:22:21+00:00","mainEntityOfPage":{"@id":"https:\/\/www.article-marketing.eu\/comunicati\/telecomunicazioni\/radio-e-tv-satellitare\/digital-radio-e-dab-radio-il-futuro-della-radio\/"},"wordCount":564,"commentCount":0,"keywords":["Dab Radio","Digital Radio"],"articleSection":["Radio e TV satellitare"],"inLanguage":"it-IT","potentialAction":[{"@type":"CommentAction","name":"Comment","target":["https:\/\/www.article-marketing.eu\/comunicati\/telecomunicazioni\/radio-e-tv-satellitare\/digital-radio-e-dab-radio-il-futuro-della-radio\/#respond"]}]},{"@type":"WebPage","@id":"https:\/\/www.article-marketing.eu\/comunicati\/telecomunicazioni\/radio-e-tv-satellitare\/digital-radio-e-dab-radio-il-futuro-della-radio\/","url":"https:\/\/www.article-marketing.eu\/comunicati\/telecomunicazioni\/radio-e-tv-satellitare\/digital-radio-e-dab-radio-il-futuro-della-radio\/","name":"Digital Radio e Dab Radio - Il futuro della Radio - Article Marketing","isPartOf":{"@id":"https:\/\/www.article-marketing.eu\/comunicati\/#website"},"datePublished":"2015-06-18T10:28:36+00:00","dateModified":"2020-08-09T23:22:21+00:00","author":{"@id":"https:\/\/www.article-marketing.eu\/comunicati\/#\/schema\/person\/44372e4d4d0fa797b18e03ed1ace9017"},"breadcrumb":{"@id":"https:\/\/www.article-marketing.eu\/comunicati\/telecomunicazioni\/radio-e-tv-satellitare\/digital-radio-e-dab-radio-il-futuro-della-radio\/#breadcrumb"},"inLanguage":"it-IT","potentialAction":[{"@type":"ReadAction","target":["https:\/\/www.article-marketing.eu\/comunicati\/telecomunicazioni\/radio-e-tv-satellitare\/digital-radio-e-dab-radio-il-futuro-della-radio\/"]}]},{"@type":"BreadcrumbList","@id":"https:\/\/www.article-marketing.eu\/comunicati\/telecomunicazioni\/radio-e-tv-satellitare\/digital-radio-e-dab-radio-il-futuro-della-radio\/#breadcrumb","itemListElement":[{"@type":"ListItem","position":1,"name":"Home","item":"https:\/\/www.article-marketing.eu\/comunicati\/"},{"@type":"ListItem","position":2,"name":"Digital Radio e Dab Radio &#8211; Il futuro della Radio"}]},{"@type":"WebSite","@id":"https:\/\/www.article-marketing.eu\/comunicati\/#website","url":"https:\/\/www.article-marketing.eu\/comunicati\/","name":"Article Marketing","description":"article marketing &amp; press release","potentialAction":[{"@type":"SearchAction","target":{"@type":"EntryPoint","urlTemplate":"https:\/\/www.article-marketing.eu\/comunicati\/?s={search_term_string}"},"query-input":{"@type":"PropertyValueSpecification","valueRequired":true,"valueName":"search_term_string"}}],"inLanguage":"it-IT"},{"@type":"Person","@id":"https:\/\/www.article-marketing.eu\/comunicati\/#\/schema\/person\/44372e4d4d0fa797b18e03ed1ace9017","name":"Redazione Comunicati Stampa","image":{"@type":"ImageObject","inLanguage":"it-IT","@id":"https:\/\/www.article-marketing.eu\/comunicati\/#\/schema\/person\/image\/","url":"https:\/\/secure.gravatar.com\/avatar\/50e5c6421d3072f42e7ace803501602c60d75233d34e29fd05feb91c8760b792?s=96&d=mm&r=g","contentUrl":"https:\/\/secure.gravatar.com\/avatar\/50e5c6421d3072f42e7ace803501602c60d75233d34e29fd05feb91c8760b792?s=96&d=mm&r=g","caption":"Redazione Comunicati Stampa"},"url":"https:\/\/www.article-marketing.eu\/comunicati\/author\/redazione-comunicati-stampa\/"}]}},"_links":{"self":[{"href":"https:\/\/www.article-marketing.eu\/comunicati\/wp-json\/wp\/v2\/posts\/48003","targetHints":{"allow":["GET"]}}],"collection":[{"href":"https:\/\/www.article-marketing.eu\/comunicati\/wp-json\/wp\/v2\/posts"}],"about":[{"href":"https:\/\/www.article-marketing.eu\/comunicati\/wp-json\/wp\/v2\/types\/post"}],"author":[{"embeddable":true,"href":"https:\/\/www.article-marketing.eu\/comunicati\/wp-json\/wp\/v2\/users\/10"}],"replies":[{"embeddable":true,"href":"https:\/\/www.article-marketing.eu\/comunicati\/wp-json\/wp\/v2\/comments?post=48003"}],"version-history":[{"count":1,"href":"https:\/\/www.article-marketing.eu\/comunicati\/wp-json\/wp\/v2\/posts\/48003\/revisions"}],"predecessor-version":[{"id":67416,"href":"https:\/\/www.article-marketing.eu\/comunicati\/wp-json\/wp\/v2\/posts\/48003\/revisions\/67416"}],"wp:attachment":[{"href":"https:\/\/www.article-marketing.eu\/comunicati\/wp-json\/wp\/v2\/media?parent=48003"}],"wp:term":[{"taxonomy":"category","embeddable":true,"href":"https:\/\/www.article-marketing.eu\/comunicati\/wp-json\/wp\/v2\/categories?post=48003"},{"taxonomy":"post_tag","embeddable":true,"href":"https:\/\/www.article-marketing.eu\/comunicati\/wp-json\/wp\/v2\/tags?post=48003"}],"curies":[{"name":"wp","href":"https:\/\/api.w.org\/{rel}","templated":true}]}}