{"id":4804,"date":"2010-04-21T10:33:07","date_gmt":"2010-04-21T08:33:07","guid":{"rendered":"http:\/\/www.article-marketing.eu\/comunicati\/senza-categoria\/festa-di-san-giorgio-a-modica-palazzo-failla-hotel\/"},"modified":"2010-04-21T10:33:07","modified_gmt":"2010-04-21T08:33:07","slug":"festa-di-san-giorgio-a-modica-palazzo-failla-hotel","status":"publish","type":"post","link":"https:\/\/www.article-marketing.eu\/comunicati\/viaggi-e-vacanze\/festa-di-san-giorgio-a-modica-palazzo-failla-hotel\/","title":{"rendered":"Festa di San Giorgio a Modica &#8211; Palazzo Failla Hotel"},"content":{"rendered":"<p>I festeggiamenti di San Giorgio, compatrono della citt\u00e0 insieme a San Pietro, si svolgono il week-end successivo al 23 aprile e sono caratterizzati dall&#8217;attaccamento dei cosiddetti &quot;Sangiorgiari&quot; al simulacro del santo, che viene tradizionalmente portato a spalla per le vie della citt\u00e0, in un clima festoso sempre crescente.<\/p>\n<p>Il culto ebbe inizio intorno al 1090 quando il conte Ruggero d&#8217;Altavilla, vittorioso sui saraceni, eresse, sulle rovine di una chiesa dedicata alla santa Croce, il primo tempio in onore del Santo Martire che gli era comparso durante la battaglia combattendo al suo fianco.<br \/>I &quot;Sangiuggiari&quot;, acerrimi nemici dei &quot;Sampittrari&quot; per la contesa tra i due santi (San Giorgio e San Pietro) del titolo del patrono, portano a spalla il simulacro del venerabile per le vie della citt\u00e0.<br \/>La parte finale del percorso si consuma direttamente all&#8217;interno dell&#8217;omonima chiesa, dove il simulacro del santo viene trasportato di corsa, quasi a salutare idealmente tutti i fedeli presenti in massa all&#8217;appuntamento, che gli fanno compiere dei giri d&#8217;onore. Alla fine, i sempre graditi fuochi d&#8217;artificio.<\/p>\n<p>Palazzo Failla Hotel diventa luogo ideale per assistere al passaggio del simulacro dai balconi delle sue camere, per poi eventualmente unirsi alla suggestiva processione che attraverser\u00e0 tutta la citt\u00e0.<\/p>\n<p>Palazzo Failla Hotel: l&#8217;incanto di un viaggio nel tempo<\/p>\n<p>Se cercate di vivere l&#8217;atmosfera di momenti d&#8217;antan, se desiderate <br \/>immergervi nel fascino prezioso di un&#8217;antica dimora nobiliare ove il tempo <br \/>che batte sugli orologi rompe la monotonia dei giorni, perch\u00e9 nella bellezza <br \/>del luogo, cos\u00ec magnificamente arredato dal gusto dei padroni di casa, regna <br \/>la superba eleganza d&#8217;altri tempi, non vi resta che sublimare questo sogno <br \/>in realt\u00e0, concedendovi una vacanza indimenticabile a Modica soggiornando a <br \/>Palazzo Failla Hotel, proprio nel cuore del barocco siciliano. La casa di <br \/>pregevole lusso e stile, di propriet\u00e0 della famiglia Failla, tramandata di <br \/>generazione in generazione, \u00e8 un vero gioiello del passato ove il turista <br \/>pi\u00f9 pretenzioso potr\u00e0 trovarsi a suo agio perch\u00e9 coccolato dalla cortesia <br \/>dei padroni di casa, sempre presenti a soddisfare ogni piccola esigenza <br \/>degli ospiti e attenti a che tutto risponda continuamente ai canoni di una <br \/>squisita accoglienza. La magnificenza del luogo si respira poi tra le mura <br \/>del palazzo, si gode tra i tessuti damascati che fanno da sfondo ai decori <br \/>delle stanze e si gusta nella raffinata cucina del ristorante, La Gazza Ladra annesso all&#8217;hotel e che si fregia anche di una stella Michelin. Se <br \/>volete allora regalarvi questo inusuale soggiorno, non vi resta che rendervi <br \/>presso il Palazzo Failla Hotel perch\u00e9 le vostre aspettative non saranno <br \/>deluse e l&#8217;incanto di questo viaggio nel tempo dar\u00e0 ancora di pi\u00f9 un valore <br \/>aggiunto alla vostra vacanza.<\/p>\n<p>www.palazzofailla.it<\/p>\n<p>&nbsp;<\/p>\n","protected":false},"excerpt":{"rendered":"<p>I festeggiamenti di San Giorgio, compatrono della citt\u00e0 insieme a San Pietro, si svolgono il week-end successivo al 23 aprile e sono caratterizzati dall&#8217;attaccamento dei cosiddetti &#8220;Sangiorgiari&#8221; al simulacro del santo, che viene tradizionalmente portato a spalla per le vie della citt\u00e0, in un clima festoso sempre crescente.<\/p>\n","protected":false},"author":10,"featured_media":0,"comment_status":"open","ping_status":"open","sticky":false,"template":"","format":"standard","meta":{"cybocfi_hide_featured_image":"","footnotes":""},"categories":[280],"tags":[857,13897,929,13898,5750,13896,1158],"class_list":["post-4804","post","type-post","status-publish","format-standard","hentry","category-viaggi-e-vacanze","tag-aprile","tag-dimora-depoca","tag-festa","tag-festeggiamenti","tag-modica","tag-palazzo-failla-hotel","tag-soggiorno"],"yoast_head":"<!-- This site is optimized with the Yoast SEO plugin v27.0 - https:\/\/yoast.com\/product\/yoast-seo-wordpress\/ -->\n<title>Festa di San Giorgio a Modica - Palazzo Failla Hotel - Article Marketing<\/title>\n<meta name=\"robots\" content=\"index, follow, max-snippet:-1, max-image-preview:large, max-video-preview:-1\" \/>\n<link rel=\"canonical\" href=\"https:\/\/www.article-marketing.eu\/comunicati\/viaggi-e-vacanze\/festa-di-san-giorgio-a-modica-palazzo-failla-hotel\/\" \/>\n<meta property=\"og:locale\" content=\"it_IT\" \/>\n<meta property=\"og:type\" content=\"article\" \/>\n<meta property=\"og:title\" content=\"Festa di San Giorgio a Modica - Palazzo Failla Hotel - Article Marketing\" \/>\n<meta property=\"og:description\" content=\"I festeggiamenti di San Giorgio, compatrono della citt\u00e0 insieme a San Pietro, si svolgono il week-end successivo al 23 aprile e sono caratterizzati dall&#039;attaccamento dei cosiddetti &quot;Sangiorgiari&quot; al simulacro del santo, che viene tradizionalmente portato a spalla per le vie della citt\u00e0, in un clima festoso sempre crescente.\" \/>\n<meta property=\"og:url\" content=\"https:\/\/www.article-marketing.eu\/comunicati\/viaggi-e-vacanze\/festa-di-san-giorgio-a-modica-palazzo-failla-hotel\/\" \/>\n<meta property=\"og:site_name\" content=\"Article Marketing\" \/>\n<meta property=\"article:published_time\" content=\"2010-04-21T08:33:07+00:00\" \/>\n<meta name=\"author\" content=\"Redazione Comunicati Stampa\" \/>\n<meta name=\"twitter:card\" content=\"summary_large_image\" \/>\n<meta name=\"twitter:label1\" content=\"Scritto da\" \/>\n\t<meta name=\"twitter:data1\" content=\"Redazione Comunicati Stampa\" \/>\n\t<meta name=\"twitter:label2\" content=\"Tempo di lettura stimato\" \/>\n\t<meta name=\"twitter:data2\" content=\"2 minuti\" \/>\n<script type=\"application\/ld+json\" class=\"yoast-schema-graph\">{\"@context\":\"https:\/\/schema.org\",\"@graph\":[{\"@type\":\"Article\",\"@id\":\"https:\/\/www.article-marketing.eu\/comunicati\/viaggi-e-vacanze\/festa-di-san-giorgio-a-modica-palazzo-failla-hotel\/#article\",\"isPartOf\":{\"@id\":\"https:\/\/www.article-marketing.eu\/comunicati\/viaggi-e-vacanze\/festa-di-san-giorgio-a-modica-palazzo-failla-hotel\/\"},\"author\":{\"name\":\"Redazione Comunicati Stampa\",\"@id\":\"https:\/\/www.article-marketing.eu\/comunicati\/#\/schema\/person\/44372e4d4d0fa797b18e03ed1ace9017\"},\"headline\":\"Festa di San Giorgio a Modica &#8211; Palazzo Failla Hotel\",\"datePublished\":\"2010-04-21T08:33:07+00:00\",\"mainEntityOfPage\":{\"@id\":\"https:\/\/www.article-marketing.eu\/comunicati\/viaggi-e-vacanze\/festa-di-san-giorgio-a-modica-palazzo-failla-hotel\/\"},\"wordCount\":454,\"commentCount\":0,\"keywords\":[\"aprile\",\"dimora d'epoca\",\"festa\",\"festeggiamenti\",\"modica\",\"palazzo failla hotel\",\"soggiorno\"],\"articleSection\":[\"Viaggi e vacanze\"],\"inLanguage\":\"it-IT\",\"potentialAction\":[{\"@type\":\"CommentAction\",\"name\":\"Comment\",\"target\":[\"https:\/\/www.article-marketing.eu\/comunicati\/viaggi-e-vacanze\/festa-di-san-giorgio-a-modica-palazzo-failla-hotel\/#respond\"]}]},{\"@type\":\"WebPage\",\"@id\":\"https:\/\/www.article-marketing.eu\/comunicati\/viaggi-e-vacanze\/festa-di-san-giorgio-a-modica-palazzo-failla-hotel\/\",\"url\":\"https:\/\/www.article-marketing.eu\/comunicati\/viaggi-e-vacanze\/festa-di-san-giorgio-a-modica-palazzo-failla-hotel\/\",\"name\":\"Festa di San Giorgio a Modica - Palazzo Failla Hotel - Article Marketing\",\"isPartOf\":{\"@id\":\"https:\/\/www.article-marketing.eu\/comunicati\/#website\"},\"datePublished\":\"2010-04-21T08:33:07+00:00\",\"author\":{\"@id\":\"https:\/\/www.article-marketing.eu\/comunicati\/#\/schema\/person\/44372e4d4d0fa797b18e03ed1ace9017\"},\"breadcrumb\":{\"@id\":\"https:\/\/www.article-marketing.eu\/comunicati\/viaggi-e-vacanze\/festa-di-san-giorgio-a-modica-palazzo-failla-hotel\/#breadcrumb\"},\"inLanguage\":\"it-IT\",\"potentialAction\":[{\"@type\":\"ReadAction\",\"target\":[\"https:\/\/www.article-marketing.eu\/comunicati\/viaggi-e-vacanze\/festa-di-san-giorgio-a-modica-palazzo-failla-hotel\/\"]}]},{\"@type\":\"BreadcrumbList\",\"@id\":\"https:\/\/www.article-marketing.eu\/comunicati\/viaggi-e-vacanze\/festa-di-san-giorgio-a-modica-palazzo-failla-hotel\/#breadcrumb\",\"itemListElement\":[{\"@type\":\"ListItem\",\"position\":1,\"name\":\"Home\",\"item\":\"https:\/\/www.article-marketing.eu\/comunicati\/\"},{\"@type\":\"ListItem\",\"position\":2,\"name\":\"Festa di San Giorgio a Modica &#8211; Palazzo Failla Hotel\"}]},{\"@type\":\"WebSite\",\"@id\":\"https:\/\/www.article-marketing.eu\/comunicati\/#website\",\"url\":\"https:\/\/www.article-marketing.eu\/comunicati\/\",\"name\":\"Article Marketing\",\"description\":\"article marketing &amp; press release\",\"potentialAction\":[{\"@type\":\"SearchAction\",\"target\":{\"@type\":\"EntryPoint\",\"urlTemplate\":\"https:\/\/www.article-marketing.eu\/comunicati\/?s={search_term_string}\"},\"query-input\":{\"@type\":\"PropertyValueSpecification\",\"valueRequired\":true,\"valueName\":\"search_term_string\"}}],\"inLanguage\":\"it-IT\"},{\"@type\":\"Person\",\"@id\":\"https:\/\/www.article-marketing.eu\/comunicati\/#\/schema\/person\/44372e4d4d0fa797b18e03ed1ace9017\",\"name\":\"Redazione Comunicati Stampa\",\"image\":{\"@type\":\"ImageObject\",\"inLanguage\":\"it-IT\",\"@id\":\"https:\/\/www.article-marketing.eu\/comunicati\/#\/schema\/person\/image\/\",\"url\":\"https:\/\/secure.gravatar.com\/avatar\/50e5c6421d3072f42e7ace803501602c60d75233d34e29fd05feb91c8760b792?s=96&d=mm&r=g\",\"contentUrl\":\"https:\/\/secure.gravatar.com\/avatar\/50e5c6421d3072f42e7ace803501602c60d75233d34e29fd05feb91c8760b792?s=96&d=mm&r=g\",\"caption\":\"Redazione Comunicati Stampa\"},\"url\":\"https:\/\/www.article-marketing.eu\/comunicati\/author\/redazione-comunicati-stampa\/\"}]}<\/script>\n<!-- \/ Yoast SEO plugin. -->","yoast_head_json":{"title":"Festa di San Giorgio a Modica - Palazzo Failla Hotel - Article Marketing","robots":{"index":"index","follow":"follow","max-snippet":"max-snippet:-1","max-image-preview":"max-image-preview:large","max-video-preview":"max-video-preview:-1"},"canonical":"https:\/\/www.article-marketing.eu\/comunicati\/viaggi-e-vacanze\/festa-di-san-giorgio-a-modica-palazzo-failla-hotel\/","og_locale":"it_IT","og_type":"article","og_title":"Festa di San Giorgio a Modica - Palazzo Failla Hotel - Article Marketing","og_description":"I festeggiamenti di San Giorgio, compatrono della citt\u00e0 insieme a San Pietro, si svolgono il week-end successivo al 23 aprile e sono caratterizzati dall'attaccamento dei cosiddetti \"Sangiorgiari\" al simulacro del santo, che viene tradizionalmente portato a spalla per le vie della citt\u00e0, in un clima festoso sempre crescente.","og_url":"https:\/\/www.article-marketing.eu\/comunicati\/viaggi-e-vacanze\/festa-di-san-giorgio-a-modica-palazzo-failla-hotel\/","og_site_name":"Article Marketing","article_published_time":"2010-04-21T08:33:07+00:00","author":"Redazione Comunicati Stampa","twitter_card":"summary_large_image","twitter_misc":{"Scritto da":"Redazione Comunicati Stampa","Tempo di lettura stimato":"2 minuti"},"schema":{"@context":"https:\/\/schema.org","@graph":[{"@type":"Article","@id":"https:\/\/www.article-marketing.eu\/comunicati\/viaggi-e-vacanze\/festa-di-san-giorgio-a-modica-palazzo-failla-hotel\/#article","isPartOf":{"@id":"https:\/\/www.article-marketing.eu\/comunicati\/viaggi-e-vacanze\/festa-di-san-giorgio-a-modica-palazzo-failla-hotel\/"},"author":{"name":"Redazione Comunicati Stampa","@id":"https:\/\/www.article-marketing.eu\/comunicati\/#\/schema\/person\/44372e4d4d0fa797b18e03ed1ace9017"},"headline":"Festa di San Giorgio a Modica &#8211; Palazzo Failla Hotel","datePublished":"2010-04-21T08:33:07+00:00","mainEntityOfPage":{"@id":"https:\/\/www.article-marketing.eu\/comunicati\/viaggi-e-vacanze\/festa-di-san-giorgio-a-modica-palazzo-failla-hotel\/"},"wordCount":454,"commentCount":0,"keywords":["aprile","dimora d'epoca","festa","festeggiamenti","modica","palazzo failla hotel","soggiorno"],"articleSection":["Viaggi e vacanze"],"inLanguage":"it-IT","potentialAction":[{"@type":"CommentAction","name":"Comment","target":["https:\/\/www.article-marketing.eu\/comunicati\/viaggi-e-vacanze\/festa-di-san-giorgio-a-modica-palazzo-failla-hotel\/#respond"]}]},{"@type":"WebPage","@id":"https:\/\/www.article-marketing.eu\/comunicati\/viaggi-e-vacanze\/festa-di-san-giorgio-a-modica-palazzo-failla-hotel\/","url":"https:\/\/www.article-marketing.eu\/comunicati\/viaggi-e-vacanze\/festa-di-san-giorgio-a-modica-palazzo-failla-hotel\/","name":"Festa di San Giorgio a Modica - Palazzo Failla Hotel - Article Marketing","isPartOf":{"@id":"https:\/\/www.article-marketing.eu\/comunicati\/#website"},"datePublished":"2010-04-21T08:33:07+00:00","author":{"@id":"https:\/\/www.article-marketing.eu\/comunicati\/#\/schema\/person\/44372e4d4d0fa797b18e03ed1ace9017"},"breadcrumb":{"@id":"https:\/\/www.article-marketing.eu\/comunicati\/viaggi-e-vacanze\/festa-di-san-giorgio-a-modica-palazzo-failla-hotel\/#breadcrumb"},"inLanguage":"it-IT","potentialAction":[{"@type":"ReadAction","target":["https:\/\/www.article-marketing.eu\/comunicati\/viaggi-e-vacanze\/festa-di-san-giorgio-a-modica-palazzo-failla-hotel\/"]}]},{"@type":"BreadcrumbList","@id":"https:\/\/www.article-marketing.eu\/comunicati\/viaggi-e-vacanze\/festa-di-san-giorgio-a-modica-palazzo-failla-hotel\/#breadcrumb","itemListElement":[{"@type":"ListItem","position":1,"name":"Home","item":"https:\/\/www.article-marketing.eu\/comunicati\/"},{"@type":"ListItem","position":2,"name":"Festa di San Giorgio a Modica &#8211; Palazzo Failla Hotel"}]},{"@type":"WebSite","@id":"https:\/\/www.article-marketing.eu\/comunicati\/#website","url":"https:\/\/www.article-marketing.eu\/comunicati\/","name":"Article Marketing","description":"article marketing &amp; press release","potentialAction":[{"@type":"SearchAction","target":{"@type":"EntryPoint","urlTemplate":"https:\/\/www.article-marketing.eu\/comunicati\/?s={search_term_string}"},"query-input":{"@type":"PropertyValueSpecification","valueRequired":true,"valueName":"search_term_string"}}],"inLanguage":"it-IT"},{"@type":"Person","@id":"https:\/\/www.article-marketing.eu\/comunicati\/#\/schema\/person\/44372e4d4d0fa797b18e03ed1ace9017","name":"Redazione Comunicati Stampa","image":{"@type":"ImageObject","inLanguage":"it-IT","@id":"https:\/\/www.article-marketing.eu\/comunicati\/#\/schema\/person\/image\/","url":"https:\/\/secure.gravatar.com\/avatar\/50e5c6421d3072f42e7ace803501602c60d75233d34e29fd05feb91c8760b792?s=96&d=mm&r=g","contentUrl":"https:\/\/secure.gravatar.com\/avatar\/50e5c6421d3072f42e7ace803501602c60d75233d34e29fd05feb91c8760b792?s=96&d=mm&r=g","caption":"Redazione Comunicati Stampa"},"url":"https:\/\/www.article-marketing.eu\/comunicati\/author\/redazione-comunicati-stampa\/"}]}},"_links":{"self":[{"href":"https:\/\/www.article-marketing.eu\/comunicati\/wp-json\/wp\/v2\/posts\/4804","targetHints":{"allow":["GET"]}}],"collection":[{"href":"https:\/\/www.article-marketing.eu\/comunicati\/wp-json\/wp\/v2\/posts"}],"about":[{"href":"https:\/\/www.article-marketing.eu\/comunicati\/wp-json\/wp\/v2\/types\/post"}],"author":[{"embeddable":true,"href":"https:\/\/www.article-marketing.eu\/comunicati\/wp-json\/wp\/v2\/users\/10"}],"replies":[{"embeddable":true,"href":"https:\/\/www.article-marketing.eu\/comunicati\/wp-json\/wp\/v2\/comments?post=4804"}],"version-history":[{"count":0,"href":"https:\/\/www.article-marketing.eu\/comunicati\/wp-json\/wp\/v2\/posts\/4804\/revisions"}],"wp:attachment":[{"href":"https:\/\/www.article-marketing.eu\/comunicati\/wp-json\/wp\/v2\/media?parent=4804"}],"wp:term":[{"taxonomy":"category","embeddable":true,"href":"https:\/\/www.article-marketing.eu\/comunicati\/wp-json\/wp\/v2\/categories?post=4804"},{"taxonomy":"post_tag","embeddable":true,"href":"https:\/\/www.article-marketing.eu\/comunicati\/wp-json\/wp\/v2\/tags?post=4804"}],"curies":[{"name":"wp","href":"https:\/\/api.w.org\/{rel}","templated":true}]}}