{"id":48716,"date":"2015-08-18T09:58:04","date_gmt":"2015-08-18T07:58:04","guid":{"rendered":"http:\/\/www.article-marketing.eu\/comunicati\/senza-categoria\/nuovo-progetto-musicale-per-clad%25c3%25ac\/"},"modified":"2020-08-10T01:15:28","modified_gmt":"2020-08-09T23:15:28","slug":"nuovo-progetto-musicale-per-clad%25c3%25ac","status":"publish","type":"post","link":"https:\/\/www.article-marketing.eu\/comunicati\/arte-e-cultura\/musica\/nuovo-progetto-musicale-per-clad%25c3%25ac\/","title":{"rendered":"Nuovo progetto musicale per Clad\u00ec"},"content":{"rendered":"<p>Un nuovo e ambizioso progetto sta impegnando la giovane cantante torinese.<br \/><strong> <\/strong><br \/><strong>Clad&igrave;<\/strong>, nota anche come <strong style=\"mso-bidi-font-weight: normal;\">Claudia Padula<\/strong>, &egrave; una <strong style=\"mso-bidi-font-weight: normal;\">cantante<\/strong> conosciuta nel panorama torinese.<br \/>Inizia a formarsi nel canto fin da giovanissima, frequentando corsi specifici presso <strong style=\"mso-bidi-font-weight: normal;\">accademie musaicali<\/strong>.<br \/>Nel 2005 si trasferisce a Roma e partecipa ai corsi di <strong style=\"mso-bidi-font-weight: normal;\">Cinecitt&agrave; Campus<\/strong>, la scuola della quale <strong style=\"mso-bidi-font-weight: normal;\">Maurizio Costanzo<\/strong> &egrave; direttore artistico.<br \/>Al canto affianca la sua passione per il teatro e il doppiaggio e affina la sua capacit&agrave; di utilizzare la voce nei pi&ugrave; svariati ambiti artistici, mettendo per&ograve; sempre in primo piano la sua passione principale, il canto.<br \/>Forgia le sue esperienze come cantante solista in diversi gruppi di <strong style=\"mso-bidi-font-weight: normal;\">musica rock<\/strong> e <strong style=\"mso-bidi-font-weight: normal;\">pop<\/strong>, e si esibisce per il pubblico mettendo fin da subito in evidenza la sua anima artistica poliedrica.<br \/>Interpreta e compare in diversi <strong style=\"mso-bidi-font-weight: normal;\">videoclip<\/strong> che ottengono un buon successo di pubblico sul web e sui portali di informazione.<\/p>\n<p>Una nuova importante collaborazione con la <strong style=\"mso-bidi-font-weight: normal;\">A&amp;A Recordings Publishing<\/strong> di <strong style=\"mso-bidi-font-weight: normal;\">Andrea Casamento<\/strong> e <strong style=\"mso-bidi-font-weight: normal;\">Audiogenetix<\/strong> di <strong>Steve<\/strong> <strong style=\"mso-bidi-font-weight: normal;\">Marchesan<\/strong>, porter&agrave; <strong style=\"mso-bidi-font-weight: normal;\">Clad&igrave; <\/strong>a confrontarsi con il pubblico e il mercato nazionale, attraverso la pubblicazione di un <strong style=\"mso-bidi-font-weight: normal;\">EP<\/strong> a breve disponibile nei <strong style=\"mso-bidi-font-weight: normal;\">digital store<\/strong> e successivamente alla presentazione del suo primo singolo scritto e composto dal <strong style=\"mso-bidi-font-weight: normal;\">Maestro Andrea Casamento<\/strong>.<br \/>La strategia marketing del progetto sar&agrave; curata dall&#8217;esperto <strong>Emmanuele Macaluso<\/strong>, gi&agrave; autore del <strong>Manifesto del Marketing Etico<\/strong> e protagonista de <strong>La Rivelazione<\/strong>.<\/p>\n<p>Per avere maggiori informazioni sulla cantante e sul progetto invitiamo a seguire la pagina <strong style=\"mso-bidi-font-weight: normal;\">Facebook<\/strong> dell&rsquo;artista all&rsquo;indirizzo <a href=\"https:\/\/www.facebook.com\/claudiapadula.cladi\">https:\/\/www.facebook.com\/claudiapadula.cladi<\/a><br \/>&#8211;<\/p>\n<p><strong>Short Bio Clad&igrave;<\/strong><br \/><strong>Clad&igrave;<\/strong>, nota anche come <strong style=\"mso-bidi-font-weight: normal;\">Claudia Padula<\/strong>, &egrave; una <strong style=\"mso-bidi-font-weight: normal;\">cantante<\/strong> nata nel 1986 a Moncalieri (To).<br \/>Inizia a formarsi nel canto fin da giovanissima, frequentando corsi specifici presso <strong style=\"mso-bidi-font-weight: normal;\">accademie musaicali<\/strong>. <br \/>Nel 2005 si trasferisce a Roma e partecipa ai corsi di <strong style=\"mso-bidi-font-weight: normal;\">Cinecitt&agrave; Campus<\/strong>, la scuola della quale <strong style=\"mso-bidi-font-weight: normal;\">Maurizio Costanzo<\/strong> &egrave; direttore artistico.<br \/>Al canto affianca la sua passione per il teatro e il doppiaggio e affina la sua capacit&agrave; di utilizzare la voce nei pi&ugrave; svariati ambiti artistici, mettendo per&ograve; sempre in primo piano la sua passione principale, il canto.<br \/>Forgia le sue esperienze come cantante solista in diversi gruppi di <strong style=\"mso-bidi-font-weight: normal;\">musica rock<\/strong> e <strong style=\"mso-bidi-font-weight: normal;\">pop<\/strong>, e si esibisce per il pubblico mettendo fin da subito in evidenza la sua anima artistica poliedrica.<br \/>Interpreta e compare in diversi <strong style=\"mso-bidi-font-weight: normal;\">videoclip<\/strong> che ottengono un buon successo di pubblico sul web e sui portali di informazione.<br \/>Una nuova importante collaborazione con la <strong style=\"mso-bidi-font-weight: normal;\">A&amp;A Recordings Publishing<\/strong> di <strong style=\"mso-bidi-font-weight: normal;\">Andrea Casamento<\/strong> e <strong style=\"mso-bidi-font-weight: normal;\">Audiogenetix<\/strong> di <strong>Steve<\/strong> <strong style=\"mso-bidi-font-weight: normal;\">Marchesan<\/strong>, porter&agrave; <strong style=\"mso-bidi-font-weight: normal;\">Clad&igrave; <\/strong>a confrontarsi con il pubblico e il mercato nazionale, attraverso la pubblicazione di un <strong style=\"mso-bidi-font-weight: normal;\">EP<\/strong> a breve disponibile nei <strong style=\"mso-bidi-font-weight: normal;\">digital store<\/strong> e successivamente alla presentazione del suo primo singolo scritto e composto dal <strong style=\"mso-bidi-font-weight: normal;\">Maestro Andrea Casamento<\/strong>. <\/p>\n<p><strong>Short Bio Andrea Casamento<\/strong><br \/><strong>Andrea Casamento<\/strong>, Torinese, inizia giovanissimo lo studio del pianoforte.<br \/>Lasciati gli studi classici, si lascia attrarre dal mondo del<strong> pop<\/strong> e della produzione musicale. Le alchimie di suoni sono decisamente il suo mondo e gi&agrave; nel &rsquo;95 inizia le prime collaborazioni con la <strong>RAI<\/strong>.<br \/>Da questo momento Andrea, sar&agrave; uno degli autori e compositori pi&ugrave; richiesti e tutt&rsquo;ora &egrave; un punto fermo di trasmissioni di punta quali &ldquo;<strong>La Prova Del Cuoco<\/strong>&rdquo; nel quale &egrave; un vero e proprio punto di rifermento per <strong>Antonella Clerici<\/strong>. <br \/>Elencare le sue numerosissime collaborazioni televisive in <strong>RAI <\/strong>sarebbe quasi impossibile. Citeremo &ldquo;<strong>Domenica In<\/strong>&rdquo;, &ldquo;<strong>Mezzogiorno Italiano<\/strong>&rdquo;, &ldquo;<strong>Miss Italia<\/strong>&rdquo;, &ldquo;<strong>Disney Club<\/strong>&rdquo;, &ldquo;<strong>Melevisione<\/strong>&rdquo;, e molti altri.<br \/>E&rsquo; importante ricordare che Andrea &egrave; stato autore per personaggi come <strong>Marco Carta<\/strong>, per il suo primo <strong>album<\/strong> che ha raggiunto il <strong>disco di platino<\/strong>.<br \/>Mentre invece come <em style=\"mso-bidi-font-style: normal;\">talent scout<\/em> ha scoperto e lanciato <strong>Levante<\/strong>, <strong>cantautrice<\/strong> emergente molto amata da pubblico e critica. Insomma un artista a &ldquo;tutto tondo&rdquo;, usando una definizione piuttosto diffusa ma, in questo caso, assolutamente appropriata.<br \/><strong> <\/strong><br \/><strong>Presentazione A&amp;A Recordings Publishing<\/strong><br \/><strong>A&amp;A Recordings Publishing<\/strong> &egrave; una <strong style=\"mso-bidi-font-weight: normal;\">etichetta discografica<\/strong> impegnata dal 1996 nel campo della <strong style=\"mso-bidi-font-weight: normal;\">musica<\/strong> della<strong style=\"mso-bidi-font-weight: normal;\"> televisione<\/strong> e del <strong style=\"mso-bidi-font-weight: normal;\">multimedia<\/strong>. Fondata da <strong style=\"mso-bidi-font-weight: normal;\">Andrea Casamento<\/strong> ha i suoi studi a Torino e fin dall&#8217; inizio si &egrave; contraddistinta per la qualit&agrave; dei prodotti e dei servizi, sempre all&rsquo;avanguardia dal punto di vista tecnico e artistico.<br \/>Tra gli artisti che hanno collaborato <strong style=\"mso-bidi-font-weight: normal;\">con A&amp;A Recordings Publishing<\/strong> citiamo artisti del calibro di <strong style=\"mso-bidi-font-weight: normal;\">Neja<\/strong>, <strong style=\"mso-bidi-font-weight: normal;\">Marco Carta<\/strong> e <strong style=\"mso-bidi-font-weight: normal;\">Levante<\/strong>.<br \/>Inoltre si avvale della collaborazione di diversi professionisti per gestire la nuova attivit&agrave; correlata di <strong style=\"mso-bidi-font-weight: normal;\">editoria<\/strong> &ndash; <strong style=\"mso-bidi-font-weight: normal;\">discografia<\/strong> e <strong style=\"mso-bidi-font-weight: normal;\">management<\/strong> dando alla <em style=\"mso-bidi-font-style: normal;\">Publishing<\/em> una fresca ed entusiastica impronta nel produrre nuovi talenti e collaborando con affermati <strong style=\"mso-bidi-font-weight: normal;\">artisti<\/strong> di fama nazionale e internazionale.<\/p>\n<p><strong>Presentazione Audiogenetix<\/strong><br \/><strong>Audiogenetix<\/strong> &egrave; una casa di produzione per <strong style=\"mso-bidi-font-weight: normal;\">musica<\/strong>, <strong style=\"mso-bidi-font-weight: normal;\"><em style=\"mso-bidi-font-style: normal;\">sound design<\/em><\/strong> e <strong style=\"mso-bidi-font-weight: normal;\"><em style=\"mso-bidi-font-style: normal;\">audio content<\/em><\/strong> per <strong style=\"mso-bidi-font-weight: normal;\"><em style=\"mso-bidi-font-style: normal;\">broadcast<\/em><\/strong> e <strong style=\"mso-bidi-font-weight: normal;\"><em style=\"mso-bidi-font-style: normal;\">corporate<\/em><\/strong>. <br \/>Fondata nel 2005 dal <strong style=\"mso-bidi-font-weight: normal;\">produttore<\/strong> austriaco <strong style=\"mso-bidi-font-weight: normal;\">Steve Marchesan<\/strong>, gi&agrave; nel settore da oltre 15 anni, <strong style=\"mso-bidi-font-weight: normal;\">Audiogenetix<\/strong> vanta innumerevoli <strong style=\"mso-bidi-font-weight: normal;\">produzioni musicali<\/strong>, <strong style=\"mso-bidi-font-weight: normal;\">audio multimediale<\/strong>, <strong style=\"mso-bidi-font-weight: normal;\">pubblicitari<\/strong> e <strong style=\"mso-bidi-font-weight: normal;\">cinematografiche<\/strong>, di sigle e on air design radiofonico, nonch&eacute; collaborazioni con vari artisti, aziende e tv. <br \/><strong style=\"mso-bidi-font-weight: normal;\">Mediaset<\/strong>, <strong style=\"mso-bidi-font-weight: normal;\">Rai<\/strong>, <strong style=\"mso-bidi-font-weight: normal;\">La7<\/strong>, <strong style=\"mso-bidi-font-weight: normal;\">ORF<\/strong>, Antenne <strong style=\"mso-bidi-font-weight: normal;\">Steiermark<\/strong>, <strong style=\"mso-bidi-font-weight: normal;\">Radio Jukebox<\/strong>, <strong style=\"mso-bidi-font-weight: normal;\">HFF M&uuml;nchen<\/strong>.<br \/><strong style=\"mso-bidi-font-weight: normal;\">Audiogenetix<\/strong> sostiene specialmente nuovi artisti emergenti e in collaborazione con aziende del settore di Editoria, Discografia e Management &egrave; una realt&agrave; che ravviva il panorama musicale e rappresenta un punto di riferimento per produzione audio.<\/p>\n","protected":false},"excerpt":{"rendered":"<p>La cantante torinese Clad\u00ec torna sulle scene musicali prodotta da Andrea Casamento e Steve Marchesan. La strategia di marketing \u00e8 stata affidata all&#8217;esperto Emmanuele Macaluso, gi\u00e0 autore del Manifesto del Marketing Etico e protagonista del film La Rivelazione.<\/p>\n","protected":false},"author":10,"featured_media":0,"comment_status":"open","ping_status":"open","sticky":false,"template":"","format":"standard","meta":{"cybocfi_hide_featured_image":"","footnotes":""},"categories":[42],"tags":[52292,16744,52289,52290,52294,1379,4571,52295,45,52291,52293],"class_list":["post-48716","post","type-post","status-publish","format-standard","hentry","category-musica","tag-andrea-casamento","tag-cantante","tag-cladi","tag-claudia","tag-emmanuele-macaluso","tag-festival","tag-manifesto","tag-manifesto-del-marketing-etico","tag-musica","tag-padula","tag-steve-marchesan"],"yoast_head":"<!-- This site is optimized with the Yoast SEO plugin v27.0 - https:\/\/yoast.com\/product\/yoast-seo-wordpress\/ -->\n<title>Nuovo progetto musicale per Clad\u00ec - Article Marketing<\/title>\n<meta name=\"robots\" content=\"index, follow, max-snippet:-1, max-image-preview:large, max-video-preview:-1\" \/>\n<link rel=\"canonical\" href=\"https:\/\/www.article-marketing.eu\/comunicati\/arte-e-cultura\/musica\/nuovo-progetto-musicale-per-clad%c3%ac\/\" \/>\n<meta property=\"og:locale\" content=\"it_IT\" \/>\n<meta property=\"og:type\" content=\"article\" \/>\n<meta property=\"og:title\" content=\"Nuovo progetto musicale per Clad\u00ec - Article Marketing\" \/>\n<meta property=\"og:description\" content=\"La cantante torinese Clad\u00ec torna sulle scene musicali prodotta da Andrea Casamento e Steve Marchesan. La strategia di marketing \u00e8 stata affidata all&#039;esperto Emmanuele Macaluso, gi\u00e0 autore del Manifesto del Marketing Etico e protagonista del film La Rivelazione.\" \/>\n<meta property=\"og:url\" content=\"https:\/\/www.article-marketing.eu\/comunicati\/arte-e-cultura\/musica\/nuovo-progetto-musicale-per-clad%c3%ac\/\" \/>\n<meta property=\"og:site_name\" content=\"Article Marketing\" \/>\n<meta property=\"article:published_time\" content=\"2015-08-18T07:58:04+00:00\" \/>\n<meta property=\"article:modified_time\" content=\"2020-08-09T23:15:28+00:00\" \/>\n<meta name=\"author\" content=\"Redazione Comunicati Stampa\" \/>\n<meta name=\"twitter:card\" content=\"summary_large_image\" \/>\n<meta name=\"twitter:label1\" content=\"Scritto da\" \/>\n\t<meta name=\"twitter:data1\" content=\"Redazione Comunicati Stampa\" \/>\n\t<meta name=\"twitter:label2\" content=\"Tempo di lettura stimato\" \/>\n\t<meta name=\"twitter:data2\" content=\"4 minuti\" \/>\n<script type=\"application\/ld+json\" class=\"yoast-schema-graph\">{\"@context\":\"https:\/\/schema.org\",\"@graph\":[{\"@type\":\"Article\",\"@id\":\"https:\/\/www.article-marketing.eu\/comunicati\/arte-e-cultura\/musica\/nuovo-progetto-musicale-per-clad%25c3%25ac\/#article\",\"isPartOf\":{\"@id\":\"https:\/\/www.article-marketing.eu\/comunicati\/arte-e-cultura\/musica\/nuovo-progetto-musicale-per-clad%25c3%25ac\/\"},\"author\":{\"name\":\"Redazione Comunicati Stampa\",\"@id\":\"https:\/\/www.article-marketing.eu\/comunicati\/#\/schema\/person\/44372e4d4d0fa797b18e03ed1ace9017\"},\"headline\":\"Nuovo progetto musicale per Clad\u00ec\",\"datePublished\":\"2015-08-18T07:58:04+00:00\",\"dateModified\":\"2020-08-09T23:15:28+00:00\",\"mainEntityOfPage\":{\"@id\":\"https:\/\/www.article-marketing.eu\/comunicati\/arte-e-cultura\/musica\/nuovo-progetto-musicale-per-clad%25c3%25ac\/\"},\"wordCount\":904,\"commentCount\":0,\"keywords\":[\"andrea casamento\",\"cantante\",\"clad\u00ec\",\"claudia\",\"emmanuele macaluso\",\"festival\",\"manifesto\",\"manifesto del marketing etico\",\"musica\",\"padula\",\"steve marchesan\"],\"articleSection\":[\"Musica\"],\"inLanguage\":\"it-IT\",\"potentialAction\":[{\"@type\":\"CommentAction\",\"name\":\"Comment\",\"target\":[\"https:\/\/www.article-marketing.eu\/comunicati\/arte-e-cultura\/musica\/nuovo-progetto-musicale-per-clad%25c3%25ac\/#respond\"]}]},{\"@type\":\"WebPage\",\"@id\":\"https:\/\/www.article-marketing.eu\/comunicati\/arte-e-cultura\/musica\/nuovo-progetto-musicale-per-clad%25c3%25ac\/\",\"url\":\"https:\/\/www.article-marketing.eu\/comunicati\/arte-e-cultura\/musica\/nuovo-progetto-musicale-per-clad%25c3%25ac\/\",\"name\":\"Nuovo progetto musicale per Clad\u00ec - Article Marketing\",\"isPartOf\":{\"@id\":\"https:\/\/www.article-marketing.eu\/comunicati\/#website\"},\"datePublished\":\"2015-08-18T07:58:04+00:00\",\"dateModified\":\"2020-08-09T23:15:28+00:00\",\"author\":{\"@id\":\"https:\/\/www.article-marketing.eu\/comunicati\/#\/schema\/person\/44372e4d4d0fa797b18e03ed1ace9017\"},\"breadcrumb\":{\"@id\":\"https:\/\/www.article-marketing.eu\/comunicati\/arte-e-cultura\/musica\/nuovo-progetto-musicale-per-clad%25c3%25ac\/#breadcrumb\"},\"inLanguage\":\"it-IT\",\"potentialAction\":[{\"@type\":\"ReadAction\",\"target\":[\"https:\/\/www.article-marketing.eu\/comunicati\/arte-e-cultura\/musica\/nuovo-progetto-musicale-per-clad%25c3%25ac\/\"]}]},{\"@type\":\"BreadcrumbList\",\"@id\":\"https:\/\/www.article-marketing.eu\/comunicati\/arte-e-cultura\/musica\/nuovo-progetto-musicale-per-clad%25c3%25ac\/#breadcrumb\",\"itemListElement\":[{\"@type\":\"ListItem\",\"position\":1,\"name\":\"Home\",\"item\":\"https:\/\/www.article-marketing.eu\/comunicati\/\"},{\"@type\":\"ListItem\",\"position\":2,\"name\":\"Nuovo progetto musicale per Clad\u00ec\"}]},{\"@type\":\"WebSite\",\"@id\":\"https:\/\/www.article-marketing.eu\/comunicati\/#website\",\"url\":\"https:\/\/www.article-marketing.eu\/comunicati\/\",\"name\":\"Article Marketing\",\"description\":\"article marketing &amp; press release\",\"potentialAction\":[{\"@type\":\"SearchAction\",\"target\":{\"@type\":\"EntryPoint\",\"urlTemplate\":\"https:\/\/www.article-marketing.eu\/comunicati\/?s={search_term_string}\"},\"query-input\":{\"@type\":\"PropertyValueSpecification\",\"valueRequired\":true,\"valueName\":\"search_term_string\"}}],\"inLanguage\":\"it-IT\"},{\"@type\":\"Person\",\"@id\":\"https:\/\/www.article-marketing.eu\/comunicati\/#\/schema\/person\/44372e4d4d0fa797b18e03ed1ace9017\",\"name\":\"Redazione Comunicati Stampa\",\"image\":{\"@type\":\"ImageObject\",\"inLanguage\":\"it-IT\",\"@id\":\"https:\/\/www.article-marketing.eu\/comunicati\/#\/schema\/person\/image\/\",\"url\":\"https:\/\/secure.gravatar.com\/avatar\/50e5c6421d3072f42e7ace803501602c60d75233d34e29fd05feb91c8760b792?s=96&d=mm&r=g\",\"contentUrl\":\"https:\/\/secure.gravatar.com\/avatar\/50e5c6421d3072f42e7ace803501602c60d75233d34e29fd05feb91c8760b792?s=96&d=mm&r=g\",\"caption\":\"Redazione Comunicati Stampa\"},\"url\":\"https:\/\/www.article-marketing.eu\/comunicati\/author\/redazione-comunicati-stampa\/\"}]}<\/script>\n<!-- \/ Yoast SEO plugin. -->","yoast_head_json":{"title":"Nuovo progetto musicale per Clad\u00ec - Article Marketing","robots":{"index":"index","follow":"follow","max-snippet":"max-snippet:-1","max-image-preview":"max-image-preview:large","max-video-preview":"max-video-preview:-1"},"canonical":"https:\/\/www.article-marketing.eu\/comunicati\/arte-e-cultura\/musica\/nuovo-progetto-musicale-per-clad%c3%ac\/","og_locale":"it_IT","og_type":"article","og_title":"Nuovo progetto musicale per Clad\u00ec - Article Marketing","og_description":"La cantante torinese Clad\u00ec torna sulle scene musicali prodotta da Andrea Casamento e Steve Marchesan. La strategia di marketing \u00e8 stata affidata all'esperto Emmanuele Macaluso, gi\u00e0 autore del Manifesto del Marketing Etico e protagonista del film La Rivelazione.","og_url":"https:\/\/www.article-marketing.eu\/comunicati\/arte-e-cultura\/musica\/nuovo-progetto-musicale-per-clad%c3%ac\/","og_site_name":"Article Marketing","article_published_time":"2015-08-18T07:58:04+00:00","article_modified_time":"2020-08-09T23:15:28+00:00","author":"Redazione Comunicati Stampa","twitter_card":"summary_large_image","twitter_misc":{"Scritto da":"Redazione Comunicati Stampa","Tempo di lettura stimato":"4 minuti"},"schema":{"@context":"https:\/\/schema.org","@graph":[{"@type":"Article","@id":"https:\/\/www.article-marketing.eu\/comunicati\/arte-e-cultura\/musica\/nuovo-progetto-musicale-per-clad%25c3%25ac\/#article","isPartOf":{"@id":"https:\/\/www.article-marketing.eu\/comunicati\/arte-e-cultura\/musica\/nuovo-progetto-musicale-per-clad%25c3%25ac\/"},"author":{"name":"Redazione Comunicati Stampa","@id":"https:\/\/www.article-marketing.eu\/comunicati\/#\/schema\/person\/44372e4d4d0fa797b18e03ed1ace9017"},"headline":"Nuovo progetto musicale per Clad\u00ec","datePublished":"2015-08-18T07:58:04+00:00","dateModified":"2020-08-09T23:15:28+00:00","mainEntityOfPage":{"@id":"https:\/\/www.article-marketing.eu\/comunicati\/arte-e-cultura\/musica\/nuovo-progetto-musicale-per-clad%25c3%25ac\/"},"wordCount":904,"commentCount":0,"keywords":["andrea casamento","cantante","clad\u00ec","claudia","emmanuele macaluso","festival","manifesto","manifesto del marketing etico","musica","padula","steve marchesan"],"articleSection":["Musica"],"inLanguage":"it-IT","potentialAction":[{"@type":"CommentAction","name":"Comment","target":["https:\/\/www.article-marketing.eu\/comunicati\/arte-e-cultura\/musica\/nuovo-progetto-musicale-per-clad%25c3%25ac\/#respond"]}]},{"@type":"WebPage","@id":"https:\/\/www.article-marketing.eu\/comunicati\/arte-e-cultura\/musica\/nuovo-progetto-musicale-per-clad%25c3%25ac\/","url":"https:\/\/www.article-marketing.eu\/comunicati\/arte-e-cultura\/musica\/nuovo-progetto-musicale-per-clad%25c3%25ac\/","name":"Nuovo progetto musicale per Clad\u00ec - Article Marketing","isPartOf":{"@id":"https:\/\/www.article-marketing.eu\/comunicati\/#website"},"datePublished":"2015-08-18T07:58:04+00:00","dateModified":"2020-08-09T23:15:28+00:00","author":{"@id":"https:\/\/www.article-marketing.eu\/comunicati\/#\/schema\/person\/44372e4d4d0fa797b18e03ed1ace9017"},"breadcrumb":{"@id":"https:\/\/www.article-marketing.eu\/comunicati\/arte-e-cultura\/musica\/nuovo-progetto-musicale-per-clad%25c3%25ac\/#breadcrumb"},"inLanguage":"it-IT","potentialAction":[{"@type":"ReadAction","target":["https:\/\/www.article-marketing.eu\/comunicati\/arte-e-cultura\/musica\/nuovo-progetto-musicale-per-clad%25c3%25ac\/"]}]},{"@type":"BreadcrumbList","@id":"https:\/\/www.article-marketing.eu\/comunicati\/arte-e-cultura\/musica\/nuovo-progetto-musicale-per-clad%25c3%25ac\/#breadcrumb","itemListElement":[{"@type":"ListItem","position":1,"name":"Home","item":"https:\/\/www.article-marketing.eu\/comunicati\/"},{"@type":"ListItem","position":2,"name":"Nuovo progetto musicale per Clad\u00ec"}]},{"@type":"WebSite","@id":"https:\/\/www.article-marketing.eu\/comunicati\/#website","url":"https:\/\/www.article-marketing.eu\/comunicati\/","name":"Article Marketing","description":"article marketing &amp; press release","potentialAction":[{"@type":"SearchAction","target":{"@type":"EntryPoint","urlTemplate":"https:\/\/www.article-marketing.eu\/comunicati\/?s={search_term_string}"},"query-input":{"@type":"PropertyValueSpecification","valueRequired":true,"valueName":"search_term_string"}}],"inLanguage":"it-IT"},{"@type":"Person","@id":"https:\/\/www.article-marketing.eu\/comunicati\/#\/schema\/person\/44372e4d4d0fa797b18e03ed1ace9017","name":"Redazione Comunicati Stampa","image":{"@type":"ImageObject","inLanguage":"it-IT","@id":"https:\/\/www.article-marketing.eu\/comunicati\/#\/schema\/person\/image\/","url":"https:\/\/secure.gravatar.com\/avatar\/50e5c6421d3072f42e7ace803501602c60d75233d34e29fd05feb91c8760b792?s=96&d=mm&r=g","contentUrl":"https:\/\/secure.gravatar.com\/avatar\/50e5c6421d3072f42e7ace803501602c60d75233d34e29fd05feb91c8760b792?s=96&d=mm&r=g","caption":"Redazione Comunicati Stampa"},"url":"https:\/\/www.article-marketing.eu\/comunicati\/author\/redazione-comunicati-stampa\/"}]}},"_links":{"self":[{"href":"https:\/\/www.article-marketing.eu\/comunicati\/wp-json\/wp\/v2\/posts\/48716","targetHints":{"allow":["GET"]}}],"collection":[{"href":"https:\/\/www.article-marketing.eu\/comunicati\/wp-json\/wp\/v2\/posts"}],"about":[{"href":"https:\/\/www.article-marketing.eu\/comunicati\/wp-json\/wp\/v2\/types\/post"}],"author":[{"embeddable":true,"href":"https:\/\/www.article-marketing.eu\/comunicati\/wp-json\/wp\/v2\/users\/10"}],"replies":[{"embeddable":true,"href":"https:\/\/www.article-marketing.eu\/comunicati\/wp-json\/wp\/v2\/comments?post=48716"}],"version-history":[{"count":1,"href":"https:\/\/www.article-marketing.eu\/comunicati\/wp-json\/wp\/v2\/posts\/48716\/revisions"}],"predecessor-version":[{"id":66797,"href":"https:\/\/www.article-marketing.eu\/comunicati\/wp-json\/wp\/v2\/posts\/48716\/revisions\/66797"}],"wp:attachment":[{"href":"https:\/\/www.article-marketing.eu\/comunicati\/wp-json\/wp\/v2\/media?parent=48716"}],"wp:term":[{"taxonomy":"category","embeddable":true,"href":"https:\/\/www.article-marketing.eu\/comunicati\/wp-json\/wp\/v2\/categories?post=48716"},{"taxonomy":"post_tag","embeddable":true,"href":"https:\/\/www.article-marketing.eu\/comunicati\/wp-json\/wp\/v2\/tags?post=48716"}],"curies":[{"name":"wp","href":"https:\/\/api.w.org\/{rel}","templated":true}]}}