{"id":4876,"date":"2010-04-26T12:30:10","date_gmt":"2010-04-26T10:30:10","guid":{"rendered":"http:\/\/www.article-marketing.eu\/comunicati\/senza-categoria\/weekend-1%b0-maggio-expo-cani-e-gatti\/"},"modified":"2010-04-26T12:30:10","modified_gmt":"2010-04-26T10:30:10","slug":"weekend-1%b0-maggio-expo-cani-e-gatti","status":"publish","type":"post","link":"https:\/\/www.article-marketing.eu\/comunicati\/viaggi-e-vacanze\/viaggi-e-turismo\/weekend-1%b0-maggio-expo-cani-e-gatti\/","title":{"rendered":"Weekend 1\u00b0 maggio, expo cani e gatti"},"content":{"rendered":"<p><strong>Cuneo<\/strong>. Prima esposizione canina aperta a tutte le razze ed ai cani fantasia, l\u2019evento si svolge sabato 1\u00b0 maggio alle ore 9 al campo sportivo di Crava a Rocca De\u00b4Baldi (CN). Organizzata dalla Pro Loco Roccadebaldese questa interessante rassegna cinofila \u00e8 e aperta a tutte le razze. La sfilata avr\u00e0 inizio a partire dalle 10,30 Alle ore 15,30 \u00e8 previsto l\u2019inizio del concorso \u201cPremi Tapiro d\u2019Oro Roccadebaldese\u201d riservato ai cani fantasia; alle ore 16,00 spettacolare esibizione del centro addestramento cani \u201cZara\u201d e a seguire RING D\u2019ONORE. Premi e omaggi per tutti gli iscritti. Per maggiori informazioni contattare <a href=\"mailto:ghibli88@libero.it\">ghibli88@libero.it<\/a><\/p>\n<p><strong>Sempre in provincia di Cuneo<\/strong> si svolge la 22\u00b0 esposizione canina. La manifestazione ha luogo a Scagnello. Il programma prevede che alle 14 abbiano inzio le iscrizioni, alle 15.30 la gara e alle ore 18 le premiazioni. La mostra \u00e8 rivolta ai \u2018Cuccioloni\u2019 (fino ai 9 mesi) ai \u2018Giovani\u2019 (fino ai 15 mesi), \u2018Libera\u2019 (oltre i 15 mesi), \u2018Coppie\u2019, \u2018Gruppi\u2019 e \u2018Ring\u2019 speciale per meticci e cani campioni. Ingresso libero, in caso di pioggia, l\u2019esposizione si svolge al coperto. Per ulteriori informazioni: 339 3239265; expocaniscagnello@libero.it<\/p>\n<p><strong>Rieti<\/strong>. In localit\u00e0 Prati di Cottanello, sabato 1\u00b0 maggio si svolge la II rassegna cani meticci \u2018Qua la zampa\u2019 e gara amatoriale. Un giorno speciale per saldare il magico legame fra uomo e cane. La manifestazione \u00e8 ricolta a tutte le razze, con e senza pedigree. In programma: dalle 8 alle 12 iscrizioni cani e giudizi; alle 12.30 pausa pranzo; alle 15 premiazioni: BEST IN SHOW razza, BEST IN SHOW meticci, PREMIO ALIAS coppia cane meticcio\/padrone pi\u00f9 somigliante, PREMIO ATTILIO premio speciale per cani meticci. Per informazioni: 338 3348959; 348 6023289.<\/p>\n<p><strong>Pavia<\/strong>. Il weekend del 1\u00b0 maggio \u00e8 dedicato all\u2019esposizione felina di San Martino Siccomario. Organizzata dall\u2019 A.F.I. nei locali del Palazzo Brera, la maifestazione \u00e8 dedicata ai gatti in regola con le vaccinazioni (per quelli provenienti dall\u2019estero \u00e8 obbligatoria la vaccinazione antirabbica). Per ulteriori informazioni: 0665029310; 3204041802.<\/p>\n<p>Cerca su Pethotels.it le strutture turistiche che accettano animali, visita la sezione dedicata a mostre &amp; eventi. La stagione estiva \u00e8 alle porte, prenota la tua vacanza in uno degli hotels pet friendly della Riviera Romagnola. Consulta la sezione &#8216;spiagge&#8217; per conoscere quali stabilimenti balneari accettano cani e gatti sulle coste d&#8217;Italia. Nell&#8217;area dedicata ai&#8217;veterinari&#8217; puoi conoscere in click l&#8217;ambulatorio di medicina veterinaria pi\u00f9 vicino a casa tua. Leggi le notizie pubblicate sul blog di Pethotels, tante informazioni dedicate al meraviglioso mondo degli animali e alla tutela dell&#8217;ambiente. Per gli operatori turistici e commerciali, Pethotels \u00e8 il canale migliore per raggiungere il pi\u00f9 ampio bacino di utenza e avere maggiore visibilit\u00e0 sul web. Richiedi informazioni a info@pethotels.it<\/p>\n","protected":false},"excerpt":{"rendered":"<p>Per trascorrere un primo maggio all\u2019insegna dell\u2019amicizia fra uomo, cani e gatti, in un clima di festa, Pethotels invita gli amici a quattrozampe a prendere parte alle pi\u00f9 interessanti esposizioni italiane che si terranno il prossimo weekend.  Su Pethotels \u00e8 disponibile un elenco aggiornato di strutture pet friendly: hotel, B&#038;B, agriturismi, campeggi e stabilimenti balneari in grado di accogliere voi e i vostri amici pelosi.<\/p>\n","protected":false},"author":10,"featured_media":0,"comment_status":"open","ping_status":"open","sticky":false,"template":"","format":"standard","meta":{"cybocfi_hide_featured_image":"","footnotes":""},"categories":[2],"tags":[601,2281,255,14028],"class_list":["post-4876","post","type-post","status-publish","format-standard","hentry","category-viaggi-e-turismo","tag-cani","tag-gatti","tag-hotel","tag-pensioni-animali"],"yoast_head":"<!-- This site is optimized with the Yoast SEO plugin v27.0 - https:\/\/yoast.com\/product\/yoast-seo-wordpress\/ -->\n<title>Weekend 1\u00b0 maggio, expo cani e gatti - Article Marketing<\/title>\n<meta name=\"robots\" content=\"index, follow, max-snippet:-1, max-image-preview:large, max-video-preview:-1\" \/>\n<link rel=\"canonical\" href=\"https:\/\/www.article-marketing.eu\/comunicati\/viaggi-e-vacanze\/viaggi-e-turismo\/weekend-1?-maggio-expo-cani-e-gatti\/\" \/>\n<meta property=\"og:locale\" content=\"it_IT\" \/>\n<meta property=\"og:type\" content=\"article\" \/>\n<meta property=\"og:title\" content=\"Weekend 1\u00b0 maggio, expo cani e gatti - Article Marketing\" \/>\n<meta property=\"og:description\" content=\"Per trascorrere un primo maggio all\u2019insegna dell\u2019amicizia fra uomo, cani e gatti, in un clima di festa, Pethotels invita gli amici a quattrozampe a prendere parte alle pi\u00f9 interessanti esposizioni italiane che si terranno il prossimo weekend. Su Pethotels \u00e8 disponibile un elenco aggiornato di strutture pet friendly: hotel, B&amp;B, agriturismi, campeggi e stabilimenti balneari in grado di accogliere voi e i vostri amici pelosi.\" \/>\n<meta property=\"og:url\" content=\"\" \/>\n<meta property=\"og:site_name\" content=\"Article Marketing\" \/>\n<meta property=\"article:published_time\" content=\"2010-04-26T10:30:10+00:00\" \/>\n<meta name=\"author\" content=\"Redazione Comunicati Stampa\" \/>\n<meta name=\"twitter:card\" content=\"summary_large_image\" \/>\n<meta name=\"twitter:label1\" content=\"Scritto da\" \/>\n\t<meta name=\"twitter:data1\" content=\"Redazione Comunicati Stampa\" \/>\n\t<meta name=\"twitter:label2\" content=\"Tempo di lettura stimato\" \/>\n\t<meta name=\"twitter:data2\" content=\"2 minuti\" \/>\n<script type=\"application\/ld+json\" class=\"yoast-schema-graph\">{\"@context\":\"https:\/\/schema.org\",\"@graph\":[{\"@type\":\"Article\",\"@id\":\"https:\/\/www.article-marketing.eu\/comunicati\/viaggi-e-vacanze\/viaggi-e-turismo\/weekend-1%b0-maggio-expo-cani-e-gatti\/#article\",\"isPartOf\":{\"@id\":\"https:\/\/www.article-marketing.eu\/comunicati\/viaggi-e-vacanze\/viaggi-e-turismo\/weekend-1%b0-maggio-expo-cani-e-gatti\/\"},\"author\":{\"name\":\"Redazione Comunicati Stampa\",\"@id\":\"https:\/\/www.article-marketing.eu\/comunicati\/#\/schema\/person\/44372e4d4d0fa797b18e03ed1ace9017\"},\"headline\":\"Weekend 1\u00b0 maggio, expo cani e gatti\",\"datePublished\":\"2010-04-26T10:30:10+00:00\",\"mainEntityOfPage\":{\"@id\":\"https:\/\/www.article-marketing.eu\/comunicati\/viaggi-e-vacanze\/viaggi-e-turismo\/weekend-1%b0-maggio-expo-cani-e-gatti\/\"},\"wordCount\":427,\"commentCount\":0,\"keywords\":[\"cani\",\"gatti\",\"hotel\",\"pensioni animali\"],\"articleSection\":[\"Viaggi e Turismo\"],\"inLanguage\":\"it-IT\",\"potentialAction\":[{\"@type\":\"CommentAction\",\"name\":\"Comment\",\"target\":[\"https:\/\/www.article-marketing.eu\/comunicati\/viaggi-e-vacanze\/viaggi-e-turismo\/weekend-1%b0-maggio-expo-cani-e-gatti\/#respond\"]}]},{\"@type\":\"WebPage\",\"@id\":\"https:\/\/www.article-marketing.eu\/comunicati\/viaggi-e-vacanze\/viaggi-e-turismo\/weekend-1%b0-maggio-expo-cani-e-gatti\/\",\"url\":\"https:\/\/www.article-marketing.eu\/comunicati\/viaggi-e-vacanze\/viaggi-e-turismo\/weekend-1%b0-maggio-expo-cani-e-gatti\/\",\"name\":\"Weekend 1\u00b0 maggio, expo cani e gatti - Article Marketing\",\"isPartOf\":{\"@id\":\"https:\/\/www.article-marketing.eu\/comunicati\/#website\"},\"datePublished\":\"2010-04-26T10:30:10+00:00\",\"author\":{\"@id\":\"https:\/\/www.article-marketing.eu\/comunicati\/#\/schema\/person\/44372e4d4d0fa797b18e03ed1ace9017\"},\"breadcrumb\":{\"@id\":\"https:\/\/www.article-marketing.eu\/comunicati\/viaggi-e-vacanze\/viaggi-e-turismo\/weekend-1%b0-maggio-expo-cani-e-gatti\/#breadcrumb\"},\"inLanguage\":\"it-IT\",\"potentialAction\":[{\"@type\":\"ReadAction\",\"target\":[\"https:\/\/www.article-marketing.eu\/comunicati\/viaggi-e-vacanze\/viaggi-e-turismo\/weekend-1%b0-maggio-expo-cani-e-gatti\/\"]}]},{\"@type\":\"BreadcrumbList\",\"@id\":\"https:\/\/www.article-marketing.eu\/comunicati\/viaggi-e-vacanze\/viaggi-e-turismo\/weekend-1%b0-maggio-expo-cani-e-gatti\/#breadcrumb\",\"itemListElement\":[{\"@type\":\"ListItem\",\"position\":1,\"name\":\"Home\",\"item\":\"https:\/\/www.article-marketing.eu\/comunicati\/\"},{\"@type\":\"ListItem\",\"position\":2,\"name\":\"Weekend 1\u00b0 maggio, expo cani e gatti\"}]},{\"@type\":\"WebSite\",\"@id\":\"https:\/\/www.article-marketing.eu\/comunicati\/#website\",\"url\":\"https:\/\/www.article-marketing.eu\/comunicati\/\",\"name\":\"Article Marketing\",\"description\":\"article marketing &amp; press release\",\"potentialAction\":[{\"@type\":\"SearchAction\",\"target\":{\"@type\":\"EntryPoint\",\"urlTemplate\":\"https:\/\/www.article-marketing.eu\/comunicati\/?s={search_term_string}\"},\"query-input\":{\"@type\":\"PropertyValueSpecification\",\"valueRequired\":true,\"valueName\":\"search_term_string\"}}],\"inLanguage\":\"it-IT\"},{\"@type\":\"Person\",\"@id\":\"https:\/\/www.article-marketing.eu\/comunicati\/#\/schema\/person\/44372e4d4d0fa797b18e03ed1ace9017\",\"name\":\"Redazione Comunicati Stampa\",\"image\":{\"@type\":\"ImageObject\",\"inLanguage\":\"it-IT\",\"@id\":\"https:\/\/www.article-marketing.eu\/comunicati\/#\/schema\/person\/image\/\",\"url\":\"https:\/\/secure.gravatar.com\/avatar\/50e5c6421d3072f42e7ace803501602c60d75233d34e29fd05feb91c8760b792?s=96&d=mm&r=g\",\"contentUrl\":\"https:\/\/secure.gravatar.com\/avatar\/50e5c6421d3072f42e7ace803501602c60d75233d34e29fd05feb91c8760b792?s=96&d=mm&r=g\",\"caption\":\"Redazione Comunicati Stampa\"},\"url\":\"https:\/\/www.article-marketing.eu\/comunicati\/author\/redazione-comunicati-stampa\/\"}]}<\/script>\n<!-- \/ Yoast SEO plugin. -->","yoast_head_json":{"title":"Weekend 1\u00b0 maggio, expo cani e gatti - Article Marketing","robots":{"index":"index","follow":"follow","max-snippet":"max-snippet:-1","max-image-preview":"max-image-preview:large","max-video-preview":"max-video-preview:-1"},"canonical":"https:\/\/www.article-marketing.eu\/comunicati\/viaggi-e-vacanze\/viaggi-e-turismo\/weekend-1?-maggio-expo-cani-e-gatti\/","og_locale":"it_IT","og_type":"article","og_title":"Weekend 1\u00b0 maggio, expo cani e gatti - Article Marketing","og_description":"Per trascorrere un primo maggio all\u2019insegna dell\u2019amicizia fra uomo, cani e gatti, in un clima di festa, Pethotels invita gli amici a quattrozampe a prendere parte alle pi\u00f9 interessanti esposizioni italiane che si terranno il prossimo weekend. Su Pethotels \u00e8 disponibile un elenco aggiornato di strutture pet friendly: hotel, B&B, agriturismi, campeggi e stabilimenti balneari in grado di accogliere voi e i vostri amici pelosi.","og_url":"https:\/\/www.article-marketing.eu\/comunicati\/viaggi-e-vacanze\/viaggi-e-turismo\/weekend-1?-maggio-expo-cani-e-gatti\/","og_site_name":"Article Marketing","article_published_time":"2010-04-26T10:30:10+00:00","author":"Redazione Comunicati Stampa","twitter_card":"summary_large_image","twitter_misc":{"Scritto da":"Redazione Comunicati Stampa","Tempo di lettura stimato":"2 minuti"},"schema":{"@context":"https:\/\/schema.org","@graph":[{"@type":"Article","@id":"https:\/\/www.article-marketing.eu\/comunicati\/viaggi-e-vacanze\/viaggi-e-turismo\/weekend-1%b0-maggio-expo-cani-e-gatti\/#article","isPartOf":{"@id":"https:\/\/www.article-marketing.eu\/comunicati\/viaggi-e-vacanze\/viaggi-e-turismo\/weekend-1%b0-maggio-expo-cani-e-gatti\/"},"author":{"name":"Redazione Comunicati Stampa","@id":"https:\/\/www.article-marketing.eu\/comunicati\/#\/schema\/person\/44372e4d4d0fa797b18e03ed1ace9017"},"headline":"Weekend 1\u00b0 maggio, expo cani e gatti","datePublished":"2010-04-26T10:30:10+00:00","mainEntityOfPage":{"@id":"https:\/\/www.article-marketing.eu\/comunicati\/viaggi-e-vacanze\/viaggi-e-turismo\/weekend-1%b0-maggio-expo-cani-e-gatti\/"},"wordCount":427,"commentCount":0,"keywords":["cani","gatti","hotel","pensioni animali"],"articleSection":["Viaggi e Turismo"],"inLanguage":"it-IT","potentialAction":[{"@type":"CommentAction","name":"Comment","target":["https:\/\/www.article-marketing.eu\/comunicati\/viaggi-e-vacanze\/viaggi-e-turismo\/weekend-1%b0-maggio-expo-cani-e-gatti\/#respond"]}]},{"@type":"WebPage","@id":"https:\/\/www.article-marketing.eu\/comunicati\/viaggi-e-vacanze\/viaggi-e-turismo\/weekend-1%b0-maggio-expo-cani-e-gatti\/","url":"https:\/\/www.article-marketing.eu\/comunicati\/viaggi-e-vacanze\/viaggi-e-turismo\/weekend-1%b0-maggio-expo-cani-e-gatti\/","name":"Weekend 1\u00b0 maggio, expo cani e gatti - Article Marketing","isPartOf":{"@id":"https:\/\/www.article-marketing.eu\/comunicati\/#website"},"datePublished":"2010-04-26T10:30:10+00:00","author":{"@id":"https:\/\/www.article-marketing.eu\/comunicati\/#\/schema\/person\/44372e4d4d0fa797b18e03ed1ace9017"},"breadcrumb":{"@id":"https:\/\/www.article-marketing.eu\/comunicati\/viaggi-e-vacanze\/viaggi-e-turismo\/weekend-1%b0-maggio-expo-cani-e-gatti\/#breadcrumb"},"inLanguage":"it-IT","potentialAction":[{"@type":"ReadAction","target":["https:\/\/www.article-marketing.eu\/comunicati\/viaggi-e-vacanze\/viaggi-e-turismo\/weekend-1%b0-maggio-expo-cani-e-gatti\/"]}]},{"@type":"BreadcrumbList","@id":"https:\/\/www.article-marketing.eu\/comunicati\/viaggi-e-vacanze\/viaggi-e-turismo\/weekend-1%b0-maggio-expo-cani-e-gatti\/#breadcrumb","itemListElement":[{"@type":"ListItem","position":1,"name":"Home","item":"https:\/\/www.article-marketing.eu\/comunicati\/"},{"@type":"ListItem","position":2,"name":"Weekend 1\u00b0 maggio, expo cani e gatti"}]},{"@type":"WebSite","@id":"https:\/\/www.article-marketing.eu\/comunicati\/#website","url":"https:\/\/www.article-marketing.eu\/comunicati\/","name":"Article Marketing","description":"article marketing &amp; press release","potentialAction":[{"@type":"SearchAction","target":{"@type":"EntryPoint","urlTemplate":"https:\/\/www.article-marketing.eu\/comunicati\/?s={search_term_string}"},"query-input":{"@type":"PropertyValueSpecification","valueRequired":true,"valueName":"search_term_string"}}],"inLanguage":"it-IT"},{"@type":"Person","@id":"https:\/\/www.article-marketing.eu\/comunicati\/#\/schema\/person\/44372e4d4d0fa797b18e03ed1ace9017","name":"Redazione Comunicati Stampa","image":{"@type":"ImageObject","inLanguage":"it-IT","@id":"https:\/\/www.article-marketing.eu\/comunicati\/#\/schema\/person\/image\/","url":"https:\/\/secure.gravatar.com\/avatar\/50e5c6421d3072f42e7ace803501602c60d75233d34e29fd05feb91c8760b792?s=96&d=mm&r=g","contentUrl":"https:\/\/secure.gravatar.com\/avatar\/50e5c6421d3072f42e7ace803501602c60d75233d34e29fd05feb91c8760b792?s=96&d=mm&r=g","caption":"Redazione Comunicati Stampa"},"url":"https:\/\/www.article-marketing.eu\/comunicati\/author\/redazione-comunicati-stampa\/"}]}},"_links":{"self":[{"href":"https:\/\/www.article-marketing.eu\/comunicati\/wp-json\/wp\/v2\/posts\/4876","targetHints":{"allow":["GET"]}}],"collection":[{"href":"https:\/\/www.article-marketing.eu\/comunicati\/wp-json\/wp\/v2\/posts"}],"about":[{"href":"https:\/\/www.article-marketing.eu\/comunicati\/wp-json\/wp\/v2\/types\/post"}],"author":[{"embeddable":true,"href":"https:\/\/www.article-marketing.eu\/comunicati\/wp-json\/wp\/v2\/users\/10"}],"replies":[{"embeddable":true,"href":"https:\/\/www.article-marketing.eu\/comunicati\/wp-json\/wp\/v2\/comments?post=4876"}],"version-history":[{"count":0,"href":"https:\/\/www.article-marketing.eu\/comunicati\/wp-json\/wp\/v2\/posts\/4876\/revisions"}],"wp:attachment":[{"href":"https:\/\/www.article-marketing.eu\/comunicati\/wp-json\/wp\/v2\/media?parent=4876"}],"wp:term":[{"taxonomy":"category","embeddable":true,"href":"https:\/\/www.article-marketing.eu\/comunicati\/wp-json\/wp\/v2\/categories?post=4876"},{"taxonomy":"post_tag","embeddable":true,"href":"https:\/\/www.article-marketing.eu\/comunicati\/wp-json\/wp\/v2\/tags?post=4876"}],"curies":[{"name":"wp","href":"https:\/\/api.w.org\/{rel}","templated":true}]}}