{"id":488,"date":"2008-06-20T11:37:51","date_gmt":"2008-06-20T09:37:51","guid":{"rendered":"http:\/\/www.article-marketing.eu\/comunicati\/senza-categoria\/vacanze-a-gallipoli-la-perla-dello-ionio\/"},"modified":"2008-06-20T11:37:51","modified_gmt":"2008-06-20T09:37:51","slug":"vacanze-a-gallipoli-la-perla-dello-ionio","status":"publish","type":"post","link":"https:\/\/www.article-marketing.eu\/comunicati\/viaggi-e-vacanze\/viaggi-e-turismo\/vacanze-a-gallipoli-la-perla-dello-ionio\/","title":{"rendered":"Vacanze a Gallipoli, la perla dello Ionio"},"content":{"rendered":"<p>Con l&#8217;estate che ha fatto ormai capolino da tempo, c&#8217;\u00e8 chi si prepara, anche quest&#8217;anno,&nbsp;a trascorrere le proprie vacanze nel migliore dei modi. <\/p>\n<p>C&#8217;\u00e8 chi ha gi\u00e0 organizzato tutto e chi, invece, non sa ancora dove andare.<\/p>\n<p>A questo proposito&#8230; Avete mai sentito parlare della meravigliosa penisola Salentina?La terra della pizzica, dove il sole \u00e8 sempre caldo e il mare sempre blu&#8230;<\/p>\n<p>Qui, tra le acque azzurre del Mar Ionio, a circa 40 km da Lecce, trova la sua cornice naturale il territorio di <a href=\"http:\/\/www.infogallipoli.it\/\">Gallipoli<\/a>, dal greco &quot;kal\u00e9 pol\u00ecs&quot; ovvero &quot;citt\u00e0 bella&quot;,&nbsp;meta preferita&nbsp;per chi sceglie di trascorrere le proprie vacanze nel Salento.<\/p>\n<p>E&#8217; qui, infatti, che trovano spazio i lidi sabbiosi pi\u00f9 belli della Puglia. Spiagge caratterizzate da sabbia fine, mare limpido e incontaminato fanno si che questa &quot;piccola&quot; localit\u00e0 venga conosciuta come la &quot;Miami made in Italy&quot;.<\/p>\n<p>Il mare qui \u00e8 sempre stupendo e si pu\u00f2 scegliere di fare il bagno nella storica spiaggetta del SENO DELLA PURITA&#8217; o nei tanti stabilimenti balnerai presenti anche nelle localit\u00e0 limitrofe.<\/p>\n<p>La citt\u00e0, meta ambita dai turisti \u00e8 caratterizzata da un litorale basso e prevalentemente sabbioso che si chiude a Sud con PUNTA PIZZO e a Nord con LIDO SAN GIOVANNI che racchiude una splendida baia con un arenile sicuramente tra i pi\u00f9 belli del Salento, la PUNTA DELLA SUINA. Verso Nord, invece, dalla parte opposta quindi, dopo il centro abitato, sorge la spiaggia di LIDO CONCHIGLIE.<\/p>\n<p>Gallipoli, inoltre, \u00e8 la meta ideale per chi, in vacanza, oltre al sole e al mare non rinuncia alla bellezza e al fascino dell&#8217;arte. Numerosi, a Gallipoli, sono infatti i monumenti che&nbsp;ne documentano le&nbsp;origini come: la Fontana Ellenica, il Castello Angioino, etc&#8230;<\/p>\n<p>Per i buon gustai, inoltre, la cucina gallipolina offre deliziosi piatti prevalentemente a base di pesce. Piatti semplici ma genuini, cos\u00ec come del resto \u00e8 per tutta la cucina tradizionale salentina.<\/p>\n<p>Ancora&#8230;per chi sceglie di trascorerre del tempo a Gallipoli, oltre a prendere il sole e tuffarsi in acque da sogno, numerose sono le attivit\u00e0 che pu\u00f2 scegliere di fare tra cui, le escursioni in barca (con o senza guida alla scoperta della bellezza delle coste del Salento, lo sci nautico, la caccia subacquea, etc..)&nbsp;.<\/p>\n<p>Ve la siete fatta un&#8217;idea? Bene, questa \u00e8 Gallipoli, la perla dello Ionio, una citt\u00e0 dove il paradiso \u00e8 dietro l&#8217;angolo.<\/p>\n<p>&nbsp;Per maggiori informazioni vistate il sito: www.infogallipoli.it<\/p>\n<p>Per prenotare, invece, la vostra vacanza da sogno andate sul sito: www.salentonet.it\/gallipoli.php<\/p>\n<p>&nbsp;<\/p>\n<p>&nbsp;<\/p>\n<p>&nbsp;<\/p>\n<p>&nbsp;<\/p>\n","protected":false},"excerpt":{"rendered":"<p>Informazioni su come trascorrere le proprie vacanze a Gallipoli, una tra e localit\u00e0 turistiche pi\u00f9 rinomate del Salento.<\/p>\n","protected":false},"author":10,"featured_media":0,"comment_status":"open","ping_status":"open","sticky":false,"template":"","format":"standard","meta":{"cybocfi_hide_featured_image":"","footnotes":""},"categories":[2],"tags":[1054,1050,3],"class_list":["post-488","post","type-post","status-publish","format-standard","hentry","category-viaggi-e-turismo","tag-gallipoli","tag-salento","tag-vacanze"],"yoast_head":"<!-- This site is optimized with the Yoast SEO plugin v27.0 - https:\/\/yoast.com\/product\/yoast-seo-wordpress\/ -->\n<title>Vacanze a Gallipoli, la perla dello Ionio - Article Marketing<\/title>\n<meta name=\"robots\" content=\"index, follow, max-snippet:-1, max-image-preview:large, max-video-preview:-1\" \/>\n<link rel=\"canonical\" href=\"https:\/\/www.article-marketing.eu\/comunicati\/viaggi-e-vacanze\/viaggi-e-turismo\/vacanze-a-gallipoli-la-perla-dello-ionio\/\" \/>\n<meta property=\"og:locale\" content=\"it_IT\" \/>\n<meta property=\"og:type\" content=\"article\" \/>\n<meta property=\"og:title\" content=\"Vacanze a Gallipoli, la perla dello Ionio - Article Marketing\" \/>\n<meta property=\"og:description\" content=\"Informazioni su come trascorrere le proprie vacanze a Gallipoli, una tra e localit\u00e0 turistiche pi\u00f9 rinomate del Salento.\" \/>\n<meta property=\"og:url\" content=\"https:\/\/www.article-marketing.eu\/comunicati\/viaggi-e-vacanze\/viaggi-e-turismo\/vacanze-a-gallipoli-la-perla-dello-ionio\/\" \/>\n<meta property=\"og:site_name\" content=\"Article Marketing\" \/>\n<meta property=\"article:published_time\" content=\"2008-06-20T09:37:51+00:00\" \/>\n<meta name=\"author\" content=\"Redazione Comunicati Stampa\" \/>\n<meta name=\"twitter:card\" content=\"summary_large_image\" \/>\n<meta name=\"twitter:label1\" content=\"Scritto da\" \/>\n\t<meta name=\"twitter:data1\" content=\"Redazione Comunicati Stampa\" \/>\n\t<meta name=\"twitter:label2\" content=\"Tempo di lettura stimato\" \/>\n\t<meta name=\"twitter:data2\" content=\"2 minuti\" \/>\n<script type=\"application\/ld+json\" class=\"yoast-schema-graph\">{\"@context\":\"https:\/\/schema.org\",\"@graph\":[{\"@type\":\"Article\",\"@id\":\"https:\/\/www.article-marketing.eu\/comunicati\/viaggi-e-vacanze\/viaggi-e-turismo\/vacanze-a-gallipoli-la-perla-dello-ionio\/#article\",\"isPartOf\":{\"@id\":\"https:\/\/www.article-marketing.eu\/comunicati\/viaggi-e-vacanze\/viaggi-e-turismo\/vacanze-a-gallipoli-la-perla-dello-ionio\/\"},\"author\":{\"name\":\"Redazione Comunicati Stampa\",\"@id\":\"https:\/\/www.article-marketing.eu\/comunicati\/#\/schema\/person\/44372e4d4d0fa797b18e03ed1ace9017\"},\"headline\":\"Vacanze a Gallipoli, la perla dello Ionio\",\"datePublished\":\"2008-06-20T09:37:51+00:00\",\"mainEntityOfPage\":{\"@id\":\"https:\/\/www.article-marketing.eu\/comunicati\/viaggi-e-vacanze\/viaggi-e-turismo\/vacanze-a-gallipoli-la-perla-dello-ionio\/\"},\"wordCount\":434,\"commentCount\":0,\"keywords\":[\"gallipoli\",\"salento\",\"vacanze\"],\"articleSection\":[\"Viaggi e Turismo\"],\"inLanguage\":\"it-IT\",\"potentialAction\":[{\"@type\":\"CommentAction\",\"name\":\"Comment\",\"target\":[\"https:\/\/www.article-marketing.eu\/comunicati\/viaggi-e-vacanze\/viaggi-e-turismo\/vacanze-a-gallipoli-la-perla-dello-ionio\/#respond\"]}]},{\"@type\":\"WebPage\",\"@id\":\"https:\/\/www.article-marketing.eu\/comunicati\/viaggi-e-vacanze\/viaggi-e-turismo\/vacanze-a-gallipoli-la-perla-dello-ionio\/\",\"url\":\"https:\/\/www.article-marketing.eu\/comunicati\/viaggi-e-vacanze\/viaggi-e-turismo\/vacanze-a-gallipoli-la-perla-dello-ionio\/\",\"name\":\"Vacanze a Gallipoli, la perla dello Ionio - Article Marketing\",\"isPartOf\":{\"@id\":\"https:\/\/www.article-marketing.eu\/comunicati\/#website\"},\"datePublished\":\"2008-06-20T09:37:51+00:00\",\"author\":{\"@id\":\"https:\/\/www.article-marketing.eu\/comunicati\/#\/schema\/person\/44372e4d4d0fa797b18e03ed1ace9017\"},\"breadcrumb\":{\"@id\":\"https:\/\/www.article-marketing.eu\/comunicati\/viaggi-e-vacanze\/viaggi-e-turismo\/vacanze-a-gallipoli-la-perla-dello-ionio\/#breadcrumb\"},\"inLanguage\":\"it-IT\",\"potentialAction\":[{\"@type\":\"ReadAction\",\"target\":[\"https:\/\/www.article-marketing.eu\/comunicati\/viaggi-e-vacanze\/viaggi-e-turismo\/vacanze-a-gallipoli-la-perla-dello-ionio\/\"]}]},{\"@type\":\"BreadcrumbList\",\"@id\":\"https:\/\/www.article-marketing.eu\/comunicati\/viaggi-e-vacanze\/viaggi-e-turismo\/vacanze-a-gallipoli-la-perla-dello-ionio\/#breadcrumb\",\"itemListElement\":[{\"@type\":\"ListItem\",\"position\":1,\"name\":\"Home\",\"item\":\"https:\/\/www.article-marketing.eu\/comunicati\/\"},{\"@type\":\"ListItem\",\"position\":2,\"name\":\"Vacanze a Gallipoli, la perla dello Ionio\"}]},{\"@type\":\"WebSite\",\"@id\":\"https:\/\/www.article-marketing.eu\/comunicati\/#website\",\"url\":\"https:\/\/www.article-marketing.eu\/comunicati\/\",\"name\":\"Article Marketing\",\"description\":\"article marketing &amp; press release\",\"potentialAction\":[{\"@type\":\"SearchAction\",\"target\":{\"@type\":\"EntryPoint\",\"urlTemplate\":\"https:\/\/www.article-marketing.eu\/comunicati\/?s={search_term_string}\"},\"query-input\":{\"@type\":\"PropertyValueSpecification\",\"valueRequired\":true,\"valueName\":\"search_term_string\"}}],\"inLanguage\":\"it-IT\"},{\"@type\":\"Person\",\"@id\":\"https:\/\/www.article-marketing.eu\/comunicati\/#\/schema\/person\/44372e4d4d0fa797b18e03ed1ace9017\",\"name\":\"Redazione Comunicati Stampa\",\"image\":{\"@type\":\"ImageObject\",\"inLanguage\":\"it-IT\",\"@id\":\"https:\/\/www.article-marketing.eu\/comunicati\/#\/schema\/person\/image\/\",\"url\":\"https:\/\/secure.gravatar.com\/avatar\/50e5c6421d3072f42e7ace803501602c60d75233d34e29fd05feb91c8760b792?s=96&d=mm&r=g\",\"contentUrl\":\"https:\/\/secure.gravatar.com\/avatar\/50e5c6421d3072f42e7ace803501602c60d75233d34e29fd05feb91c8760b792?s=96&d=mm&r=g\",\"caption\":\"Redazione Comunicati Stampa\"},\"url\":\"https:\/\/www.article-marketing.eu\/comunicati\/author\/redazione-comunicati-stampa\/\"}]}<\/script>\n<!-- \/ Yoast SEO plugin. -->","yoast_head_json":{"title":"Vacanze a Gallipoli, la perla dello Ionio - Article Marketing","robots":{"index":"index","follow":"follow","max-snippet":"max-snippet:-1","max-image-preview":"max-image-preview:large","max-video-preview":"max-video-preview:-1"},"canonical":"https:\/\/www.article-marketing.eu\/comunicati\/viaggi-e-vacanze\/viaggi-e-turismo\/vacanze-a-gallipoli-la-perla-dello-ionio\/","og_locale":"it_IT","og_type":"article","og_title":"Vacanze a Gallipoli, la perla dello Ionio - Article Marketing","og_description":"Informazioni su come trascorrere le proprie vacanze a Gallipoli, una tra e localit\u00e0 turistiche pi\u00f9 rinomate del Salento.","og_url":"https:\/\/www.article-marketing.eu\/comunicati\/viaggi-e-vacanze\/viaggi-e-turismo\/vacanze-a-gallipoli-la-perla-dello-ionio\/","og_site_name":"Article Marketing","article_published_time":"2008-06-20T09:37:51+00:00","author":"Redazione Comunicati Stampa","twitter_card":"summary_large_image","twitter_misc":{"Scritto da":"Redazione Comunicati Stampa","Tempo di lettura stimato":"2 minuti"},"schema":{"@context":"https:\/\/schema.org","@graph":[{"@type":"Article","@id":"https:\/\/www.article-marketing.eu\/comunicati\/viaggi-e-vacanze\/viaggi-e-turismo\/vacanze-a-gallipoli-la-perla-dello-ionio\/#article","isPartOf":{"@id":"https:\/\/www.article-marketing.eu\/comunicati\/viaggi-e-vacanze\/viaggi-e-turismo\/vacanze-a-gallipoli-la-perla-dello-ionio\/"},"author":{"name":"Redazione Comunicati Stampa","@id":"https:\/\/www.article-marketing.eu\/comunicati\/#\/schema\/person\/44372e4d4d0fa797b18e03ed1ace9017"},"headline":"Vacanze a Gallipoli, la perla dello Ionio","datePublished":"2008-06-20T09:37:51+00:00","mainEntityOfPage":{"@id":"https:\/\/www.article-marketing.eu\/comunicati\/viaggi-e-vacanze\/viaggi-e-turismo\/vacanze-a-gallipoli-la-perla-dello-ionio\/"},"wordCount":434,"commentCount":0,"keywords":["gallipoli","salento","vacanze"],"articleSection":["Viaggi e Turismo"],"inLanguage":"it-IT","potentialAction":[{"@type":"CommentAction","name":"Comment","target":["https:\/\/www.article-marketing.eu\/comunicati\/viaggi-e-vacanze\/viaggi-e-turismo\/vacanze-a-gallipoli-la-perla-dello-ionio\/#respond"]}]},{"@type":"WebPage","@id":"https:\/\/www.article-marketing.eu\/comunicati\/viaggi-e-vacanze\/viaggi-e-turismo\/vacanze-a-gallipoli-la-perla-dello-ionio\/","url":"https:\/\/www.article-marketing.eu\/comunicati\/viaggi-e-vacanze\/viaggi-e-turismo\/vacanze-a-gallipoli-la-perla-dello-ionio\/","name":"Vacanze a Gallipoli, la perla dello Ionio - Article Marketing","isPartOf":{"@id":"https:\/\/www.article-marketing.eu\/comunicati\/#website"},"datePublished":"2008-06-20T09:37:51+00:00","author":{"@id":"https:\/\/www.article-marketing.eu\/comunicati\/#\/schema\/person\/44372e4d4d0fa797b18e03ed1ace9017"},"breadcrumb":{"@id":"https:\/\/www.article-marketing.eu\/comunicati\/viaggi-e-vacanze\/viaggi-e-turismo\/vacanze-a-gallipoli-la-perla-dello-ionio\/#breadcrumb"},"inLanguage":"it-IT","potentialAction":[{"@type":"ReadAction","target":["https:\/\/www.article-marketing.eu\/comunicati\/viaggi-e-vacanze\/viaggi-e-turismo\/vacanze-a-gallipoli-la-perla-dello-ionio\/"]}]},{"@type":"BreadcrumbList","@id":"https:\/\/www.article-marketing.eu\/comunicati\/viaggi-e-vacanze\/viaggi-e-turismo\/vacanze-a-gallipoli-la-perla-dello-ionio\/#breadcrumb","itemListElement":[{"@type":"ListItem","position":1,"name":"Home","item":"https:\/\/www.article-marketing.eu\/comunicati\/"},{"@type":"ListItem","position":2,"name":"Vacanze a Gallipoli, la perla dello Ionio"}]},{"@type":"WebSite","@id":"https:\/\/www.article-marketing.eu\/comunicati\/#website","url":"https:\/\/www.article-marketing.eu\/comunicati\/","name":"Article Marketing","description":"article marketing &amp; press release","potentialAction":[{"@type":"SearchAction","target":{"@type":"EntryPoint","urlTemplate":"https:\/\/www.article-marketing.eu\/comunicati\/?s={search_term_string}"},"query-input":{"@type":"PropertyValueSpecification","valueRequired":true,"valueName":"search_term_string"}}],"inLanguage":"it-IT"},{"@type":"Person","@id":"https:\/\/www.article-marketing.eu\/comunicati\/#\/schema\/person\/44372e4d4d0fa797b18e03ed1ace9017","name":"Redazione Comunicati Stampa","image":{"@type":"ImageObject","inLanguage":"it-IT","@id":"https:\/\/www.article-marketing.eu\/comunicati\/#\/schema\/person\/image\/","url":"https:\/\/secure.gravatar.com\/avatar\/50e5c6421d3072f42e7ace803501602c60d75233d34e29fd05feb91c8760b792?s=96&d=mm&r=g","contentUrl":"https:\/\/secure.gravatar.com\/avatar\/50e5c6421d3072f42e7ace803501602c60d75233d34e29fd05feb91c8760b792?s=96&d=mm&r=g","caption":"Redazione Comunicati Stampa"},"url":"https:\/\/www.article-marketing.eu\/comunicati\/author\/redazione-comunicati-stampa\/"}]}},"_links":{"self":[{"href":"https:\/\/www.article-marketing.eu\/comunicati\/wp-json\/wp\/v2\/posts\/488","targetHints":{"allow":["GET"]}}],"collection":[{"href":"https:\/\/www.article-marketing.eu\/comunicati\/wp-json\/wp\/v2\/posts"}],"about":[{"href":"https:\/\/www.article-marketing.eu\/comunicati\/wp-json\/wp\/v2\/types\/post"}],"author":[{"embeddable":true,"href":"https:\/\/www.article-marketing.eu\/comunicati\/wp-json\/wp\/v2\/users\/10"}],"replies":[{"embeddable":true,"href":"https:\/\/www.article-marketing.eu\/comunicati\/wp-json\/wp\/v2\/comments?post=488"}],"version-history":[{"count":0,"href":"https:\/\/www.article-marketing.eu\/comunicati\/wp-json\/wp\/v2\/posts\/488\/revisions"}],"wp:attachment":[{"href":"https:\/\/www.article-marketing.eu\/comunicati\/wp-json\/wp\/v2\/media?parent=488"}],"wp:term":[{"taxonomy":"category","embeddable":true,"href":"https:\/\/www.article-marketing.eu\/comunicati\/wp-json\/wp\/v2\/categories?post=488"},{"taxonomy":"post_tag","embeddable":true,"href":"https:\/\/www.article-marketing.eu\/comunicati\/wp-json\/wp\/v2\/tags?post=488"}],"curies":[{"name":"wp","href":"https:\/\/api.w.org\/{rel}","templated":true}]}}