{"id":4880,"date":"2010-04-26T15:29:16","date_gmt":"2010-04-26T13:29:16","guid":{"rendered":"http:\/\/www.article-marketing.eu\/comunicati\/senza-categoria\/migliorare-la-nostra-immagine-si-puo\/"},"modified":"2010-04-26T15:29:16","modified_gmt":"2010-04-26T13:29:16","slug":"migliorare-la-nostra-immagine-si-puo","status":"publish","type":"post","link":"https:\/\/www.article-marketing.eu\/comunicati\/societa\/abbigliamento\/migliorare-la-nostra-immagine-si-puo\/","title":{"rendered":"Migliorare la nostra immagine si pu\u00f2"},"content":{"rendered":"<p>&nbsp;La cura di s\u00e9 nei nostri tempi \u00e8 diventata sempre pi\u00f9 importante. La percezione dell\u2019immagine di una persona conta per noi stessi e per gli altri. <br \/>Infatti, nel complesso mondo della moda, tra mille tendenze a volte contrastanti fra loro, \u00e8 difficile capire cosa davvero fa per noi. Di conseguenza, \u00e8 anche facile sbagliare, commettere degli errori non \u00e8 certo grave; per\u00f2 comporta spreco di tempo e di denaro. Nonch\u00e9 frustrazione. Insomma, non tutti riescono a ottenere il meglio per loro stessi con le proprie forze. Sono disponibili molti strumenti per renderci migliori, ma ci aiutano a livello superficiale. Provare un make-up in profumeria non basta, cos\u00ec come acquistare 10 capi all\u2019ultima moda.<br \/>Un guardaroba curato,organizzato e completo di tutto ci\u00f2 che ci occorre non sempre \u00e8 semplice da ottenere. Spesso non ci si rende conto di quanto sia in realt\u00e0 un\u2019attivit\u00e0 complessa! A volte non ci rendiamo conto degli errori che continuiamo a commettere, quando invece basterebbero alcuni semplici accorgimenti che farebbero guadagnare tanto e risparmiare in denaro. &nbsp;<br \/>Allo stesso modo, la cura della nostra persona non \u00e8 da dare per scontata. Siamo sicure di usare la base pi\u00f9 adatta per la nostra epidermide? Di sapere cosa ci dona di pi\u00f9? Crediamo che non sia possibile renderci pi\u00f9 belle in pochi minuti e vi rinunciamo, oppure non sapremmo come ritoccare o modificare il trucco nelle varie fasi della giornata?<br \/>E infine: perch\u00e9 non abbinare la scelta del guardaroba a uno studio di make-up personalizzato? L\u2019armonia dell\u2019insieme \u00e8 un obiettivo non semplicissimo da ottenere da soli, ma \u00e8 uno strumento di grande aiuto nella vita sociale e nel lavoro, e inoltre contribuisce a dare di noi un\u2019immagine disinvolta e sicura.<br \/>E allora ci si pu\u00f2 affidare a professionisti del settore, come i Personal Shopper<a href=\"http:\/\/www.cfpersonalshopping.com\/\"><\/a> e i Consulenti d\u2019Immagine, oppure a un Make-up Artist. Oppure, a tutte e tre le figure insieme!<br \/>Consultare tre professionisti sarebbe dispendioso, certo, e come possiamo essere sicuri che i risultati siano organici? Infatti, le consulenze si svolgerebbero separatamente.<br \/>La soluzione c\u2019\u00e8: consultarli tutti e tre insieme. Come? Partecipando a un seminario di stile e bellezza, in cui una Consulente d\u2019Immagine e una Make-Up Artist ti svelano i trucchi e i segreti per trovare i capi, i tessuti, i colori e le linee che pi\u00f9 ti donano, ma anche a valorizzare il tuo viso attraverso il trucco e la cosmesi, per completare la tua immagine e per farti sentire davvero bene nella tua pelle! Un workshop di gruppo \u00e8 la soluzione ideale per chi vuole imparare a scegliere da sola e rendersi indipendente, per essere sempre pronta a tutti gli imprevisti e agli eventi di una vita quotidiana che diventa sempre pi\u00f9 dinamica e imprevedibile! Inoltre, \u00e8 un modo low cost e informale per fare in una sola giornata quello che richiederebbe molte ore di consulenza, imparando a lavorare su noi stesse in prima persona.<\/p>\n","protected":false},"excerpt":{"rendered":"<p>Come migliorare grazie all&#8217;intervento di professionisti del settore della moda.<\/p>\n","protected":false},"author":10,"featured_media":0,"comment_status":"open","ping_status":"open","sticky":false,"template":"","format":"standard","meta":{"cybocfi_hide_featured_image":"","footnotes":""},"categories":[3429],"tags":[1851,309,13259,4359,975],"class_list":["post-4880","post","type-post","status-publish","format-standard","hentry","category-abbigliamento","tag-bellezza","tag-moda","tag-seminario","tag-stile","tag-workshop"],"yoast_head":"<!-- This site is optimized with the Yoast SEO plugin v27.0 - https:\/\/yoast.com\/product\/yoast-seo-wordpress\/ -->\n<title>Migliorare la nostra immagine si pu\u00f2 - Article Marketing<\/title>\n<meta name=\"robots\" content=\"index, follow, max-snippet:-1, max-image-preview:large, max-video-preview:-1\" \/>\n<link rel=\"canonical\" href=\"https:\/\/www.article-marketing.eu\/comunicati\/societa\/abbigliamento\/migliorare-la-nostra-immagine-si-puo\/\" \/>\n<meta property=\"og:locale\" content=\"it_IT\" \/>\n<meta property=\"og:type\" content=\"article\" \/>\n<meta property=\"og:title\" content=\"Migliorare la nostra immagine si pu\u00f2 - Article Marketing\" \/>\n<meta property=\"og:description\" content=\"Come migliorare grazie all&#039;intervento di professionisti del settore della moda.\" \/>\n<meta property=\"og:url\" content=\"https:\/\/www.article-marketing.eu\/comunicati\/societa\/abbigliamento\/migliorare-la-nostra-immagine-si-puo\/\" \/>\n<meta property=\"og:site_name\" content=\"Article Marketing\" \/>\n<meta property=\"article:published_time\" content=\"2010-04-26T13:29:16+00:00\" \/>\n<meta name=\"author\" content=\"Redazione Comunicati Stampa\" \/>\n<meta name=\"twitter:card\" content=\"summary_large_image\" \/>\n<meta name=\"twitter:label1\" content=\"Scritto da\" \/>\n\t<meta name=\"twitter:data1\" content=\"Redazione Comunicati Stampa\" \/>\n\t<meta name=\"twitter:label2\" content=\"Tempo di lettura stimato\" \/>\n\t<meta name=\"twitter:data2\" content=\"2 minuti\" \/>\n<script type=\"application\/ld+json\" class=\"yoast-schema-graph\">{\"@context\":\"https:\/\/schema.org\",\"@graph\":[{\"@type\":\"Article\",\"@id\":\"https:\/\/www.article-marketing.eu\/comunicati\/societa\/abbigliamento\/migliorare-la-nostra-immagine-si-puo\/#article\",\"isPartOf\":{\"@id\":\"https:\/\/www.article-marketing.eu\/comunicati\/societa\/abbigliamento\/migliorare-la-nostra-immagine-si-puo\/\"},\"author\":{\"name\":\"Redazione Comunicati Stampa\",\"@id\":\"https:\/\/www.article-marketing.eu\/comunicati\/#\/schema\/person\/44372e4d4d0fa797b18e03ed1ace9017\"},\"headline\":\"Migliorare la nostra immagine si pu\u00f2\",\"datePublished\":\"2010-04-26T13:29:16+00:00\",\"mainEntityOfPage\":{\"@id\":\"https:\/\/www.article-marketing.eu\/comunicati\/societa\/abbigliamento\/migliorare-la-nostra-immagine-si-puo\/\"},\"wordCount\":485,\"commentCount\":0,\"keywords\":[\"bellezza\",\"moda\",\"seminario\",\"Stile\",\"workshop\"],\"articleSection\":[\"Abbigliamento e accessori\"],\"inLanguage\":\"it-IT\",\"potentialAction\":[{\"@type\":\"CommentAction\",\"name\":\"Comment\",\"target\":[\"https:\/\/www.article-marketing.eu\/comunicati\/societa\/abbigliamento\/migliorare-la-nostra-immagine-si-puo\/#respond\"]}]},{\"@type\":\"WebPage\",\"@id\":\"https:\/\/www.article-marketing.eu\/comunicati\/societa\/abbigliamento\/migliorare-la-nostra-immagine-si-puo\/\",\"url\":\"https:\/\/www.article-marketing.eu\/comunicati\/societa\/abbigliamento\/migliorare-la-nostra-immagine-si-puo\/\",\"name\":\"Migliorare la nostra immagine si pu\u00f2 - Article Marketing\",\"isPartOf\":{\"@id\":\"https:\/\/www.article-marketing.eu\/comunicati\/#website\"},\"datePublished\":\"2010-04-26T13:29:16+00:00\",\"author\":{\"@id\":\"https:\/\/www.article-marketing.eu\/comunicati\/#\/schema\/person\/44372e4d4d0fa797b18e03ed1ace9017\"},\"breadcrumb\":{\"@id\":\"https:\/\/www.article-marketing.eu\/comunicati\/societa\/abbigliamento\/migliorare-la-nostra-immagine-si-puo\/#breadcrumb\"},\"inLanguage\":\"it-IT\",\"potentialAction\":[{\"@type\":\"ReadAction\",\"target\":[\"https:\/\/www.article-marketing.eu\/comunicati\/societa\/abbigliamento\/migliorare-la-nostra-immagine-si-puo\/\"]}]},{\"@type\":\"BreadcrumbList\",\"@id\":\"https:\/\/www.article-marketing.eu\/comunicati\/societa\/abbigliamento\/migliorare-la-nostra-immagine-si-puo\/#breadcrumb\",\"itemListElement\":[{\"@type\":\"ListItem\",\"position\":1,\"name\":\"Home\",\"item\":\"https:\/\/www.article-marketing.eu\/comunicati\/\"},{\"@type\":\"ListItem\",\"position\":2,\"name\":\"Migliorare la nostra immagine si pu\u00f2\"}]},{\"@type\":\"WebSite\",\"@id\":\"https:\/\/www.article-marketing.eu\/comunicati\/#website\",\"url\":\"https:\/\/www.article-marketing.eu\/comunicati\/\",\"name\":\"Article Marketing\",\"description\":\"article marketing &amp; press release\",\"potentialAction\":[{\"@type\":\"SearchAction\",\"target\":{\"@type\":\"EntryPoint\",\"urlTemplate\":\"https:\/\/www.article-marketing.eu\/comunicati\/?s={search_term_string}\"},\"query-input\":{\"@type\":\"PropertyValueSpecification\",\"valueRequired\":true,\"valueName\":\"search_term_string\"}}],\"inLanguage\":\"it-IT\"},{\"@type\":\"Person\",\"@id\":\"https:\/\/www.article-marketing.eu\/comunicati\/#\/schema\/person\/44372e4d4d0fa797b18e03ed1ace9017\",\"name\":\"Redazione Comunicati Stampa\",\"image\":{\"@type\":\"ImageObject\",\"inLanguage\":\"it-IT\",\"@id\":\"https:\/\/www.article-marketing.eu\/comunicati\/#\/schema\/person\/image\/\",\"url\":\"https:\/\/secure.gravatar.com\/avatar\/50e5c6421d3072f42e7ace803501602c60d75233d34e29fd05feb91c8760b792?s=96&d=mm&r=g\",\"contentUrl\":\"https:\/\/secure.gravatar.com\/avatar\/50e5c6421d3072f42e7ace803501602c60d75233d34e29fd05feb91c8760b792?s=96&d=mm&r=g\",\"caption\":\"Redazione Comunicati Stampa\"},\"url\":\"https:\/\/www.article-marketing.eu\/comunicati\/author\/redazione-comunicati-stampa\/\"}]}<\/script>\n<!-- \/ Yoast SEO plugin. -->","yoast_head_json":{"title":"Migliorare la nostra immagine si pu\u00f2 - Article Marketing","robots":{"index":"index","follow":"follow","max-snippet":"max-snippet:-1","max-image-preview":"max-image-preview:large","max-video-preview":"max-video-preview:-1"},"canonical":"https:\/\/www.article-marketing.eu\/comunicati\/societa\/abbigliamento\/migliorare-la-nostra-immagine-si-puo\/","og_locale":"it_IT","og_type":"article","og_title":"Migliorare la nostra immagine si pu\u00f2 - Article Marketing","og_description":"Come migliorare grazie all'intervento di professionisti del settore della moda.","og_url":"https:\/\/www.article-marketing.eu\/comunicati\/societa\/abbigliamento\/migliorare-la-nostra-immagine-si-puo\/","og_site_name":"Article Marketing","article_published_time":"2010-04-26T13:29:16+00:00","author":"Redazione Comunicati Stampa","twitter_card":"summary_large_image","twitter_misc":{"Scritto da":"Redazione Comunicati Stampa","Tempo di lettura stimato":"2 minuti"},"schema":{"@context":"https:\/\/schema.org","@graph":[{"@type":"Article","@id":"https:\/\/www.article-marketing.eu\/comunicati\/societa\/abbigliamento\/migliorare-la-nostra-immagine-si-puo\/#article","isPartOf":{"@id":"https:\/\/www.article-marketing.eu\/comunicati\/societa\/abbigliamento\/migliorare-la-nostra-immagine-si-puo\/"},"author":{"name":"Redazione Comunicati Stampa","@id":"https:\/\/www.article-marketing.eu\/comunicati\/#\/schema\/person\/44372e4d4d0fa797b18e03ed1ace9017"},"headline":"Migliorare la nostra immagine si pu\u00f2","datePublished":"2010-04-26T13:29:16+00:00","mainEntityOfPage":{"@id":"https:\/\/www.article-marketing.eu\/comunicati\/societa\/abbigliamento\/migliorare-la-nostra-immagine-si-puo\/"},"wordCount":485,"commentCount":0,"keywords":["bellezza","moda","seminario","Stile","workshop"],"articleSection":["Abbigliamento e accessori"],"inLanguage":"it-IT","potentialAction":[{"@type":"CommentAction","name":"Comment","target":["https:\/\/www.article-marketing.eu\/comunicati\/societa\/abbigliamento\/migliorare-la-nostra-immagine-si-puo\/#respond"]}]},{"@type":"WebPage","@id":"https:\/\/www.article-marketing.eu\/comunicati\/societa\/abbigliamento\/migliorare-la-nostra-immagine-si-puo\/","url":"https:\/\/www.article-marketing.eu\/comunicati\/societa\/abbigliamento\/migliorare-la-nostra-immagine-si-puo\/","name":"Migliorare la nostra immagine si pu\u00f2 - Article Marketing","isPartOf":{"@id":"https:\/\/www.article-marketing.eu\/comunicati\/#website"},"datePublished":"2010-04-26T13:29:16+00:00","author":{"@id":"https:\/\/www.article-marketing.eu\/comunicati\/#\/schema\/person\/44372e4d4d0fa797b18e03ed1ace9017"},"breadcrumb":{"@id":"https:\/\/www.article-marketing.eu\/comunicati\/societa\/abbigliamento\/migliorare-la-nostra-immagine-si-puo\/#breadcrumb"},"inLanguage":"it-IT","potentialAction":[{"@type":"ReadAction","target":["https:\/\/www.article-marketing.eu\/comunicati\/societa\/abbigliamento\/migliorare-la-nostra-immagine-si-puo\/"]}]},{"@type":"BreadcrumbList","@id":"https:\/\/www.article-marketing.eu\/comunicati\/societa\/abbigliamento\/migliorare-la-nostra-immagine-si-puo\/#breadcrumb","itemListElement":[{"@type":"ListItem","position":1,"name":"Home","item":"https:\/\/www.article-marketing.eu\/comunicati\/"},{"@type":"ListItem","position":2,"name":"Migliorare la nostra immagine si pu\u00f2"}]},{"@type":"WebSite","@id":"https:\/\/www.article-marketing.eu\/comunicati\/#website","url":"https:\/\/www.article-marketing.eu\/comunicati\/","name":"Article Marketing","description":"article marketing &amp; press release","potentialAction":[{"@type":"SearchAction","target":{"@type":"EntryPoint","urlTemplate":"https:\/\/www.article-marketing.eu\/comunicati\/?s={search_term_string}"},"query-input":{"@type":"PropertyValueSpecification","valueRequired":true,"valueName":"search_term_string"}}],"inLanguage":"it-IT"},{"@type":"Person","@id":"https:\/\/www.article-marketing.eu\/comunicati\/#\/schema\/person\/44372e4d4d0fa797b18e03ed1ace9017","name":"Redazione Comunicati Stampa","image":{"@type":"ImageObject","inLanguage":"it-IT","@id":"https:\/\/www.article-marketing.eu\/comunicati\/#\/schema\/person\/image\/","url":"https:\/\/secure.gravatar.com\/avatar\/50e5c6421d3072f42e7ace803501602c60d75233d34e29fd05feb91c8760b792?s=96&d=mm&r=g","contentUrl":"https:\/\/secure.gravatar.com\/avatar\/50e5c6421d3072f42e7ace803501602c60d75233d34e29fd05feb91c8760b792?s=96&d=mm&r=g","caption":"Redazione Comunicati Stampa"},"url":"https:\/\/www.article-marketing.eu\/comunicati\/author\/redazione-comunicati-stampa\/"}]}},"_links":{"self":[{"href":"https:\/\/www.article-marketing.eu\/comunicati\/wp-json\/wp\/v2\/posts\/4880","targetHints":{"allow":["GET"]}}],"collection":[{"href":"https:\/\/www.article-marketing.eu\/comunicati\/wp-json\/wp\/v2\/posts"}],"about":[{"href":"https:\/\/www.article-marketing.eu\/comunicati\/wp-json\/wp\/v2\/types\/post"}],"author":[{"embeddable":true,"href":"https:\/\/www.article-marketing.eu\/comunicati\/wp-json\/wp\/v2\/users\/10"}],"replies":[{"embeddable":true,"href":"https:\/\/www.article-marketing.eu\/comunicati\/wp-json\/wp\/v2\/comments?post=4880"}],"version-history":[{"count":0,"href":"https:\/\/www.article-marketing.eu\/comunicati\/wp-json\/wp\/v2\/posts\/4880\/revisions"}],"wp:attachment":[{"href":"https:\/\/www.article-marketing.eu\/comunicati\/wp-json\/wp\/v2\/media?parent=4880"}],"wp:term":[{"taxonomy":"category","embeddable":true,"href":"https:\/\/www.article-marketing.eu\/comunicati\/wp-json\/wp\/v2\/categories?post=4880"},{"taxonomy":"post_tag","embeddable":true,"href":"https:\/\/www.article-marketing.eu\/comunicati\/wp-json\/wp\/v2\/tags?post=4880"}],"curies":[{"name":"wp","href":"https:\/\/api.w.org\/{rel}","templated":true}]}}