{"id":49,"date":"2007-10-11T21:38:43","date_gmt":"2007-10-11T19:38:43","guid":{"rendered":"http:\/\/www.article-marketing.eu\/comunicati\/senza-categoria\/fine-della-legge-488-e-il-momento-del-fondo-di-garanzia\/"},"modified":"2007-10-11T21:38:43","modified_gmt":"2007-10-11T19:38:43","slug":"fine-della-legge-488-e-il-momento-del-fondo-di-garanzia","status":"publish","type":"post","link":"https:\/\/www.article-marketing.eu\/comunicati\/economia-e-lavoro\/aziende\/fine-della-legge-488-e-il-momento-del-fondo-di-garanzia\/","title":{"rendered":"Fine della legge 488. E&#8217; il momento del fondo di garanzia"},"content":{"rendered":"<p>La legge 488 va in pensione. Cos\u00ec i sogni degli imprenditori che pensavano di poter realizzare la loro impresa con il fondo perduto. Mutui e leasing ora la fanno da padrone. Il problema si sposta da uno stato che finanzia ad uno stato che garantisce attraverso il fondo di garanzia o fondo per l&#8217;impresa.<br \/>\nIn sostanza, le imprese che hanno difficolt\u00e0 ad accedere al credito avranno la possibilit\u00e0 di utilizzare la 662\/96 per garantire i propri finanziamenti bancari all&#8217;80%.<br \/>\nGaranzie e crediti di imposta. In attesa della carta degli aiuti, in fase di approvazione dall&#8217;UE, lo stato e le regioni pensano a strumenti che fvoriscano l&#8217;indebitamento e agistano con i conti interessi.<br \/>\nPer informazioni sull&#8217;argomento sul mondo delle banche, dei finanziamenti, sulle modalit\u00e0 di accesso al credito attraverso il Fondo di garanzia consigliamo <a href=\"http:\/\/www.fondodigaranzia.it\" target=\"_blank\" title=\"L&#39;accesso al credito per le PMI con il fondo di garanzia\">www.fondodigaranzia.it<\/a><\/p>\n","protected":false},"excerpt":{"rendered":"<p>Fine della legge 488. Bersani ha dichiarato che, probabilmente nel 2008 ci sar\u00e0 l&#8217;ultimo bando del pi\u00f9 popolare strumento di agevolazione.<br \/>\nOra \u00e8 il momento di credito di imposta e del fondo di garanzia.<\/p>\n","protected":false},"author":10,"featured_media":0,"comment_status":"open","ping_status":"open","sticky":false,"template":"","format":"standard","meta":{"cybocfi_hide_featured_image":"","footnotes":""},"categories":[129],"tags":[179,177,181,178,180],"class_list":["post-49","post","type-post","status-publish","format-standard","hentry","category-aziende","tag-consolidamento","tag-fondo-di-garanzia","tag-leasing","tag-legge-488","tag-mutui"],"yoast_head":"<!-- This site is optimized with the Yoast SEO plugin v27.0 - https:\/\/yoast.com\/product\/yoast-seo-wordpress\/ -->\n<title>Fine della legge 488. E&#039; il momento del fondo di garanzia - Article Marketing<\/title>\n<meta name=\"robots\" content=\"index, follow, max-snippet:-1, max-image-preview:large, max-video-preview:-1\" \/>\n<link rel=\"canonical\" href=\"https:\/\/www.article-marketing.eu\/comunicati\/economia-e-lavoro\/aziende\/fine-della-legge-488-e-il-momento-del-fondo-di-garanzia\/\" \/>\n<meta property=\"og:locale\" content=\"it_IT\" \/>\n<meta property=\"og:type\" content=\"article\" \/>\n<meta property=\"og:title\" content=\"Fine della legge 488. E&#039; il momento del fondo di garanzia - Article Marketing\" \/>\n<meta property=\"og:description\" content=\"Fine della legge 488. Bersani ha dichiarato che, probabilmente nel 2008 ci sar\u00e0 l&#039;ultimo bando del pi\u00f9 popolare strumento di agevolazione. Ora \u00e8 il momento di credito di imposta e del fondo di garanzia.\" \/>\n<meta property=\"og:url\" content=\"https:\/\/www.article-marketing.eu\/comunicati\/economia-e-lavoro\/aziende\/fine-della-legge-488-e-il-momento-del-fondo-di-garanzia\/\" \/>\n<meta property=\"og:site_name\" content=\"Article Marketing\" \/>\n<meta property=\"article:published_time\" content=\"2007-10-11T19:38:43+00:00\" \/>\n<meta name=\"author\" content=\"Redazione Comunicati Stampa\" \/>\n<meta name=\"twitter:card\" content=\"summary_large_image\" \/>\n<meta name=\"twitter:label1\" content=\"Scritto da\" \/>\n\t<meta name=\"twitter:data1\" content=\"Redazione Comunicati Stampa\" \/>\n\t<meta name=\"twitter:label2\" content=\"Tempo di lettura stimato\" \/>\n\t<meta name=\"twitter:data2\" content=\"1 minuto\" \/>\n<script type=\"application\/ld+json\" class=\"yoast-schema-graph\">{\"@context\":\"https:\/\/schema.org\",\"@graph\":[{\"@type\":\"Article\",\"@id\":\"https:\/\/www.article-marketing.eu\/comunicati\/economia-e-lavoro\/aziende\/fine-della-legge-488-e-il-momento-del-fondo-di-garanzia\/#article\",\"isPartOf\":{\"@id\":\"https:\/\/www.article-marketing.eu\/comunicati\/economia-e-lavoro\/aziende\/fine-della-legge-488-e-il-momento-del-fondo-di-garanzia\/\"},\"author\":{\"name\":\"Redazione Comunicati Stampa\",\"@id\":\"https:\/\/www.article-marketing.eu\/comunicati\/#\/schema\/person\/44372e4d4d0fa797b18e03ed1ace9017\"},\"headline\":\"Fine della legge 488. E&#8217; il momento del fondo di garanzia\",\"datePublished\":\"2007-10-11T19:38:43+00:00\",\"mainEntityOfPage\":{\"@id\":\"https:\/\/www.article-marketing.eu\/comunicati\/economia-e-lavoro\/aziende\/fine-della-legge-488-e-il-momento-del-fondo-di-garanzia\/\"},\"wordCount\":144,\"commentCount\":0,\"keywords\":[\"consolidamento\",\"fondo di garanzia\",\"leasing\",\"legge 488\",\"mutui\"],\"articleSection\":[\"Aziende\"],\"inLanguage\":\"it-IT\",\"potentialAction\":[{\"@type\":\"CommentAction\",\"name\":\"Comment\",\"target\":[\"https:\/\/www.article-marketing.eu\/comunicati\/economia-e-lavoro\/aziende\/fine-della-legge-488-e-il-momento-del-fondo-di-garanzia\/#respond\"]}]},{\"@type\":\"WebPage\",\"@id\":\"https:\/\/www.article-marketing.eu\/comunicati\/economia-e-lavoro\/aziende\/fine-della-legge-488-e-il-momento-del-fondo-di-garanzia\/\",\"url\":\"https:\/\/www.article-marketing.eu\/comunicati\/economia-e-lavoro\/aziende\/fine-della-legge-488-e-il-momento-del-fondo-di-garanzia\/\",\"name\":\"Fine della legge 488. E' il momento del fondo di garanzia - Article Marketing\",\"isPartOf\":{\"@id\":\"https:\/\/www.article-marketing.eu\/comunicati\/#website\"},\"datePublished\":\"2007-10-11T19:38:43+00:00\",\"author\":{\"@id\":\"https:\/\/www.article-marketing.eu\/comunicati\/#\/schema\/person\/44372e4d4d0fa797b18e03ed1ace9017\"},\"breadcrumb\":{\"@id\":\"https:\/\/www.article-marketing.eu\/comunicati\/economia-e-lavoro\/aziende\/fine-della-legge-488-e-il-momento-del-fondo-di-garanzia\/#breadcrumb\"},\"inLanguage\":\"it-IT\",\"potentialAction\":[{\"@type\":\"ReadAction\",\"target\":[\"https:\/\/www.article-marketing.eu\/comunicati\/economia-e-lavoro\/aziende\/fine-della-legge-488-e-il-momento-del-fondo-di-garanzia\/\"]}]},{\"@type\":\"BreadcrumbList\",\"@id\":\"https:\/\/www.article-marketing.eu\/comunicati\/economia-e-lavoro\/aziende\/fine-della-legge-488-e-il-momento-del-fondo-di-garanzia\/#breadcrumb\",\"itemListElement\":[{\"@type\":\"ListItem\",\"position\":1,\"name\":\"Home\",\"item\":\"https:\/\/www.article-marketing.eu\/comunicati\/\"},{\"@type\":\"ListItem\",\"position\":2,\"name\":\"Fine della legge 488. E&#8217; il momento del fondo di garanzia\"}]},{\"@type\":\"WebSite\",\"@id\":\"https:\/\/www.article-marketing.eu\/comunicati\/#website\",\"url\":\"https:\/\/www.article-marketing.eu\/comunicati\/\",\"name\":\"Article Marketing\",\"description\":\"article marketing &amp; press release\",\"potentialAction\":[{\"@type\":\"SearchAction\",\"target\":{\"@type\":\"EntryPoint\",\"urlTemplate\":\"https:\/\/www.article-marketing.eu\/comunicati\/?s={search_term_string}\"},\"query-input\":{\"@type\":\"PropertyValueSpecification\",\"valueRequired\":true,\"valueName\":\"search_term_string\"}}],\"inLanguage\":\"it-IT\"},{\"@type\":\"Person\",\"@id\":\"https:\/\/www.article-marketing.eu\/comunicati\/#\/schema\/person\/44372e4d4d0fa797b18e03ed1ace9017\",\"name\":\"Redazione Comunicati Stampa\",\"image\":{\"@type\":\"ImageObject\",\"inLanguage\":\"it-IT\",\"@id\":\"https:\/\/www.article-marketing.eu\/comunicati\/#\/schema\/person\/image\/\",\"url\":\"https:\/\/secure.gravatar.com\/avatar\/50e5c6421d3072f42e7ace803501602c60d75233d34e29fd05feb91c8760b792?s=96&d=mm&r=g\",\"contentUrl\":\"https:\/\/secure.gravatar.com\/avatar\/50e5c6421d3072f42e7ace803501602c60d75233d34e29fd05feb91c8760b792?s=96&d=mm&r=g\",\"caption\":\"Redazione Comunicati Stampa\"},\"url\":\"https:\/\/www.article-marketing.eu\/comunicati\/author\/redazione-comunicati-stampa\/\"}]}<\/script>\n<!-- \/ Yoast SEO plugin. -->","yoast_head_json":{"title":"Fine della legge 488. E' il momento del fondo di garanzia - Article Marketing","robots":{"index":"index","follow":"follow","max-snippet":"max-snippet:-1","max-image-preview":"max-image-preview:large","max-video-preview":"max-video-preview:-1"},"canonical":"https:\/\/www.article-marketing.eu\/comunicati\/economia-e-lavoro\/aziende\/fine-della-legge-488-e-il-momento-del-fondo-di-garanzia\/","og_locale":"it_IT","og_type":"article","og_title":"Fine della legge 488. E' il momento del fondo di garanzia - Article Marketing","og_description":"Fine della legge 488. Bersani ha dichiarato che, probabilmente nel 2008 ci sar\u00e0 l'ultimo bando del pi\u00f9 popolare strumento di agevolazione. Ora \u00e8 il momento di credito di imposta e del fondo di garanzia.","og_url":"https:\/\/www.article-marketing.eu\/comunicati\/economia-e-lavoro\/aziende\/fine-della-legge-488-e-il-momento-del-fondo-di-garanzia\/","og_site_name":"Article Marketing","article_published_time":"2007-10-11T19:38:43+00:00","author":"Redazione Comunicati Stampa","twitter_card":"summary_large_image","twitter_misc":{"Scritto da":"Redazione Comunicati Stampa","Tempo di lettura stimato":"1 minuto"},"schema":{"@context":"https:\/\/schema.org","@graph":[{"@type":"Article","@id":"https:\/\/www.article-marketing.eu\/comunicati\/economia-e-lavoro\/aziende\/fine-della-legge-488-e-il-momento-del-fondo-di-garanzia\/#article","isPartOf":{"@id":"https:\/\/www.article-marketing.eu\/comunicati\/economia-e-lavoro\/aziende\/fine-della-legge-488-e-il-momento-del-fondo-di-garanzia\/"},"author":{"name":"Redazione Comunicati Stampa","@id":"https:\/\/www.article-marketing.eu\/comunicati\/#\/schema\/person\/44372e4d4d0fa797b18e03ed1ace9017"},"headline":"Fine della legge 488. E&#8217; il momento del fondo di garanzia","datePublished":"2007-10-11T19:38:43+00:00","mainEntityOfPage":{"@id":"https:\/\/www.article-marketing.eu\/comunicati\/economia-e-lavoro\/aziende\/fine-della-legge-488-e-il-momento-del-fondo-di-garanzia\/"},"wordCount":144,"commentCount":0,"keywords":["consolidamento","fondo di garanzia","leasing","legge 488","mutui"],"articleSection":["Aziende"],"inLanguage":"it-IT","potentialAction":[{"@type":"CommentAction","name":"Comment","target":["https:\/\/www.article-marketing.eu\/comunicati\/economia-e-lavoro\/aziende\/fine-della-legge-488-e-il-momento-del-fondo-di-garanzia\/#respond"]}]},{"@type":"WebPage","@id":"https:\/\/www.article-marketing.eu\/comunicati\/economia-e-lavoro\/aziende\/fine-della-legge-488-e-il-momento-del-fondo-di-garanzia\/","url":"https:\/\/www.article-marketing.eu\/comunicati\/economia-e-lavoro\/aziende\/fine-della-legge-488-e-il-momento-del-fondo-di-garanzia\/","name":"Fine della legge 488. E' il momento del fondo di garanzia - Article Marketing","isPartOf":{"@id":"https:\/\/www.article-marketing.eu\/comunicati\/#website"},"datePublished":"2007-10-11T19:38:43+00:00","author":{"@id":"https:\/\/www.article-marketing.eu\/comunicati\/#\/schema\/person\/44372e4d4d0fa797b18e03ed1ace9017"},"breadcrumb":{"@id":"https:\/\/www.article-marketing.eu\/comunicati\/economia-e-lavoro\/aziende\/fine-della-legge-488-e-il-momento-del-fondo-di-garanzia\/#breadcrumb"},"inLanguage":"it-IT","potentialAction":[{"@type":"ReadAction","target":["https:\/\/www.article-marketing.eu\/comunicati\/economia-e-lavoro\/aziende\/fine-della-legge-488-e-il-momento-del-fondo-di-garanzia\/"]}]},{"@type":"BreadcrumbList","@id":"https:\/\/www.article-marketing.eu\/comunicati\/economia-e-lavoro\/aziende\/fine-della-legge-488-e-il-momento-del-fondo-di-garanzia\/#breadcrumb","itemListElement":[{"@type":"ListItem","position":1,"name":"Home","item":"https:\/\/www.article-marketing.eu\/comunicati\/"},{"@type":"ListItem","position":2,"name":"Fine della legge 488. E&#8217; il momento del fondo di garanzia"}]},{"@type":"WebSite","@id":"https:\/\/www.article-marketing.eu\/comunicati\/#website","url":"https:\/\/www.article-marketing.eu\/comunicati\/","name":"Article Marketing","description":"article marketing &amp; press release","potentialAction":[{"@type":"SearchAction","target":{"@type":"EntryPoint","urlTemplate":"https:\/\/www.article-marketing.eu\/comunicati\/?s={search_term_string}"},"query-input":{"@type":"PropertyValueSpecification","valueRequired":true,"valueName":"search_term_string"}}],"inLanguage":"it-IT"},{"@type":"Person","@id":"https:\/\/www.article-marketing.eu\/comunicati\/#\/schema\/person\/44372e4d4d0fa797b18e03ed1ace9017","name":"Redazione Comunicati Stampa","image":{"@type":"ImageObject","inLanguage":"it-IT","@id":"https:\/\/www.article-marketing.eu\/comunicati\/#\/schema\/person\/image\/","url":"https:\/\/secure.gravatar.com\/avatar\/50e5c6421d3072f42e7ace803501602c60d75233d34e29fd05feb91c8760b792?s=96&d=mm&r=g","contentUrl":"https:\/\/secure.gravatar.com\/avatar\/50e5c6421d3072f42e7ace803501602c60d75233d34e29fd05feb91c8760b792?s=96&d=mm&r=g","caption":"Redazione Comunicati Stampa"},"url":"https:\/\/www.article-marketing.eu\/comunicati\/author\/redazione-comunicati-stampa\/"}]}},"_links":{"self":[{"href":"https:\/\/www.article-marketing.eu\/comunicati\/wp-json\/wp\/v2\/posts\/49","targetHints":{"allow":["GET"]}}],"collection":[{"href":"https:\/\/www.article-marketing.eu\/comunicati\/wp-json\/wp\/v2\/posts"}],"about":[{"href":"https:\/\/www.article-marketing.eu\/comunicati\/wp-json\/wp\/v2\/types\/post"}],"author":[{"embeddable":true,"href":"https:\/\/www.article-marketing.eu\/comunicati\/wp-json\/wp\/v2\/users\/10"}],"replies":[{"embeddable":true,"href":"https:\/\/www.article-marketing.eu\/comunicati\/wp-json\/wp\/v2\/comments?post=49"}],"version-history":[{"count":0,"href":"https:\/\/www.article-marketing.eu\/comunicati\/wp-json\/wp\/v2\/posts\/49\/revisions"}],"wp:attachment":[{"href":"https:\/\/www.article-marketing.eu\/comunicati\/wp-json\/wp\/v2\/media?parent=49"}],"wp:term":[{"taxonomy":"category","embeddable":true,"href":"https:\/\/www.article-marketing.eu\/comunicati\/wp-json\/wp\/v2\/categories?post=49"},{"taxonomy":"post_tag","embeddable":true,"href":"https:\/\/www.article-marketing.eu\/comunicati\/wp-json\/wp\/v2\/tags?post=49"}],"curies":[{"name":"wp","href":"https:\/\/api.w.org\/{rel}","templated":true}]}}