{"id":49086,"date":"2015-09-17T17:50:02","date_gmt":"2015-09-17T15:50:02","guid":{"rendered":"http:\/\/www.article-marketing.eu\/comunicati\/senza-categoria\/twt-ed-avm-insieme-per-accelerare-la%80%99evoluzione-dei-servizi-fibra-e-voce\/"},"modified":"2020-08-10T01:02:43","modified_gmt":"2020-08-09T23:02:43","slug":"twt-ed-avm-insieme-per-accelerare-la%80%99evoluzione-dei-servizi-fibra-e-voce","status":"publish","type":"post","link":"https:\/\/www.article-marketing.eu\/comunicati\/comunicati-stampa\/servizi\/twt-ed-avm-insieme-per-accelerare-la%80%99evoluzione-dei-servizi-fibra-e-voce\/","title":{"rendered":"TWT ed AVM: insieme per accelerare l\u2019evoluzione dei servizi Fibra e Voce"},"content":{"rendered":"<p>Tra le funzionalit&agrave; chiave dei router FRITZ!Box:<br \/>&#8211; il sistema operativo in grado di ottimizzare la trasmissione dei dati<br \/>&#8211; la robustezza e l&#8217;ampia copertura del Wi-Fi<br \/>&#8211; le funzioni di networking avanzato<br \/>\nGrazie a queste caratteristiche, TWT ha elevato ancora di pi&ugrave; gli standard qualitativi dei suoi servizi, potenziandone le performance tecniche, anello cruciale dei processi ICT.<br \/>\nGiovanni Cristi, Key Account Manager per il mercato Operatori di AVM in Italia, commenta: &ldquo;Siamo molto soddisfatti che anche per un leader come TWT, FRITZ!Box possa rappresentare un&#8217;opportunit&agrave; per aumentare la qualit&agrave; totale dei propri servizi. Il rapporto diretto tra AVM e TWT ha portato ad un livello di collaborazione altissimo su tutti i fronti, di cui beneficiano Clienti e Reseller, che possono contare su soluzioni collaudate e stabili.&rdquo;<br \/>\nBrian Turnbow, Network Manager di TWT SpA, aggiunge: &ldquo;TWT &egrave; sempre pi&ugrave; vicina alle esigenze quotidiane delle Aziende di ogni dimensione, con soluzioni personalizzate ad alto valore aggiunto, scalabili ed efficienti. Affrontare le sfide del settore lavorando al fianco di partner qualificati come AVM ci ha permesso di ottenere risultati di eccellenza. A fronte degli ottimi riscontri ottenuti sul mercato nazionale, continueremo a sviluppare nuovi progetti, ricchi di interessanti opportunit&agrave; per i nostri Clienti e Reseller&rdquo;.<br \/>\nTWT S.p.A., dal 1995 leader nel settore delle TLC, oggi &egrave; tra le prime 10 aziende di Telecomunicazioni in Italia, offrendo ai propri Clienti e Partner una gamma completa di soluzioni ICT integrate e innovative, personalizzate in base alle esigenze del singolo Cliente.<br \/>L&rsquo;azienda si propone come interlocutore unico in grado di offrire servizi all&rsquo;avanguardia di Unified Communication&amp;Collaboration, Cloud Computing, telefonia fissa, connettivit&agrave; dati ad alta velocit&agrave;, Fibra FTTx e dedicata, reti VPN, gestione della sicurezza delle reti informatiche, hosting e housing, PEC e molto altro ancora. <br \/>TWT &egrave; strutturata in tre divisioni operative, Aziende &#8211; Reseller &ndash; Carrier che interagiscono fra loro, ognuna delle quali &egrave; specializzata nel proprio settore di mercato. www.twt.it<br \/>\nAVM produce dispositivi per la connettivit&agrave; a banda larga e infrastrutture per una rete domestica intelligente. Con i suoi prodotti FRITZ! per linee DSL, cablate, LTE, oltre che dispositivi per la Smart Home, per le tecnologie wireless, DECT e Powerline, AVM &egrave; uno dei produttori leader di device per la banda larga e per le applicazioni domotiche in Germania e in Europa. Il FRITZ!Box &egrave; il pi&ugrave; noto marchio di router wireless in Germania. Nel 2014 lo specialista delle comunicazioni contava 500 impiegati e ha generato un fatturato di &euro; 340 milioni.<br \/>Fondata a Berlino nel 1986, sin dall&rsquo;inizio l&rsquo;azienda si &egrave; focalizzata sullo sviluppo in house di prodotti sicuri e innovativi per la connettivit&agrave; a banda larga. FRITZ! oggi &egrave; sinonimo di Internet veloce, casa in rete, eccezionale infrastruttura per la telefonia. Milioni di utenti soddisfatti e centinaia di riconoscimenti per i prodotti testimoniano il costante impegno di AVM nello sviluppo di prodotti FRITZ! di alta qualit&agrave; e in un&rsquo;assistenza impeccabile al cliente.<br \/>\nPer ulteriori informazioni:<br \/>\nTWT<br \/>Carola Adami &ndash; Marketing&amp;Communication<br \/>?02-89089.410 (diretto)<br \/>stampa@twt.it<br \/>\nAVM<br \/>Janis Engel &#8211; Responsabile Media Relations mercati internazionali<br \/>j.engel@avm.de<br \/>\nSAB Communications snc &ndash; Agenzia Stampa<br \/>Silvia Amelia Bianchi<br \/>+39 031 228.69.35 (diretto)<br \/>press@sab-mcs.com<\/p>\n","protected":false},"excerpt":{"rendered":"<p>TWT sceglie la qualit\u00e0 dei router FRITZ!Box per soluzioni TLC al top delle prestazioni<\/p>\n<p>TWT, da oltre 20 anni leader nel settore delle TLC, e AVM, produttore di FRITZ!Box, router pluripremiati a livello europeo, hanno stretto una collaborazione per offrire servizi Fibra e Voce esclusivi per l\u2019affidabilit\u00e0, flessibilit\u00e0 e dalle elevate performance.<br \/>Ad ispirare questa partnership \u00e8 stata una vision condivisa: lo sviluppo di soluzioni di altissimo profilo, con grande attenzione all\u2019innovazione e alla qualit\u00e0.<br \/>AVM si \u00e8 garantita il ruolo di pioniere della connettivit\u00e0 in Europa con prodotti solidi e funzionali. Questo posizionamento ha favorito la scelta di TWT di commercializzare il top di gamma dei router AVM per offrire ad una clientela Business sempre pi\u00f9 esigente un pacchetto completo di servizi e hardware.<\/p>\n","protected":false},"author":10,"featured_media":0,"comment_status":"open","ping_status":"open","sticky":false,"template":"","format":"standard","meta":{"cybocfi_hide_featured_image":"","footnotes":""},"categories":[321],"tags":[],"class_list":["post-49086","post","type-post","status-publish","format-standard","hentry","category-servizi"],"yoast_head":"<!-- This site is optimized with the Yoast SEO plugin v27.0 - https:\/\/yoast.com\/product\/yoast-seo-wordpress\/ -->\n<title>TWT ed AVM: insieme per accelerare l\u2019evoluzione dei servizi Fibra e Voce - Article Marketing<\/title>\n<meta name=\"robots\" content=\"index, follow, max-snippet:-1, max-image-preview:large, max-video-preview:-1\" \/>\n<link rel=\"canonical\" href=\"https:\/\/www.article-marketing.eu\/comunicati\/comunicati-stampa\/servizi\/twt-ed-avm-insieme-per-accelerare-la??evoluzione-dei-servizi-fibra-e-voce\/\" \/>\n<meta property=\"og:locale\" content=\"it_IT\" \/>\n<meta property=\"og:type\" content=\"article\" \/>\n<meta property=\"og:title\" content=\"TWT ed AVM: insieme per accelerare l\u2019evoluzione dei servizi Fibra e Voce - Article Marketing\" \/>\n<meta property=\"og:description\" content=\"TWT sceglie la qualit\u00e0 dei router FRITZ!Box per soluzioni TLC al top delle prestazioniTWT, da oltre 20 anni leader nel settore delle TLC, e AVM, produttore di FRITZ!Box, router pluripremiati a livello europeo, hanno stretto una collaborazione per offrire servizi Fibra e Voce esclusivi per l\u2019affidabilit\u00e0, flessibilit\u00e0 e dalle elevate performance.Ad ispirare questa partnership \u00e8 stata una vision condivisa: lo sviluppo di soluzioni di altissimo profilo, con grande attenzione all\u2019innovazione e alla qualit\u00e0.AVM si \u00e8 garantita il ruolo di pioniere della connettivit\u00e0 in Europa con prodotti solidi e funzionali. Questo posizionamento ha favorito la scelta di TWT di commercializzare il top di gamma dei router AVM per offrire ad una clientela Business sempre pi\u00f9 esigente un pacchetto completo di servizi e hardware.\" \/>\n<meta property=\"og:url\" content=\"\" \/>\n<meta property=\"og:site_name\" content=\"Article Marketing\" \/>\n<meta property=\"article:published_time\" content=\"2015-09-17T15:50:02+00:00\" \/>\n<meta property=\"article:modified_time\" content=\"2020-08-09T23:02:43+00:00\" \/>\n<meta name=\"author\" content=\"Redazione Comunicati Stampa\" \/>\n<meta name=\"twitter:card\" content=\"summary_large_image\" \/>\n<meta name=\"twitter:label1\" content=\"Scritto da\" \/>\n\t<meta name=\"twitter:data1\" content=\"Redazione Comunicati Stampa\" \/>\n\t<meta name=\"twitter:label2\" content=\"Tempo di lettura stimato\" \/>\n\t<meta name=\"twitter:data2\" content=\"3 minuti\" \/>\n<script type=\"application\/ld+json\" class=\"yoast-schema-graph\">{\"@context\":\"https:\/\/schema.org\",\"@graph\":[{\"@type\":\"Article\",\"@id\":\"https:\/\/www.article-marketing.eu\/comunicati\/comunicati-stampa\/servizi\/twt-ed-avm-insieme-per-accelerare-la%80%99evoluzione-dei-servizi-fibra-e-voce\/#article\",\"isPartOf\":{\"@id\":\"https:\/\/www.article-marketing.eu\/comunicati\/comunicati-stampa\/servizi\/twt-ed-avm-insieme-per-accelerare-la%80%99evoluzione-dei-servizi-fibra-e-voce\/\"},\"author\":{\"name\":\"Redazione Comunicati Stampa\",\"@id\":\"https:\/\/www.article-marketing.eu\/comunicati\/#\/schema\/person\/44372e4d4d0fa797b18e03ed1ace9017\"},\"headline\":\"TWT ed AVM: insieme per accelerare l\u2019evoluzione dei servizi Fibra e Voce\",\"datePublished\":\"2015-09-17T15:50:02+00:00\",\"dateModified\":\"2020-08-09T23:02:43+00:00\",\"mainEntityOfPage\":{\"@id\":\"https:\/\/www.article-marketing.eu\/comunicati\/comunicati-stampa\/servizi\/twt-ed-avm-insieme-per-accelerare-la%80%99evoluzione-dei-servizi-fibra-e-voce\/\"},\"wordCount\":558,\"commentCount\":0,\"articleSection\":[\"Servizi\"],\"inLanguage\":\"it-IT\",\"potentialAction\":[{\"@type\":\"CommentAction\",\"name\":\"Comment\",\"target\":[\"https:\/\/www.article-marketing.eu\/comunicati\/comunicati-stampa\/servizi\/twt-ed-avm-insieme-per-accelerare-la%80%99evoluzione-dei-servizi-fibra-e-voce\/#respond\"]}]},{\"@type\":\"WebPage\",\"@id\":\"https:\/\/www.article-marketing.eu\/comunicati\/comunicati-stampa\/servizi\/twt-ed-avm-insieme-per-accelerare-la%80%99evoluzione-dei-servizi-fibra-e-voce\/\",\"url\":\"https:\/\/www.article-marketing.eu\/comunicati\/comunicati-stampa\/servizi\/twt-ed-avm-insieme-per-accelerare-la%80%99evoluzione-dei-servizi-fibra-e-voce\/\",\"name\":\"TWT ed AVM: insieme per accelerare l\u2019evoluzione dei servizi Fibra e Voce - Article Marketing\",\"isPartOf\":{\"@id\":\"https:\/\/www.article-marketing.eu\/comunicati\/#website\"},\"datePublished\":\"2015-09-17T15:50:02+00:00\",\"dateModified\":\"2020-08-09T23:02:43+00:00\",\"author\":{\"@id\":\"https:\/\/www.article-marketing.eu\/comunicati\/#\/schema\/person\/44372e4d4d0fa797b18e03ed1ace9017\"},\"breadcrumb\":{\"@id\":\"https:\/\/www.article-marketing.eu\/comunicati\/comunicati-stampa\/servizi\/twt-ed-avm-insieme-per-accelerare-la%80%99evoluzione-dei-servizi-fibra-e-voce\/#breadcrumb\"},\"inLanguage\":\"it-IT\",\"potentialAction\":[{\"@type\":\"ReadAction\",\"target\":[\"https:\/\/www.article-marketing.eu\/comunicati\/comunicati-stampa\/servizi\/twt-ed-avm-insieme-per-accelerare-la%80%99evoluzione-dei-servizi-fibra-e-voce\/\"]}]},{\"@type\":\"BreadcrumbList\",\"@id\":\"https:\/\/www.article-marketing.eu\/comunicati\/comunicati-stampa\/servizi\/twt-ed-avm-insieme-per-accelerare-la%80%99evoluzione-dei-servizi-fibra-e-voce\/#breadcrumb\",\"itemListElement\":[{\"@type\":\"ListItem\",\"position\":1,\"name\":\"Home\",\"item\":\"https:\/\/www.article-marketing.eu\/comunicati\/\"},{\"@type\":\"ListItem\",\"position\":2,\"name\":\"TWT ed AVM: insieme per accelerare l\u2019evoluzione dei servizi Fibra e Voce\"}]},{\"@type\":\"WebSite\",\"@id\":\"https:\/\/www.article-marketing.eu\/comunicati\/#website\",\"url\":\"https:\/\/www.article-marketing.eu\/comunicati\/\",\"name\":\"Article Marketing\",\"description\":\"article marketing &amp; press release\",\"potentialAction\":[{\"@type\":\"SearchAction\",\"target\":{\"@type\":\"EntryPoint\",\"urlTemplate\":\"https:\/\/www.article-marketing.eu\/comunicati\/?s={search_term_string}\"},\"query-input\":{\"@type\":\"PropertyValueSpecification\",\"valueRequired\":true,\"valueName\":\"search_term_string\"}}],\"inLanguage\":\"it-IT\"},{\"@type\":\"Person\",\"@id\":\"https:\/\/www.article-marketing.eu\/comunicati\/#\/schema\/person\/44372e4d4d0fa797b18e03ed1ace9017\",\"name\":\"Redazione Comunicati Stampa\",\"image\":{\"@type\":\"ImageObject\",\"inLanguage\":\"it-IT\",\"@id\":\"https:\/\/www.article-marketing.eu\/comunicati\/#\/schema\/person\/image\/\",\"url\":\"https:\/\/secure.gravatar.com\/avatar\/50e5c6421d3072f42e7ace803501602c60d75233d34e29fd05feb91c8760b792?s=96&d=mm&r=g\",\"contentUrl\":\"https:\/\/secure.gravatar.com\/avatar\/50e5c6421d3072f42e7ace803501602c60d75233d34e29fd05feb91c8760b792?s=96&d=mm&r=g\",\"caption\":\"Redazione Comunicati Stampa\"},\"url\":\"https:\/\/www.article-marketing.eu\/comunicati\/author\/redazione-comunicati-stampa\/\"}]}<\/script>\n<!-- \/ Yoast SEO plugin. -->","yoast_head_json":{"title":"TWT ed AVM: insieme per accelerare l\u2019evoluzione dei servizi Fibra e Voce - Article Marketing","robots":{"index":"index","follow":"follow","max-snippet":"max-snippet:-1","max-image-preview":"max-image-preview:large","max-video-preview":"max-video-preview:-1"},"canonical":"https:\/\/www.article-marketing.eu\/comunicati\/comunicati-stampa\/servizi\/twt-ed-avm-insieme-per-accelerare-la??evoluzione-dei-servizi-fibra-e-voce\/","og_locale":"it_IT","og_type":"article","og_title":"TWT ed AVM: insieme per accelerare l\u2019evoluzione dei servizi Fibra e Voce - Article Marketing","og_description":"TWT sceglie la qualit\u00e0 dei router FRITZ!Box per soluzioni TLC al top delle prestazioniTWT, da oltre 20 anni leader nel settore delle TLC, e AVM, produttore di FRITZ!Box, router pluripremiati a livello europeo, hanno stretto una collaborazione per offrire servizi Fibra e Voce esclusivi per l\u2019affidabilit\u00e0, flessibilit\u00e0 e dalle elevate performance.Ad ispirare questa partnership \u00e8 stata una vision condivisa: lo sviluppo di soluzioni di altissimo profilo, con grande attenzione all\u2019innovazione e alla qualit\u00e0.AVM si \u00e8 garantita il ruolo di pioniere della connettivit\u00e0 in Europa con prodotti solidi e funzionali. Questo posizionamento ha favorito la scelta di TWT di commercializzare il top di gamma dei router AVM per offrire ad una clientela Business sempre pi\u00f9 esigente un pacchetto completo di servizi e hardware.","og_url":"https:\/\/www.article-marketing.eu\/comunicati\/comunicati-stampa\/servizi\/twt-ed-avm-insieme-per-accelerare-la??evoluzione-dei-servizi-fibra-e-voce\/","og_site_name":"Article Marketing","article_published_time":"2015-09-17T15:50:02+00:00","article_modified_time":"2020-08-09T23:02:43+00:00","author":"Redazione Comunicati Stampa","twitter_card":"summary_large_image","twitter_misc":{"Scritto da":"Redazione Comunicati Stampa","Tempo di lettura stimato":"3 minuti"},"schema":{"@context":"https:\/\/schema.org","@graph":[{"@type":"Article","@id":"https:\/\/www.article-marketing.eu\/comunicati\/comunicati-stampa\/servizi\/twt-ed-avm-insieme-per-accelerare-la%80%99evoluzione-dei-servizi-fibra-e-voce\/#article","isPartOf":{"@id":"https:\/\/www.article-marketing.eu\/comunicati\/comunicati-stampa\/servizi\/twt-ed-avm-insieme-per-accelerare-la%80%99evoluzione-dei-servizi-fibra-e-voce\/"},"author":{"name":"Redazione Comunicati Stampa","@id":"https:\/\/www.article-marketing.eu\/comunicati\/#\/schema\/person\/44372e4d4d0fa797b18e03ed1ace9017"},"headline":"TWT ed AVM: insieme per accelerare l\u2019evoluzione dei servizi Fibra e Voce","datePublished":"2015-09-17T15:50:02+00:00","dateModified":"2020-08-09T23:02:43+00:00","mainEntityOfPage":{"@id":"https:\/\/www.article-marketing.eu\/comunicati\/comunicati-stampa\/servizi\/twt-ed-avm-insieme-per-accelerare-la%80%99evoluzione-dei-servizi-fibra-e-voce\/"},"wordCount":558,"commentCount":0,"articleSection":["Servizi"],"inLanguage":"it-IT","potentialAction":[{"@type":"CommentAction","name":"Comment","target":["https:\/\/www.article-marketing.eu\/comunicati\/comunicati-stampa\/servizi\/twt-ed-avm-insieme-per-accelerare-la%80%99evoluzione-dei-servizi-fibra-e-voce\/#respond"]}]},{"@type":"WebPage","@id":"https:\/\/www.article-marketing.eu\/comunicati\/comunicati-stampa\/servizi\/twt-ed-avm-insieme-per-accelerare-la%80%99evoluzione-dei-servizi-fibra-e-voce\/","url":"https:\/\/www.article-marketing.eu\/comunicati\/comunicati-stampa\/servizi\/twt-ed-avm-insieme-per-accelerare-la%80%99evoluzione-dei-servizi-fibra-e-voce\/","name":"TWT ed AVM: insieme per accelerare l\u2019evoluzione dei servizi Fibra e Voce - Article Marketing","isPartOf":{"@id":"https:\/\/www.article-marketing.eu\/comunicati\/#website"},"datePublished":"2015-09-17T15:50:02+00:00","dateModified":"2020-08-09T23:02:43+00:00","author":{"@id":"https:\/\/www.article-marketing.eu\/comunicati\/#\/schema\/person\/44372e4d4d0fa797b18e03ed1ace9017"},"breadcrumb":{"@id":"https:\/\/www.article-marketing.eu\/comunicati\/comunicati-stampa\/servizi\/twt-ed-avm-insieme-per-accelerare-la%80%99evoluzione-dei-servizi-fibra-e-voce\/#breadcrumb"},"inLanguage":"it-IT","potentialAction":[{"@type":"ReadAction","target":["https:\/\/www.article-marketing.eu\/comunicati\/comunicati-stampa\/servizi\/twt-ed-avm-insieme-per-accelerare-la%80%99evoluzione-dei-servizi-fibra-e-voce\/"]}]},{"@type":"BreadcrumbList","@id":"https:\/\/www.article-marketing.eu\/comunicati\/comunicati-stampa\/servizi\/twt-ed-avm-insieme-per-accelerare-la%80%99evoluzione-dei-servizi-fibra-e-voce\/#breadcrumb","itemListElement":[{"@type":"ListItem","position":1,"name":"Home","item":"https:\/\/www.article-marketing.eu\/comunicati\/"},{"@type":"ListItem","position":2,"name":"TWT ed AVM: insieme per accelerare l\u2019evoluzione dei servizi Fibra e Voce"}]},{"@type":"WebSite","@id":"https:\/\/www.article-marketing.eu\/comunicati\/#website","url":"https:\/\/www.article-marketing.eu\/comunicati\/","name":"Article Marketing","description":"article marketing &amp; press release","potentialAction":[{"@type":"SearchAction","target":{"@type":"EntryPoint","urlTemplate":"https:\/\/www.article-marketing.eu\/comunicati\/?s={search_term_string}"},"query-input":{"@type":"PropertyValueSpecification","valueRequired":true,"valueName":"search_term_string"}}],"inLanguage":"it-IT"},{"@type":"Person","@id":"https:\/\/www.article-marketing.eu\/comunicati\/#\/schema\/person\/44372e4d4d0fa797b18e03ed1ace9017","name":"Redazione Comunicati Stampa","image":{"@type":"ImageObject","inLanguage":"it-IT","@id":"https:\/\/www.article-marketing.eu\/comunicati\/#\/schema\/person\/image\/","url":"https:\/\/secure.gravatar.com\/avatar\/50e5c6421d3072f42e7ace803501602c60d75233d34e29fd05feb91c8760b792?s=96&d=mm&r=g","contentUrl":"https:\/\/secure.gravatar.com\/avatar\/50e5c6421d3072f42e7ace803501602c60d75233d34e29fd05feb91c8760b792?s=96&d=mm&r=g","caption":"Redazione Comunicati Stampa"},"url":"https:\/\/www.article-marketing.eu\/comunicati\/author\/redazione-comunicati-stampa\/"}]}},"_links":{"self":[{"href":"https:\/\/www.article-marketing.eu\/comunicati\/wp-json\/wp\/v2\/posts\/49086","targetHints":{"allow":["GET"]}}],"collection":[{"href":"https:\/\/www.article-marketing.eu\/comunicati\/wp-json\/wp\/v2\/posts"}],"about":[{"href":"https:\/\/www.article-marketing.eu\/comunicati\/wp-json\/wp\/v2\/types\/post"}],"author":[{"embeddable":true,"href":"https:\/\/www.article-marketing.eu\/comunicati\/wp-json\/wp\/v2\/users\/10"}],"replies":[{"embeddable":true,"href":"https:\/\/www.article-marketing.eu\/comunicati\/wp-json\/wp\/v2\/comments?post=49086"}],"version-history":[{"count":1,"href":"https:\/\/www.article-marketing.eu\/comunicati\/wp-json\/wp\/v2\/posts\/49086\/revisions"}],"predecessor-version":[{"id":66794,"href":"https:\/\/www.article-marketing.eu\/comunicati\/wp-json\/wp\/v2\/posts\/49086\/revisions\/66794"}],"wp:attachment":[{"href":"https:\/\/www.article-marketing.eu\/comunicati\/wp-json\/wp\/v2\/media?parent=49086"}],"wp:term":[{"taxonomy":"category","embeddable":true,"href":"https:\/\/www.article-marketing.eu\/comunicati\/wp-json\/wp\/v2\/categories?post=49086"},{"taxonomy":"post_tag","embeddable":true,"href":"https:\/\/www.article-marketing.eu\/comunicati\/wp-json\/wp\/v2\/tags?post=49086"}],"curies":[{"name":"wp","href":"https:\/\/api.w.org\/{rel}","templated":true}]}}