{"id":49388,"date":"2015-10-07T18:28:26","date_gmt":"2015-10-07T16:28:26","guid":{"rendered":"http:\/\/www.article-marketing.eu\/comunicati\/senza-categoria\/quel-che-i-biologi-pensano-della-luce\/"},"modified":"2015-10-07T18:28:26","modified_gmt":"2015-10-07T16:28:26","slug":"quel-che-i-biologi-pensano-della-luce","status":"publish","type":"post","link":"https:\/\/www.article-marketing.eu\/comunicati\/arte-e-cultura\/scienze\/quel-che-i-biologi-pensano-della-luce\/","title":{"rendered":"Quel che i biologi pensano della luce"},"content":{"rendered":"<p>DIBATTITO PUBBLICO Carlo Cirotto &#8211; Universit&agrave; di Perugia Giandomenico Boffi &#8211; Universit&agrave; Studi Internazionali Roma Venerd&igrave; 23 ottobre, ore 17,30 Pontificia Universit&agrave; Lateranense piazza San Giovanni in Laterano 4, Roma Se guardiamo la luce solare bianca attraverso un prisma, vediamo i raggi luminosi disporsi secondo la loro lunghezza d&#8217;onda e pertanto lo spettro ci appare simile ad un arcobaleno con una sorprendente gamma di colori. Ma le api ne vedono solo 4: giallo, verde, blu, ultravioletto. La percezione dei colori &egrave; strettamente legata all&#8217;impollinazione delle piante con fiori: questi ultimi attirano, con la produzione del nettare gli insetti che trasportano il polline&hellip; Anche un particolare apparentemente insignificante pu&ograve; modificare la vita sul nostro pianeta. Il 2015 &egrave; stato proclamato dalle Nazioni Unite &ldquo;Anno internazionale della luce e delle tecnologie basate sulla luce&rdquo;, per sviluppare la consapevolezza di quanto le tecnologie basate sulla luce promuovano uno sviluppo sostenibile e forniscano soluzioni a sfide globali in ambito energetico, educativo, agricolo e sanitario. La luce gioca un ruolo fondamentale nella nostra vita quotidiana e nelle frontiere scientifiche odierne: non &egrave; un caso che il Premio Nobel per la Fisica lo scorso anno sia stato assegnato a ricercatori giapponesi per le loro ricerche sui LED a luce blu e il grande risparmio energetico al quale condurranno. L&rsquo; &ldquo;Anno internazionale della luce e delle tecnologie basate sulla luce&rdquo; sta coinvolgendo fisici, ingegneri, studiosi e ricercatori di tutto il mondo. SEFIR, l&rsquo;Area di ricerca Scienza e Fede sull&rsquo;Interpretazione del Reale ha organizzato un evento guardando all&rsquo;anno internazionale secondo una particolare e peculiare angolazione: &ldquo;Quel che i biologi pensano della luce&rdquo;. Rapporti con la stampa Paola Scarsi 347 3802307<\/p>\n<p>Per spiegare, anche ai non addetti ai lavori, l&rsquo;importanza della luce nei contesti biologici SEFIR ha invitato il professor Carlo Cirotto, professore ordinario di Citologia e Istologia presso l&#8217;Universit&agrave; degli Studi di Perugia e gi&agrave; ordinario di Biologia dello Sviluppo presso l&#8217;Universit&agrave; dell&#8217;Aquila, a tenere una relazione, che sar&agrave; preceduta da un intervento del professor Giandomenico Boffi, direttore di SEFIR, dell&rsquo;Universit&agrave; degli Studi Internazionali di Roma.<\/p>\n<p>DIBATTITO PUBBLICO Carlo Cirotto &#8211; Universit&agrave; di Perugia Giandomenico Boffi &#8211; Universit&agrave; Studi Internazionali Roma Venerd&igrave; 23 ottobre, ore 17,30 Pontificia Universit&agrave; Lateranense piazza San Giovanni in Laterano 4, Roma Se guardiamo la luce solare bianca attraverso un prisma, vediamo i raggi luminosi disporsi secondo la loro lunghezza d&#8217;onda e pertanto lo spettro ci appare simile ad un arcobaleno con una sorprendente gamma di colori. Ma le api ne vedono solo 4: giallo, verde, blu, ultravioletto. La percezione dei colori &egrave; strettamente legata all&#8217;impollinazione delle piante con fiori: questi ultimi attirano, con la produzione del nettare gli insetti che trasportano il polline&hellip; Anche un particolare apparentemente insignificante pu&ograve; modificare la vita sul nostro pianeta. Il 2015 &egrave; stato proclamato dalle Nazioni Unite &ldquo;Anno internazionale della luce e delle tecnologie basate sulla luce&rdquo;, per sviluppare la consapevolezza di quanto le tecnologie basate sulla luce promuovano uno sviluppo sostenibile e forniscano soluzioni a sfide globali in ambito energetico, educativo, agricolo e sanitario. La luce gioca un ruolo fondamentale nella nostra vita quotidiana e nelle frontiere scientifiche odierne: non &egrave; un caso che il Premio Nobel per la Fisica lo scorso anno sia stato assegnato a ricercatori giapponesi per le loro ricerche sui LED a luce blu e il grande risparmio energetico al quale condurranno. L&rsquo; &ldquo;Anno internazionale della luce e delle tecnologie basate sulla luce&rdquo; sta coinvolgendo fisici, ingegneri, studiosi e ricercatori di tutto il mondo. SEFIR, l&rsquo;Area di ricerca Scienza e Fede sull&rsquo;Interpretazione del Reale ha organizzato un evento guardando all&rsquo;anno internazionale secondo una particolare e peculiare angolazione: &ldquo;Quel che i biologi pensano della luce&rdquo;. Rapporti con la stampa Paola Scarsi 347 3802307<\/p>\n<p> Per spiegare, anche ai non addetti ai lavori, l&rsquo;importanza della luce nei contesti biologici SEFIR ha invitato il professor Carlo Cirotto, professore ordinario di Citologia e Istologia presso l&#8217;Universit&agrave; degli Studi di Perugia e gi&agrave; ordinario di Biologia dello Sviluppo presso l&#8217;Universit&agrave; dell&#8217;Aquila, a tenere una relazione, che sar&agrave; preceduta da un intervento del professor Giandomenico Boffi, direttore di SEFIR, dell&rsquo;Universit&agrave; degli Studi Internazionali di Roma.<\/p>\n","protected":false},"excerpt":{"rendered":"<p>Per spiegare, anche ai non addetti ai lavori, l\u2019importanza della luce nei contesti biologici SEFIR ha invitato il professor Carlo Cirotto, professore ordinario di Citologia e Istologia presso l&#8217;Universit\u00e0 degli Studi di Perugia e gi\u00e0 ordinario di Biologia dello Sviluppo presso l&#8217;Universit\u00e0 dell&#8217;Aquila, a tenere una relazione, che sar\u00e0 preceduta da un intervento del professor Giandomenico Boffi, direttore di SEFIR, dell\u2019Universit\u00e0 degli Studi Internazionali di Roma Quel che i biologi pensano della luce<\/p>\n","protected":false},"author":10,"featured_media":0,"comment_status":"open","ping_status":"open","sticky":false,"template":"","format":"standard","meta":{"cybocfi_hide_featured_image":"","footnotes":""},"categories":[30],"tags":[2466,12611,4326,251,32],"class_list":["post-49388","post","type-post","status-publish","format-standard","hentry","category-scienze","tag-convegno","tag-fede","tag-luce","tag-roma","tag-scienza"],"yoast_head":"<!-- This site is optimized with the Yoast SEO plugin v27.0 - https:\/\/yoast.com\/product\/yoast-seo-wordpress\/ -->\n<title>Quel che i biologi pensano della luce - Article Marketing<\/title>\n<meta name=\"robots\" content=\"index, follow, max-snippet:-1, max-image-preview:large, max-video-preview:-1\" \/>\n<link rel=\"canonical\" href=\"https:\/\/www.article-marketing.eu\/comunicati\/arte-e-cultura\/scienze\/quel-che-i-biologi-pensano-della-luce\/\" \/>\n<meta property=\"og:locale\" content=\"it_IT\" \/>\n<meta property=\"og:type\" content=\"article\" \/>\n<meta property=\"og:title\" content=\"Quel che i biologi pensano della luce - Article Marketing\" \/>\n<meta property=\"og:description\" content=\"Per spiegare, anche ai non addetti ai lavori, l\u2019importanza della luce nei contesti biologici SEFIR ha invitato il professor Carlo Cirotto, professore ordinario di Citologia e Istologia presso l&#039;Universit\u00e0 degli Studi di Perugia e gi\u00e0 ordinario di Biologia dello Sviluppo presso l&#039;Universit\u00e0 dell&#039;Aquila, a tenere una relazione, che sar\u00e0 preceduta da un intervento del professor Giandomenico Boffi, direttore di SEFIR, dell\u2019Universit\u00e0 degli Studi Internazionali di Roma Quel che i biologi pensano della luce\" \/>\n<meta property=\"og:url\" content=\"https:\/\/www.article-marketing.eu\/comunicati\/arte-e-cultura\/scienze\/quel-che-i-biologi-pensano-della-luce\/\" \/>\n<meta property=\"og:site_name\" content=\"Article Marketing\" \/>\n<meta property=\"article:published_time\" content=\"2015-10-07T16:28:26+00:00\" \/>\n<meta name=\"author\" content=\"Redazione Comunicati Stampa\" \/>\n<meta name=\"twitter:card\" content=\"summary_large_image\" \/>\n<meta name=\"twitter:label1\" content=\"Scritto da\" \/>\n\t<meta name=\"twitter:data1\" content=\"Redazione Comunicati Stampa\" \/>\n\t<meta name=\"twitter:label2\" content=\"Tempo di lettura stimato\" \/>\n\t<meta name=\"twitter:data2\" content=\"4 minuti\" \/>\n<script type=\"application\/ld+json\" class=\"yoast-schema-graph\">{\"@context\":\"https:\/\/schema.org\",\"@graph\":[{\"@type\":\"Article\",\"@id\":\"https:\/\/www.article-marketing.eu\/comunicati\/arte-e-cultura\/scienze\/quel-che-i-biologi-pensano-della-luce\/#article\",\"isPartOf\":{\"@id\":\"https:\/\/www.article-marketing.eu\/comunicati\/arte-e-cultura\/scienze\/quel-che-i-biologi-pensano-della-luce\/\"},\"author\":{\"name\":\"Redazione Comunicati Stampa\",\"@id\":\"https:\/\/www.article-marketing.eu\/comunicati\/#\/schema\/person\/44372e4d4d0fa797b18e03ed1ace9017\"},\"headline\":\"Quel che i biologi pensano della luce\",\"datePublished\":\"2015-10-07T16:28:26+00:00\",\"mainEntityOfPage\":{\"@id\":\"https:\/\/www.article-marketing.eu\/comunicati\/arte-e-cultura\/scienze\/quel-che-i-biologi-pensano-della-luce\/\"},\"wordCount\":725,\"commentCount\":0,\"keywords\":[\"convegno\",\"fede\",\"luce\",\"roma\",\"scienza\"],\"articleSection\":[\"Scienze\"],\"inLanguage\":\"it-IT\",\"potentialAction\":[{\"@type\":\"CommentAction\",\"name\":\"Comment\",\"target\":[\"https:\/\/www.article-marketing.eu\/comunicati\/arte-e-cultura\/scienze\/quel-che-i-biologi-pensano-della-luce\/#respond\"]}]},{\"@type\":\"WebPage\",\"@id\":\"https:\/\/www.article-marketing.eu\/comunicati\/arte-e-cultura\/scienze\/quel-che-i-biologi-pensano-della-luce\/\",\"url\":\"https:\/\/www.article-marketing.eu\/comunicati\/arte-e-cultura\/scienze\/quel-che-i-biologi-pensano-della-luce\/\",\"name\":\"Quel che i biologi pensano della luce - Article Marketing\",\"isPartOf\":{\"@id\":\"https:\/\/www.article-marketing.eu\/comunicati\/#website\"},\"datePublished\":\"2015-10-07T16:28:26+00:00\",\"author\":{\"@id\":\"https:\/\/www.article-marketing.eu\/comunicati\/#\/schema\/person\/44372e4d4d0fa797b18e03ed1ace9017\"},\"breadcrumb\":{\"@id\":\"https:\/\/www.article-marketing.eu\/comunicati\/arte-e-cultura\/scienze\/quel-che-i-biologi-pensano-della-luce\/#breadcrumb\"},\"inLanguage\":\"it-IT\",\"potentialAction\":[{\"@type\":\"ReadAction\",\"target\":[\"https:\/\/www.article-marketing.eu\/comunicati\/arte-e-cultura\/scienze\/quel-che-i-biologi-pensano-della-luce\/\"]}]},{\"@type\":\"BreadcrumbList\",\"@id\":\"https:\/\/www.article-marketing.eu\/comunicati\/arte-e-cultura\/scienze\/quel-che-i-biologi-pensano-della-luce\/#breadcrumb\",\"itemListElement\":[{\"@type\":\"ListItem\",\"position\":1,\"name\":\"Home\",\"item\":\"https:\/\/www.article-marketing.eu\/comunicati\/\"},{\"@type\":\"ListItem\",\"position\":2,\"name\":\"Quel che i biologi pensano della luce\"}]},{\"@type\":\"WebSite\",\"@id\":\"https:\/\/www.article-marketing.eu\/comunicati\/#website\",\"url\":\"https:\/\/www.article-marketing.eu\/comunicati\/\",\"name\":\"Article Marketing\",\"description\":\"article marketing &amp; press release\",\"potentialAction\":[{\"@type\":\"SearchAction\",\"target\":{\"@type\":\"EntryPoint\",\"urlTemplate\":\"https:\/\/www.article-marketing.eu\/comunicati\/?s={search_term_string}\"},\"query-input\":{\"@type\":\"PropertyValueSpecification\",\"valueRequired\":true,\"valueName\":\"search_term_string\"}}],\"inLanguage\":\"it-IT\"},{\"@type\":\"Person\",\"@id\":\"https:\/\/www.article-marketing.eu\/comunicati\/#\/schema\/person\/44372e4d4d0fa797b18e03ed1ace9017\",\"name\":\"Redazione Comunicati Stampa\",\"image\":{\"@type\":\"ImageObject\",\"inLanguage\":\"it-IT\",\"@id\":\"https:\/\/www.article-marketing.eu\/comunicati\/#\/schema\/person\/image\/\",\"url\":\"https:\/\/secure.gravatar.com\/avatar\/50e5c6421d3072f42e7ace803501602c60d75233d34e29fd05feb91c8760b792?s=96&d=mm&r=g\",\"contentUrl\":\"https:\/\/secure.gravatar.com\/avatar\/50e5c6421d3072f42e7ace803501602c60d75233d34e29fd05feb91c8760b792?s=96&d=mm&r=g\",\"caption\":\"Redazione Comunicati Stampa\"},\"url\":\"https:\/\/www.article-marketing.eu\/comunicati\/author\/redazione-comunicati-stampa\/\"}]}<\/script>\n<!-- \/ Yoast SEO plugin. -->","yoast_head_json":{"title":"Quel che i biologi pensano della luce - Article Marketing","robots":{"index":"index","follow":"follow","max-snippet":"max-snippet:-1","max-image-preview":"max-image-preview:large","max-video-preview":"max-video-preview:-1"},"canonical":"https:\/\/www.article-marketing.eu\/comunicati\/arte-e-cultura\/scienze\/quel-che-i-biologi-pensano-della-luce\/","og_locale":"it_IT","og_type":"article","og_title":"Quel che i biologi pensano della luce - Article Marketing","og_description":"Per spiegare, anche ai non addetti ai lavori, l\u2019importanza della luce nei contesti biologici SEFIR ha invitato il professor Carlo Cirotto, professore ordinario di Citologia e Istologia presso l'Universit\u00e0 degli Studi di Perugia e gi\u00e0 ordinario di Biologia dello Sviluppo presso l'Universit\u00e0 dell'Aquila, a tenere una relazione, che sar\u00e0 preceduta da un intervento del professor Giandomenico Boffi, direttore di SEFIR, dell\u2019Universit\u00e0 degli Studi Internazionali di Roma Quel che i biologi pensano della luce","og_url":"https:\/\/www.article-marketing.eu\/comunicati\/arte-e-cultura\/scienze\/quel-che-i-biologi-pensano-della-luce\/","og_site_name":"Article Marketing","article_published_time":"2015-10-07T16:28:26+00:00","author":"Redazione Comunicati Stampa","twitter_card":"summary_large_image","twitter_misc":{"Scritto da":"Redazione Comunicati Stampa","Tempo di lettura stimato":"4 minuti"},"schema":{"@context":"https:\/\/schema.org","@graph":[{"@type":"Article","@id":"https:\/\/www.article-marketing.eu\/comunicati\/arte-e-cultura\/scienze\/quel-che-i-biologi-pensano-della-luce\/#article","isPartOf":{"@id":"https:\/\/www.article-marketing.eu\/comunicati\/arte-e-cultura\/scienze\/quel-che-i-biologi-pensano-della-luce\/"},"author":{"name":"Redazione Comunicati Stampa","@id":"https:\/\/www.article-marketing.eu\/comunicati\/#\/schema\/person\/44372e4d4d0fa797b18e03ed1ace9017"},"headline":"Quel che i biologi pensano della luce","datePublished":"2015-10-07T16:28:26+00:00","mainEntityOfPage":{"@id":"https:\/\/www.article-marketing.eu\/comunicati\/arte-e-cultura\/scienze\/quel-che-i-biologi-pensano-della-luce\/"},"wordCount":725,"commentCount":0,"keywords":["convegno","fede","luce","roma","scienza"],"articleSection":["Scienze"],"inLanguage":"it-IT","potentialAction":[{"@type":"CommentAction","name":"Comment","target":["https:\/\/www.article-marketing.eu\/comunicati\/arte-e-cultura\/scienze\/quel-che-i-biologi-pensano-della-luce\/#respond"]}]},{"@type":"WebPage","@id":"https:\/\/www.article-marketing.eu\/comunicati\/arte-e-cultura\/scienze\/quel-che-i-biologi-pensano-della-luce\/","url":"https:\/\/www.article-marketing.eu\/comunicati\/arte-e-cultura\/scienze\/quel-che-i-biologi-pensano-della-luce\/","name":"Quel che i biologi pensano della luce - Article Marketing","isPartOf":{"@id":"https:\/\/www.article-marketing.eu\/comunicati\/#website"},"datePublished":"2015-10-07T16:28:26+00:00","author":{"@id":"https:\/\/www.article-marketing.eu\/comunicati\/#\/schema\/person\/44372e4d4d0fa797b18e03ed1ace9017"},"breadcrumb":{"@id":"https:\/\/www.article-marketing.eu\/comunicati\/arte-e-cultura\/scienze\/quel-che-i-biologi-pensano-della-luce\/#breadcrumb"},"inLanguage":"it-IT","potentialAction":[{"@type":"ReadAction","target":["https:\/\/www.article-marketing.eu\/comunicati\/arte-e-cultura\/scienze\/quel-che-i-biologi-pensano-della-luce\/"]}]},{"@type":"BreadcrumbList","@id":"https:\/\/www.article-marketing.eu\/comunicati\/arte-e-cultura\/scienze\/quel-che-i-biologi-pensano-della-luce\/#breadcrumb","itemListElement":[{"@type":"ListItem","position":1,"name":"Home","item":"https:\/\/www.article-marketing.eu\/comunicati\/"},{"@type":"ListItem","position":2,"name":"Quel che i biologi pensano della luce"}]},{"@type":"WebSite","@id":"https:\/\/www.article-marketing.eu\/comunicati\/#website","url":"https:\/\/www.article-marketing.eu\/comunicati\/","name":"Article Marketing","description":"article marketing &amp; press release","potentialAction":[{"@type":"SearchAction","target":{"@type":"EntryPoint","urlTemplate":"https:\/\/www.article-marketing.eu\/comunicati\/?s={search_term_string}"},"query-input":{"@type":"PropertyValueSpecification","valueRequired":true,"valueName":"search_term_string"}}],"inLanguage":"it-IT"},{"@type":"Person","@id":"https:\/\/www.article-marketing.eu\/comunicati\/#\/schema\/person\/44372e4d4d0fa797b18e03ed1ace9017","name":"Redazione Comunicati Stampa","image":{"@type":"ImageObject","inLanguage":"it-IT","@id":"https:\/\/www.article-marketing.eu\/comunicati\/#\/schema\/person\/image\/","url":"https:\/\/secure.gravatar.com\/avatar\/50e5c6421d3072f42e7ace803501602c60d75233d34e29fd05feb91c8760b792?s=96&d=mm&r=g","contentUrl":"https:\/\/secure.gravatar.com\/avatar\/50e5c6421d3072f42e7ace803501602c60d75233d34e29fd05feb91c8760b792?s=96&d=mm&r=g","caption":"Redazione Comunicati Stampa"},"url":"https:\/\/www.article-marketing.eu\/comunicati\/author\/redazione-comunicati-stampa\/"}]}},"_links":{"self":[{"href":"https:\/\/www.article-marketing.eu\/comunicati\/wp-json\/wp\/v2\/posts\/49388","targetHints":{"allow":["GET"]}}],"collection":[{"href":"https:\/\/www.article-marketing.eu\/comunicati\/wp-json\/wp\/v2\/posts"}],"about":[{"href":"https:\/\/www.article-marketing.eu\/comunicati\/wp-json\/wp\/v2\/types\/post"}],"author":[{"embeddable":true,"href":"https:\/\/www.article-marketing.eu\/comunicati\/wp-json\/wp\/v2\/users\/10"}],"replies":[{"embeddable":true,"href":"https:\/\/www.article-marketing.eu\/comunicati\/wp-json\/wp\/v2\/comments?post=49388"}],"version-history":[{"count":0,"href":"https:\/\/www.article-marketing.eu\/comunicati\/wp-json\/wp\/v2\/posts\/49388\/revisions"}],"wp:attachment":[{"href":"https:\/\/www.article-marketing.eu\/comunicati\/wp-json\/wp\/v2\/media?parent=49388"}],"wp:term":[{"taxonomy":"category","embeddable":true,"href":"https:\/\/www.article-marketing.eu\/comunicati\/wp-json\/wp\/v2\/categories?post=49388"},{"taxonomy":"post_tag","embeddable":true,"href":"https:\/\/www.article-marketing.eu\/comunicati\/wp-json\/wp\/v2\/tags?post=49388"}],"curies":[{"name":"wp","href":"https:\/\/api.w.org\/{rel}","templated":true}]}}