{"id":49470,"date":"2015-10-16T11:38:49","date_gmt":"2015-10-16T09:38:49","guid":{"rendered":"http:\/\/www.article-marketing.eu\/comunicati\/senza-categoria\/il-profilo-professionale-di-dario-mirri-a%80-direttore-generale-damir-s-r-l\/"},"modified":"2015-10-16T11:38:49","modified_gmt":"2015-10-16T09:38:49","slug":"il-profilo-professionale-di-dario-mirri-a%80-direttore-generale-damir-s-r-l","status":"publish","type":"post","link":"https:\/\/www.article-marketing.eu\/comunicati\/economia-e-lavoro\/professionisti\/il-profilo-professionale-di-dario-mirri-a%80-direttore-generale-damir-s-r-l\/","title":{"rendered":"Il profilo professionale di Dario Mirri \u2013 Direttore Generale Damir S.r.l."},"content":{"rendered":"<p><em><strong><a href=\"http:\/\/www.professionistiitaliani.it\/Profilo-utente\/482-Dario-Mirri.html\" title=\"Dario Mirri - Professionisti Italiani \">Dario Mirri<\/a>, insieme al padre Daniele Mirri, guida la societ&agrave; Damir S.r.l. nel panorama della pubblicit&agrave; esterna con installazioni e progetti diffusi all&#8217;interno del territorio della Sicilia, Sardegna e Calabria.<\/strong><\/em><br \/>\nDario Mirri, il percorso professionale del Direttore Generale presso Damir S.r.l.<br \/>\n<strong>Dario Mirri<\/strong>nasce a Palermo nel 1968, intraprende il proprio percorso formativo presso l&#8217;istituto Don Bosco Ranchibile di Palermo. Conseguito a pieni voti il diploma di Liceo Scientifico, nel 1986 si iscrive alla facolt&agrave; di Economia e Commercio presso l&#8217;Universit&agrave; di Palermo. A seguito del titolo di Laurea con la votazione di 110 e Lode,<strong>Dario Mirri <\/strong>entra a far parte della societ&agrave; di famiglia Damir S.r.l. Impiegato da prima nello sviluppo di impianti pubblicitari per le regioni di Sicilia, Sardegna e Calabria e nella gestione delle relazioni con Enti Pubblici, nel 1996 &egrave; nominato responsabile della gestione dell&#8217;area commerciale per la Regione Sicilia in particolare individuazione della clientela, definizione offerte commerciali e responsabilit&agrave; diretta sul fatturato pianificato ed incassato per l&#8217;area. Nel corso degli &#8216;anni 2000, con la nomina a Direttore Generale e Componente del Consiglio di Amministrazione con procura generale, <strong>Dario Mirri <\/strong>vede accrescere la propria responsabilit&agrave; in ambito commerciale e operativo. Attraverso una comprovata esperienza maturata sul campo <strong>Dario Mirri <\/strong>si occupa anche del profit &amp; loss aziendale con obiettivo ultimo l&#8217;incremento del fatturato e del margine annuo mediante azioni mirate alla valorizzazione del patrimonio e nuovi modelli di offerta.<br \/>\n<br \/>Damir S.r.l., la societ&agrave; di pubblicit&agrave; esterna guidata da Daniele e Dario Mirri<br \/>\nFondata nel 1968 dall&#8217;imprenditore Daniele Mirri e guidata oggi anche dal figlio <strong>Dario Mirri<\/strong>, Damir S.r.l. &egrave; una societ&agrave; attiva nel mercato della pubblicit&agrave; esterna presente sul territorio con impianti diffusi all&#8217;interno delle regioni Sicilia Sardegna e Calabria. Con la sede principale presente nella citt&agrave; di Palermo e una sede distaccata a Catania, Damir S.r.l. vanta una profonda conoscenza del mercato locale e nazionale per supportare a pieno i clienti nella selezione dei media e nella strutturazione delle campagne.<br \/>\n<strong><em>Per approfondimenti visita il profilo dedicato al Direttore Generale di Damir S.r.l.,Dario Mirri. <\/em><br \/><\/strong><\/p>\n","protected":false},"excerpt":{"rendered":"<p>Dario Mirri \u00e8 Direttore Generale presso Damir S.r.l., societ\u00e0 attiva nel mercato della pubblicit\u00e0 con installazioni distribuiti in tutta la Sicilia, la Sardegna e la Calabria.<\/p>\n","protected":false},"author":10,"featured_media":0,"comment_status":"open","ping_status":"open","sticky":false,"template":"","format":"standard","meta":{"cybocfi_hide_featured_image":"","footnotes":""},"categories":[429],"tags":[50685,50684],"class_list":["post-49470","post","type-post","status-publish","format-standard","hentry","category-professionisti","tag-damir-s-r-l","tag-dario-mirri"],"yoast_head":"<!-- This site is optimized with the Yoast SEO plugin v27.0 - https:\/\/yoast.com\/product\/yoast-seo-wordpress\/ -->\n<title>Il profilo professionale di Dario Mirri \u2013 Direttore Generale Damir S.r.l. - Article Marketing<\/title>\n<meta name=\"robots\" content=\"index, follow, max-snippet:-1, max-image-preview:large, max-video-preview:-1\" \/>\n<link rel=\"canonical\" href=\"https:\/\/www.article-marketing.eu\/comunicati\/economia-e-lavoro\/professionisti\/il-profilo-professionale-di-dario-mirri-a?-direttore-generale-damir-s-r-l\/\" \/>\n<meta property=\"og:locale\" content=\"it_IT\" \/>\n<meta property=\"og:type\" content=\"article\" \/>\n<meta property=\"og:title\" content=\"Il profilo professionale di Dario Mirri \u2013 Direttore Generale Damir S.r.l. - Article Marketing\" \/>\n<meta property=\"og:description\" content=\"Dario Mirri \u00e8 Direttore Generale presso Damir S.r.l., societ\u00e0 attiva nel mercato della pubblicit\u00e0 con installazioni distribuiti in tutta la Sicilia, la Sardegna e la Calabria.\" \/>\n<meta property=\"og:url\" content=\"\" \/>\n<meta property=\"og:site_name\" content=\"Article Marketing\" \/>\n<meta property=\"article:published_time\" content=\"2015-10-16T09:38:49+00:00\" \/>\n<meta name=\"author\" content=\"Redazione Comunicati Stampa\" \/>\n<meta name=\"twitter:card\" content=\"summary_large_image\" \/>\n<meta name=\"twitter:label1\" content=\"Scritto da\" \/>\n\t<meta name=\"twitter:data1\" content=\"Redazione Comunicati Stampa\" \/>\n\t<meta name=\"twitter:label2\" content=\"Tempo di lettura stimato\" \/>\n\t<meta name=\"twitter:data2\" content=\"2 minuti\" \/>\n<script type=\"application\/ld+json\" class=\"yoast-schema-graph\">{\"@context\":\"https:\/\/schema.org\",\"@graph\":[{\"@type\":\"Article\",\"@id\":\"https:\/\/www.article-marketing.eu\/comunicati\/economia-e-lavoro\/professionisti\/il-profilo-professionale-di-dario-mirri-a%80-direttore-generale-damir-s-r-l\/#article\",\"isPartOf\":{\"@id\":\"https:\/\/www.article-marketing.eu\/comunicati\/economia-e-lavoro\/professionisti\/il-profilo-professionale-di-dario-mirri-a%80-direttore-generale-damir-s-r-l\/\"},\"author\":{\"name\":\"Redazione Comunicati Stampa\",\"@id\":\"https:\/\/www.article-marketing.eu\/comunicati\/#\/schema\/person\/44372e4d4d0fa797b18e03ed1ace9017\"},\"headline\":\"Il profilo professionale di Dario Mirri \u2013 Direttore Generale Damir S.r.l.\",\"datePublished\":\"2015-10-16T09:38:49+00:00\",\"mainEntityOfPage\":{\"@id\":\"https:\/\/www.article-marketing.eu\/comunicati\/economia-e-lavoro\/professionisti\/il-profilo-professionale-di-dario-mirri-a%80-direttore-generale-damir-s-r-l\/\"},\"wordCount\":371,\"commentCount\":0,\"keywords\":[\"Damir S.r.l.\",\"Dario Mirri\"],\"articleSection\":[\"Professionisti\"],\"inLanguage\":\"it-IT\",\"potentialAction\":[{\"@type\":\"CommentAction\",\"name\":\"Comment\",\"target\":[\"https:\/\/www.article-marketing.eu\/comunicati\/economia-e-lavoro\/professionisti\/il-profilo-professionale-di-dario-mirri-a%80-direttore-generale-damir-s-r-l\/#respond\"]}]},{\"@type\":\"WebPage\",\"@id\":\"https:\/\/www.article-marketing.eu\/comunicati\/economia-e-lavoro\/professionisti\/il-profilo-professionale-di-dario-mirri-a%80-direttore-generale-damir-s-r-l\/\",\"url\":\"https:\/\/www.article-marketing.eu\/comunicati\/economia-e-lavoro\/professionisti\/il-profilo-professionale-di-dario-mirri-a%80-direttore-generale-damir-s-r-l\/\",\"name\":\"Il profilo professionale di Dario Mirri \u2013 Direttore Generale Damir S.r.l. - Article Marketing\",\"isPartOf\":{\"@id\":\"https:\/\/www.article-marketing.eu\/comunicati\/#website\"},\"datePublished\":\"2015-10-16T09:38:49+00:00\",\"author\":{\"@id\":\"https:\/\/www.article-marketing.eu\/comunicati\/#\/schema\/person\/44372e4d4d0fa797b18e03ed1ace9017\"},\"breadcrumb\":{\"@id\":\"https:\/\/www.article-marketing.eu\/comunicati\/economia-e-lavoro\/professionisti\/il-profilo-professionale-di-dario-mirri-a%80-direttore-generale-damir-s-r-l\/#breadcrumb\"},\"inLanguage\":\"it-IT\",\"potentialAction\":[{\"@type\":\"ReadAction\",\"target\":[\"https:\/\/www.article-marketing.eu\/comunicati\/economia-e-lavoro\/professionisti\/il-profilo-professionale-di-dario-mirri-a%80-direttore-generale-damir-s-r-l\/\"]}]},{\"@type\":\"BreadcrumbList\",\"@id\":\"https:\/\/www.article-marketing.eu\/comunicati\/economia-e-lavoro\/professionisti\/il-profilo-professionale-di-dario-mirri-a%80-direttore-generale-damir-s-r-l\/#breadcrumb\",\"itemListElement\":[{\"@type\":\"ListItem\",\"position\":1,\"name\":\"Home\",\"item\":\"https:\/\/www.article-marketing.eu\/comunicati\/\"},{\"@type\":\"ListItem\",\"position\":2,\"name\":\"Il profilo professionale di Dario Mirri \u2013 Direttore Generale Damir S.r.l.\"}]},{\"@type\":\"WebSite\",\"@id\":\"https:\/\/www.article-marketing.eu\/comunicati\/#website\",\"url\":\"https:\/\/www.article-marketing.eu\/comunicati\/\",\"name\":\"Article Marketing\",\"description\":\"article marketing &amp; press release\",\"potentialAction\":[{\"@type\":\"SearchAction\",\"target\":{\"@type\":\"EntryPoint\",\"urlTemplate\":\"https:\/\/www.article-marketing.eu\/comunicati\/?s={search_term_string}\"},\"query-input\":{\"@type\":\"PropertyValueSpecification\",\"valueRequired\":true,\"valueName\":\"search_term_string\"}}],\"inLanguage\":\"it-IT\"},{\"@type\":\"Person\",\"@id\":\"https:\/\/www.article-marketing.eu\/comunicati\/#\/schema\/person\/44372e4d4d0fa797b18e03ed1ace9017\",\"name\":\"Redazione Comunicati Stampa\",\"image\":{\"@type\":\"ImageObject\",\"inLanguage\":\"it-IT\",\"@id\":\"https:\/\/www.article-marketing.eu\/comunicati\/#\/schema\/person\/image\/\",\"url\":\"https:\/\/secure.gravatar.com\/avatar\/50e5c6421d3072f42e7ace803501602c60d75233d34e29fd05feb91c8760b792?s=96&d=mm&r=g\",\"contentUrl\":\"https:\/\/secure.gravatar.com\/avatar\/50e5c6421d3072f42e7ace803501602c60d75233d34e29fd05feb91c8760b792?s=96&d=mm&r=g\",\"caption\":\"Redazione Comunicati Stampa\"},\"url\":\"https:\/\/www.article-marketing.eu\/comunicati\/author\/redazione-comunicati-stampa\/\"}]}<\/script>\n<!-- \/ Yoast SEO plugin. -->","yoast_head_json":{"title":"Il profilo professionale di Dario Mirri \u2013 Direttore Generale Damir S.r.l. - Article Marketing","robots":{"index":"index","follow":"follow","max-snippet":"max-snippet:-1","max-image-preview":"max-image-preview:large","max-video-preview":"max-video-preview:-1"},"canonical":"https:\/\/www.article-marketing.eu\/comunicati\/economia-e-lavoro\/professionisti\/il-profilo-professionale-di-dario-mirri-a?-direttore-generale-damir-s-r-l\/","og_locale":"it_IT","og_type":"article","og_title":"Il profilo professionale di Dario Mirri \u2013 Direttore Generale Damir S.r.l. - Article Marketing","og_description":"Dario Mirri \u00e8 Direttore Generale presso Damir S.r.l., societ\u00e0 attiva nel mercato della pubblicit\u00e0 con installazioni distribuiti in tutta la Sicilia, la Sardegna e la Calabria.","og_url":"https:\/\/www.article-marketing.eu\/comunicati\/economia-e-lavoro\/professionisti\/il-profilo-professionale-di-dario-mirri-a?-direttore-generale-damir-s-r-l\/","og_site_name":"Article Marketing","article_published_time":"2015-10-16T09:38:49+00:00","author":"Redazione Comunicati Stampa","twitter_card":"summary_large_image","twitter_misc":{"Scritto da":"Redazione Comunicati Stampa","Tempo di lettura stimato":"2 minuti"},"schema":{"@context":"https:\/\/schema.org","@graph":[{"@type":"Article","@id":"https:\/\/www.article-marketing.eu\/comunicati\/economia-e-lavoro\/professionisti\/il-profilo-professionale-di-dario-mirri-a%80-direttore-generale-damir-s-r-l\/#article","isPartOf":{"@id":"https:\/\/www.article-marketing.eu\/comunicati\/economia-e-lavoro\/professionisti\/il-profilo-professionale-di-dario-mirri-a%80-direttore-generale-damir-s-r-l\/"},"author":{"name":"Redazione Comunicati Stampa","@id":"https:\/\/www.article-marketing.eu\/comunicati\/#\/schema\/person\/44372e4d4d0fa797b18e03ed1ace9017"},"headline":"Il profilo professionale di Dario Mirri \u2013 Direttore Generale Damir S.r.l.","datePublished":"2015-10-16T09:38:49+00:00","mainEntityOfPage":{"@id":"https:\/\/www.article-marketing.eu\/comunicati\/economia-e-lavoro\/professionisti\/il-profilo-professionale-di-dario-mirri-a%80-direttore-generale-damir-s-r-l\/"},"wordCount":371,"commentCount":0,"keywords":["Damir S.r.l.","Dario Mirri"],"articleSection":["Professionisti"],"inLanguage":"it-IT","potentialAction":[{"@type":"CommentAction","name":"Comment","target":["https:\/\/www.article-marketing.eu\/comunicati\/economia-e-lavoro\/professionisti\/il-profilo-professionale-di-dario-mirri-a%80-direttore-generale-damir-s-r-l\/#respond"]}]},{"@type":"WebPage","@id":"https:\/\/www.article-marketing.eu\/comunicati\/economia-e-lavoro\/professionisti\/il-profilo-professionale-di-dario-mirri-a%80-direttore-generale-damir-s-r-l\/","url":"https:\/\/www.article-marketing.eu\/comunicati\/economia-e-lavoro\/professionisti\/il-profilo-professionale-di-dario-mirri-a%80-direttore-generale-damir-s-r-l\/","name":"Il profilo professionale di Dario Mirri \u2013 Direttore Generale Damir S.r.l. - Article Marketing","isPartOf":{"@id":"https:\/\/www.article-marketing.eu\/comunicati\/#website"},"datePublished":"2015-10-16T09:38:49+00:00","author":{"@id":"https:\/\/www.article-marketing.eu\/comunicati\/#\/schema\/person\/44372e4d4d0fa797b18e03ed1ace9017"},"breadcrumb":{"@id":"https:\/\/www.article-marketing.eu\/comunicati\/economia-e-lavoro\/professionisti\/il-profilo-professionale-di-dario-mirri-a%80-direttore-generale-damir-s-r-l\/#breadcrumb"},"inLanguage":"it-IT","potentialAction":[{"@type":"ReadAction","target":["https:\/\/www.article-marketing.eu\/comunicati\/economia-e-lavoro\/professionisti\/il-profilo-professionale-di-dario-mirri-a%80-direttore-generale-damir-s-r-l\/"]}]},{"@type":"BreadcrumbList","@id":"https:\/\/www.article-marketing.eu\/comunicati\/economia-e-lavoro\/professionisti\/il-profilo-professionale-di-dario-mirri-a%80-direttore-generale-damir-s-r-l\/#breadcrumb","itemListElement":[{"@type":"ListItem","position":1,"name":"Home","item":"https:\/\/www.article-marketing.eu\/comunicati\/"},{"@type":"ListItem","position":2,"name":"Il profilo professionale di Dario Mirri \u2013 Direttore Generale Damir S.r.l."}]},{"@type":"WebSite","@id":"https:\/\/www.article-marketing.eu\/comunicati\/#website","url":"https:\/\/www.article-marketing.eu\/comunicati\/","name":"Article Marketing","description":"article marketing &amp; press release","potentialAction":[{"@type":"SearchAction","target":{"@type":"EntryPoint","urlTemplate":"https:\/\/www.article-marketing.eu\/comunicati\/?s={search_term_string}"},"query-input":{"@type":"PropertyValueSpecification","valueRequired":true,"valueName":"search_term_string"}}],"inLanguage":"it-IT"},{"@type":"Person","@id":"https:\/\/www.article-marketing.eu\/comunicati\/#\/schema\/person\/44372e4d4d0fa797b18e03ed1ace9017","name":"Redazione Comunicati Stampa","image":{"@type":"ImageObject","inLanguage":"it-IT","@id":"https:\/\/www.article-marketing.eu\/comunicati\/#\/schema\/person\/image\/","url":"https:\/\/secure.gravatar.com\/avatar\/50e5c6421d3072f42e7ace803501602c60d75233d34e29fd05feb91c8760b792?s=96&d=mm&r=g","contentUrl":"https:\/\/secure.gravatar.com\/avatar\/50e5c6421d3072f42e7ace803501602c60d75233d34e29fd05feb91c8760b792?s=96&d=mm&r=g","caption":"Redazione Comunicati Stampa"},"url":"https:\/\/www.article-marketing.eu\/comunicati\/author\/redazione-comunicati-stampa\/"}]}},"_links":{"self":[{"href":"https:\/\/www.article-marketing.eu\/comunicati\/wp-json\/wp\/v2\/posts\/49470","targetHints":{"allow":["GET"]}}],"collection":[{"href":"https:\/\/www.article-marketing.eu\/comunicati\/wp-json\/wp\/v2\/posts"}],"about":[{"href":"https:\/\/www.article-marketing.eu\/comunicati\/wp-json\/wp\/v2\/types\/post"}],"author":[{"embeddable":true,"href":"https:\/\/www.article-marketing.eu\/comunicati\/wp-json\/wp\/v2\/users\/10"}],"replies":[{"embeddable":true,"href":"https:\/\/www.article-marketing.eu\/comunicati\/wp-json\/wp\/v2\/comments?post=49470"}],"version-history":[{"count":0,"href":"https:\/\/www.article-marketing.eu\/comunicati\/wp-json\/wp\/v2\/posts\/49470\/revisions"}],"wp:attachment":[{"href":"https:\/\/www.article-marketing.eu\/comunicati\/wp-json\/wp\/v2\/media?parent=49470"}],"wp:term":[{"taxonomy":"category","embeddable":true,"href":"https:\/\/www.article-marketing.eu\/comunicati\/wp-json\/wp\/v2\/categories?post=49470"},{"taxonomy":"post_tag","embeddable":true,"href":"https:\/\/www.article-marketing.eu\/comunicati\/wp-json\/wp\/v2\/tags?post=49470"}],"curies":[{"name":"wp","href":"https:\/\/api.w.org\/{rel}","templated":true}]}}