{"id":4955,"date":"2010-05-03T11:55:39","date_gmt":"2010-05-03T09:55:39","guid":{"rendered":"http:\/\/www.article-marketing.eu\/comunicati\/senza-categoria\/escursioni-e-gite-in-montagna-cosa-portare\/"},"modified":"2010-05-03T11:55:39","modified_gmt":"2010-05-03T09:55:39","slug":"escursioni-e-gite-in-montagna-cosa-portare","status":"publish","type":"post","link":"https:\/\/www.article-marketing.eu\/comunicati\/tempo-libero\/escursioni-e-gite-in-montagna-cosa-portare\/","title":{"rendered":"Escursioni e gite in montagna: cosa portare"},"content":{"rendered":"<p>Prima di tutto, la scelta della meta: a seconda delle proprie capacit\u00e0 sar\u00e0 il caso di scegliere una destinazione adeguata, che varia seguendo l\u2019et\u00e0 e l\u2019esperienza; se la meta \u00e8 la montagna, ci sono vari tipi di sentiero tra cui sar\u00e0 bene scegliere quello pi\u00f9 adatto alla situazione.<\/p>\n<p>Una volta trovato il posto giusto per trascorrere la propria giornata di libert\u00e0 all\u2019aria aperta, arriva  il momento di scegliere l\u2019attrezzatura giusta: sar\u00e0 bene sceglierla sia a seconda della destinazione, sia a seconda della durata della gita.<\/p>\n<p>Prima di tutto, l\u2019abbigliamento: \u00e8 bene essere preparati al sole caldo della montagna, ma anche a coprirsi da vento e pioggia improvvisi. Quanto alle scarpe, devono essere adatte al tipo di percorso che si affronter\u00e0: di solito si preferiscono scarponi alti, e sicuramente con una buona suola che aiuti a non scivolare. <\/p>\n<p>Una volta preparato l\u2019abbigliamento pi\u00f9 adatto, passiamo al seguito: gli zaini sono l\u2019attrezzatura base per le passeggiate in montagna \u2013 ma anche in qualunque altro posto: comodi da portare, consentono di trasportare senza stancarsi troppo dei buoni carichi. Una volta trovato lo zaino, bisogna riempirlo con il necessario perch\u00e9 durante la giornata non manchi nulla. Per prima, una scorta d\u2019acqua: abbastanza da non ritrovarsi assetati in mezzo ad un bosco, ma non troppa per non appesantirsi inutilmente; inoltre, qualcosa da mangiare se non si \u00e8 diretti in un rifugio, ma in ogni caso \u00e8 bene portare degli alimenti energetici. Poi una bussola e una cartina geografica per l\u2019orientamento, un coltellino svizzero e una torcia, occhiali da sole e creme protettive, un cappello da sole e, sperando di non averne bisogno, il necessario per il pronto soccorso un fischietto, da utilizzare per richiamare l\u2019attenzione in caso di necessit\u00e0.<\/p>\n<p>Gli zaini si sono evoluti enormemente, negli ultimi anni: senza contare il fatto che l\u2019<a href=\"http:\/\/www.landosport.com\/prodotti_cat.asp?key=230\">offerte zaini<\/a> online sta aumentando sempre pi\u00f9, gli zaini soddisfano in maniera sempre pi\u00f9 completa le esigenze di chi li porta, pensando a distribuire il peso non pi\u00f9 sulle spalle, che, pur essendo pi\u00f9 forti delle mani, dopo un po\u2019 la camminata diventa faticosa: normalmente gli zaini moderni scaricano il loro peso sui fianchi, molto pi\u00f9 forti delle spalle, e anche pi\u00f9 vicini al baricentro. In questo modo migliora la resistenza e anche il bilanciamento, favorendo quindi anche l\u2019agilit\u00e0 nella camminata.<\/p>\n<p>Inoltre, consultando un buon catalogo zaini, si potr\u00e0 vedere come gli accessori siano diversi a seconda dell\u2019utilizzo a cui sono destinati: per gli amanti della montagna ci sono i cosiddetti \u201ccamel bag\u201d, ovvero degli zaini con piccoli serbatoi integrati dai quali spunta un tubicino che permette di bere senza doversi fermare, cosa particolarmente utili per trekking e alpinismo, dove a volte fermarsi pu\u00f2 essere complicato. Ma ricordiamoci che gli zaini possono essere utili non solo per la montagna, ma anche per altri scopi: ad esempio, per trasportare in maniera comoda e sicura computer portatili o attrezzatura fotografica. In questi casi, lo zaino dovr\u00e0 avere le dovute imbottiture e scompartimenti per riporre ordinatamente i vari componenti, e per dare la sicurezza che questi siano protetti dagli urti e assicurati in modo da non muoversi.<\/p>\n","protected":false},"excerpt":{"rendered":"<p>Primavera ed estate segnano la stagione delle gite: esperti e non si avventurano in passeggiate in mezzo alla natura, ma \u00e8 importante non dimenticare alcune cose fondamentali.<\/p>\n","protected":false},"author":10,"featured_media":0,"comment_status":"open","ping_status":"open","sticky":false,"template":"","format":"standard","meta":{"cybocfi_hide_featured_image":"","footnotes":""},"categories":[295],"tags":[],"class_list":["post-4955","post","type-post","status-publish","format-standard","hentry","category-tempo-libero"],"yoast_head":"<!-- This site is optimized with the Yoast SEO plugin v27.0 - https:\/\/yoast.com\/product\/yoast-seo-wordpress\/ -->\n<title>Escursioni e gite in montagna: cosa portare - Article Marketing<\/title>\n<meta name=\"robots\" content=\"index, follow, max-snippet:-1, max-image-preview:large, max-video-preview:-1\" \/>\n<link rel=\"canonical\" href=\"https:\/\/www.article-marketing.eu\/comunicati\/tempo-libero\/escursioni-e-gite-in-montagna-cosa-portare\/\" \/>\n<meta property=\"og:locale\" content=\"it_IT\" \/>\n<meta property=\"og:type\" content=\"article\" \/>\n<meta property=\"og:title\" content=\"Escursioni e gite in montagna: cosa portare - Article Marketing\" \/>\n<meta property=\"og:description\" content=\"Primavera ed estate segnano la stagione delle gite: esperti e non si avventurano in passeggiate in mezzo alla natura, ma \u00e8 importante non dimenticare alcune cose fondamentali.\" \/>\n<meta property=\"og:url\" content=\"https:\/\/www.article-marketing.eu\/comunicati\/tempo-libero\/escursioni-e-gite-in-montagna-cosa-portare\/\" \/>\n<meta property=\"og:site_name\" content=\"Article Marketing\" \/>\n<meta property=\"article:published_time\" content=\"2010-05-03T09:55:39+00:00\" \/>\n<meta name=\"author\" content=\"Redazione Comunicati Stampa\" \/>\n<meta name=\"twitter:card\" content=\"summary_large_image\" \/>\n<meta name=\"twitter:label1\" content=\"Scritto da\" \/>\n\t<meta name=\"twitter:data1\" content=\"Redazione Comunicati Stampa\" \/>\n\t<meta name=\"twitter:label2\" content=\"Tempo di lettura stimato\" \/>\n\t<meta name=\"twitter:data2\" content=\"3 minuti\" \/>\n<script type=\"application\/ld+json\" class=\"yoast-schema-graph\">{\"@context\":\"https:\/\/schema.org\",\"@graph\":[{\"@type\":\"Article\",\"@id\":\"https:\/\/www.article-marketing.eu\/comunicati\/tempo-libero\/escursioni-e-gite-in-montagna-cosa-portare\/#article\",\"isPartOf\":{\"@id\":\"https:\/\/www.article-marketing.eu\/comunicati\/tempo-libero\/escursioni-e-gite-in-montagna-cosa-portare\/\"},\"author\":{\"name\":\"Redazione Comunicati Stampa\",\"@id\":\"https:\/\/www.article-marketing.eu\/comunicati\/#\/schema\/person\/44372e4d4d0fa797b18e03ed1ace9017\"},\"headline\":\"Escursioni e gite in montagna: cosa portare\",\"datePublished\":\"2010-05-03T09:55:39+00:00\",\"mainEntityOfPage\":{\"@id\":\"https:\/\/www.article-marketing.eu\/comunicati\/tempo-libero\/escursioni-e-gite-in-montagna-cosa-portare\/\"},\"wordCount\":527,\"commentCount\":0,\"articleSection\":[\"Tempo libero\"],\"inLanguage\":\"it-IT\",\"potentialAction\":[{\"@type\":\"CommentAction\",\"name\":\"Comment\",\"target\":[\"https:\/\/www.article-marketing.eu\/comunicati\/tempo-libero\/escursioni-e-gite-in-montagna-cosa-portare\/#respond\"]}]},{\"@type\":\"WebPage\",\"@id\":\"https:\/\/www.article-marketing.eu\/comunicati\/tempo-libero\/escursioni-e-gite-in-montagna-cosa-portare\/\",\"url\":\"https:\/\/www.article-marketing.eu\/comunicati\/tempo-libero\/escursioni-e-gite-in-montagna-cosa-portare\/\",\"name\":\"Escursioni e gite in montagna: cosa portare - Article Marketing\",\"isPartOf\":{\"@id\":\"https:\/\/www.article-marketing.eu\/comunicati\/#website\"},\"datePublished\":\"2010-05-03T09:55:39+00:00\",\"author\":{\"@id\":\"https:\/\/www.article-marketing.eu\/comunicati\/#\/schema\/person\/44372e4d4d0fa797b18e03ed1ace9017\"},\"breadcrumb\":{\"@id\":\"https:\/\/www.article-marketing.eu\/comunicati\/tempo-libero\/escursioni-e-gite-in-montagna-cosa-portare\/#breadcrumb\"},\"inLanguage\":\"it-IT\",\"potentialAction\":[{\"@type\":\"ReadAction\",\"target\":[\"https:\/\/www.article-marketing.eu\/comunicati\/tempo-libero\/escursioni-e-gite-in-montagna-cosa-portare\/\"]}]},{\"@type\":\"BreadcrumbList\",\"@id\":\"https:\/\/www.article-marketing.eu\/comunicati\/tempo-libero\/escursioni-e-gite-in-montagna-cosa-portare\/#breadcrumb\",\"itemListElement\":[{\"@type\":\"ListItem\",\"position\":1,\"name\":\"Home\",\"item\":\"https:\/\/www.article-marketing.eu\/comunicati\/\"},{\"@type\":\"ListItem\",\"position\":2,\"name\":\"Escursioni e gite in montagna: cosa portare\"}]},{\"@type\":\"WebSite\",\"@id\":\"https:\/\/www.article-marketing.eu\/comunicati\/#website\",\"url\":\"https:\/\/www.article-marketing.eu\/comunicati\/\",\"name\":\"Article Marketing\",\"description\":\"article marketing &amp; press release\",\"potentialAction\":[{\"@type\":\"SearchAction\",\"target\":{\"@type\":\"EntryPoint\",\"urlTemplate\":\"https:\/\/www.article-marketing.eu\/comunicati\/?s={search_term_string}\"},\"query-input\":{\"@type\":\"PropertyValueSpecification\",\"valueRequired\":true,\"valueName\":\"search_term_string\"}}],\"inLanguage\":\"it-IT\"},{\"@type\":\"Person\",\"@id\":\"https:\/\/www.article-marketing.eu\/comunicati\/#\/schema\/person\/44372e4d4d0fa797b18e03ed1ace9017\",\"name\":\"Redazione Comunicati Stampa\",\"image\":{\"@type\":\"ImageObject\",\"inLanguage\":\"it-IT\",\"@id\":\"https:\/\/www.article-marketing.eu\/comunicati\/#\/schema\/person\/image\/\",\"url\":\"https:\/\/secure.gravatar.com\/avatar\/50e5c6421d3072f42e7ace803501602c60d75233d34e29fd05feb91c8760b792?s=96&d=mm&r=g\",\"contentUrl\":\"https:\/\/secure.gravatar.com\/avatar\/50e5c6421d3072f42e7ace803501602c60d75233d34e29fd05feb91c8760b792?s=96&d=mm&r=g\",\"caption\":\"Redazione Comunicati Stampa\"},\"url\":\"https:\/\/www.article-marketing.eu\/comunicati\/author\/redazione-comunicati-stampa\/\"}]}<\/script>\n<!-- \/ Yoast SEO plugin. -->","yoast_head_json":{"title":"Escursioni e gite in montagna: cosa portare - Article Marketing","robots":{"index":"index","follow":"follow","max-snippet":"max-snippet:-1","max-image-preview":"max-image-preview:large","max-video-preview":"max-video-preview:-1"},"canonical":"https:\/\/www.article-marketing.eu\/comunicati\/tempo-libero\/escursioni-e-gite-in-montagna-cosa-portare\/","og_locale":"it_IT","og_type":"article","og_title":"Escursioni e gite in montagna: cosa portare - Article Marketing","og_description":"Primavera ed estate segnano la stagione delle gite: esperti e non si avventurano in passeggiate in mezzo alla natura, ma \u00e8 importante non dimenticare alcune cose fondamentali.","og_url":"https:\/\/www.article-marketing.eu\/comunicati\/tempo-libero\/escursioni-e-gite-in-montagna-cosa-portare\/","og_site_name":"Article Marketing","article_published_time":"2010-05-03T09:55:39+00:00","author":"Redazione Comunicati Stampa","twitter_card":"summary_large_image","twitter_misc":{"Scritto da":"Redazione Comunicati Stampa","Tempo di lettura stimato":"3 minuti"},"schema":{"@context":"https:\/\/schema.org","@graph":[{"@type":"Article","@id":"https:\/\/www.article-marketing.eu\/comunicati\/tempo-libero\/escursioni-e-gite-in-montagna-cosa-portare\/#article","isPartOf":{"@id":"https:\/\/www.article-marketing.eu\/comunicati\/tempo-libero\/escursioni-e-gite-in-montagna-cosa-portare\/"},"author":{"name":"Redazione Comunicati Stampa","@id":"https:\/\/www.article-marketing.eu\/comunicati\/#\/schema\/person\/44372e4d4d0fa797b18e03ed1ace9017"},"headline":"Escursioni e gite in montagna: cosa portare","datePublished":"2010-05-03T09:55:39+00:00","mainEntityOfPage":{"@id":"https:\/\/www.article-marketing.eu\/comunicati\/tempo-libero\/escursioni-e-gite-in-montagna-cosa-portare\/"},"wordCount":527,"commentCount":0,"articleSection":["Tempo libero"],"inLanguage":"it-IT","potentialAction":[{"@type":"CommentAction","name":"Comment","target":["https:\/\/www.article-marketing.eu\/comunicati\/tempo-libero\/escursioni-e-gite-in-montagna-cosa-portare\/#respond"]}]},{"@type":"WebPage","@id":"https:\/\/www.article-marketing.eu\/comunicati\/tempo-libero\/escursioni-e-gite-in-montagna-cosa-portare\/","url":"https:\/\/www.article-marketing.eu\/comunicati\/tempo-libero\/escursioni-e-gite-in-montagna-cosa-portare\/","name":"Escursioni e gite in montagna: cosa portare - Article Marketing","isPartOf":{"@id":"https:\/\/www.article-marketing.eu\/comunicati\/#website"},"datePublished":"2010-05-03T09:55:39+00:00","author":{"@id":"https:\/\/www.article-marketing.eu\/comunicati\/#\/schema\/person\/44372e4d4d0fa797b18e03ed1ace9017"},"breadcrumb":{"@id":"https:\/\/www.article-marketing.eu\/comunicati\/tempo-libero\/escursioni-e-gite-in-montagna-cosa-portare\/#breadcrumb"},"inLanguage":"it-IT","potentialAction":[{"@type":"ReadAction","target":["https:\/\/www.article-marketing.eu\/comunicati\/tempo-libero\/escursioni-e-gite-in-montagna-cosa-portare\/"]}]},{"@type":"BreadcrumbList","@id":"https:\/\/www.article-marketing.eu\/comunicati\/tempo-libero\/escursioni-e-gite-in-montagna-cosa-portare\/#breadcrumb","itemListElement":[{"@type":"ListItem","position":1,"name":"Home","item":"https:\/\/www.article-marketing.eu\/comunicati\/"},{"@type":"ListItem","position":2,"name":"Escursioni e gite in montagna: cosa portare"}]},{"@type":"WebSite","@id":"https:\/\/www.article-marketing.eu\/comunicati\/#website","url":"https:\/\/www.article-marketing.eu\/comunicati\/","name":"Article Marketing","description":"article marketing &amp; press release","potentialAction":[{"@type":"SearchAction","target":{"@type":"EntryPoint","urlTemplate":"https:\/\/www.article-marketing.eu\/comunicati\/?s={search_term_string}"},"query-input":{"@type":"PropertyValueSpecification","valueRequired":true,"valueName":"search_term_string"}}],"inLanguage":"it-IT"},{"@type":"Person","@id":"https:\/\/www.article-marketing.eu\/comunicati\/#\/schema\/person\/44372e4d4d0fa797b18e03ed1ace9017","name":"Redazione Comunicati Stampa","image":{"@type":"ImageObject","inLanguage":"it-IT","@id":"https:\/\/www.article-marketing.eu\/comunicati\/#\/schema\/person\/image\/","url":"https:\/\/secure.gravatar.com\/avatar\/50e5c6421d3072f42e7ace803501602c60d75233d34e29fd05feb91c8760b792?s=96&d=mm&r=g","contentUrl":"https:\/\/secure.gravatar.com\/avatar\/50e5c6421d3072f42e7ace803501602c60d75233d34e29fd05feb91c8760b792?s=96&d=mm&r=g","caption":"Redazione Comunicati Stampa"},"url":"https:\/\/www.article-marketing.eu\/comunicati\/author\/redazione-comunicati-stampa\/"}]}},"_links":{"self":[{"href":"https:\/\/www.article-marketing.eu\/comunicati\/wp-json\/wp\/v2\/posts\/4955","targetHints":{"allow":["GET"]}}],"collection":[{"href":"https:\/\/www.article-marketing.eu\/comunicati\/wp-json\/wp\/v2\/posts"}],"about":[{"href":"https:\/\/www.article-marketing.eu\/comunicati\/wp-json\/wp\/v2\/types\/post"}],"author":[{"embeddable":true,"href":"https:\/\/www.article-marketing.eu\/comunicati\/wp-json\/wp\/v2\/users\/10"}],"replies":[{"embeddable":true,"href":"https:\/\/www.article-marketing.eu\/comunicati\/wp-json\/wp\/v2\/comments?post=4955"}],"version-history":[{"count":0,"href":"https:\/\/www.article-marketing.eu\/comunicati\/wp-json\/wp\/v2\/posts\/4955\/revisions"}],"wp:attachment":[{"href":"https:\/\/www.article-marketing.eu\/comunicati\/wp-json\/wp\/v2\/media?parent=4955"}],"wp:term":[{"taxonomy":"category","embeddable":true,"href":"https:\/\/www.article-marketing.eu\/comunicati\/wp-json\/wp\/v2\/categories?post=4955"},{"taxonomy":"post_tag","embeddable":true,"href":"https:\/\/www.article-marketing.eu\/comunicati\/wp-json\/wp\/v2\/tags?post=4955"}],"curies":[{"name":"wp","href":"https:\/\/api.w.org\/{rel}","templated":true}]}}