{"id":4962,"date":"2010-05-03T15:26:53","date_gmt":"2010-05-03T13:26:53","guid":{"rendered":"http:\/\/www.article-marketing.eu\/comunicati\/senza-categoria\/un-weekend-di-primavera-in-val-di-fiemme\/"},"modified":"2010-05-03T15:26:53","modified_gmt":"2010-05-03T13:26:53","slug":"un-weekend-di-primavera-in-val-di-fiemme","status":"publish","type":"post","link":"https:\/\/www.article-marketing.eu\/comunicati\/viaggi-e-vacanze\/viaggi-e-turismo\/un-weekend-di-primavera-in-val-di-fiemme\/","title":{"rendered":"un weekend di primavera in Val di Fiemme"},"content":{"rendered":"<p>rigenerarsi nello spirito e nel corpo passeggiando sui prati verde smeraldo, tra i fiori appena sbocciati e &#8230;degustando specialit\u00e0 di montagna su tavoli di legno<\/p>\n<p>TRADIZIONE e GUSTO<br \/>Fiemme, la valle del gusto armonico<br \/>Una sinfonia di sapori genuini e atmosfere familiari <br \/>fra gli abeti di risonanza tanto cari a Stradivari<\/p>\n<p>In Val di Fiemme, fra le Dolomiti del Trentino, piccoli alberghi di charme, bed and breakfast, agritur, ristoranti e artigiani collaborano insieme al progetto \u201cTradizione e Gusto\u201d che si ispira ai principi della sostenibilit\u00e0, dei men\u00f9 chilometri zero e della riscoperta di antichi sapori e antichi saperi. <br \/>Nella valle degli abeti musicali, apprezzati dai liutai di tutto il mondo, \u00e8 nata cos\u00ec una sinfonia che esalta le unicit\u00e0 del territorio.&nbsp; <br \/>\u201cTradizione e gusto\u201d \u00e8 una proposta dedicata agli ospiti che cercano una vacanza autentica in strutture ricettive, quasi esclusivamente a gestione familiare, ricche di fascino e tradizione o che presentino i migliori requisiti di bioarchitettura. <br \/>Le produzioni tipiche di qualit\u00e0 che nascono in Val di Fiemme sono i formaggi, come il Caprino di Cavalese, lo speck e i salumi freschi o stagionati, il miele, le marmellate e i piccoli frutti, lo strudel di mele, la selvaggina, i funghi e la pregiata Birra di Fiemme. La genuinit\u00e0 della gastronomia fiemmese \u00e8 garantita dal rapporto diretto con i produttori, dall\u2019aria e dalle acque pulite della Val di Fiemme, dai tempi immediati di consegna degli alimenti e dalla volont\u00e0 di attingere dalla tradizione locale e dalle ricette di un tempo. <\/p>\n<p>OFFERTA SPECIALE:TRADIZIONE E GUSTO<br \/>Pausa golosa sulle Dolomiti<br \/>A partire da 229 euro, 3 notti in B&amp;B, Agritur e Hotel della Val di Fiemme. <br \/>Le quote includono: una cena in \u201cOsteria Tipica Trentina\u201d o &quot;Slow Food&quot; con menu degustazione a abbinamento vini trentini; una merenda golosa al Maso dello Speck con degustazione della Birra di Fiemme; una visita al caseificio di Predazzo per assaggiare il famoso \u201cPuzzone di Moena\u201d o al Caseificio di Cavalese per scoprire l\u2019ottimo Caprino; un\u2019escursione di nordic walking con istruttore (incluso noleggio attrezzatura). <\/p>\n<p>COSA ACQUISTARE<\/p>\n<p>LA BELLEZZA E\u2019 BIO <br \/>AL NATURALE<br \/>\u201cAl Naturale\u201d si rivolge a chi si avvicina con fiducia ai prodotti genuini e naturali per le pi\u00f9 diverse esigenze quotidiane. Per realizzare cosmetici naturali e integratori alimentari l\u2019azienda utilizza pregiati ingredienti come i mirtilli di montagna, le fragoline di bosco, il ribes nero, la rosa canina, il miele trentino da agricoltura biologica e tanti altri prodotti e piante officinali selezionate. \u201cAl Naturale\u201d propone la Linea viso al Mirtillo Trentino, la Linea corpo alla Mela Bio, la Linea alla Propoli, lo Sciroppo balsamico Pino Silvestre, i Mieli aromatizzati e tanti altri prodotti creati da esperti erboristi.<\/p>\n<p>Via Roma, 2\/A \u2022 38038 TESERO<br \/>Tel. 0462 814753<br \/><a href=\"http:\/\/www.alnaturale.com\">www.alnaturale.com<\/a> &#8211; info@alnaturale.com<\/p>\n<p>&nbsp;<\/p>\n<p>AZIENDA AGRICOLA VALAVERTA<br \/>Si occupa dell\u2019allevamento di capre Saanen e trasforma il latte in genuini e gustosi formaggi di capra, ricotta e yogurt.<br \/>Valaverta produce inoltre ottime confetture di piccoli frutti coltivati e raccolti in azienda, gelatine di fiori di sambuco da abbinare ai formaggi.<br \/>Fa parte della Comunit\u00e0 del cibo della Val di Fiemme a sua volta associata a Terra Madre.<br \/>Terra Madre riunisce tutti coloro che fanno parte della filiera alimentare per difendere insieme agricoltura, pesca e allevamento sostenibili e per preservare il gusto e la biodiversit\u00e0 del cibo.<\/p>\n<p>Via Cavelonte, 21 D \u2013 38030 PANCHI\u00c0<br \/>Tel. 338 3968495<br \/>www.valaverta.com &#8211; info@valaverta.com<\/p>\n<p>DOVE MANGIARE<\/p>\n<p>RISTORANTE COSTA SALICI<br \/>La cucina colorata dello chef Maurizio Tait \u00e8 priva di eccessi e respira aria di montagna. Questa Osteria Tipica del Trentino predilige i prodotti genuini della Val di Fiemme, accompagnati da vini trentini. I clienti sono accolti in una calda stube di legno di cirmolo. Molto apprezzate le praline croccanti di Caprino di Fiemme e le fettuccine della casa con finferli e speck.<br \/>Sorprende per l\u2019armonia di sapore del gelato al formaggio fresco Lagorai con pere Kaiser al Teroldego.<\/p>\n<p>Via Costa dei Salici, 10 &#8211; 38033 CAVALESE<br \/>Tel. 0462 340140<br \/>www.costasalici.com &#8211; info@costasalici.com<\/p>\n<p>RISTORANTE LA BERLOCCA<br \/>Ubicato in una vecchia \u201ccorte\u201d di Predazzo, il ristorante deve il suo nome al caratteristico pasto destinato alle truppe napoleoniche in guerra. La &quot;berlocca&quot; era il rullo del tamburo che annunciava i pasti ai soldati. I piatti sono serviti con maestria dalla cuoca Paola Bruzzone che, assieme al marito, gestisce l&#8217;attivit\u00e0. L\u2019ambiente, intimo e confortevole, rispecchia un grande amore per la tradizione e per il territorio. Fra i piatti di cucina tradizionale della Val di Fiemme, il filetto di salmerino in carpione leggero, da un\u2019antica ricetta di Tesero, e i canederli al formaggio Puzzone di Moena. Tutto rigorosamente realizzato in casa con materie prime selezionate e in grande parte provenienti da produttori della Val di Fiemme. <\/p>\n<p>Via Venezia, 10\/a &#8211; 38037 PREDAZZO<br \/>Tel.\/Fax&nbsp; 0462 502880<br \/>www.laberlocca.it &#8211; info@laberlocca.it<\/p>\n<p>RISTORANTE MI\u00d2LA<br \/>Situato su un pendio che domina Predazzo, il Ristorante Malga Miola propone un\u2019infinit\u00e0 di piatti tipici con specialit\u00e0 di selvaggina. Gustosissimi i suoi canederli ai funghi finferle. L\u2019ambiente \u00e8 molto accogliente e la sua terrazza permette di gustare la cucina tradizionale circondati da prati ed abeti. All\u2019ingresso un merlo saluta \u201ceducatamente\u201d i clienti. <\/p>\n<p>Localit\u00e0 Miola &#8211; 38033 PREDAZZO <br \/>Tel. 0462 501924<br \/>rist.miola@virgilio.it<\/p>\n<p>&nbsp;<\/p>\n<p>RISTORANTE CAPANNA PASSO VALLES<br \/>A quota 2.032, fra Predazzo e il passo Rolle si trova l\u2019indicazione per raggiungere il passo Valles, ambita meta escursionistica sul confine fra il Trentino e il Veneto. Qui si pu\u00f2 gustare la cucina tipica trentina del Ristorante Capanna Passo Valles. Antipasti di salumi, primi e secondi a base di formaggi, funghi e selvaggina, un ricco assortimento di dolci della casa e, per finire, una grappa aromatizzata dal gestore con le erbe raccolte d\u2019estate.<br \/>\u201cDa pi\u00f9 di settant\u2019anni la famiglia Cemin offre qui ospitalit\u00e0 ai viandanti&quot; si legge su una piccola targa all&#8217;esterno dei Rifugio.<br \/>Vicino al ristorante partono itinerari per il rifugio Volpi al Mulaz (2.571 m.slm.), per la bellissima Val Venegia, per il Lago e la Cima Juribrutto e persino per il Passo San Pellegrino (1.919 m.slm.).<\/p>\n<p>Passo Valles, 2 &#8211; 38054 Tonadico (TN) <br \/>Tel. 0437 599136 &#8211; 0437 599460<br \/>www.passovalles.com &#8211; info@passovalles.com <\/p>\n<p>RISTORANTE LA BAITA DI VARENA<br \/>Al Ristorante Bar Bed &amp; Breakfast La Baita si gustano raffinati piatti di cucina tipica trentina dai sapori particolarissimi delle erbe spontanee e delle variet\u00e0 pi\u00f9 ricercate di funghi. Da non perdere i prodotti caseari dei pascoli alpini della Val di Fiemme. <\/p>\n<p>La Baita &#8211; Localit\u00e0 Bancoline, 1 <br \/>38030 VARENA (Tn) &#8211; tel.\/fax 0462 230283 <br \/>info@ristorantelabaita.eu <br \/>www.ristorantelabaita.eu<\/p>\n<p>AGRITUR MASO LENA<br \/>Un paesaggio incontaminato fa da sfondo all\u2019agritur costruito interamente in legno di larice, pietra e porfido locale. L\u2019anima rurale pervade ogni locale, con pavimenti e arredamenti in legno massiccio e oggetti comunemente usati nell\u2019arte contadina di un tempo. Si contrappongono merletti e tessuti dal carattere tipicamente alpino. La famiglia Dellagiacoma dedica estrema attenzione alla cultura della buona tavola, proponendo quasi esclusivamente le materie prime del loro maso. Appetitosi piatti tipici sono serviti nell\u2019accogliente stube oppure nell\u2019originale sala ristorante adornata da avvolgenti tessiture.<br \/>A tavola si possono gustare diversi prodotti del maso fra cui la pasta fatta in casa, la carne, le salcicce di maiale prive di additivi, lo yogurt, il gelato, la tosella e altri formaggi, le mostarde di uva fragola, le marmellate ai piccoli frutti e il pane all\u2019aceto balsamico, alle spezie, alle noci, al rosmarino o alla ricotta. Fra i piatti pi\u00f9 golosi, il tris di primi con il gnoccone al rag\u00f9 di vitellone e burro fuso, il canederlo alla verza e le lasagne con radicchio e stracchino. Molto apprezzati anche il goulash con la carne del maso, la polenta, le patate \u201crostide\u201d, le grigliate e i dolci, fra cui lo strudel con la crema, la \u201cfortaia\u201d con la marmellata di mirtilli rossi e il gelato alla panna con i lamponi caldi.<br \/>Oltre all\u2019azienda zootecnica, la famiglia Dellagiacoma alleva il cavallo norico e dispone di alloggi per i cavalli. Le otto suite sono dotate di ogni confort e offrono una spettacolare vista sulla catena del Lagorai e sulla valle sottostante.<br \/>Si distinguono per gli arredi ricercati in ogni particolare. La suite del \u201ccarador\u201d e del \u201cbacan\u201d, oltre a quella del \u201cpastor\u201d e del \u201cboscer\u201d custodiscono oggetti utilizzati nel passato dal carrettiere, dal contadino, dal pastore e dal boscaiolo. <br \/>Originali le quattro junior suite che portano il nome di \u201cnigritella\u201d, \u201cstella alpina, \u201cfiocco di neve\u201d e \u201cgenziana\u201d. Compreso nel soggiorno c\u2019\u00e8 l\u2019opportunit\u00e0 di fare un giro in carrozza o con la slitta trainata da possenti cavalli di razza norica oppure un\u2019escursione con le racchette da neve.<\/p>\n<p>Localit\u00e0 L\u00f6ze &#8211; 38037 Predazzo (Tn) <br \/>Info: cell. 340 5923104<br \/>info@masolena.it<br \/>www.masolena.it<\/p>\n<p>SOSTE GOLOSE<\/p>\n<p>OSTARIA AL SANTO<br \/>La piccola enoteca wine-bar \u201cOsteria al Santo\u201d \u00e8 una cantina ristrutturata in una casa di Predazzo del 1640. L\u2019osteria, gestita da Giuseppe Torchietto, prende il nome da Sant\u2019Onofrio, protettore delle coppie, degli amori e delle cose perdute. Si direbbe che il Santo abbia protetto anche la sua statua, perduta in una discarica, poi recuperata e restaurata e, quindi, collocata all\u2019interno del locale. La sacralit\u00e0 di questo piccolo tempio del vino \u00e8 sottolineata dal pavimento realizzato con i vecchi marmi della chiesa di Predazzo. Nell\u2019enoteca si degustano i migliori vini trentini accompagnati da taglieri di salumi e formaggi della Val di Fiemme. I vini si possono acquistare al dettaglio.<\/p>\n<p>Vicolo Canopi 11 &#8211; 38037 PREDAZZO<br \/>Tel. 0462 501791<br \/>Cell. 348 4739649<\/p>\n<p>LA BIRRA DI FIEMME<br \/>La ricchezza di un\u2019acqua incontaminata e la passione di Stefano Gilmozzi hanno riprodotto quell\u2019antica alchimia che qui, per secoli, ha permesso di produrre una delle bevande pi\u00f9 dissetanti, naturali e sane che all\u2019uomo \u00e8 dato di creare: una birra unica, dal gusto pieno e ricercato.&nbsp;&nbsp;&nbsp;&nbsp;&nbsp; <br \/>Stefano Gilmozzi, che ha carpito i segreti dai mastri birrai altoatesini e tedeschi, produce una birra di qualit\u00e0, volutamente non pastorizzata e priva di conservanti e stabilizzanti, che riscopre le ricette della tradizione. La Birra di Fiemme \u00e8 venduta al dettaglio in diverse botteghe gastronomiche della Valle e si pu\u00f2 degustare alla birreria pizzeria Excelsior di Cavalese.<\/p>\n<p>Via Colonia, 60 &#8211; 38030 DAIANO<br \/>Tel. 0462 479147 &#8211; Cell. 338 8794727<br \/>www.birradifiemme.it &#8211; s.gilmozzi@birradifiemme.it<\/p>\n<p>IL MASO DI TITO SPECK<br \/>I prodotti del Maso Tito Speck si possono assaggiare e acquistare nello spaccio aziendale adiacente all\u2019agritur. Il maso si affaccia sull\u2019altopiano delle Ganzaie, sopra il paese di Daiano (1.300 m.slm), fra pascoli fioriti, larici e abeti. L\u2019agritur ha 60 coperti disposti intorno a un camino. D\u2019estate, i tavoli all\u2019aperto permettono di spaziare sui prati circostanti frequentati da cavalli norici, asini, pony, mucche e maiali.<br \/>Il Maso, oltre al tradizionale speck di famiglia, produce e vede al dettaglio fesa affumicata, salami, salami affumicati, pancetta, pancetta affumicata, w\u00fcrstel, coppa e speck di fesa.<br \/>Fra le specialit\u00e0 che si possono degustare in agritur, i canederli, la polenta, il gulasch e i crauti, accompagnati dai vini trentini e dalla Birra di Fiemme prodotta a Daiano. <\/p>\n<p>Pozze di Sopra, 2 &#8211; Loc.&nbsp; Ganzaie &#8211; 38030 DAIANO<br \/>Tel.\/Fax: 0462 342244<br \/>www.titospeck.it &#8211; info@titospeck.it<\/p>\n<p>LA MACELLERIA DAGOSTIN<br \/>La piccola azienda a conduzione familiare, nata nel 1983, \u00e8 specializzata nella produzione di carni e insaccati tipici provenienti da selezionate aziende agricole locali. Secondo le antiche tecniche di lavorazione che pap\u00e0 Vittorino ha insegnato al figlio Giuseppe, la Macelleria Dagostin propone la genuinit\u00e0 e il gusto del territorio attraverso speck, pancetta, coppa, guanciali, lucaniche, carr\u00e9, speck cotto, w\u00fcrstel e le gustose \u201clucaniche di capra\u201d. <\/p>\n<p>Sede negozi: <br \/>&#8211; Piazza Mercato, 1 &#8211; 38030 VARENA <br \/>&#8211; Via Roma 16 \u2022 38030 CASTELLO DI FIEMME <br \/>&#8211; Famiglia Cooperativa Via C. Battisti 21 &#8211; 38037 PREDAZZO<br \/>Tel. 0462 340422 &#8211; Fax 0462 235476 &#8211; Cell. 347 5990322<\/p>\n<p>Sede laboratorio di produzione:<br \/>Via Cantelger, 39\/A &#8211; 38030 VARENA <br \/>Tel.\/Fax 0462 235476 <br \/>www.dagostin.it &#8211; dagostin@dagostin.it <\/p>\n<p>IL CASEIFICIO SOCIALE VAL DI FIEMME &#8211; CAVALESE<br \/>Il Caseificio Sociale Val di Fiemme-Cavalese da pi\u00f9 di 40 anni produce formaggi senza l\u2019utilizzo di coloranti e conservanti. Il latte proviene da aziende agricole selezionate e controllate che alimentano il bestiame in modo tradizionale con il divieto di utilizzo di insilati e mangimi geneticamente modificati. Qui trovate lo spaccio con la vendita diretta di diversi prodotti: il Trentingrana, creato con solo latte, caglio e sale, il saporito Formae Val Fiemme, formaggio stagionato a latte crudo con fermenti naturali, il Fontal Cavalese, a latte pastorizzato dal sapore pi\u00f9 dolce e delicato, il famoso Caprino Cavalese (fresco o stagionato), prodotto con il latte di capra proveniente dagli allevamenti della Valle, la Ricotta, la Tosella, il Lagorai, il Lavaz\u00e9, il Misto Capra, il Nostrano semi-stagionato, la Caciotta e, nel periodo estivo, anche il Malga.<\/p>\n<p>Via Nazionale, 8 &#8211; 38033 CARANO<br \/>Tel. 0462 340284 &#8211; Fax 0462 340182<br \/>www.cascavalese.it &#8211; info@cascavalese.it<\/p>\n<p>&nbsp;<\/p>\n<p>APICOLTURA \u201cI DOLCI SAPORI DEL BOSCO\u201d<br \/>Oltre al millefiori, l\u2019apiticoltura di Castello di Fiemme propone i mieli di rododendro, acacia, castagno, tiglio, tarassaco, melata. Quest\u2019ultimo \u00e8 particolarmente pregiato perch\u00e9 \u00e8 ricco di sali minerali. Al contrario degli altri mieli, il miele di melata non viene prodotto con il nettare, ma con la linfa delle piante succhiato dalle api. Fra i dolci sapori anche quello del il miele integrale di favo, la pappa reale e il polline. L\u2019apicoltura offre degustazioni di miele e di altre delizie come la crema di nocciole e miele, la crema di pistacchio e miele e i vasetti di miele con mandorle, noci o nocciola.<\/p>\n<p>Castello di Fiemme<br \/>Cell. 329 0807952<br \/>www.idolcisaporidelbosco.info<\/p>\n<p>DOVE DORMIRE<br \/>AGRITUR MASO CORRADINI<br \/>Dal 1973 la famiglia Corradini si dedica all\u2019ospitalit\u00e0 agrituristica per offrire genuinit\u00e0 e cordialit\u00e0 secondo l\u2019antica tradizione della Val di Fiemme. L\u2019agritur Maso Corradini \u00e8&nbsp; il&nbsp; primo agriturismo ad ottenere la certificazione Ecolabel in Trentino-Alto Adige. Molti i prodotti dell\u2019azienda agricola annessa, ma la vera specialit\u00e0 \u00e8 data dalla coltivazione dei lamponi, cosa non del tutto facile a queste altitudini e climi. Nicol\u00f2 Corradini, assieme alla moglie Monica e ai tre figli, conducono i loro ospiti alla scoperta di questi frutti attraverso un giardino didattico, per indurre grandi e piccini ad acquisire consapevolezza, in modo facile e divertente, di ci\u00f2 che poi vanno a degustare. Una fattoria didattica permette di partecipare alla vita contadina del maso. <br \/>Otto le camere, ognuna delle quali porta il simbolo di un piccolo frutto di montagna, ricche di luce e con vista sulla catena del Lagorai. <br \/>Squisite le prime colazioni a base di dolci e prodotti biologici della casa, fra cui le torte e marmellate di lamponi coltivati nel giardino didattico.<\/p>\n<p>LA FATTORIA DIDATTICA<br \/>L\u2019agriturismo permette di conoscere da vicino la vita contadina, di partecipare alla fienagione con i tradizionali teli di lino o di osservare la mungitura e assaggiare il latte ancora tiepido. Oltre all\u2019allevamento di mucche nella fattoria vivono in libert\u00e0 capretti e agnellini.<br \/>IL GIARDINO DIDATTICO<br \/>Un percorso didattico invita a scoprire segreti dei piccoli frutti di Sant\u2019Orsola coltivati dall\u2019Agritur Maso Corradini. Nel giardino si incontrano piantine di ribes bianco e rosso, lampone selvatico, lampone bianco, lampone rifiorente, more, fragoline di bosco e altre specie di fragole, fra cui le autoctone. Accanto a ogni pianta sono state collocate tabelle illustrative. Sul terreno alcuni vetrini permettono di osservare come si sviluppano le radici. Al termine del percorso Nicol\u00f2 Corradini illustra i segreti della coltivazione, invitando i presenti a degustare qualche frutto, raccogliendolo direttamente dalla pianta. E\u2019 possibile anche scoprire le meraviglie dell\u2019orto del maso.<\/p>\n<p>Via Milano, 28 &#8211; 38030 CASTELLO DI FIEMME<br \/>Tel.\/Fax 0462 231010 &#8211; Cell. 328 3622170 &#8211; 331 3705360<br \/>www.agriturismocorradini.it &#8211; info@agriturismocorradini.it<\/p>\n<p>&nbsp;<\/p>\n<p>AGRITUR MASO PERTICA<br \/>Il biologico \u00e8 di casa all\u2019Agritur Maso Pertica, a Castello di Fiemme, specializzato in formaggi e carni di capra che trovano valore in una cucina semplice, autentica ma spesso originale nella forma grazie alla fantasia di mamma Marina. Sette le stanze, ognuna con nomi di fiori di montagna, nella maggior parte dei casi adatte a famiglie con bambini e in due casi per ospiti diversamente abili. <br \/>Il Maso Pertica \u00e8 edificato secondo i criteri di Casaclima, con legno d\u2019abete della Val di Fiemme, larice, cirmolo e pietra locale. Fra gli inquilini della fattoria dell\u2019Agritur: 100 capre, 30 pecore, 20 galline, 15 conigli, un cavallo, una mucca, un asino. L\u2019Agritur permette agli ospiti di assistere alla mungitura e ai lavori del piccolo caseificio che produce caciotte di capra. La cucina, semplice e genuina, propone la preparazione dei piatti tipici trentini utilizzando uova fresche, formaggio, lucanica, violino di capra, capretto e agnello, ortaggi, miele o prodotti dal maso o da altre aziende agricole trentine. <\/p>\n<p>Via Stazione, 9 &#8211; 38030 Castello di Fiemme<br \/>Tel. 0462 232370 &#8211; Cell. 3405691234<br \/>info@masopertica.it &#8211; www.masopertica.it<\/p>\n<p>AGRITUR PIAN RESTEL<br \/>Sorge in un luogo ideale per gli amanti della tranquillit\u00e0 e della natura.<br \/>L\u2019azienda agricola-agrituristica con allevamento di bovini \u00e8 espressione della tradizione contadina fiemmese. E\u2019 facilmente raggiungibile, si trova ad 1 Km dal centro di Cavalese e a 800 m dagli impianti dell\u2019Alpe Cermis.<br \/>Offre ai suoi ospiti un trattamento familiare, assicurando il massimo relax e grande professionalit\u00e0.<br \/>L\u2019Agritur Pian Restel propone servizio di camera e prima colazione con la possibilit\u00e0, su prenotazione, di ristorazione proponendo una cucina casalinga a base di prodotti tipici trentini.<\/p>\n<p>Via Gastaldo \u2013 38033 Cavalese<br \/>Tel. 0462 340960<br \/>www.agriturpianrestel.com<\/p>\n<p>GARN\u00cc LAURINO***<br \/>Palazzo storico del 1600, recentemente rinnovato, nel centro di Cavalese, ma in una posizione di assoluta tranquillit\u00e0 perch\u00e9 circondato da verde e ampio giardino. <br \/>Situato in una posizione strategica per assistere alle manifestazioni pi\u00f9 importanti sia d\u2019inverno sia d\u2019estate (Marcialonga, Processo alle streghe, concerti, sfilate), dispone di stanze arredate in stile tirolese, antico e moderno. La prima colazione viene servita in una sala di notevole pregio. Il buffet della prima colazione comprende diversi prodotti biologici, pane e dolci di propria produzione.<br \/>Il garn\u00ec \u00e8 aperto tutto l\u2019anno. Offerte speciali per il fuori stagione.<\/p>\n<p>Via Antoniazzi, 4 &#8211; 38033 CAVALESE<br \/>Tel. 0462 340151 &#8211; Fax 0462 239912<br \/>www.hotelgarnilaurino.it &#8211; info@hotelgarnilaurino.it<\/p>\n<p>&nbsp;<\/p>\n<p>AGRITUR DARIAL<br \/>L\u2019Agritur Darial offre ai suoi ospiti una vacanza a stretto contatto con la natura, in una calda e familiare atmosfera. La formica, l&#8217;ape, la chiocciola sono alcuni nomi delle camere arredate con il legno della Val di Fiemme. Sono tutte dotate di bagno, telefono, tv sat, phon e quasi tutte con il balcone. L\u2019agritur offre un giardino e uno spazio interno per i bimbi e una zona salute con sauna finlandese, bagno turco e vasca idromassaggio a due posti. Sono organizzate escursioni a piedi o in bici per esplorare i dintorni, per accogliere funghi o per assaporare i mirtilli che punteggiano i prati.<\/p>\n<p>Via Cavada, 61 &#8211; 38038 TESERO<br \/>Tel. 0462 814705 &#8211; Fax 0462 814084<br \/>www.agriturdarial.it &#8211; info@agriturdarial.it<\/p>\n<p>CASTELIR SUITE HOTEL****S<br \/>Il Suite Hotel Castelir, in legno ecologico certificato, ha sette camere (quindici posti). Dalla doppia con soppalco-soggiorno per chi ha bisogno di spazio o arriva con amici, alla suite con salotto per famiglie: camera matrimoniale, cameretta bambini al piano superiore e vasca jacuzzi nel centro della stanza. Una splendida piscina riscaldata si insinua nel prato circondato da abeti. Il centro benessere offre anche il bagno turco, l\u2019idromassaggio, una palestra e percorsi di benessere fra i boschi in compagnia di un operatore shatsu.<\/p>\n<p>Via Nazionale &#8211; 38030 PANCHI\u00c0<br \/>Tel. 0462 810001 &#8211; Fax 0462 812656 &#8211; Cell. 348 3180918<br \/>www.castelir.it &#8211; info@castelir.it<\/p>\n<p>B&amp;B ROSE DI BOSCO<br \/>Il b&amp;b Rose di Bosco, completamente ristrutturato \u00e8 situato in una zona tranquilla, nel centro di Predazzo, vicino a graziose passeggiate nel \u201cBosco Fontana\u201d.<br \/>L\u2019arredamento, in stile \u201ctirolese\u201d con mobili in legno massiccio, \u00e8 stato rifinito dal gusto di Danila, Eliana e Giuliana attraverso un\u2019elegante uso di fiori secchi, quadri antichi e altri suppellettili della tradizione locale che creano un\u2019atmosfera accogliente e di assoluto relax. Un ampio balcone adornato da rossi gerani permette di godersi il sole dalle prime ore del mattino al tramonto.<\/p>\n<p>Via Saronch, 16 &#8211; 38037 PREDAZZO<br \/>Tel 0462 501426 &#8211; Cell. 333 5264466<br \/>www.rosedibosco.it &#8211; info@rosedibosco.it<\/p>\n<p>AGRITUR FIOR DI BOSCO<br \/>Nel cuore del paesaggio montano del comune di Valfloriana, accoglie in un&#8217;atmosfera familiare l&#8217;agritur &quot;Fior di Bosco&quot;. A tavola si gustano i prodotti genuini dell\u2019azienda agricola a ciclo chiuso. Formaggi freschi o stagionati e salumi, da agricoltura biologica, provengono dagli allevamenti dell\u2019Agritur dei bovini di razza grigio alpina, presidio Slow Food. Gli ospiti possono assistere e partecipare alla lavorazione del latte. Nello spaccio dell\u2019Agritur \u00e8 possibile acquistare i prodotti caseari. Qui le mucche sono curate e coccolate con rimedi naturali e Fiori di Bach. <br \/>Negli ultimi due anni le 15 mucche da latte hanno partorito solo femmine. Cos\u00ec attualmente la stalle ospita anche 30 manze da allevamento. Ospiti dell\u2019agritur anche tre cavalli avelignesi e cinque maiali. Questi ultimi si cibano degli scarti della lavorazione del latte con aggiunta di cereali. <\/p>\n<p>Frazione Sicina, 55 &#8211; Loc. Comuni &#8211; 38040 VALFLORIANA<br \/>Tel.\/Fax 0462 910002 &#8211; Cell. 329 0125349<br \/>www.agriturfiordibosco.com \u2013 info@agriturfiordibosco.com<\/p>\n<p>&nbsp;<\/p>\n<p>PRENOTA LA TUA VACANZA: Apt Val di Fiemme, tel. 0462 341419 &#8211; 0462 241111; booking@visitfiemme.it; Guarda la WEB TV della Val di Fiemme su www.visitfiemme.it<\/p>\n","protected":false},"excerpt":{"rendered":"<p>rigenerarsi nello spirito e nel corpo passeggiando sui prati verde smeraldo, tra i fiori appena sbocciati e &#8230;degustando specialit\u00e0 di montagna su tavoli di legno<\/p>\n","protected":false},"author":10,"featured_media":0,"comment_status":"open","ping_status":"open","sticky":false,"template":"","format":"standard","meta":{"cybocfi_hide_featured_image":"","footnotes":""},"categories":[2],"tags":[14187,14186,3362,334,1176,5618,598,1173],"class_list":["post-4962","post","type-post","status-publish","format-standard","hentry","category-viaggi-e-turismo","tag-dolomiti","tag-fiemme","tag-gastronomia","tag-montagna","tag-relax","tag-trentino","tag-vacanza","tag-weekend"],"yoast_head":"<!-- This site is optimized with the Yoast SEO plugin v27.0 - https:\/\/yoast.com\/product\/yoast-seo-wordpress\/ -->\n<title>un weekend di primavera in Val di Fiemme - Article Marketing<\/title>\n<meta name=\"robots\" content=\"index, follow, max-snippet:-1, max-image-preview:large, max-video-preview:-1\" \/>\n<link rel=\"canonical\" href=\"https:\/\/www.article-marketing.eu\/comunicati\/viaggi-e-vacanze\/viaggi-e-turismo\/un-weekend-di-primavera-in-val-di-fiemme\/\" \/>\n<meta property=\"og:locale\" content=\"it_IT\" \/>\n<meta property=\"og:type\" content=\"article\" \/>\n<meta property=\"og:title\" content=\"un weekend di primavera in Val di Fiemme - Article Marketing\" \/>\n<meta property=\"og:description\" content=\"rigenerarsi nello spirito e nel corpo passeggiando sui prati verde smeraldo, tra i fiori appena sbocciati e ...degustando specialit\u00e0 di montagna su tavoli di legno\" \/>\n<meta property=\"og:url\" content=\"https:\/\/www.article-marketing.eu\/comunicati\/viaggi-e-vacanze\/viaggi-e-turismo\/un-weekend-di-primavera-in-val-di-fiemme\/\" \/>\n<meta property=\"og:site_name\" content=\"Article Marketing\" \/>\n<meta property=\"article:published_time\" content=\"2010-05-03T13:26:53+00:00\" \/>\n<meta name=\"author\" content=\"Redazione Comunicati Stampa\" \/>\n<meta name=\"twitter:card\" content=\"summary_large_image\" \/>\n<meta name=\"twitter:label1\" content=\"Scritto da\" \/>\n\t<meta name=\"twitter:data1\" content=\"Redazione Comunicati Stampa\" \/>\n\t<meta name=\"twitter:label2\" content=\"Tempo di lettura stimato\" \/>\n\t<meta name=\"twitter:data2\" content=\"17 minuti\" \/>\n<script type=\"application\/ld+json\" class=\"yoast-schema-graph\">{\"@context\":\"https:\/\/schema.org\",\"@graph\":[{\"@type\":\"Article\",\"@id\":\"https:\/\/www.article-marketing.eu\/comunicati\/viaggi-e-vacanze\/viaggi-e-turismo\/un-weekend-di-primavera-in-val-di-fiemme\/#article\",\"isPartOf\":{\"@id\":\"https:\/\/www.article-marketing.eu\/comunicati\/viaggi-e-vacanze\/viaggi-e-turismo\/un-weekend-di-primavera-in-val-di-fiemme\/\"},\"author\":{\"name\":\"Redazione Comunicati Stampa\",\"@id\":\"https:\/\/www.article-marketing.eu\/comunicati\/#\/schema\/person\/44372e4d4d0fa797b18e03ed1ace9017\"},\"headline\":\"un weekend di primavera in Val di Fiemme\",\"datePublished\":\"2010-05-03T13:26:53+00:00\",\"mainEntityOfPage\":{\"@id\":\"https:\/\/www.article-marketing.eu\/comunicati\/viaggi-e-vacanze\/viaggi-e-turismo\/un-weekend-di-primavera-in-val-di-fiemme\/\"},\"wordCount\":3424,\"commentCount\":0,\"keywords\":[\"dolomiti\",\"fiemme\",\"gastronomia\",\"montagna\",\"relax\",\"Trentino\",\"vacanza\",\"weekend\"],\"articleSection\":[\"Viaggi e Turismo\"],\"inLanguage\":\"it-IT\",\"potentialAction\":[{\"@type\":\"CommentAction\",\"name\":\"Comment\",\"target\":[\"https:\/\/www.article-marketing.eu\/comunicati\/viaggi-e-vacanze\/viaggi-e-turismo\/un-weekend-di-primavera-in-val-di-fiemme\/#respond\"]}]},{\"@type\":\"WebPage\",\"@id\":\"https:\/\/www.article-marketing.eu\/comunicati\/viaggi-e-vacanze\/viaggi-e-turismo\/un-weekend-di-primavera-in-val-di-fiemme\/\",\"url\":\"https:\/\/www.article-marketing.eu\/comunicati\/viaggi-e-vacanze\/viaggi-e-turismo\/un-weekend-di-primavera-in-val-di-fiemme\/\",\"name\":\"un weekend di primavera in Val di Fiemme - Article Marketing\",\"isPartOf\":{\"@id\":\"https:\/\/www.article-marketing.eu\/comunicati\/#website\"},\"datePublished\":\"2010-05-03T13:26:53+00:00\",\"author\":{\"@id\":\"https:\/\/www.article-marketing.eu\/comunicati\/#\/schema\/person\/44372e4d4d0fa797b18e03ed1ace9017\"},\"breadcrumb\":{\"@id\":\"https:\/\/www.article-marketing.eu\/comunicati\/viaggi-e-vacanze\/viaggi-e-turismo\/un-weekend-di-primavera-in-val-di-fiemme\/#breadcrumb\"},\"inLanguage\":\"it-IT\",\"potentialAction\":[{\"@type\":\"ReadAction\",\"target\":[\"https:\/\/www.article-marketing.eu\/comunicati\/viaggi-e-vacanze\/viaggi-e-turismo\/un-weekend-di-primavera-in-val-di-fiemme\/\"]}]},{\"@type\":\"BreadcrumbList\",\"@id\":\"https:\/\/www.article-marketing.eu\/comunicati\/viaggi-e-vacanze\/viaggi-e-turismo\/un-weekend-di-primavera-in-val-di-fiemme\/#breadcrumb\",\"itemListElement\":[{\"@type\":\"ListItem\",\"position\":1,\"name\":\"Home\",\"item\":\"https:\/\/www.article-marketing.eu\/comunicati\/\"},{\"@type\":\"ListItem\",\"position\":2,\"name\":\"un weekend di primavera in Val di Fiemme\"}]},{\"@type\":\"WebSite\",\"@id\":\"https:\/\/www.article-marketing.eu\/comunicati\/#website\",\"url\":\"https:\/\/www.article-marketing.eu\/comunicati\/\",\"name\":\"Article Marketing\",\"description\":\"article marketing &amp; press release\",\"potentialAction\":[{\"@type\":\"SearchAction\",\"target\":{\"@type\":\"EntryPoint\",\"urlTemplate\":\"https:\/\/www.article-marketing.eu\/comunicati\/?s={search_term_string}\"},\"query-input\":{\"@type\":\"PropertyValueSpecification\",\"valueRequired\":true,\"valueName\":\"search_term_string\"}}],\"inLanguage\":\"it-IT\"},{\"@type\":\"Person\",\"@id\":\"https:\/\/www.article-marketing.eu\/comunicati\/#\/schema\/person\/44372e4d4d0fa797b18e03ed1ace9017\",\"name\":\"Redazione Comunicati Stampa\",\"image\":{\"@type\":\"ImageObject\",\"inLanguage\":\"it-IT\",\"@id\":\"https:\/\/www.article-marketing.eu\/comunicati\/#\/schema\/person\/image\/\",\"url\":\"https:\/\/secure.gravatar.com\/avatar\/50e5c6421d3072f42e7ace803501602c60d75233d34e29fd05feb91c8760b792?s=96&d=mm&r=g\",\"contentUrl\":\"https:\/\/secure.gravatar.com\/avatar\/50e5c6421d3072f42e7ace803501602c60d75233d34e29fd05feb91c8760b792?s=96&d=mm&r=g\",\"caption\":\"Redazione Comunicati Stampa\"},\"url\":\"https:\/\/www.article-marketing.eu\/comunicati\/author\/redazione-comunicati-stampa\/\"}]}<\/script>\n<!-- \/ Yoast SEO plugin. -->","yoast_head_json":{"title":"un weekend di primavera in Val di Fiemme - Article Marketing","robots":{"index":"index","follow":"follow","max-snippet":"max-snippet:-1","max-image-preview":"max-image-preview:large","max-video-preview":"max-video-preview:-1"},"canonical":"https:\/\/www.article-marketing.eu\/comunicati\/viaggi-e-vacanze\/viaggi-e-turismo\/un-weekend-di-primavera-in-val-di-fiemme\/","og_locale":"it_IT","og_type":"article","og_title":"un weekend di primavera in Val di Fiemme - Article Marketing","og_description":"rigenerarsi nello spirito e nel corpo passeggiando sui prati verde smeraldo, tra i fiori appena sbocciati e ...degustando specialit\u00e0 di montagna su tavoli di legno","og_url":"https:\/\/www.article-marketing.eu\/comunicati\/viaggi-e-vacanze\/viaggi-e-turismo\/un-weekend-di-primavera-in-val-di-fiemme\/","og_site_name":"Article Marketing","article_published_time":"2010-05-03T13:26:53+00:00","author":"Redazione Comunicati Stampa","twitter_card":"summary_large_image","twitter_misc":{"Scritto da":"Redazione Comunicati Stampa","Tempo di lettura stimato":"17 minuti"},"schema":{"@context":"https:\/\/schema.org","@graph":[{"@type":"Article","@id":"https:\/\/www.article-marketing.eu\/comunicati\/viaggi-e-vacanze\/viaggi-e-turismo\/un-weekend-di-primavera-in-val-di-fiemme\/#article","isPartOf":{"@id":"https:\/\/www.article-marketing.eu\/comunicati\/viaggi-e-vacanze\/viaggi-e-turismo\/un-weekend-di-primavera-in-val-di-fiemme\/"},"author":{"name":"Redazione Comunicati Stampa","@id":"https:\/\/www.article-marketing.eu\/comunicati\/#\/schema\/person\/44372e4d4d0fa797b18e03ed1ace9017"},"headline":"un weekend di primavera in Val di Fiemme","datePublished":"2010-05-03T13:26:53+00:00","mainEntityOfPage":{"@id":"https:\/\/www.article-marketing.eu\/comunicati\/viaggi-e-vacanze\/viaggi-e-turismo\/un-weekend-di-primavera-in-val-di-fiemme\/"},"wordCount":3424,"commentCount":0,"keywords":["dolomiti","fiemme","gastronomia","montagna","relax","Trentino","vacanza","weekend"],"articleSection":["Viaggi e Turismo"],"inLanguage":"it-IT","potentialAction":[{"@type":"CommentAction","name":"Comment","target":["https:\/\/www.article-marketing.eu\/comunicati\/viaggi-e-vacanze\/viaggi-e-turismo\/un-weekend-di-primavera-in-val-di-fiemme\/#respond"]}]},{"@type":"WebPage","@id":"https:\/\/www.article-marketing.eu\/comunicati\/viaggi-e-vacanze\/viaggi-e-turismo\/un-weekend-di-primavera-in-val-di-fiemme\/","url":"https:\/\/www.article-marketing.eu\/comunicati\/viaggi-e-vacanze\/viaggi-e-turismo\/un-weekend-di-primavera-in-val-di-fiemme\/","name":"un weekend di primavera in Val di Fiemme - Article Marketing","isPartOf":{"@id":"https:\/\/www.article-marketing.eu\/comunicati\/#website"},"datePublished":"2010-05-03T13:26:53+00:00","author":{"@id":"https:\/\/www.article-marketing.eu\/comunicati\/#\/schema\/person\/44372e4d4d0fa797b18e03ed1ace9017"},"breadcrumb":{"@id":"https:\/\/www.article-marketing.eu\/comunicati\/viaggi-e-vacanze\/viaggi-e-turismo\/un-weekend-di-primavera-in-val-di-fiemme\/#breadcrumb"},"inLanguage":"it-IT","potentialAction":[{"@type":"ReadAction","target":["https:\/\/www.article-marketing.eu\/comunicati\/viaggi-e-vacanze\/viaggi-e-turismo\/un-weekend-di-primavera-in-val-di-fiemme\/"]}]},{"@type":"BreadcrumbList","@id":"https:\/\/www.article-marketing.eu\/comunicati\/viaggi-e-vacanze\/viaggi-e-turismo\/un-weekend-di-primavera-in-val-di-fiemme\/#breadcrumb","itemListElement":[{"@type":"ListItem","position":1,"name":"Home","item":"https:\/\/www.article-marketing.eu\/comunicati\/"},{"@type":"ListItem","position":2,"name":"un weekend di primavera in Val di Fiemme"}]},{"@type":"WebSite","@id":"https:\/\/www.article-marketing.eu\/comunicati\/#website","url":"https:\/\/www.article-marketing.eu\/comunicati\/","name":"Article Marketing","description":"article marketing &amp; press release","potentialAction":[{"@type":"SearchAction","target":{"@type":"EntryPoint","urlTemplate":"https:\/\/www.article-marketing.eu\/comunicati\/?s={search_term_string}"},"query-input":{"@type":"PropertyValueSpecification","valueRequired":true,"valueName":"search_term_string"}}],"inLanguage":"it-IT"},{"@type":"Person","@id":"https:\/\/www.article-marketing.eu\/comunicati\/#\/schema\/person\/44372e4d4d0fa797b18e03ed1ace9017","name":"Redazione Comunicati Stampa","image":{"@type":"ImageObject","inLanguage":"it-IT","@id":"https:\/\/www.article-marketing.eu\/comunicati\/#\/schema\/person\/image\/","url":"https:\/\/secure.gravatar.com\/avatar\/50e5c6421d3072f42e7ace803501602c60d75233d34e29fd05feb91c8760b792?s=96&d=mm&r=g","contentUrl":"https:\/\/secure.gravatar.com\/avatar\/50e5c6421d3072f42e7ace803501602c60d75233d34e29fd05feb91c8760b792?s=96&d=mm&r=g","caption":"Redazione Comunicati Stampa"},"url":"https:\/\/www.article-marketing.eu\/comunicati\/author\/redazione-comunicati-stampa\/"}]}},"_links":{"self":[{"href":"https:\/\/www.article-marketing.eu\/comunicati\/wp-json\/wp\/v2\/posts\/4962","targetHints":{"allow":["GET"]}}],"collection":[{"href":"https:\/\/www.article-marketing.eu\/comunicati\/wp-json\/wp\/v2\/posts"}],"about":[{"href":"https:\/\/www.article-marketing.eu\/comunicati\/wp-json\/wp\/v2\/types\/post"}],"author":[{"embeddable":true,"href":"https:\/\/www.article-marketing.eu\/comunicati\/wp-json\/wp\/v2\/users\/10"}],"replies":[{"embeddable":true,"href":"https:\/\/www.article-marketing.eu\/comunicati\/wp-json\/wp\/v2\/comments?post=4962"}],"version-history":[{"count":0,"href":"https:\/\/www.article-marketing.eu\/comunicati\/wp-json\/wp\/v2\/posts\/4962\/revisions"}],"wp:attachment":[{"href":"https:\/\/www.article-marketing.eu\/comunicati\/wp-json\/wp\/v2\/media?parent=4962"}],"wp:term":[{"taxonomy":"category","embeddable":true,"href":"https:\/\/www.article-marketing.eu\/comunicati\/wp-json\/wp\/v2\/categories?post=4962"},{"taxonomy":"post_tag","embeddable":true,"href":"https:\/\/www.article-marketing.eu\/comunicati\/wp-json\/wp\/v2\/tags?post=4962"}],"curies":[{"name":"wp","href":"https:\/\/api.w.org\/{rel}","templated":true}]}}