{"id":49638,"date":"2015-10-23T22:44:45","date_gmt":"2015-10-23T20:44:45","guid":{"rendered":"http:\/\/www.article-marketing.eu\/comunicati\/senza-categoria\/le-malattie-della-pelle-come-curarle\/"},"modified":"2015-10-23T22:44:45","modified_gmt":"2015-10-23T20:44:45","slug":"le-malattie-della-pelle-come-curarle","status":"publish","type":"post","link":"https:\/\/www.article-marketing.eu\/comunicati\/salute-e-benessere\/medicina\/le-malattie-della-pelle-come-curarle\/","title":{"rendered":"Le malattie della pelle: come curarle"},"content":{"rendered":"<p>Molte persone soffrono di psoriasi e probabilmente solo alcune di esse sanno riconoscerla continuando ad usare i cosmetici, soprattutto le donne, come se nulla fosse.<br \/>La psoriasi &egrave; una malattia della pelle che si presenta con dei punti rossi e delle squame bianche e pu&ograve; riguardare il viso, il cuoio capelluto, le mani ecc. Di solito si manifesta perch&eacute; di base vi sono problemi di metabolismo, il morbo di Crohn o altre malattie. Essendo le donne pi&ugrave; inclini per ovvie ragioni all&#8217;uso dei cosmetici, smesso non rendendosi conto della situazione, continuano a spargere sul viso creme o trucchi, peggiorando la situazione. La psoriasi pu&ograve; essere davvero molto fastidiosa e, per questo motivo, va sempre contattato un dermatologo che possa dare il giusto consiglio e di conseguenza le giuste cure. Per curare questa malattia e per tante altre tipologie di cure della pelle e di tipo estetico, ci si pu&ograve; rivolgere al <strong>centro estetico Maison 22 Esthetique<\/strong>, il <strong><a href=\"http:\/\/www.maison22esthetique.it\/\">centro estetico a Verona<\/a><\/strong> ideale per chi &egrave; alla ricerca dei migliori trattamenti estetici nella citt&agrave; scaligera.<br \/>Quello che da parte nostra possiamo fare &egrave; iniziare a fare attenzione al tipo di creme e trucchi che compriamo e, di conseguenza,seguire un&#8217;accurata pulizia oltre che avere un&#8217;alimentazione sana. Spesso compriamo shampoo in offerta o trucchi di una variet&agrave; infinita di colori o semplicemente bagnoschiuma e creme per l&#8217;ottimo odore e la buona consistenza che hanno. E questo pu&ograve; essere lecito. In ogni caso e soprattutto in soggetti affetti da psoriasi, &egrave; ottima abitudine controllare sempre le etichette e rivolgersi sempre a <strong>centri estetici a Verona<\/strong> di qualit&agrave; e con ottime estetiste. Gli studi dimostrano che questa malattia peggiora se la pelle non respira. Molti prodotti contengono siliconi (per esempio tutti i prodotti waterproof) e, facendo da &ldquo;collante&rdquo; per resistere tante ore, creano una sorta di maschera che di sicuro non permette di lasciar respirare la pelle.<br \/>&Egrave; opportuno perci&ograve;, specialmente adesso che anche in Italia si stanno diffondendo sempre pi&ugrave;, andare alla ricerca di prodotti bio. I prodotti naturali, sebbene ancora in fase di sviluppo in merito a nuanche o variet&agrave; di ogni genere, sono non solo una soluzione in caso di psoriasi, ma dovrebbero anche essere usati dai soggetti completamente sani. Il make up naturale &egrave; sempre un&#8217;ottima soluzione non solo per salvaguardare l&#8217;ambiente, ma anche e soprattutto per chi non vuole rinunciare a creme e trucchi anche in caso di malattie della pelle di questo tipo. Un altro consiglio &egrave; quello di non esagerare. Non riempiamo il nostro viso di cosmetici ogni giorno e provvediamo sempre all&#8217;eliminazione completa di essi prima di andare a dormire.<br \/>La pelle, soprattutto quella del viso, ha bisogno di respirare, di essere idratata ma non ostruita. Facciamo attenzione a queste piccole cose e, se abbiamo dei dubbi in merito, rivolgiamoci al medico che sapr&agrave; di sicuro cosa &egrave; meglio fare e in che modo. In base alle proprie preferenze, in genere un tocco che non deve mancare &egrave; il mascara. Il nero &egrave; il colore perfetto e va applicato solo sulle ciglia superiori per rendere l&#8217;occhio pi&ugrave; sexy e infoltire le sopracciglia. Evitare l&#8217;applicazione nella parte inferiore, perch&eacute; si crea soltanto confusione. Puntiamo al mascara volumizzante e cerchiamo di evitare invece quello allungante se le nostre ciglia hanno gi&agrave; una notevole misura e curvatura!<\/p>\n","protected":false},"excerpt":{"rendered":"<p>Curare le principali malattie della pelle richiede particolare attenzione ed esperienza, ecco perch\u00e8 \u00e8 consigliabile rivolgersi ad estetiste esperte che possano effettivamente aiutare la cura. A Verona ci si pu\u00f2 rivolgere al centro estetico Maison 22 Esthetique.<\/p>\n","protected":false},"author":10,"featured_media":0,"comment_status":"open","ping_status":"open","sticky":false,"template":"","format":"standard","meta":{"cybocfi_hide_featured_image":"","footnotes":""},"categories":[70],"tags":[52875],"class_list":["post-49638","post","type-post","status-publish","format-standard","hentry","category-medicina","tag-centro-estetico-verona"],"yoast_head":"<!-- This site is optimized with the Yoast SEO plugin v27.0 - https:\/\/yoast.com\/product\/yoast-seo-wordpress\/ -->\n<title>Le malattie della pelle: come curarle - Article Marketing<\/title>\n<meta name=\"robots\" content=\"index, follow, max-snippet:-1, max-image-preview:large, max-video-preview:-1\" \/>\n<link rel=\"canonical\" href=\"https:\/\/www.article-marketing.eu\/comunicati\/salute-e-benessere\/medicina\/le-malattie-della-pelle-come-curarle\/\" \/>\n<meta property=\"og:locale\" content=\"it_IT\" \/>\n<meta property=\"og:type\" content=\"article\" \/>\n<meta property=\"og:title\" content=\"Le malattie della pelle: come curarle - Article Marketing\" \/>\n<meta property=\"og:description\" content=\"Curare le principali malattie della pelle richiede particolare attenzione ed esperienza, ecco perch\u00e8 \u00e8 consigliabile rivolgersi ad estetiste esperte che possano effettivamente aiutare la cura. A Verona ci si pu\u00f2 rivolgere al centro estetico Maison 22 Esthetique.\" \/>\n<meta property=\"og:url\" content=\"https:\/\/www.article-marketing.eu\/comunicati\/salute-e-benessere\/medicina\/le-malattie-della-pelle-come-curarle\/\" \/>\n<meta property=\"og:site_name\" content=\"Article Marketing\" \/>\n<meta property=\"article:published_time\" content=\"2015-10-23T20:44:45+00:00\" \/>\n<meta name=\"author\" content=\"Redazione Comunicati Stampa\" \/>\n<meta name=\"twitter:card\" content=\"summary_large_image\" \/>\n<meta name=\"twitter:label1\" content=\"Scritto da\" \/>\n\t<meta name=\"twitter:data1\" content=\"Redazione Comunicati Stampa\" \/>\n\t<meta name=\"twitter:label2\" content=\"Tempo di lettura stimato\" \/>\n\t<meta name=\"twitter:data2\" content=\"3 minuti\" \/>\n<script type=\"application\/ld+json\" class=\"yoast-schema-graph\">{\"@context\":\"https:\/\/schema.org\",\"@graph\":[{\"@type\":\"Article\",\"@id\":\"https:\/\/www.article-marketing.eu\/comunicati\/salute-e-benessere\/medicina\/le-malattie-della-pelle-come-curarle\/#article\",\"isPartOf\":{\"@id\":\"https:\/\/www.article-marketing.eu\/comunicati\/salute-e-benessere\/medicina\/le-malattie-della-pelle-come-curarle\/\"},\"author\":{\"name\":\"Redazione Comunicati Stampa\",\"@id\":\"https:\/\/www.article-marketing.eu\/comunicati\/#\/schema\/person\/44372e4d4d0fa797b18e03ed1ace9017\"},\"headline\":\"Le malattie della pelle: come curarle\",\"datePublished\":\"2015-10-23T20:44:45+00:00\",\"mainEntityOfPage\":{\"@id\":\"https:\/\/www.article-marketing.eu\/comunicati\/salute-e-benessere\/medicina\/le-malattie-della-pelle-come-curarle\/\"},\"wordCount\":571,\"commentCount\":0,\"keywords\":[\"centro estetico verona\"],\"articleSection\":[\"Medicina\"],\"inLanguage\":\"it-IT\",\"potentialAction\":[{\"@type\":\"CommentAction\",\"name\":\"Comment\",\"target\":[\"https:\/\/www.article-marketing.eu\/comunicati\/salute-e-benessere\/medicina\/le-malattie-della-pelle-come-curarle\/#respond\"]}]},{\"@type\":\"WebPage\",\"@id\":\"https:\/\/www.article-marketing.eu\/comunicati\/salute-e-benessere\/medicina\/le-malattie-della-pelle-come-curarle\/\",\"url\":\"https:\/\/www.article-marketing.eu\/comunicati\/salute-e-benessere\/medicina\/le-malattie-della-pelle-come-curarle\/\",\"name\":\"Le malattie della pelle: come curarle - Article Marketing\",\"isPartOf\":{\"@id\":\"https:\/\/www.article-marketing.eu\/comunicati\/#website\"},\"datePublished\":\"2015-10-23T20:44:45+00:00\",\"author\":{\"@id\":\"https:\/\/www.article-marketing.eu\/comunicati\/#\/schema\/person\/44372e4d4d0fa797b18e03ed1ace9017\"},\"breadcrumb\":{\"@id\":\"https:\/\/www.article-marketing.eu\/comunicati\/salute-e-benessere\/medicina\/le-malattie-della-pelle-come-curarle\/#breadcrumb\"},\"inLanguage\":\"it-IT\",\"potentialAction\":[{\"@type\":\"ReadAction\",\"target\":[\"https:\/\/www.article-marketing.eu\/comunicati\/salute-e-benessere\/medicina\/le-malattie-della-pelle-come-curarle\/\"]}]},{\"@type\":\"BreadcrumbList\",\"@id\":\"https:\/\/www.article-marketing.eu\/comunicati\/salute-e-benessere\/medicina\/le-malattie-della-pelle-come-curarle\/#breadcrumb\",\"itemListElement\":[{\"@type\":\"ListItem\",\"position\":1,\"name\":\"Home\",\"item\":\"https:\/\/www.article-marketing.eu\/comunicati\/\"},{\"@type\":\"ListItem\",\"position\":2,\"name\":\"Le malattie della pelle: come curarle\"}]},{\"@type\":\"WebSite\",\"@id\":\"https:\/\/www.article-marketing.eu\/comunicati\/#website\",\"url\":\"https:\/\/www.article-marketing.eu\/comunicati\/\",\"name\":\"Article Marketing\",\"description\":\"article marketing &amp; press release\",\"potentialAction\":[{\"@type\":\"SearchAction\",\"target\":{\"@type\":\"EntryPoint\",\"urlTemplate\":\"https:\/\/www.article-marketing.eu\/comunicati\/?s={search_term_string}\"},\"query-input\":{\"@type\":\"PropertyValueSpecification\",\"valueRequired\":true,\"valueName\":\"search_term_string\"}}],\"inLanguage\":\"it-IT\"},{\"@type\":\"Person\",\"@id\":\"https:\/\/www.article-marketing.eu\/comunicati\/#\/schema\/person\/44372e4d4d0fa797b18e03ed1ace9017\",\"name\":\"Redazione Comunicati Stampa\",\"image\":{\"@type\":\"ImageObject\",\"inLanguage\":\"it-IT\",\"@id\":\"https:\/\/www.article-marketing.eu\/comunicati\/#\/schema\/person\/image\/\",\"url\":\"https:\/\/secure.gravatar.com\/avatar\/50e5c6421d3072f42e7ace803501602c60d75233d34e29fd05feb91c8760b792?s=96&d=mm&r=g\",\"contentUrl\":\"https:\/\/secure.gravatar.com\/avatar\/50e5c6421d3072f42e7ace803501602c60d75233d34e29fd05feb91c8760b792?s=96&d=mm&r=g\",\"caption\":\"Redazione Comunicati Stampa\"},\"url\":\"https:\/\/www.article-marketing.eu\/comunicati\/author\/redazione-comunicati-stampa\/\"}]}<\/script>\n<!-- \/ Yoast SEO plugin. -->","yoast_head_json":{"title":"Le malattie della pelle: come curarle - Article Marketing","robots":{"index":"index","follow":"follow","max-snippet":"max-snippet:-1","max-image-preview":"max-image-preview:large","max-video-preview":"max-video-preview:-1"},"canonical":"https:\/\/www.article-marketing.eu\/comunicati\/salute-e-benessere\/medicina\/le-malattie-della-pelle-come-curarle\/","og_locale":"it_IT","og_type":"article","og_title":"Le malattie della pelle: come curarle - Article Marketing","og_description":"Curare le principali malattie della pelle richiede particolare attenzione ed esperienza, ecco perch\u00e8 \u00e8 consigliabile rivolgersi ad estetiste esperte che possano effettivamente aiutare la cura. A Verona ci si pu\u00f2 rivolgere al centro estetico Maison 22 Esthetique.","og_url":"https:\/\/www.article-marketing.eu\/comunicati\/salute-e-benessere\/medicina\/le-malattie-della-pelle-come-curarle\/","og_site_name":"Article Marketing","article_published_time":"2015-10-23T20:44:45+00:00","author":"Redazione Comunicati Stampa","twitter_card":"summary_large_image","twitter_misc":{"Scritto da":"Redazione Comunicati Stampa","Tempo di lettura stimato":"3 minuti"},"schema":{"@context":"https:\/\/schema.org","@graph":[{"@type":"Article","@id":"https:\/\/www.article-marketing.eu\/comunicati\/salute-e-benessere\/medicina\/le-malattie-della-pelle-come-curarle\/#article","isPartOf":{"@id":"https:\/\/www.article-marketing.eu\/comunicati\/salute-e-benessere\/medicina\/le-malattie-della-pelle-come-curarle\/"},"author":{"name":"Redazione Comunicati Stampa","@id":"https:\/\/www.article-marketing.eu\/comunicati\/#\/schema\/person\/44372e4d4d0fa797b18e03ed1ace9017"},"headline":"Le malattie della pelle: come curarle","datePublished":"2015-10-23T20:44:45+00:00","mainEntityOfPage":{"@id":"https:\/\/www.article-marketing.eu\/comunicati\/salute-e-benessere\/medicina\/le-malattie-della-pelle-come-curarle\/"},"wordCount":571,"commentCount":0,"keywords":["centro estetico verona"],"articleSection":["Medicina"],"inLanguage":"it-IT","potentialAction":[{"@type":"CommentAction","name":"Comment","target":["https:\/\/www.article-marketing.eu\/comunicati\/salute-e-benessere\/medicina\/le-malattie-della-pelle-come-curarle\/#respond"]}]},{"@type":"WebPage","@id":"https:\/\/www.article-marketing.eu\/comunicati\/salute-e-benessere\/medicina\/le-malattie-della-pelle-come-curarle\/","url":"https:\/\/www.article-marketing.eu\/comunicati\/salute-e-benessere\/medicina\/le-malattie-della-pelle-come-curarle\/","name":"Le malattie della pelle: come curarle - Article Marketing","isPartOf":{"@id":"https:\/\/www.article-marketing.eu\/comunicati\/#website"},"datePublished":"2015-10-23T20:44:45+00:00","author":{"@id":"https:\/\/www.article-marketing.eu\/comunicati\/#\/schema\/person\/44372e4d4d0fa797b18e03ed1ace9017"},"breadcrumb":{"@id":"https:\/\/www.article-marketing.eu\/comunicati\/salute-e-benessere\/medicina\/le-malattie-della-pelle-come-curarle\/#breadcrumb"},"inLanguage":"it-IT","potentialAction":[{"@type":"ReadAction","target":["https:\/\/www.article-marketing.eu\/comunicati\/salute-e-benessere\/medicina\/le-malattie-della-pelle-come-curarle\/"]}]},{"@type":"BreadcrumbList","@id":"https:\/\/www.article-marketing.eu\/comunicati\/salute-e-benessere\/medicina\/le-malattie-della-pelle-come-curarle\/#breadcrumb","itemListElement":[{"@type":"ListItem","position":1,"name":"Home","item":"https:\/\/www.article-marketing.eu\/comunicati\/"},{"@type":"ListItem","position":2,"name":"Le malattie della pelle: come curarle"}]},{"@type":"WebSite","@id":"https:\/\/www.article-marketing.eu\/comunicati\/#website","url":"https:\/\/www.article-marketing.eu\/comunicati\/","name":"Article Marketing","description":"article marketing &amp; press release","potentialAction":[{"@type":"SearchAction","target":{"@type":"EntryPoint","urlTemplate":"https:\/\/www.article-marketing.eu\/comunicati\/?s={search_term_string}"},"query-input":{"@type":"PropertyValueSpecification","valueRequired":true,"valueName":"search_term_string"}}],"inLanguage":"it-IT"},{"@type":"Person","@id":"https:\/\/www.article-marketing.eu\/comunicati\/#\/schema\/person\/44372e4d4d0fa797b18e03ed1ace9017","name":"Redazione Comunicati Stampa","image":{"@type":"ImageObject","inLanguage":"it-IT","@id":"https:\/\/www.article-marketing.eu\/comunicati\/#\/schema\/person\/image\/","url":"https:\/\/secure.gravatar.com\/avatar\/50e5c6421d3072f42e7ace803501602c60d75233d34e29fd05feb91c8760b792?s=96&d=mm&r=g","contentUrl":"https:\/\/secure.gravatar.com\/avatar\/50e5c6421d3072f42e7ace803501602c60d75233d34e29fd05feb91c8760b792?s=96&d=mm&r=g","caption":"Redazione Comunicati Stampa"},"url":"https:\/\/www.article-marketing.eu\/comunicati\/author\/redazione-comunicati-stampa\/"}]}},"_links":{"self":[{"href":"https:\/\/www.article-marketing.eu\/comunicati\/wp-json\/wp\/v2\/posts\/49638","targetHints":{"allow":["GET"]}}],"collection":[{"href":"https:\/\/www.article-marketing.eu\/comunicati\/wp-json\/wp\/v2\/posts"}],"about":[{"href":"https:\/\/www.article-marketing.eu\/comunicati\/wp-json\/wp\/v2\/types\/post"}],"author":[{"embeddable":true,"href":"https:\/\/www.article-marketing.eu\/comunicati\/wp-json\/wp\/v2\/users\/10"}],"replies":[{"embeddable":true,"href":"https:\/\/www.article-marketing.eu\/comunicati\/wp-json\/wp\/v2\/comments?post=49638"}],"version-history":[{"count":0,"href":"https:\/\/www.article-marketing.eu\/comunicati\/wp-json\/wp\/v2\/posts\/49638\/revisions"}],"wp:attachment":[{"href":"https:\/\/www.article-marketing.eu\/comunicati\/wp-json\/wp\/v2\/media?parent=49638"}],"wp:term":[{"taxonomy":"category","embeddable":true,"href":"https:\/\/www.article-marketing.eu\/comunicati\/wp-json\/wp\/v2\/categories?post=49638"},{"taxonomy":"post_tag","embeddable":true,"href":"https:\/\/www.article-marketing.eu\/comunicati\/wp-json\/wp\/v2\/tags?post=49638"}],"curies":[{"name":"wp","href":"https:\/\/api.w.org\/{rel}","templated":true}]}}