{"id":4965,"date":"2010-05-03T17:52:11","date_gmt":"2010-05-03T15:52:11","guid":{"rendered":"http:\/\/www.article-marketing.eu\/comunicati\/senza-categoria\/e-facile-parlare-in-pubblico-se-sai-come-farlo\/"},"modified":"2018-07-10T05:22:35","modified_gmt":"2018-07-10T03:22:35","slug":"e-facile-parlare-in-pubblico-se-sai-come-farlo","status":"publish","type":"post","link":"https:\/\/www.article-marketing.eu\/comunicati\/comunicati-stampa\/eventi\/e-facile-parlare-in-pubblico-se-sai-come-farlo\/","title":{"rendered":"E&#8217; facile parlare in pubblico se sai come farlo"},"content":{"rendered":"<p style=\"margin-top: 0px; margin-right: 0px; margin-bottom: 15px; margin-left: 0px; \">Si svolger\u00e0 nei prossimi giorni il seminario &quot;E\u2019 facile parlare in pubblico se sai come farlo&quot; tenuto dalla societ\u00e0 mcdue di Parma.<\/p>\n<p style=\"margin-top: 0px; margin-right: 0px; margin-bottom: 15px; margin-left: 0px; \">Il seminario si rivolge a professionisti, studenti, imprenditori e persone desiderose di migliorare la propria comunicazione.<\/p>\n<p>L&#8217;arte di parlare in pubblico trova applicazione in ogni campo: pensate ad esempio quando \u00e8 necessario chiedere l&#8217;aumento di stipendio al proprio superiore, convincere una persona della bont\u00e0 delle proprie affermazioni o tra pi\u00f9 alternative quella proposta \u00e8 la migliore.<\/p>\n<p style=\"margin-top: 0px; margin-right: 0px; margin-bottom: 15px; margin-left: 0px; \">Il corso si articoler\u00e0 su due giornate Sabato 8 e Domenica 9 Maggio a Parma e sar\u00e0 tenuto da docenti esperti in Programmazione Neurolinguista.<\/p>\n<p>Due giornate in cui i docenti certificati in programmazione neurolinguistica aiuteranno i corsisiti a migliorare nei principali aspetti della comunicazione davanti al pubblico.<\/p>\n<p>&#8211; abilit\u00e0 della comunicazione<br \/>Come migliorare drasticamente le proprie competenze in ambito comunicativo, come sfruttare le pause, il volume della voce, i gesti per arrivare a una presentazione limpida ed efficace<\/p>\n<p>&#8211; struttura della presentazione<br \/>come strutturare una presentazione attraverso apertura, corpo e chiusura in modo che ogni persona del pubblico possa recepire al massimo il messaggio che vogliamo trasmettere con efficacia.<\/p>\n<p>&#8211; gestione del pubblico e delle obiezioni&nbsp;<br \/>come gestire i diversi tipi di obiezione, come suscitare domande e come impedire di venirne subissati. Come costruirsi una credibilit\u00e0 davanti al pubblico.<\/p>\n<p>A ogni modulo il corsista potr\u00e0 fare una presentazione ed essere videoregistrato in modo da poter notare i propri miglioramenti rispetto alle presentazioni precedenti. I docenti sono certificati Master Practitioner di Programmazione Neurolinguista riconosciuti dalla Society on NLP del Dott. Richard Bandler.<\/p>\n<p>Al termine del seminario ogni corsista ricever\u00e0 le videoregistrazioni delle proprie presentazioni. &nbsp; &nbsp; &nbsp; &nbsp; &nbsp; &nbsp; &nbsp; &nbsp; &nbsp; &nbsp; &nbsp; &nbsp; &nbsp; &nbsp; &nbsp; &nbsp; &nbsp; &nbsp; &nbsp; &nbsp; &nbsp; &nbsp; &nbsp; &nbsp; &nbsp; &nbsp; &nbsp; &nbsp; &nbsp; &nbsp; &nbsp; &nbsp; &nbsp; &nbsp; &nbsp; &nbsp; &nbsp; &nbsp; &nbsp; &nbsp; &nbsp; &nbsp; &nbsp; &nbsp; &nbsp; &nbsp; &nbsp; &nbsp; &nbsp; &nbsp; &nbsp; &nbsp; &nbsp; &nbsp; &nbsp; &nbsp; &nbsp; &nbsp; &nbsp; &nbsp; &nbsp; &nbsp; &nbsp; &nbsp; &nbsp; &nbsp; &nbsp; &nbsp; &nbsp; &nbsp; &nbsp; &nbsp; &nbsp; &nbsp; &nbsp; &nbsp; &nbsp; &nbsp; &nbsp; &nbsp; &nbsp; &nbsp; &nbsp; &nbsp; &nbsp; &nbsp; &nbsp; &nbsp; &nbsp; &nbsp; &nbsp; &nbsp; &nbsp; &nbsp; &nbsp; &nbsp; &nbsp; &nbsp; &nbsp; &nbsp; &nbsp; &nbsp; &nbsp; &nbsp; &nbsp; &nbsp; &nbsp; &nbsp; &nbsp; &nbsp; &nbsp; &nbsp; &nbsp; &nbsp; &nbsp; &nbsp; &nbsp; &nbsp; &nbsp; &nbsp; &nbsp; &nbsp; &nbsp; &nbsp; &nbsp; &nbsp; &nbsp; &nbsp; &nbsp; &nbsp; &nbsp; &nbsp; &nbsp; &nbsp; &nbsp;&nbsp;<\/p>\n<p>Registrati alla pagina&nbsp;del corso&nbsp;per ricevere ulteriori informazioni e prenotare il tuo posto per&nbsp;E\u2019 facile parlare in pubblico se sai come farlo<\/p>\n","protected":false},"excerpt":{"rendered":"<p>Il seminario si rivolge a professionisti, studenti, imprenditori e persone desiderose di migliorare la propria comunicazione.<\/p>\n<p>Il corso si articoler\u00e0 su due giornate Sabato 8 e Domenica 9 Maggio a Parma e sar\u00e0 tenuto da docenti esperti in Programmazione Neurolinguista<\/p>\n","protected":false},"author":10,"featured_media":0,"comment_status":"open","ping_status":"open","sticky":false,"template":"","format":"standard","meta":{"cybocfi_hide_featured_image":"","footnotes":""},"categories":[388],"tags":[14199,14200],"class_list":["post-4965","post","type-post","status-publish","format-standard","hentry","category-eventi","tag-corso-parlare-in-pubblico","tag-parlare-in-pubblico"],"yoast_head":"<!-- This site is optimized with the Yoast SEO plugin v27.0 - https:\/\/yoast.com\/product\/yoast-seo-wordpress\/ -->\n<title>E&#039; facile parlare in pubblico se sai come farlo - Article Marketing<\/title>\n<meta name=\"robots\" content=\"index, follow, max-snippet:-1, max-image-preview:large, max-video-preview:-1\" \/>\n<link rel=\"canonical\" href=\"https:\/\/www.article-marketing.eu\/comunicati\/comunicati-stampa\/eventi\/e-facile-parlare-in-pubblico-se-sai-come-farlo\/\" \/>\n<meta property=\"og:locale\" content=\"it_IT\" \/>\n<meta property=\"og:type\" content=\"article\" \/>\n<meta property=\"og:title\" content=\"E&#039; facile parlare in pubblico se sai come farlo - Article Marketing\" \/>\n<meta property=\"og:description\" content=\"Il seminario si rivolge a professionisti, studenti, imprenditori e persone desiderose di migliorare la propria comunicazione. Il corso si articoler\u00e0 su due giornate Sabato 8 e Domenica 9 Maggio a Parma e sar\u00e0 tenuto da docenti esperti in Programmazione Neurolinguista\" \/>\n<meta property=\"og:url\" content=\"https:\/\/www.article-marketing.eu\/comunicati\/comunicati-stampa\/eventi\/e-facile-parlare-in-pubblico-se-sai-come-farlo\/\" \/>\n<meta property=\"og:site_name\" content=\"Article Marketing\" \/>\n<meta property=\"article:published_time\" content=\"2010-05-03T15:52:11+00:00\" \/>\n<meta property=\"article:modified_time\" content=\"2018-07-10T03:22:35+00:00\" \/>\n<meta name=\"author\" content=\"Redazione Comunicati Stampa\" \/>\n<meta name=\"twitter:card\" content=\"summary_large_image\" \/>\n<meta name=\"twitter:label1\" content=\"Scritto da\" \/>\n\t<meta name=\"twitter:data1\" content=\"Redazione Comunicati Stampa\" \/>\n\t<meta name=\"twitter:label2\" content=\"Tempo di lettura stimato\" \/>\n\t<meta name=\"twitter:data2\" content=\"2 minuti\" \/>\n<script type=\"application\/ld+json\" class=\"yoast-schema-graph\">{\"@context\":\"https:\/\/schema.org\",\"@graph\":[{\"@type\":\"Article\",\"@id\":\"https:\/\/www.article-marketing.eu\/comunicati\/comunicati-stampa\/eventi\/e-facile-parlare-in-pubblico-se-sai-come-farlo\/#article\",\"isPartOf\":{\"@id\":\"https:\/\/www.article-marketing.eu\/comunicati\/comunicati-stampa\/eventi\/e-facile-parlare-in-pubblico-se-sai-come-farlo\/\"},\"author\":{\"name\":\"Redazione Comunicati Stampa\",\"@id\":\"https:\/\/www.article-marketing.eu\/comunicati\/#\/schema\/person\/44372e4d4d0fa797b18e03ed1ace9017\"},\"headline\":\"E&#8217; facile parlare in pubblico se sai come farlo\",\"datePublished\":\"2010-05-03T15:52:11+00:00\",\"dateModified\":\"2018-07-10T03:22:35+00:00\",\"mainEntityOfPage\":{\"@id\":\"https:\/\/www.article-marketing.eu\/comunicati\/comunicati-stampa\/eventi\/e-facile-parlare-in-pubblico-se-sai-come-farlo\/\"},\"wordCount\":440,\"commentCount\":0,\"keywords\":[\"corso parlare in pubblico\",\"parlare in pubblico\"],\"articleSection\":[\"Eventi\"],\"inLanguage\":\"it-IT\",\"potentialAction\":[{\"@type\":\"CommentAction\",\"name\":\"Comment\",\"target\":[\"https:\/\/www.article-marketing.eu\/comunicati\/comunicati-stampa\/eventi\/e-facile-parlare-in-pubblico-se-sai-come-farlo\/#respond\"]}]},{\"@type\":\"WebPage\",\"@id\":\"https:\/\/www.article-marketing.eu\/comunicati\/comunicati-stampa\/eventi\/e-facile-parlare-in-pubblico-se-sai-come-farlo\/\",\"url\":\"https:\/\/www.article-marketing.eu\/comunicati\/comunicati-stampa\/eventi\/e-facile-parlare-in-pubblico-se-sai-come-farlo\/\",\"name\":\"E' facile parlare in pubblico se sai come farlo - Article Marketing\",\"isPartOf\":{\"@id\":\"https:\/\/www.article-marketing.eu\/comunicati\/#website\"},\"datePublished\":\"2010-05-03T15:52:11+00:00\",\"dateModified\":\"2018-07-10T03:22:35+00:00\",\"author\":{\"@id\":\"https:\/\/www.article-marketing.eu\/comunicati\/#\/schema\/person\/44372e4d4d0fa797b18e03ed1ace9017\"},\"breadcrumb\":{\"@id\":\"https:\/\/www.article-marketing.eu\/comunicati\/comunicati-stampa\/eventi\/e-facile-parlare-in-pubblico-se-sai-come-farlo\/#breadcrumb\"},\"inLanguage\":\"it-IT\",\"potentialAction\":[{\"@type\":\"ReadAction\",\"target\":[\"https:\/\/www.article-marketing.eu\/comunicati\/comunicati-stampa\/eventi\/e-facile-parlare-in-pubblico-se-sai-come-farlo\/\"]}]},{\"@type\":\"BreadcrumbList\",\"@id\":\"https:\/\/www.article-marketing.eu\/comunicati\/comunicati-stampa\/eventi\/e-facile-parlare-in-pubblico-se-sai-come-farlo\/#breadcrumb\",\"itemListElement\":[{\"@type\":\"ListItem\",\"position\":1,\"name\":\"Home\",\"item\":\"https:\/\/www.article-marketing.eu\/comunicati\/\"},{\"@type\":\"ListItem\",\"position\":2,\"name\":\"E&#8217; facile parlare in pubblico se sai come farlo\"}]},{\"@type\":\"WebSite\",\"@id\":\"https:\/\/www.article-marketing.eu\/comunicati\/#website\",\"url\":\"https:\/\/www.article-marketing.eu\/comunicati\/\",\"name\":\"Article Marketing\",\"description\":\"article marketing &amp; press release\",\"potentialAction\":[{\"@type\":\"SearchAction\",\"target\":{\"@type\":\"EntryPoint\",\"urlTemplate\":\"https:\/\/www.article-marketing.eu\/comunicati\/?s={search_term_string}\"},\"query-input\":{\"@type\":\"PropertyValueSpecification\",\"valueRequired\":true,\"valueName\":\"search_term_string\"}}],\"inLanguage\":\"it-IT\"},{\"@type\":\"Person\",\"@id\":\"https:\/\/www.article-marketing.eu\/comunicati\/#\/schema\/person\/44372e4d4d0fa797b18e03ed1ace9017\",\"name\":\"Redazione Comunicati Stampa\",\"image\":{\"@type\":\"ImageObject\",\"inLanguage\":\"it-IT\",\"@id\":\"https:\/\/www.article-marketing.eu\/comunicati\/#\/schema\/person\/image\/\",\"url\":\"https:\/\/secure.gravatar.com\/avatar\/50e5c6421d3072f42e7ace803501602c60d75233d34e29fd05feb91c8760b792?s=96&d=mm&r=g\",\"contentUrl\":\"https:\/\/secure.gravatar.com\/avatar\/50e5c6421d3072f42e7ace803501602c60d75233d34e29fd05feb91c8760b792?s=96&d=mm&r=g\",\"caption\":\"Redazione Comunicati Stampa\"},\"url\":\"https:\/\/www.article-marketing.eu\/comunicati\/author\/redazione-comunicati-stampa\/\"}]}<\/script>\n<!-- \/ Yoast SEO plugin. -->","yoast_head_json":{"title":"E' facile parlare in pubblico se sai come farlo - Article Marketing","robots":{"index":"index","follow":"follow","max-snippet":"max-snippet:-1","max-image-preview":"max-image-preview:large","max-video-preview":"max-video-preview:-1"},"canonical":"https:\/\/www.article-marketing.eu\/comunicati\/comunicati-stampa\/eventi\/e-facile-parlare-in-pubblico-se-sai-come-farlo\/","og_locale":"it_IT","og_type":"article","og_title":"E' facile parlare in pubblico se sai come farlo - Article Marketing","og_description":"Il seminario si rivolge a professionisti, studenti, imprenditori e persone desiderose di migliorare la propria comunicazione. Il corso si articoler\u00e0 su due giornate Sabato 8 e Domenica 9 Maggio a Parma e sar\u00e0 tenuto da docenti esperti in Programmazione Neurolinguista","og_url":"https:\/\/www.article-marketing.eu\/comunicati\/comunicati-stampa\/eventi\/e-facile-parlare-in-pubblico-se-sai-come-farlo\/","og_site_name":"Article Marketing","article_published_time":"2010-05-03T15:52:11+00:00","article_modified_time":"2018-07-10T03:22:35+00:00","author":"Redazione Comunicati Stampa","twitter_card":"summary_large_image","twitter_misc":{"Scritto da":"Redazione Comunicati Stampa","Tempo di lettura stimato":"2 minuti"},"schema":{"@context":"https:\/\/schema.org","@graph":[{"@type":"Article","@id":"https:\/\/www.article-marketing.eu\/comunicati\/comunicati-stampa\/eventi\/e-facile-parlare-in-pubblico-se-sai-come-farlo\/#article","isPartOf":{"@id":"https:\/\/www.article-marketing.eu\/comunicati\/comunicati-stampa\/eventi\/e-facile-parlare-in-pubblico-se-sai-come-farlo\/"},"author":{"name":"Redazione Comunicati Stampa","@id":"https:\/\/www.article-marketing.eu\/comunicati\/#\/schema\/person\/44372e4d4d0fa797b18e03ed1ace9017"},"headline":"E&#8217; facile parlare in pubblico se sai come farlo","datePublished":"2010-05-03T15:52:11+00:00","dateModified":"2018-07-10T03:22:35+00:00","mainEntityOfPage":{"@id":"https:\/\/www.article-marketing.eu\/comunicati\/comunicati-stampa\/eventi\/e-facile-parlare-in-pubblico-se-sai-come-farlo\/"},"wordCount":440,"commentCount":0,"keywords":["corso parlare in pubblico","parlare in pubblico"],"articleSection":["Eventi"],"inLanguage":"it-IT","potentialAction":[{"@type":"CommentAction","name":"Comment","target":["https:\/\/www.article-marketing.eu\/comunicati\/comunicati-stampa\/eventi\/e-facile-parlare-in-pubblico-se-sai-come-farlo\/#respond"]}]},{"@type":"WebPage","@id":"https:\/\/www.article-marketing.eu\/comunicati\/comunicati-stampa\/eventi\/e-facile-parlare-in-pubblico-se-sai-come-farlo\/","url":"https:\/\/www.article-marketing.eu\/comunicati\/comunicati-stampa\/eventi\/e-facile-parlare-in-pubblico-se-sai-come-farlo\/","name":"E' facile parlare in pubblico se sai come farlo - Article Marketing","isPartOf":{"@id":"https:\/\/www.article-marketing.eu\/comunicati\/#website"},"datePublished":"2010-05-03T15:52:11+00:00","dateModified":"2018-07-10T03:22:35+00:00","author":{"@id":"https:\/\/www.article-marketing.eu\/comunicati\/#\/schema\/person\/44372e4d4d0fa797b18e03ed1ace9017"},"breadcrumb":{"@id":"https:\/\/www.article-marketing.eu\/comunicati\/comunicati-stampa\/eventi\/e-facile-parlare-in-pubblico-se-sai-come-farlo\/#breadcrumb"},"inLanguage":"it-IT","potentialAction":[{"@type":"ReadAction","target":["https:\/\/www.article-marketing.eu\/comunicati\/comunicati-stampa\/eventi\/e-facile-parlare-in-pubblico-se-sai-come-farlo\/"]}]},{"@type":"BreadcrumbList","@id":"https:\/\/www.article-marketing.eu\/comunicati\/comunicati-stampa\/eventi\/e-facile-parlare-in-pubblico-se-sai-come-farlo\/#breadcrumb","itemListElement":[{"@type":"ListItem","position":1,"name":"Home","item":"https:\/\/www.article-marketing.eu\/comunicati\/"},{"@type":"ListItem","position":2,"name":"E&#8217; facile parlare in pubblico se sai come farlo"}]},{"@type":"WebSite","@id":"https:\/\/www.article-marketing.eu\/comunicati\/#website","url":"https:\/\/www.article-marketing.eu\/comunicati\/","name":"Article Marketing","description":"article marketing &amp; press release","potentialAction":[{"@type":"SearchAction","target":{"@type":"EntryPoint","urlTemplate":"https:\/\/www.article-marketing.eu\/comunicati\/?s={search_term_string}"},"query-input":{"@type":"PropertyValueSpecification","valueRequired":true,"valueName":"search_term_string"}}],"inLanguage":"it-IT"},{"@type":"Person","@id":"https:\/\/www.article-marketing.eu\/comunicati\/#\/schema\/person\/44372e4d4d0fa797b18e03ed1ace9017","name":"Redazione Comunicati Stampa","image":{"@type":"ImageObject","inLanguage":"it-IT","@id":"https:\/\/www.article-marketing.eu\/comunicati\/#\/schema\/person\/image\/","url":"https:\/\/secure.gravatar.com\/avatar\/50e5c6421d3072f42e7ace803501602c60d75233d34e29fd05feb91c8760b792?s=96&d=mm&r=g","contentUrl":"https:\/\/secure.gravatar.com\/avatar\/50e5c6421d3072f42e7ace803501602c60d75233d34e29fd05feb91c8760b792?s=96&d=mm&r=g","caption":"Redazione Comunicati Stampa"},"url":"https:\/\/www.article-marketing.eu\/comunicati\/author\/redazione-comunicati-stampa\/"}]}},"_links":{"self":[{"href":"https:\/\/www.article-marketing.eu\/comunicati\/wp-json\/wp\/v2\/posts\/4965","targetHints":{"allow":["GET"]}}],"collection":[{"href":"https:\/\/www.article-marketing.eu\/comunicati\/wp-json\/wp\/v2\/posts"}],"about":[{"href":"https:\/\/www.article-marketing.eu\/comunicati\/wp-json\/wp\/v2\/types\/post"}],"author":[{"embeddable":true,"href":"https:\/\/www.article-marketing.eu\/comunicati\/wp-json\/wp\/v2\/users\/10"}],"replies":[{"embeddable":true,"href":"https:\/\/www.article-marketing.eu\/comunicati\/wp-json\/wp\/v2\/comments?post=4965"}],"version-history":[{"count":2,"href":"https:\/\/www.article-marketing.eu\/comunicati\/wp-json\/wp\/v2\/posts\/4965\/revisions"}],"predecessor-version":[{"id":61353,"href":"https:\/\/www.article-marketing.eu\/comunicati\/wp-json\/wp\/v2\/posts\/4965\/revisions\/61353"}],"wp:attachment":[{"href":"https:\/\/www.article-marketing.eu\/comunicati\/wp-json\/wp\/v2\/media?parent=4965"}],"wp:term":[{"taxonomy":"category","embeddable":true,"href":"https:\/\/www.article-marketing.eu\/comunicati\/wp-json\/wp\/v2\/categories?post=4965"},{"taxonomy":"post_tag","embeddable":true,"href":"https:\/\/www.article-marketing.eu\/comunicati\/wp-json\/wp\/v2\/tags?post=4965"}],"curies":[{"name":"wp","href":"https:\/\/api.w.org\/{rel}","templated":true}]}}