{"id":49721,"date":"2015-11-08T16:14:01","date_gmt":"2015-11-08T15:14:01","guid":{"rendered":"http:\/\/www.article-marketing.eu\/comunicati\/senza-categoria\/vaccinarsi-una-scommessa-di-prevenzione\/"},"modified":"2015-11-08T16:14:01","modified_gmt":"2015-11-08T15:14:01","slug":"vaccinarsi-una-scommessa-di-prevenzione","status":"publish","type":"post","link":"https:\/\/www.article-marketing.eu\/comunicati\/salute-e-benessere\/vaccinarsi-una-scommessa-di-prevenzione\/","title":{"rendered":"Vaccinarsi: una scommessa di prevenzione"},"content":{"rendered":"<p>Anche a Ferrara, luned&igrave; 9 novembre 2015, prende avvio la campagna di vaccinazione antinfluenzale, che dar&agrave; la possibilit&agrave; ai cittadini di vaccinarsi negli ambulatori dei Medici di Medicina Generale e negli ambulatori del Dipartimento di Sanit&agrave; Pubblica.<br \/>&#8216;Quest&#8217;anno l&#8217;Italia ha registrato una presa di posizione a favore della vaccinazione a tutti i livelli, una caratteristica peculiare del nostro Paese che vanta un fitto tessuto pubblico composto da Sanit&agrave; Pubblica e medici di Medicina Generale che lavorano insieme per una vita pi&ugrave; lunga e qualitativamente migliore&#8217;, queste le parole del Direttore Sanitario AUSL Ferrara Mauro Marabini. &#8216;C&#8217;&egrave; bisogno di una soluzione di squadra per la gente &#8211; ha sottolineato Bruno Di Lascio, Presidente dell&#8217;Ordine dei Medici di Ferrara &#8211; La vaccinazione &egrave; l&#8217;unico elemento per evitare che un evento non avvenga e deve essere veicolato dalla serenit&agrave; degli operatori. Ricordiamoci che le sanzioni non danno risultati, la condivisione s&igrave;, ed i medici che lavoreranno con serenit&agrave; contribuiranno meglio alla vaccinazione antinfluenzale&#8217;.<br \/>Il Direttore del Dipartimento di Sanit&agrave; Pubblica Giuseppe Cosenza ha, invece, parlato di una SCOMMESSA DI PREVENZIONE perch&eacute; &#8216;bisogna crederci nella vaccinazione, non si vedono subito gli effetti e nessuno pu&ograve; sapere se non si &egrave; ammalato perch&eacute; si &egrave; vaccinato oppure no&#8217;. Un anno difficile, quello del 2014, che ha registrato un calo della popolazione vaccinata contro l&#8217;influenza, un trend in calo iniziato qualche anno fa ed aggravato dall&#8217;allarmismo infondato dell&#8217;autunno dello scorso anno a causa di una comunicazione distorta.<br \/>&#8216;Quest&#8217;anno abbiamo aumentato anche l&#8217;offerta di sedute vaccinali per garantire al maggior numero di persone di potersi vaccinare &#8211; continua Cosenza &#8211; E&#8217; assolutamente fondamentale che anche gli operatori sanitari si vaccinino: perch&eacute; per il loro lavoro sono in contatto pi&ugrave; di altri con il virus e perche possono essere un potente veicolo di diffusione del virus nei contesti di vita e di lavoro.<br \/>La composizione del vaccino per la stagione indicata dall&#8217;Organizzazione Mondiale della Sanit&agrave; &egrave; il seguente:<br \/>antigene analogo al ceppo A\/California\/7\/2009 (H1N1) pdm09<br \/>antigene analogo al ceppo A\/Switzerland\/9715293\/2013 (H3N2)<br \/>antigene analogo al ceppo B\/Phuket\/3073\/2013 (lineaggio B\/Yamagata)<br \/>I vaccini che saranno distribuiti sono i seguenti tipi:<br \/>vaccino a subunit&agrave;, contenente solo gli antigeni di superficie, emoagglutinina e neuraminidasi<br \/>vaccino adiuvato, contenente gli antigeni di superficie emulsionati ad adiuvante oleoso metabolizzabile (MF59)<br \/>&#8216;Il vaccino &egrave; arrivato a Ferrara tra ieri ed oggi (venerd&igrave; 06.11.2015 n.d.r.) &#8211; conferma Marisa Cova, Responsabile M.O. Prevenzione e Controllo delle Malattie trasmissibili &#8211; La vaccinazione inizier&agrave; luned&igrave; 9 novembre negli ambulatori del Dipartimento di Sanit&agrave; Pubblica e dei Medici di Medicina Generale. E&#8217; gratuita per i soggetti che appartengono alle categorie a rischio individuate dal Ministero ed agli ambulatori dell&#8217;AUSL si accede liberamente&#8217;. Quest&#8217;anno per promuovere una corretta informazione sulla vaccinazione antinfluenzale i professionisti della Sanit&agrave; Pubblica hanno organizzato momenti di incontro in centri anziani e circoli associativi, allo scopo anche di rispondere a tutti i dubbi della popolazione. Proprio a sottolineare l&#8217;importanza di una corretta informazione &#8216;I danni da cattiva informazione lo scorso anno ci sono stati e sono registrati: delle 7 segnalazioni a Ferrara di casi gravi correlati al vaccino nessuno &egrave; stato confermato. Idem dicasi dei 330 casi italiani&#8217;. In compenso, se in passato in Emilia-Romagna il 75% degli ultra65enni si vaccinava, nel 2014 la percentuale &egrave; scesa al 50%.<br \/>La vaccinazione diffusa &egrave; importantissima perch&eacute; protegge tutto il gruppo, la comunit&agrave;, anche i non vaccinati: ci si vaccina per proteggere se stessi, ma anche per senso di responsabilit&agrave; verso il prossimo.<br \/>Per quanto riguarda i bambini lo scenario &egrave; differente &#8216;Le Pediatrie di Comunit&agrave; registrano un andamento standard per la vaccinazione antinfluenzale perch&eacute; vengono vaccinati i bambini gi&agrave; a rischio, con patologie croniche che li rendono maggiormente esposti al virus &#8211; conferma Angela Garbini, Responsabile Vaccinazioni per la Pediatria di Comunit&agrave; &#8211; la situazione &egrave; completamente diversa per le altre vaccinazioni dove ci confrontiamo quotidianamente con famiglie sempre pi&ugrave; indecise, per questo &egrave; fondamentale una comunicazione corretta, completa e rassicurante&#8217;.<br \/>DOVE VACCINARSI<br \/>La vaccinazione &egrave; raccomandata, gratuita e sar&agrave; possibile effettuarla:<br \/>&#8211; negli ambulatori dei Medici di Medicina Generale durante gli orari indicati dai singoli medici ai loro assistiti.<br \/>&#8211; negli ambulatori dei Servizi di Igiene e Sanit&agrave; Pubblica in particolare per i dipendenti pubblici.<br \/>&#8211; negli ambulatori dei servizi di Pediatria di Comunit&agrave; per i soggetti di et&agrave; inferiore ai 14 anni (nati dal 1999 ed anni successivi) appartenenti alle categorie a rischio, su appuntamento.<br \/>Rassegna stampa da:<br \/>Assessorato politiche per la salute &#8211; Regione Emilia-Romagna<\/p>\n","protected":false},"excerpt":{"rendered":"<p>&#8216;Quest&#8217;anno l&#8217;Italia ha registrato una presa di posizione a favore della vaccinazione a tutti i livelli, una caratteristica peculiare del nostro Paese che vanta un fitto tessuto pubblico composto da Sanit\u00e0 Pubblica e medici di Medicina Generale che lavorano insieme per una vita pi\u00f9 lunga e qualitativamente migliore&#8217;, queste le parole del Direttore Sanitario AUSL Ferrara Mauro Marabini. &#8216;C&#8217;\u00e8 bisogno di una soluzione di squadra per la gente &#8211; ha sottolineato Bruno Di Lascio, Presidente dell&#8217;Ordine dei Medici di Ferrara &#8211;<\/p>\n","protected":false},"author":10,"featured_media":0,"comment_status":"open","ping_status":"open","sticky":false,"template":"","format":"standard","meta":{"cybocfi_hide_featured_image":"","footnotes":""},"categories":[265],"tags":[52981,52982,52983],"class_list":["post-49721","post","type-post","status-publish","format-standard","hentry","category-salute-e-benessere","tag-salute-e-prevenzione","tag-vaccinazione","tag-vaccinazione-obbligatoria"],"yoast_head":"<!-- This site is optimized with the Yoast SEO plugin v27.0 - https:\/\/yoast.com\/product\/yoast-seo-wordpress\/ -->\n<title>Vaccinarsi: una scommessa di prevenzione - Article Marketing<\/title>\n<meta name=\"robots\" content=\"index, follow, max-snippet:-1, max-image-preview:large, max-video-preview:-1\" \/>\n<link rel=\"canonical\" href=\"https:\/\/www.article-marketing.eu\/comunicati\/salute-e-benessere\/vaccinarsi-una-scommessa-di-prevenzione\/\" \/>\n<meta property=\"og:locale\" content=\"it_IT\" \/>\n<meta property=\"og:type\" content=\"article\" \/>\n<meta property=\"og:title\" content=\"Vaccinarsi: una scommessa di prevenzione - Article Marketing\" \/>\n<meta property=\"og:description\" content=\"&#039;Quest&#039;anno l&#039;Italia ha registrato una presa di posizione a favore della vaccinazione a tutti i livelli, una caratteristica peculiare del nostro Paese che vanta un fitto tessuto pubblico composto da Sanit\u00e0 Pubblica e medici di Medicina Generale che lavorano insieme per una vita pi\u00f9 lunga e qualitativamente migliore&#039;, queste le parole del Direttore Sanitario AUSL Ferrara Mauro Marabini. &#039;C&#039;\u00e8 bisogno di una soluzione di squadra per la gente - ha sottolineato Bruno Di Lascio, Presidente dell&#039;Ordine dei Medici di Ferrara -\" \/>\n<meta property=\"og:url\" content=\"https:\/\/www.article-marketing.eu\/comunicati\/salute-e-benessere\/vaccinarsi-una-scommessa-di-prevenzione\/\" \/>\n<meta property=\"og:site_name\" content=\"Article Marketing\" \/>\n<meta property=\"article:published_time\" content=\"2015-11-08T15:14:01+00:00\" \/>\n<meta name=\"author\" content=\"Redazione Comunicati Stampa\" \/>\n<meta name=\"twitter:card\" content=\"summary_large_image\" \/>\n<meta name=\"twitter:label1\" content=\"Scritto da\" \/>\n\t<meta name=\"twitter:data1\" content=\"Redazione Comunicati Stampa\" \/>\n\t<meta name=\"twitter:label2\" content=\"Tempo di lettura stimato\" \/>\n\t<meta name=\"twitter:data2\" content=\"4 minuti\" \/>\n<script type=\"application\/ld+json\" class=\"yoast-schema-graph\">{\"@context\":\"https:\/\/schema.org\",\"@graph\":[{\"@type\":\"Article\",\"@id\":\"https:\/\/www.article-marketing.eu\/comunicati\/salute-e-benessere\/vaccinarsi-una-scommessa-di-prevenzione\/#article\",\"isPartOf\":{\"@id\":\"https:\/\/www.article-marketing.eu\/comunicati\/salute-e-benessere\/vaccinarsi-una-scommessa-di-prevenzione\/\"},\"author\":{\"name\":\"Redazione Comunicati Stampa\",\"@id\":\"https:\/\/www.article-marketing.eu\/comunicati\/#\/schema\/person\/44372e4d4d0fa797b18e03ed1ace9017\"},\"headline\":\"Vaccinarsi: una scommessa di prevenzione\",\"datePublished\":\"2015-11-08T15:14:01+00:00\",\"mainEntityOfPage\":{\"@id\":\"https:\/\/www.article-marketing.eu\/comunicati\/salute-e-benessere\/vaccinarsi-una-scommessa-di-prevenzione\/\"},\"wordCount\":774,\"commentCount\":0,\"keywords\":[\"salute e prevenzione\",\"vaccinazione\",\"vaccinazione obbligatoria\"],\"articleSection\":[\"Salute e benessere\"],\"inLanguage\":\"it-IT\",\"potentialAction\":[{\"@type\":\"CommentAction\",\"name\":\"Comment\",\"target\":[\"https:\/\/www.article-marketing.eu\/comunicati\/salute-e-benessere\/vaccinarsi-una-scommessa-di-prevenzione\/#respond\"]}]},{\"@type\":\"WebPage\",\"@id\":\"https:\/\/www.article-marketing.eu\/comunicati\/salute-e-benessere\/vaccinarsi-una-scommessa-di-prevenzione\/\",\"url\":\"https:\/\/www.article-marketing.eu\/comunicati\/salute-e-benessere\/vaccinarsi-una-scommessa-di-prevenzione\/\",\"name\":\"Vaccinarsi: una scommessa di prevenzione - Article Marketing\",\"isPartOf\":{\"@id\":\"https:\/\/www.article-marketing.eu\/comunicati\/#website\"},\"datePublished\":\"2015-11-08T15:14:01+00:00\",\"author\":{\"@id\":\"https:\/\/www.article-marketing.eu\/comunicati\/#\/schema\/person\/44372e4d4d0fa797b18e03ed1ace9017\"},\"breadcrumb\":{\"@id\":\"https:\/\/www.article-marketing.eu\/comunicati\/salute-e-benessere\/vaccinarsi-una-scommessa-di-prevenzione\/#breadcrumb\"},\"inLanguage\":\"it-IT\",\"potentialAction\":[{\"@type\":\"ReadAction\",\"target\":[\"https:\/\/www.article-marketing.eu\/comunicati\/salute-e-benessere\/vaccinarsi-una-scommessa-di-prevenzione\/\"]}]},{\"@type\":\"BreadcrumbList\",\"@id\":\"https:\/\/www.article-marketing.eu\/comunicati\/salute-e-benessere\/vaccinarsi-una-scommessa-di-prevenzione\/#breadcrumb\",\"itemListElement\":[{\"@type\":\"ListItem\",\"position\":1,\"name\":\"Home\",\"item\":\"https:\/\/www.article-marketing.eu\/comunicati\/\"},{\"@type\":\"ListItem\",\"position\":2,\"name\":\"Vaccinarsi: una scommessa di prevenzione\"}]},{\"@type\":\"WebSite\",\"@id\":\"https:\/\/www.article-marketing.eu\/comunicati\/#website\",\"url\":\"https:\/\/www.article-marketing.eu\/comunicati\/\",\"name\":\"Article Marketing\",\"description\":\"article marketing &amp; press release\",\"potentialAction\":[{\"@type\":\"SearchAction\",\"target\":{\"@type\":\"EntryPoint\",\"urlTemplate\":\"https:\/\/www.article-marketing.eu\/comunicati\/?s={search_term_string}\"},\"query-input\":{\"@type\":\"PropertyValueSpecification\",\"valueRequired\":true,\"valueName\":\"search_term_string\"}}],\"inLanguage\":\"it-IT\"},{\"@type\":\"Person\",\"@id\":\"https:\/\/www.article-marketing.eu\/comunicati\/#\/schema\/person\/44372e4d4d0fa797b18e03ed1ace9017\",\"name\":\"Redazione Comunicati Stampa\",\"image\":{\"@type\":\"ImageObject\",\"inLanguage\":\"it-IT\",\"@id\":\"https:\/\/www.article-marketing.eu\/comunicati\/#\/schema\/person\/image\/\",\"url\":\"https:\/\/secure.gravatar.com\/avatar\/50e5c6421d3072f42e7ace803501602c60d75233d34e29fd05feb91c8760b792?s=96&d=mm&r=g\",\"contentUrl\":\"https:\/\/secure.gravatar.com\/avatar\/50e5c6421d3072f42e7ace803501602c60d75233d34e29fd05feb91c8760b792?s=96&d=mm&r=g\",\"caption\":\"Redazione Comunicati Stampa\"},\"url\":\"https:\/\/www.article-marketing.eu\/comunicati\/author\/redazione-comunicati-stampa\/\"}]}<\/script>\n<!-- \/ Yoast SEO plugin. -->","yoast_head_json":{"title":"Vaccinarsi: una scommessa di prevenzione - Article Marketing","robots":{"index":"index","follow":"follow","max-snippet":"max-snippet:-1","max-image-preview":"max-image-preview:large","max-video-preview":"max-video-preview:-1"},"canonical":"https:\/\/www.article-marketing.eu\/comunicati\/salute-e-benessere\/vaccinarsi-una-scommessa-di-prevenzione\/","og_locale":"it_IT","og_type":"article","og_title":"Vaccinarsi: una scommessa di prevenzione - Article Marketing","og_description":"'Quest'anno l'Italia ha registrato una presa di posizione a favore della vaccinazione a tutti i livelli, una caratteristica peculiare del nostro Paese che vanta un fitto tessuto pubblico composto da Sanit\u00e0 Pubblica e medici di Medicina Generale che lavorano insieme per una vita pi\u00f9 lunga e qualitativamente migliore', queste le parole del Direttore Sanitario AUSL Ferrara Mauro Marabini. 'C'\u00e8 bisogno di una soluzione di squadra per la gente - ha sottolineato Bruno Di Lascio, Presidente dell'Ordine dei Medici di Ferrara -","og_url":"https:\/\/www.article-marketing.eu\/comunicati\/salute-e-benessere\/vaccinarsi-una-scommessa-di-prevenzione\/","og_site_name":"Article Marketing","article_published_time":"2015-11-08T15:14:01+00:00","author":"Redazione Comunicati Stampa","twitter_card":"summary_large_image","twitter_misc":{"Scritto da":"Redazione Comunicati Stampa","Tempo di lettura stimato":"4 minuti"},"schema":{"@context":"https:\/\/schema.org","@graph":[{"@type":"Article","@id":"https:\/\/www.article-marketing.eu\/comunicati\/salute-e-benessere\/vaccinarsi-una-scommessa-di-prevenzione\/#article","isPartOf":{"@id":"https:\/\/www.article-marketing.eu\/comunicati\/salute-e-benessere\/vaccinarsi-una-scommessa-di-prevenzione\/"},"author":{"name":"Redazione Comunicati Stampa","@id":"https:\/\/www.article-marketing.eu\/comunicati\/#\/schema\/person\/44372e4d4d0fa797b18e03ed1ace9017"},"headline":"Vaccinarsi: una scommessa di prevenzione","datePublished":"2015-11-08T15:14:01+00:00","mainEntityOfPage":{"@id":"https:\/\/www.article-marketing.eu\/comunicati\/salute-e-benessere\/vaccinarsi-una-scommessa-di-prevenzione\/"},"wordCount":774,"commentCount":0,"keywords":["salute e prevenzione","vaccinazione","vaccinazione obbligatoria"],"articleSection":["Salute e benessere"],"inLanguage":"it-IT","potentialAction":[{"@type":"CommentAction","name":"Comment","target":["https:\/\/www.article-marketing.eu\/comunicati\/salute-e-benessere\/vaccinarsi-una-scommessa-di-prevenzione\/#respond"]}]},{"@type":"WebPage","@id":"https:\/\/www.article-marketing.eu\/comunicati\/salute-e-benessere\/vaccinarsi-una-scommessa-di-prevenzione\/","url":"https:\/\/www.article-marketing.eu\/comunicati\/salute-e-benessere\/vaccinarsi-una-scommessa-di-prevenzione\/","name":"Vaccinarsi: una scommessa di prevenzione - Article Marketing","isPartOf":{"@id":"https:\/\/www.article-marketing.eu\/comunicati\/#website"},"datePublished":"2015-11-08T15:14:01+00:00","author":{"@id":"https:\/\/www.article-marketing.eu\/comunicati\/#\/schema\/person\/44372e4d4d0fa797b18e03ed1ace9017"},"breadcrumb":{"@id":"https:\/\/www.article-marketing.eu\/comunicati\/salute-e-benessere\/vaccinarsi-una-scommessa-di-prevenzione\/#breadcrumb"},"inLanguage":"it-IT","potentialAction":[{"@type":"ReadAction","target":["https:\/\/www.article-marketing.eu\/comunicati\/salute-e-benessere\/vaccinarsi-una-scommessa-di-prevenzione\/"]}]},{"@type":"BreadcrumbList","@id":"https:\/\/www.article-marketing.eu\/comunicati\/salute-e-benessere\/vaccinarsi-una-scommessa-di-prevenzione\/#breadcrumb","itemListElement":[{"@type":"ListItem","position":1,"name":"Home","item":"https:\/\/www.article-marketing.eu\/comunicati\/"},{"@type":"ListItem","position":2,"name":"Vaccinarsi: una scommessa di prevenzione"}]},{"@type":"WebSite","@id":"https:\/\/www.article-marketing.eu\/comunicati\/#website","url":"https:\/\/www.article-marketing.eu\/comunicati\/","name":"Article Marketing","description":"article marketing &amp; press release","potentialAction":[{"@type":"SearchAction","target":{"@type":"EntryPoint","urlTemplate":"https:\/\/www.article-marketing.eu\/comunicati\/?s={search_term_string}"},"query-input":{"@type":"PropertyValueSpecification","valueRequired":true,"valueName":"search_term_string"}}],"inLanguage":"it-IT"},{"@type":"Person","@id":"https:\/\/www.article-marketing.eu\/comunicati\/#\/schema\/person\/44372e4d4d0fa797b18e03ed1ace9017","name":"Redazione Comunicati Stampa","image":{"@type":"ImageObject","inLanguage":"it-IT","@id":"https:\/\/www.article-marketing.eu\/comunicati\/#\/schema\/person\/image\/","url":"https:\/\/secure.gravatar.com\/avatar\/50e5c6421d3072f42e7ace803501602c60d75233d34e29fd05feb91c8760b792?s=96&d=mm&r=g","contentUrl":"https:\/\/secure.gravatar.com\/avatar\/50e5c6421d3072f42e7ace803501602c60d75233d34e29fd05feb91c8760b792?s=96&d=mm&r=g","caption":"Redazione Comunicati Stampa"},"url":"https:\/\/www.article-marketing.eu\/comunicati\/author\/redazione-comunicati-stampa\/"}]}},"_links":{"self":[{"href":"https:\/\/www.article-marketing.eu\/comunicati\/wp-json\/wp\/v2\/posts\/49721","targetHints":{"allow":["GET"]}}],"collection":[{"href":"https:\/\/www.article-marketing.eu\/comunicati\/wp-json\/wp\/v2\/posts"}],"about":[{"href":"https:\/\/www.article-marketing.eu\/comunicati\/wp-json\/wp\/v2\/types\/post"}],"author":[{"embeddable":true,"href":"https:\/\/www.article-marketing.eu\/comunicati\/wp-json\/wp\/v2\/users\/10"}],"replies":[{"embeddable":true,"href":"https:\/\/www.article-marketing.eu\/comunicati\/wp-json\/wp\/v2\/comments?post=49721"}],"version-history":[{"count":0,"href":"https:\/\/www.article-marketing.eu\/comunicati\/wp-json\/wp\/v2\/posts\/49721\/revisions"}],"wp:attachment":[{"href":"https:\/\/www.article-marketing.eu\/comunicati\/wp-json\/wp\/v2\/media?parent=49721"}],"wp:term":[{"taxonomy":"category","embeddable":true,"href":"https:\/\/www.article-marketing.eu\/comunicati\/wp-json\/wp\/v2\/categories?post=49721"},{"taxonomy":"post_tag","embeddable":true,"href":"https:\/\/www.article-marketing.eu\/comunicati\/wp-json\/wp\/v2\/tags?post=49721"}],"curies":[{"name":"wp","href":"https:\/\/api.w.org\/{rel}","templated":true}]}}