{"id":49896,"date":"2015-11-08T02:51:07","date_gmt":"2015-11-08T01:51:07","guid":{"rendered":"http:\/\/www.article-marketing.eu\/comunicati\/senza-categoria\/non-dimenticare-%23srebrenica\/"},"modified":"2015-11-08T02:51:07","modified_gmt":"2015-11-08T01:51:07","slug":"non-dimenticare-%23srebrenica","status":"publish","type":"post","link":"https:\/\/www.article-marketing.eu\/comunicati\/societa\/tutela-e-denunce-societa\/non-dimenticare-%23srebrenica\/","title":{"rendered":"Non dimenticare #Srebrenica organizzato dal Comune di Lucca"},"content":{"rendered":"<p>07\/11\/2015<br \/>Comune di Lucca<br \/>Il Comune di Lucca ha aderito alla campagna &#8216;Non dimenticare &#8216;#Srebrenica&#8217; insieme alla Regione e ad Anci Toscana, per rinnovare la memoria su una delle pagine pi&ugrave; drammatiche che l&#8217;umanit&agrave; abbia mai vissuto. Nel 2015 ricorrono i 20 anni dal massacro di Srebrenica, il pi&ugrave; grave avvenuto in Europa dalla fine della seconda guerra mondiale. Erano i primi giorni di luglio del 1995 quando l&#8217;armata serbo bosniaca guidata dal generale Ratco Mladic attacca la Zona Protetta di Srebrenica. Un&#8217;offensiva che si protrae fino all&#8217;11 luglio quando, le unit&agrave; serbo bosniache entrano in Srebrenica. Seguirono giorni tragici segnati da stupri, mutilazioni, esecuzione di civili, sepolture di uomini vivi. Il massacro di quasi 9000 civili di quella met&agrave; di luglio del 1995, &egrave; solo l&#8217;epilogo di una storia iniziata tre anni prima, un assedio perpetrato sotto gli occhi dei caschi blu. Dopo quelle giornate di terrore e di morte, si dice che chi &egrave; sopravvissuto a Srebrenica non pu&ograve; dire di avere sentimenti in corpo e, chi non l&#8217;ha conosciuta, non pu&ograve; dire di aver visto la guerra in Bosnia. Per fare memoria di queste tragiche pagine della nostra storia e su fatti devastanti per l&#8217;intera umanit&agrave; e tramandare cos&igrave; valori ispirati alla pace, iI Comune di Lucca ha dato vita ad una serie di iniziative in collaborazione con il Forum della Cooperazione Internazionale della Provincia di Lucca la Comunit&agrave; di Sant&#8217;Egidio, Arci Toscana, il Teatro del Giglio, Cineforum Ezechiele e Fondazione Banca del Monte di Lucca.<br \/>Il dettaglio del programma &egrave; stato presentato questa mattina a Palazzo Orsetti durante una conferenza stampa alla quale sono intervenuti l&#8217;assessore alla Cooperazione Internazionale Enrico Cecchetti, Lino Paoli per la Comunit&agrave; di Sant&#8217;Egidio, Maurizio Fatarella di Arci Lucca e il presidente di Cineforum Ezechiele Maximiliano Dotto. Il primo appuntamento, ad ingresso gratuito e aperto a tutta la cittadinanza, si terr&agrave; mercoled&igrave; 11 novembre alle ore 21 nei rinnovati locali dell&#8217;Ex Cavallerizza in Piazzale Verdi. Qui sar&agrave; portato in scena lo spettacolo teatrale &#8216;A come Srebrenica&#8217; di Roberta Biagiarelli. Si tratta di una narrazione appassionata, tesa e accuratissima che Biagiarelli, attrice di Fano nata con Teatro Settimo nella Torino degli anni &#8217;80 e oggi a capo dei una compagnia, fa dell&#8217;assedio e del massacro di Srebrenica. Sola sul palco l&#8217;attrice, senza scene e costumi, racconta in 90 minuti una storia da non dimenticare che ha riguardato migliaia di persone che avevano un nome, un volto, sogni e progetti e che oggi, a causa delle difficilissime operazioni di riconoscimento dei corpi dilaniati, sono spesso solo un numero e non hanno neppure una lapide. Il giorno successivo lo spettacolo sar&agrave; replicato per gli studenti delle scuole superiori del territorio.<br \/>Mercoled&igrave; 18 novembre, alle ore 21, nell&#8217;auditorium della Fondazione Banca del Monte di Lucca (Piazza San Martina n.4 Lucca) sar&agrave; proiettato, in collaborazione con Cineforum Ezechiele, il film &#8216;No Man&#8217;s Land&#8217; di Danis Tanovic (2001). Il racconto si situa nel 1993, quando, durante la guerra di Bosnia, due soldati, Ciki e Nino, uno bosniaco e l&#8217;altro serbo, si trovano isolati tra le due linee nemiche, nella cosiddetta &#8216;terra di nessuno&#8217;. Un casco blu francese cerca di aiutarli, violando l&#8217;ordine dei suoi superiori. I media si impadroniscono del caso trasformandolo in uno spettacolo mediatico internazionale. La situazione diventa sempre pi&ugrave; tesa e i due soldati devono negoziare il prezzo della loro vita nella follia della guerra.<br \/>Venerd&igrave; 20 novembre nell&#8217;auditorium del Centro Culturale Agor&agrave; (Piazza dei Servi Lucca) si terr&agrave; un incontro pubblico dal titolo &#8217;20 anni dopo Srebrebica e la fine della guerra in Bosnia&#8217;&igrave;. Tra memoria, storia e attualit&agrave;&#8217;. Parteciperanno all&#8217;iniziativa l&#8217;assessore del Comune di Lucca con delega alla Cooperazione Internazionale Enrico Cecchetti, il fotografo e giornalista specializzato in reportage sociali e di attualit&agrave; internazionale Mario Boccia, Lidjia Dominikovic di Arci Toscana e Raffaelo Crocco, giornalista Rai, scrittore, documentarista e ideatore dell&#8217;Atlante delle Guerre e dei Conflitti del Mondo.<br \/>Chiude la rassegna &#8216;Non dimenticare #Srebrenica&#8217; la proiezione, nell&#8217;auditorium della Fondazione Banca del Monte di Lucca, del documentario &#8216;Souvenir Srebreinica&#8217; di Roberta Biagiarelli e Luca Rosini (2006). Roberta Biagiarelli torna sui luoghi del massacro e tesse le fila di quegli eventi, la vita sotto assedio, le tappe inesorabili del genocidio, in un serrato confronto con i testimoni sopravvissuti e con il tribunale internazionale dell&#8217;Aja.<br \/>In vista degli appuntamenti, le associazioni che hanno aderito alla campagna &#8216;Non dimenticare #Srebrenica&#8217; hanno gi&agrave; tenuto diversi incontri di approfondimento si questi temi con gli studenti delle scuole superiori coinvolte. Con questa serie di appuntamenti la citt&agrave; di Lucca intende offrire ai cittadini importanti occasioni di riflessione e confrono oltre che condividere la memoria di quei fatti da cui non si pu&ograve; prescindere per costruire un futuro diverso non solo per i Balcani, ma per l&#8217;intera Europa.<\/p>\n","protected":false},"excerpt":{"rendered":"<p>Il Comune di Lucca ha aderito alla campagna &#8216;Non dimenticare &#8216;#Srebrenica&#8217; insieme alla Regione e ad Anci Toscana, per rinnovare la memoria su una delle pagine pi\u00f9 drammatiche che l&#8217;umanit\u00e0 abbia mai vissuto. Nel 2015 ricorrono i 20 anni dal massacro di Srebrenica, il pi\u00f9 grave avvenuto in Europa dalla fine della seconda guerra mondiale. Erano i primi giorni di luglio del 1995 quando l&#8217;armata serbo bosniaca guidata dal generale Ratco Mladic attacca la Zona Protetta di Srebrenica.<\/p>\n","protected":false},"author":10,"featured_media":0,"comment_status":"open","ping_status":"open","sticky":false,"template":"","format":"standard","meta":{"cybocfi_hide_featured_image":"","footnotes":""},"categories":[63],"tags":[53091,53092,170],"class_list":["post-49896","post","type-post","status-publish","format-standard","hentry","category-tutela-e-denunce-societa","tag-comune-di-lucca","tag-massacro-di-srebrenica","tag-storia"],"yoast_head":"<!-- This site is optimized with the Yoast SEO plugin v27.0 - https:\/\/yoast.com\/product\/yoast-seo-wordpress\/ -->\n<title>Non dimenticare #Srebrenica organizzato dal Comune di Lucca - Article Marketing<\/title>\n<meta name=\"robots\" content=\"index, follow, max-snippet:-1, max-image-preview:large, max-video-preview:-1\" \/>\n<link rel=\"canonical\" href=\"https:\/\/www.article-marketing.eu\/comunicati\/societa\/tutela-e-denunce-societa\/non-dimenticare-#srebrenica\/\" \/>\n<meta property=\"og:locale\" content=\"it_IT\" \/>\n<meta property=\"og:type\" content=\"article\" \/>\n<meta property=\"og:title\" content=\"Non dimenticare #Srebrenica organizzato dal Comune di Lucca - Article Marketing\" \/>\n<meta property=\"og:description\" content=\"Il Comune di Lucca ha aderito alla campagna &#039;Non dimenticare &#039;#Srebrenica&#039; insieme alla Regione e ad Anci Toscana, per rinnovare la memoria su una delle pagine pi\u00f9 drammatiche che l&#039;umanit\u00e0 abbia mai vissuto. Nel 2015 ricorrono i 20 anni dal massacro di Srebrenica, il pi\u00f9 grave avvenuto in Europa dalla fine della seconda guerra mondiale. Erano i primi giorni di luglio del 1995 quando l&#039;armata serbo bosniaca guidata dal generale Ratco Mladic attacca la Zona Protetta di Srebrenica.\" \/>\n<meta property=\"og:url\" content=\"https:\/\/www.article-marketing.eu\/comunicati\/societa\/tutela-e-denunce-societa\/non-dimenticare-#srebrenica\/\" \/>\n<meta property=\"og:site_name\" content=\"Article Marketing\" \/>\n<meta property=\"article:published_time\" content=\"2015-11-08T01:51:07+00:00\" \/>\n<meta name=\"author\" content=\"Redazione Comunicati Stampa\" \/>\n<meta name=\"twitter:card\" content=\"summary_large_image\" \/>\n<meta name=\"twitter:label1\" content=\"Scritto da\" \/>\n\t<meta name=\"twitter:data1\" content=\"Redazione Comunicati Stampa\" \/>\n\t<meta name=\"twitter:label2\" content=\"Tempo di lettura stimato\" \/>\n\t<meta name=\"twitter:data2\" content=\"4 minuti\" \/>\n<script type=\"application\/ld+json\" class=\"yoast-schema-graph\">{\"@context\":\"https:\/\/schema.org\",\"@graph\":[{\"@type\":\"Article\",\"@id\":\"https:\/\/www.article-marketing.eu\/comunicati\/societa\/tutela-e-denunce-societa\/non-dimenticare-%23srebrenica\/#article\",\"isPartOf\":{\"@id\":\"https:\/\/www.article-marketing.eu\/comunicati\/societa\/tutela-e-denunce-societa\/non-dimenticare-%23srebrenica\/\"},\"author\":{\"name\":\"Redazione Comunicati Stampa\",\"@id\":\"https:\/\/www.article-marketing.eu\/comunicati\/#\/schema\/person\/44372e4d4d0fa797b18e03ed1ace9017\"},\"headline\":\"Non dimenticare #Srebrenica organizzato dal Comune di Lucca\",\"datePublished\":\"2015-11-08T01:51:07+00:00\",\"mainEntityOfPage\":{\"@id\":\"https:\/\/www.article-marketing.eu\/comunicati\/societa\/tutela-e-denunce-societa\/non-dimenticare-%23srebrenica\/\"},\"wordCount\":808,\"commentCount\":0,\"keywords\":[\"Comune di Lucca\",\"massacro di Srebrenica\",\"storia\"],\"articleSection\":[\"Tutela e denunce\"],\"inLanguage\":\"it-IT\",\"potentialAction\":[{\"@type\":\"CommentAction\",\"name\":\"Comment\",\"target\":[\"https:\/\/www.article-marketing.eu\/comunicati\/societa\/tutela-e-denunce-societa\/non-dimenticare-%23srebrenica\/#respond\"]}]},{\"@type\":\"WebPage\",\"@id\":\"https:\/\/www.article-marketing.eu\/comunicati\/societa\/tutela-e-denunce-societa\/non-dimenticare-%23srebrenica\/\",\"url\":\"https:\/\/www.article-marketing.eu\/comunicati\/societa\/tutela-e-denunce-societa\/non-dimenticare-%23srebrenica\/\",\"name\":\"Non dimenticare #Srebrenica organizzato dal Comune di Lucca - Article Marketing\",\"isPartOf\":{\"@id\":\"https:\/\/www.article-marketing.eu\/comunicati\/#website\"},\"datePublished\":\"2015-11-08T01:51:07+00:00\",\"author\":{\"@id\":\"https:\/\/www.article-marketing.eu\/comunicati\/#\/schema\/person\/44372e4d4d0fa797b18e03ed1ace9017\"},\"breadcrumb\":{\"@id\":\"https:\/\/www.article-marketing.eu\/comunicati\/societa\/tutela-e-denunce-societa\/non-dimenticare-%23srebrenica\/#breadcrumb\"},\"inLanguage\":\"it-IT\",\"potentialAction\":[{\"@type\":\"ReadAction\",\"target\":[\"https:\/\/www.article-marketing.eu\/comunicati\/societa\/tutela-e-denunce-societa\/non-dimenticare-%23srebrenica\/\"]}]},{\"@type\":\"BreadcrumbList\",\"@id\":\"https:\/\/www.article-marketing.eu\/comunicati\/societa\/tutela-e-denunce-societa\/non-dimenticare-%23srebrenica\/#breadcrumb\",\"itemListElement\":[{\"@type\":\"ListItem\",\"position\":1,\"name\":\"Home\",\"item\":\"https:\/\/www.article-marketing.eu\/comunicati\/\"},{\"@type\":\"ListItem\",\"position\":2,\"name\":\"Non dimenticare #Srebrenica organizzato dal Comune di Lucca\"}]},{\"@type\":\"WebSite\",\"@id\":\"https:\/\/www.article-marketing.eu\/comunicati\/#website\",\"url\":\"https:\/\/www.article-marketing.eu\/comunicati\/\",\"name\":\"Article Marketing\",\"description\":\"article marketing &amp; press release\",\"potentialAction\":[{\"@type\":\"SearchAction\",\"target\":{\"@type\":\"EntryPoint\",\"urlTemplate\":\"https:\/\/www.article-marketing.eu\/comunicati\/?s={search_term_string}\"},\"query-input\":{\"@type\":\"PropertyValueSpecification\",\"valueRequired\":true,\"valueName\":\"search_term_string\"}}],\"inLanguage\":\"it-IT\"},{\"@type\":\"Person\",\"@id\":\"https:\/\/www.article-marketing.eu\/comunicati\/#\/schema\/person\/44372e4d4d0fa797b18e03ed1ace9017\",\"name\":\"Redazione Comunicati Stampa\",\"image\":{\"@type\":\"ImageObject\",\"inLanguage\":\"it-IT\",\"@id\":\"https:\/\/www.article-marketing.eu\/comunicati\/#\/schema\/person\/image\/\",\"url\":\"https:\/\/secure.gravatar.com\/avatar\/50e5c6421d3072f42e7ace803501602c60d75233d34e29fd05feb91c8760b792?s=96&d=mm&r=g\",\"contentUrl\":\"https:\/\/secure.gravatar.com\/avatar\/50e5c6421d3072f42e7ace803501602c60d75233d34e29fd05feb91c8760b792?s=96&d=mm&r=g\",\"caption\":\"Redazione Comunicati Stampa\"},\"url\":\"https:\/\/www.article-marketing.eu\/comunicati\/author\/redazione-comunicati-stampa\/\"}]}<\/script>\n<!-- \/ Yoast SEO plugin. -->","yoast_head_json":{"title":"Non dimenticare #Srebrenica organizzato dal Comune di Lucca - Article Marketing","robots":{"index":"index","follow":"follow","max-snippet":"max-snippet:-1","max-image-preview":"max-image-preview:large","max-video-preview":"max-video-preview:-1"},"canonical":"https:\/\/www.article-marketing.eu\/comunicati\/societa\/tutela-e-denunce-societa\/non-dimenticare-#srebrenica\/","og_locale":"it_IT","og_type":"article","og_title":"Non dimenticare #Srebrenica organizzato dal Comune di Lucca - Article Marketing","og_description":"Il Comune di Lucca ha aderito alla campagna 'Non dimenticare '#Srebrenica' insieme alla Regione e ad Anci Toscana, per rinnovare la memoria su una delle pagine pi\u00f9 drammatiche che l'umanit\u00e0 abbia mai vissuto. Nel 2015 ricorrono i 20 anni dal massacro di Srebrenica, il pi\u00f9 grave avvenuto in Europa dalla fine della seconda guerra mondiale. Erano i primi giorni di luglio del 1995 quando l'armata serbo bosniaca guidata dal generale Ratco Mladic attacca la Zona Protetta di Srebrenica.","og_url":"https:\/\/www.article-marketing.eu\/comunicati\/societa\/tutela-e-denunce-societa\/non-dimenticare-#srebrenica\/","og_site_name":"Article Marketing","article_published_time":"2015-11-08T01:51:07+00:00","author":"Redazione Comunicati Stampa","twitter_card":"summary_large_image","twitter_misc":{"Scritto da":"Redazione Comunicati Stampa","Tempo di lettura stimato":"4 minuti"},"schema":{"@context":"https:\/\/schema.org","@graph":[{"@type":"Article","@id":"https:\/\/www.article-marketing.eu\/comunicati\/societa\/tutela-e-denunce-societa\/non-dimenticare-%23srebrenica\/#article","isPartOf":{"@id":"https:\/\/www.article-marketing.eu\/comunicati\/societa\/tutela-e-denunce-societa\/non-dimenticare-%23srebrenica\/"},"author":{"name":"Redazione Comunicati Stampa","@id":"https:\/\/www.article-marketing.eu\/comunicati\/#\/schema\/person\/44372e4d4d0fa797b18e03ed1ace9017"},"headline":"Non dimenticare #Srebrenica organizzato dal Comune di Lucca","datePublished":"2015-11-08T01:51:07+00:00","mainEntityOfPage":{"@id":"https:\/\/www.article-marketing.eu\/comunicati\/societa\/tutela-e-denunce-societa\/non-dimenticare-%23srebrenica\/"},"wordCount":808,"commentCount":0,"keywords":["Comune di Lucca","massacro di Srebrenica","storia"],"articleSection":["Tutela e denunce"],"inLanguage":"it-IT","potentialAction":[{"@type":"CommentAction","name":"Comment","target":["https:\/\/www.article-marketing.eu\/comunicati\/societa\/tutela-e-denunce-societa\/non-dimenticare-%23srebrenica\/#respond"]}]},{"@type":"WebPage","@id":"https:\/\/www.article-marketing.eu\/comunicati\/societa\/tutela-e-denunce-societa\/non-dimenticare-%23srebrenica\/","url":"https:\/\/www.article-marketing.eu\/comunicati\/societa\/tutela-e-denunce-societa\/non-dimenticare-%23srebrenica\/","name":"Non dimenticare #Srebrenica organizzato dal Comune di Lucca - Article Marketing","isPartOf":{"@id":"https:\/\/www.article-marketing.eu\/comunicati\/#website"},"datePublished":"2015-11-08T01:51:07+00:00","author":{"@id":"https:\/\/www.article-marketing.eu\/comunicati\/#\/schema\/person\/44372e4d4d0fa797b18e03ed1ace9017"},"breadcrumb":{"@id":"https:\/\/www.article-marketing.eu\/comunicati\/societa\/tutela-e-denunce-societa\/non-dimenticare-%23srebrenica\/#breadcrumb"},"inLanguage":"it-IT","potentialAction":[{"@type":"ReadAction","target":["https:\/\/www.article-marketing.eu\/comunicati\/societa\/tutela-e-denunce-societa\/non-dimenticare-%23srebrenica\/"]}]},{"@type":"BreadcrumbList","@id":"https:\/\/www.article-marketing.eu\/comunicati\/societa\/tutela-e-denunce-societa\/non-dimenticare-%23srebrenica\/#breadcrumb","itemListElement":[{"@type":"ListItem","position":1,"name":"Home","item":"https:\/\/www.article-marketing.eu\/comunicati\/"},{"@type":"ListItem","position":2,"name":"Non dimenticare #Srebrenica organizzato dal Comune di Lucca"}]},{"@type":"WebSite","@id":"https:\/\/www.article-marketing.eu\/comunicati\/#website","url":"https:\/\/www.article-marketing.eu\/comunicati\/","name":"Article Marketing","description":"article marketing &amp; press release","potentialAction":[{"@type":"SearchAction","target":{"@type":"EntryPoint","urlTemplate":"https:\/\/www.article-marketing.eu\/comunicati\/?s={search_term_string}"},"query-input":{"@type":"PropertyValueSpecification","valueRequired":true,"valueName":"search_term_string"}}],"inLanguage":"it-IT"},{"@type":"Person","@id":"https:\/\/www.article-marketing.eu\/comunicati\/#\/schema\/person\/44372e4d4d0fa797b18e03ed1ace9017","name":"Redazione Comunicati Stampa","image":{"@type":"ImageObject","inLanguage":"it-IT","@id":"https:\/\/www.article-marketing.eu\/comunicati\/#\/schema\/person\/image\/","url":"https:\/\/secure.gravatar.com\/avatar\/50e5c6421d3072f42e7ace803501602c60d75233d34e29fd05feb91c8760b792?s=96&d=mm&r=g","contentUrl":"https:\/\/secure.gravatar.com\/avatar\/50e5c6421d3072f42e7ace803501602c60d75233d34e29fd05feb91c8760b792?s=96&d=mm&r=g","caption":"Redazione Comunicati Stampa"},"url":"https:\/\/www.article-marketing.eu\/comunicati\/author\/redazione-comunicati-stampa\/"}]}},"_links":{"self":[{"href":"https:\/\/www.article-marketing.eu\/comunicati\/wp-json\/wp\/v2\/posts\/49896","targetHints":{"allow":["GET"]}}],"collection":[{"href":"https:\/\/www.article-marketing.eu\/comunicati\/wp-json\/wp\/v2\/posts"}],"about":[{"href":"https:\/\/www.article-marketing.eu\/comunicati\/wp-json\/wp\/v2\/types\/post"}],"author":[{"embeddable":true,"href":"https:\/\/www.article-marketing.eu\/comunicati\/wp-json\/wp\/v2\/users\/10"}],"replies":[{"embeddable":true,"href":"https:\/\/www.article-marketing.eu\/comunicati\/wp-json\/wp\/v2\/comments?post=49896"}],"version-history":[{"count":0,"href":"https:\/\/www.article-marketing.eu\/comunicati\/wp-json\/wp\/v2\/posts\/49896\/revisions"}],"wp:attachment":[{"href":"https:\/\/www.article-marketing.eu\/comunicati\/wp-json\/wp\/v2\/media?parent=49896"}],"wp:term":[{"taxonomy":"category","embeddable":true,"href":"https:\/\/www.article-marketing.eu\/comunicati\/wp-json\/wp\/v2\/categories?post=49896"},{"taxonomy":"post_tag","embeddable":true,"href":"https:\/\/www.article-marketing.eu\/comunicati\/wp-json\/wp\/v2\/tags?post=49896"}],"curies":[{"name":"wp","href":"https:\/\/api.w.org\/{rel}","templated":true}]}}