{"id":4999,"date":"2010-05-05T16:21:11","date_gmt":"2010-05-05T14:21:11","guid":{"rendered":"http:\/\/www.article-marketing.eu\/comunicati\/senza-categoria\/la-diversit%e0-e-la-nostra-forza-dieci-anni-di-sphera-group\/"},"modified":"2010-05-05T16:21:11","modified_gmt":"2010-05-05T14:21:11","slug":"la-diversit%e0-e-la-nostra-forza-dieci-anni-di-sphera-group","status":"publish","type":"post","link":"https:\/\/www.article-marketing.eu\/comunicati\/economia-e-lavoro\/la-diversit%e0-e-la-nostra-forza-dieci-anni-di-sphera-group\/","title":{"rendered":"La diversit\u00e0 \u00e8 la nostra forza: dieci anni di Sphera Group"},"content":{"rendered":"<p>Prudential of America, tra le poche realt\u00e0 finanziarie USA non<br \/>\ntravolte  dall\u2019 ultima crisi, ha pi\u00f9 di 180 anni e il suo marchio, la<br \/>\nroccia di  Gibilterra, campeggia imperioso su Time Square a New York, la<br \/>\n Guiness ha  250 anni. Sphera Group non vende assicurazioni e non si<br \/>\noccupa di  intrattenimento, ma compie 10 anni ed \u00e8 decisamente inserita<br \/>\nnel  contesto contemporaneo.<br \/>\nSphera Group \u00e8 stata ideata e fondata, tra  gli altri, da Maurizio<br \/>\nSiciliano oggi Amministratore delegato e  Responsabile delle strategie.<br \/>\nSiciliano ha lavorato tra gli altri in  Banca S.Paolo di Torino, oggi<br \/>\nIntesa, AWD, Prudential of America e  collaborato con altre realt\u00e0<br \/>\nnell\u2019ambito della consulenza finanziaria e  della consulenza di<br \/>\ndirezione, prima di fondare nel 2000 Sphera Group.<br \/>\nSphera  Group lavora in un modo complicato: aiutare il management e le<br \/>\nimprese a  generare risultati sostanziali e valorizzare il patrimonio<br \/>\ndell\u2019impresa. La sfida \u00e8 riuscire a convogliare verso le piccole e medie<br \/>\n  imprese la cultura manageriale tipica delle imprese multinazionali.<br \/>\nCon  il suo modello organizzativo e metodologico, Sphera sfrutta il<br \/>\npotere  della \u201cdiversit\u00e0\u201d. In Sphera hanno assunto da sempre, un impegno<br \/>\n per la  diversit\u00e0 nel mercato e nelle metodologie. Ci riescono<br \/>\nattraverso le  \u201cpersone\u201d, quelle che abilmente creano e distribuiscono<br \/>\nservizi e che  fanno di tutto per distinguersi dai concorrenti. In<br \/>\nSphera sono tutti  impegnati a promuovere un ambiente di lavoro che<br \/>\nvalorizzi le differenze  e sfrutti questa opportunit\u00e0 a vantaggio dei<br \/>\nclienti.<br \/>\nHo intervistato Maurizio Siciliano<\/p>\n<p>&#8211; <strong>Come ricorda gli esordi e chi l\u2019ha aiutata?<\/strong><br \/>\nGli  inizi sono stati appassionanti e da veri pionieri. L\u2019azienda negli<br \/>\nanni  \u00e8 cresciuta divenendo un punto di riferimento importante nel<br \/>\nmercato  della consulenza alle imprese. Nel 2000 c\u2019era invece la<br \/>\n\u201cfrenesia\u201d per  Internet e tutti pensavano al modo migliore per<br \/>\ncavalcare la \u201cnew  economy\u201d e fare soldi facili. Nacquero anche molti<br \/>\nmodelli di aziende  atipici. Sappiamo tutti come \u00e8 andata a finire. Io e<br \/>\n alcuni miei  collaboratori di allora, venivamo da esperienze in aziende<br \/>\n  multinazionali molto concrete ed era molto evidente per noi che<br \/>\n\u201cpersone\u201d e \u201ccultura manageriale\u201d erano parole chiave dalle quali non<br \/>\nvolevamo discostarci per avventure ignote e quindi Sphera Group era l\u2019<br \/>\nambiente di sviluppo ideale per i nostri progetti. Ho sempre pensato che<br \/>\n  il valore si genera dall\u2019avere e gestire talenti e dalla ricerca e<br \/>\ninnovazione continua.<\/p>\n<p>&#8211; <strong>In cosa  consiste per Sphera il concetto di<br \/>\n\u201cdifferenziazione\u201d?<\/strong><br \/>\nLa  diversit\u00e0 \u00e8 la nostra forza, \u201d Diversity our strenght\u201d c\u2019\u00e8 scritto<br \/>\nnello  stemma della citt\u00e0 di Toronto. Diversit\u00e0 data dalle competenze<br \/>\ndei  Talenti che ricerchiamo e selezioniamo per noi e per i nostri<br \/>\nclienti.  Persone dotate di grande competenza, passione e capacit\u00e0<br \/>\nintuitiva.  D\u2019altro lato la diversit\u00e0 evolutiva propria dei \u201csalti di<br \/>\nparadigma\u201d  possibili solo grazie all\u2019 elaborazione di strategie e<br \/>\nmetodologie di  lavoro al servizio di soluzioni che creano reali<br \/>\nvantaggi competitivi e  valore aggiunto per i nostri clienti. La forza<br \/>\ndel fare e dell\u2019 avere un  progetto, un\u2019idea da realizzare. Alla Revlon<br \/>\ndirebbero che \u201cin fabbrica  si fanno i cosmetici, nei negozi si vendono i<br \/>\n sogni\u201d.<\/p>\n<p>&#8211; <strong>Qual\u2019 \u00e8 stata la carta Vincente di Sphera?<\/strong><br \/>\nPer  ottenere risultati vincenti bisogna credere in ci\u00f2 che si fa. Avere<br \/>\n un  team di Talenti motivato dai risultati e da un<br \/>\nobiettivo condiviso e  offrire un servizio corretto e mirato alle reali<br \/>\nesigenze  dell\u2019interlocutore. E non accettare compromessi rispetto al<br \/>\nproprio  punto di vista. Il Cliente ci chiede soluzioni, non si<br \/>\naccontenta di  scambiare opinioni.<\/p>\n<p>&#8211; <strong>In questi  10 anni le cose sono molto cambiate e viviamo un<br \/>\n momento critico. Cosa  ne pensa?<\/strong><br \/>\nIl mercato \u00e8 irrazionale e disorganizzato e si  evolve. La crisi<br \/>\ncolpisce soprattutto chi sta fermo e non differenzia  l\u2019offerta. Questa<br \/>\ncrisi \u00e8 un\u2019opportunit\u00e0 che stimola i cambiamenti  radicali e le<br \/>\ninnovazioni, induce le persone a sforzi notevoli di  adattamento,<br \/>\nfavorisce chi \u00e8 abbastanza agile nel differenziarsi. Per  molti invece<br \/>\nquesta crisi sar\u00e0 decisiva per la sopravvivenza, anche se  alcuni per<br \/>\nadesso non sentono molti effetti negativi sulle loro  produzioni, i loro<br \/>\n fatturati e i loro guadagni. Ogni tanto mi capita di  visitare qualche<br \/>\nazienda dove tutti sono eccitati e soddisfatti per  avere tenuto<br \/>\nrispetto all\u2019anno precedente o avere perso un po\u2019 meno del  competitor<br \/>\nprincipale. Comunque segni negativi all\u2019ombra di modelli di  business<br \/>\normai morti e da ripensare. In azienda si possono tollerare  molti<br \/>\nerrori e si pu\u00f2 correggere la rotta spesso, ma sbagliare le  decisioni<br \/>\nstrategiche significa autodistruggersi. L\u2019agonia \u00e8 lenta e  dolorosa.<\/p>\n<p>&#8211; <strong>Come vede il futuro?<\/strong><br \/>\nNon  mi avventuro in previsioni. Mi sembra ormai evidente che chi fa<br \/>\nprevisioni, soprattutto a lungo termine, rischia il ridicolo e che le<br \/>\nsue previsioni risultino errate.<br \/>\nI modelli di business sono cambiati e  stanno cambiando e la tecnologia e<br \/>\n le reti sia di comunicazione che dei  trasporti sono la ragione<br \/>\nprincipale. Io credo fermamente nella  supremazia delle persone sulle<br \/>\norganizzazioni e penso che vedremo  affermarsi un\u2019imprenditorialit\u00e0 pi\u00f9<br \/>\ndiffusa. Tom Peters in questa idea  ci ha preceduto alcuni<br \/>\nanni fa auspicando piccoli centri di profitto  autonomi, staff snelli,<br \/>\npuntare tutto sul soft del prodotto\/servizio,  essere piccoli, essere<br \/>\nliberi e gestire le informazioni. Massima libert\u00e0  e<br \/>\nresponsabilizzazione del team di lavoro. Ad ogni<br \/>\nmodo solo ci\u00f2 che  aggiunge valore merita di stare in un\u2019organizzazione<br \/>\naziendale. Questo  potrebbe essere il trend.<\/p>\n<p>&#8211;<strong> E il  futuro di Sphera?<\/strong><br \/>\nAnche qui non faccio previsioni.  Continuiamo con i nostri valori e<br \/>\nl\u2019impostazione che ho espresso nelle  parole precedenti. Accresceremo<br \/>\ncertamente la nostra capacit\u00e0 di dare  risposte e soluzioni anche<br \/>\nattraverso l\u2019acquisizione di nuove competenze  caratterizzate da nuovi<br \/>\nbrand del gruppo, soprattutto in ambito  marketing strategico e<br \/>\nconsulenza fiscale e finanziaria.<\/p>\n<p>&#8211; <strong>Se non si occupasse di Sphera Group cosa le  piacerebbe<br \/>\nfare?<\/strong><br \/>\nCertamente mettermi al servizio della  comunit\u00e0 nell\u2019ottica della \u201cres<br \/>\npublicae\u201d dei nostri antenati, ma non so  se mi assumerebbero\u2026<\/p>\n<p>Per approfondimenti: <a target=\"_blank\" href=\"http:\/\/www.spheragroup.it\/\">www.spheragroup.it <\/a><\/p>\n<p>Potete anche commentare l\u2019articolo direttamente sul nostro blog: BlogoSphera<\/p>\n","protected":false},"excerpt":{"rendered":"<p>Prudential of America, tra le poche realt\u00e0 finanziarie USA non travolte dall\u2019 ultima crisi, ha pi\u00f9 di 180 anni e il suo marchio, la roccia di Gibilterra, campeggia imperioso su Time Square a New York, la Guiness ha 250 anni.<\/p>\n","protected":false},"author":10,"featured_media":0,"comment_status":"open","ping_status":"open","sticky":false,"template":"","format":"standard","meta":{"cybocfi_hide_featured_image":"","footnotes":""},"categories":[59],"tags":[3779,1042,3780,3778,440,3781,507,3777],"class_list":["post-4999","post","type-post","status-publish","format-standard","hentry","category-economia-e-lavoro","tag-analisi-organizzativa","tag-business","tag-consulenza-di-direzione","tag-controllo-di-gestione","tag-formazione","tag-internazionalizzazione-aziendale","tag-pmi","tag-selezione"],"yoast_head":"<!-- This site is optimized with the Yoast SEO plugin v27.0 - https:\/\/yoast.com\/product\/yoast-seo-wordpress\/ -->\n<title>La diversit\u00e0 \u00e8 la nostra forza: dieci anni di Sphera Group - Article Marketing<\/title>\n<meta name=\"robots\" content=\"index, follow, max-snippet:-1, max-image-preview:large, max-video-preview:-1\" \/>\n<link rel=\"canonical\" href=\"https:\/\/www.article-marketing.eu\/comunicati\/economia-e-lavoro\/la-diversit?-e-la-nostra-forza-dieci-anni-di-sphera-group\/\" \/>\n<meta property=\"og:locale\" content=\"it_IT\" \/>\n<meta property=\"og:type\" content=\"article\" \/>\n<meta property=\"og:title\" content=\"La diversit\u00e0 \u00e8 la nostra forza: dieci anni di Sphera Group - Article Marketing\" \/>\n<meta property=\"og:description\" content=\"Prudential of America, tra le poche realt\u00e0 finanziarie USA non travolte dall\u2019 ultima crisi, ha pi\u00f9 di 180 anni e il suo marchio, la roccia di Gibilterra, campeggia imperioso su Time Square a New York, la Guiness ha 250 anni.\" \/>\n<meta property=\"og:url\" content=\"\" \/>\n<meta property=\"og:site_name\" content=\"Article Marketing\" \/>\n<meta property=\"article:published_time\" content=\"2010-05-05T14:21:11+00:00\" \/>\n<meta name=\"author\" content=\"Redazione Comunicati Stampa\" \/>\n<meta name=\"twitter:card\" content=\"summary_large_image\" \/>\n<meta name=\"twitter:label1\" content=\"Scritto da\" \/>\n\t<meta name=\"twitter:data1\" content=\"Redazione Comunicati Stampa\" \/>\n\t<meta name=\"twitter:label2\" content=\"Tempo di lettura stimato\" \/>\n\t<meta name=\"twitter:data2\" content=\"5 minuti\" \/>\n<script type=\"application\/ld+json\" class=\"yoast-schema-graph\">{\"@context\":\"https:\/\/schema.org\",\"@graph\":[{\"@type\":\"Article\",\"@id\":\"https:\/\/www.article-marketing.eu\/comunicati\/economia-e-lavoro\/la-diversit%e0-e-la-nostra-forza-dieci-anni-di-sphera-group\/#article\",\"isPartOf\":{\"@id\":\"https:\/\/www.article-marketing.eu\/comunicati\/economia-e-lavoro\/la-diversit%e0-e-la-nostra-forza-dieci-anni-di-sphera-group\/\"},\"author\":{\"name\":\"Redazione Comunicati Stampa\",\"@id\":\"https:\/\/www.article-marketing.eu\/comunicati\/#\/schema\/person\/44372e4d4d0fa797b18e03ed1ace9017\"},\"headline\":\"La diversit\u00e0 \u00e8 la nostra forza: dieci anni di Sphera Group\",\"datePublished\":\"2010-05-05T14:21:11+00:00\",\"mainEntityOfPage\":{\"@id\":\"https:\/\/www.article-marketing.eu\/comunicati\/economia-e-lavoro\/la-diversit%e0-e-la-nostra-forza-dieci-anni-di-sphera-group\/\"},\"wordCount\":975,\"commentCount\":0,\"keywords\":[\"analisi organizzativa\",\"business\",\"consulenza di direzione\",\"controllo di gestione\",\"formazione\",\"internazionalizzazione aziendale\",\"pmi\",\"selezione\"],\"articleSection\":[\"Economia e lavoro\"],\"inLanguage\":\"it-IT\",\"potentialAction\":[{\"@type\":\"CommentAction\",\"name\":\"Comment\",\"target\":[\"https:\/\/www.article-marketing.eu\/comunicati\/economia-e-lavoro\/la-diversit%e0-e-la-nostra-forza-dieci-anni-di-sphera-group\/#respond\"]}]},{\"@type\":\"WebPage\",\"@id\":\"https:\/\/www.article-marketing.eu\/comunicati\/economia-e-lavoro\/la-diversit%e0-e-la-nostra-forza-dieci-anni-di-sphera-group\/\",\"url\":\"https:\/\/www.article-marketing.eu\/comunicati\/economia-e-lavoro\/la-diversit%e0-e-la-nostra-forza-dieci-anni-di-sphera-group\/\",\"name\":\"La diversit\u00e0 \u00e8 la nostra forza: dieci anni di Sphera Group - Article Marketing\",\"isPartOf\":{\"@id\":\"https:\/\/www.article-marketing.eu\/comunicati\/#website\"},\"datePublished\":\"2010-05-05T14:21:11+00:00\",\"author\":{\"@id\":\"https:\/\/www.article-marketing.eu\/comunicati\/#\/schema\/person\/44372e4d4d0fa797b18e03ed1ace9017\"},\"breadcrumb\":{\"@id\":\"https:\/\/www.article-marketing.eu\/comunicati\/economia-e-lavoro\/la-diversit%e0-e-la-nostra-forza-dieci-anni-di-sphera-group\/#breadcrumb\"},\"inLanguage\":\"it-IT\",\"potentialAction\":[{\"@type\":\"ReadAction\",\"target\":[\"https:\/\/www.article-marketing.eu\/comunicati\/economia-e-lavoro\/la-diversit%e0-e-la-nostra-forza-dieci-anni-di-sphera-group\/\"]}]},{\"@type\":\"BreadcrumbList\",\"@id\":\"https:\/\/www.article-marketing.eu\/comunicati\/economia-e-lavoro\/la-diversit%e0-e-la-nostra-forza-dieci-anni-di-sphera-group\/#breadcrumb\",\"itemListElement\":[{\"@type\":\"ListItem\",\"position\":1,\"name\":\"Home\",\"item\":\"https:\/\/www.article-marketing.eu\/comunicati\/\"},{\"@type\":\"ListItem\",\"position\":2,\"name\":\"La diversit\u00e0 \u00e8 la nostra forza: dieci anni di Sphera Group\"}]},{\"@type\":\"WebSite\",\"@id\":\"https:\/\/www.article-marketing.eu\/comunicati\/#website\",\"url\":\"https:\/\/www.article-marketing.eu\/comunicati\/\",\"name\":\"Article Marketing\",\"description\":\"article marketing &amp; press release\",\"potentialAction\":[{\"@type\":\"SearchAction\",\"target\":{\"@type\":\"EntryPoint\",\"urlTemplate\":\"https:\/\/www.article-marketing.eu\/comunicati\/?s={search_term_string}\"},\"query-input\":{\"@type\":\"PropertyValueSpecification\",\"valueRequired\":true,\"valueName\":\"search_term_string\"}}],\"inLanguage\":\"it-IT\"},{\"@type\":\"Person\",\"@id\":\"https:\/\/www.article-marketing.eu\/comunicati\/#\/schema\/person\/44372e4d4d0fa797b18e03ed1ace9017\",\"name\":\"Redazione Comunicati Stampa\",\"image\":{\"@type\":\"ImageObject\",\"inLanguage\":\"it-IT\",\"@id\":\"https:\/\/www.article-marketing.eu\/comunicati\/#\/schema\/person\/image\/\",\"url\":\"https:\/\/secure.gravatar.com\/avatar\/50e5c6421d3072f42e7ace803501602c60d75233d34e29fd05feb91c8760b792?s=96&d=mm&r=g\",\"contentUrl\":\"https:\/\/secure.gravatar.com\/avatar\/50e5c6421d3072f42e7ace803501602c60d75233d34e29fd05feb91c8760b792?s=96&d=mm&r=g\",\"caption\":\"Redazione Comunicati Stampa\"},\"url\":\"https:\/\/www.article-marketing.eu\/comunicati\/author\/redazione-comunicati-stampa\/\"}]}<\/script>\n<!-- \/ Yoast SEO plugin. -->","yoast_head_json":{"title":"La diversit\u00e0 \u00e8 la nostra forza: dieci anni di Sphera Group - Article Marketing","robots":{"index":"index","follow":"follow","max-snippet":"max-snippet:-1","max-image-preview":"max-image-preview:large","max-video-preview":"max-video-preview:-1"},"canonical":"https:\/\/www.article-marketing.eu\/comunicati\/economia-e-lavoro\/la-diversit?-e-la-nostra-forza-dieci-anni-di-sphera-group\/","og_locale":"it_IT","og_type":"article","og_title":"La diversit\u00e0 \u00e8 la nostra forza: dieci anni di Sphera Group - Article Marketing","og_description":"Prudential of America, tra le poche realt\u00e0 finanziarie USA non travolte dall\u2019 ultima crisi, ha pi\u00f9 di 180 anni e il suo marchio, la roccia di Gibilterra, campeggia imperioso su Time Square a New York, la Guiness ha 250 anni.","og_url":"https:\/\/www.article-marketing.eu\/comunicati\/economia-e-lavoro\/la-diversit?-e-la-nostra-forza-dieci-anni-di-sphera-group\/","og_site_name":"Article Marketing","article_published_time":"2010-05-05T14:21:11+00:00","author":"Redazione Comunicati Stampa","twitter_card":"summary_large_image","twitter_misc":{"Scritto da":"Redazione Comunicati Stampa","Tempo di lettura stimato":"5 minuti"},"schema":{"@context":"https:\/\/schema.org","@graph":[{"@type":"Article","@id":"https:\/\/www.article-marketing.eu\/comunicati\/economia-e-lavoro\/la-diversit%e0-e-la-nostra-forza-dieci-anni-di-sphera-group\/#article","isPartOf":{"@id":"https:\/\/www.article-marketing.eu\/comunicati\/economia-e-lavoro\/la-diversit%e0-e-la-nostra-forza-dieci-anni-di-sphera-group\/"},"author":{"name":"Redazione Comunicati Stampa","@id":"https:\/\/www.article-marketing.eu\/comunicati\/#\/schema\/person\/44372e4d4d0fa797b18e03ed1ace9017"},"headline":"La diversit\u00e0 \u00e8 la nostra forza: dieci anni di Sphera Group","datePublished":"2010-05-05T14:21:11+00:00","mainEntityOfPage":{"@id":"https:\/\/www.article-marketing.eu\/comunicati\/economia-e-lavoro\/la-diversit%e0-e-la-nostra-forza-dieci-anni-di-sphera-group\/"},"wordCount":975,"commentCount":0,"keywords":["analisi organizzativa","business","consulenza di direzione","controllo di gestione","formazione","internazionalizzazione aziendale","pmi","selezione"],"articleSection":["Economia e lavoro"],"inLanguage":"it-IT","potentialAction":[{"@type":"CommentAction","name":"Comment","target":["https:\/\/www.article-marketing.eu\/comunicati\/economia-e-lavoro\/la-diversit%e0-e-la-nostra-forza-dieci-anni-di-sphera-group\/#respond"]}]},{"@type":"WebPage","@id":"https:\/\/www.article-marketing.eu\/comunicati\/economia-e-lavoro\/la-diversit%e0-e-la-nostra-forza-dieci-anni-di-sphera-group\/","url":"https:\/\/www.article-marketing.eu\/comunicati\/economia-e-lavoro\/la-diversit%e0-e-la-nostra-forza-dieci-anni-di-sphera-group\/","name":"La diversit\u00e0 \u00e8 la nostra forza: dieci anni di Sphera Group - Article Marketing","isPartOf":{"@id":"https:\/\/www.article-marketing.eu\/comunicati\/#website"},"datePublished":"2010-05-05T14:21:11+00:00","author":{"@id":"https:\/\/www.article-marketing.eu\/comunicati\/#\/schema\/person\/44372e4d4d0fa797b18e03ed1ace9017"},"breadcrumb":{"@id":"https:\/\/www.article-marketing.eu\/comunicati\/economia-e-lavoro\/la-diversit%e0-e-la-nostra-forza-dieci-anni-di-sphera-group\/#breadcrumb"},"inLanguage":"it-IT","potentialAction":[{"@type":"ReadAction","target":["https:\/\/www.article-marketing.eu\/comunicati\/economia-e-lavoro\/la-diversit%e0-e-la-nostra-forza-dieci-anni-di-sphera-group\/"]}]},{"@type":"BreadcrumbList","@id":"https:\/\/www.article-marketing.eu\/comunicati\/economia-e-lavoro\/la-diversit%e0-e-la-nostra-forza-dieci-anni-di-sphera-group\/#breadcrumb","itemListElement":[{"@type":"ListItem","position":1,"name":"Home","item":"https:\/\/www.article-marketing.eu\/comunicati\/"},{"@type":"ListItem","position":2,"name":"La diversit\u00e0 \u00e8 la nostra forza: dieci anni di Sphera Group"}]},{"@type":"WebSite","@id":"https:\/\/www.article-marketing.eu\/comunicati\/#website","url":"https:\/\/www.article-marketing.eu\/comunicati\/","name":"Article Marketing","description":"article marketing &amp; press release","potentialAction":[{"@type":"SearchAction","target":{"@type":"EntryPoint","urlTemplate":"https:\/\/www.article-marketing.eu\/comunicati\/?s={search_term_string}"},"query-input":{"@type":"PropertyValueSpecification","valueRequired":true,"valueName":"search_term_string"}}],"inLanguage":"it-IT"},{"@type":"Person","@id":"https:\/\/www.article-marketing.eu\/comunicati\/#\/schema\/person\/44372e4d4d0fa797b18e03ed1ace9017","name":"Redazione Comunicati Stampa","image":{"@type":"ImageObject","inLanguage":"it-IT","@id":"https:\/\/www.article-marketing.eu\/comunicati\/#\/schema\/person\/image\/","url":"https:\/\/secure.gravatar.com\/avatar\/50e5c6421d3072f42e7ace803501602c60d75233d34e29fd05feb91c8760b792?s=96&d=mm&r=g","contentUrl":"https:\/\/secure.gravatar.com\/avatar\/50e5c6421d3072f42e7ace803501602c60d75233d34e29fd05feb91c8760b792?s=96&d=mm&r=g","caption":"Redazione Comunicati Stampa"},"url":"https:\/\/www.article-marketing.eu\/comunicati\/author\/redazione-comunicati-stampa\/"}]}},"_links":{"self":[{"href":"https:\/\/www.article-marketing.eu\/comunicati\/wp-json\/wp\/v2\/posts\/4999","targetHints":{"allow":["GET"]}}],"collection":[{"href":"https:\/\/www.article-marketing.eu\/comunicati\/wp-json\/wp\/v2\/posts"}],"about":[{"href":"https:\/\/www.article-marketing.eu\/comunicati\/wp-json\/wp\/v2\/types\/post"}],"author":[{"embeddable":true,"href":"https:\/\/www.article-marketing.eu\/comunicati\/wp-json\/wp\/v2\/users\/10"}],"replies":[{"embeddable":true,"href":"https:\/\/www.article-marketing.eu\/comunicati\/wp-json\/wp\/v2\/comments?post=4999"}],"version-history":[{"count":0,"href":"https:\/\/www.article-marketing.eu\/comunicati\/wp-json\/wp\/v2\/posts\/4999\/revisions"}],"wp:attachment":[{"href":"https:\/\/www.article-marketing.eu\/comunicati\/wp-json\/wp\/v2\/media?parent=4999"}],"wp:term":[{"taxonomy":"category","embeddable":true,"href":"https:\/\/www.article-marketing.eu\/comunicati\/wp-json\/wp\/v2\/categories?post=4999"},{"taxonomy":"post_tag","embeddable":true,"href":"https:\/\/www.article-marketing.eu\/comunicati\/wp-json\/wp\/v2\/tags?post=4999"}],"curies":[{"name":"wp","href":"https:\/\/api.w.org\/{rel}","templated":true}]}}