{"id":49996,"date":"2015-11-14T16:45:18","date_gmt":"2015-11-14T15:45:18","guid":{"rendered":"http:\/\/www.article-marketing.eu\/comunicati\/senza-categoria\/seminario-di-bioenergetica-5-6-dicembre-2015\/"},"modified":"2015-11-14T16:45:18","modified_gmt":"2015-11-14T15:45:18","slug":"seminario-di-bioenergetica-5-6-dicembre-2015","status":"publish","type":"post","link":"https:\/\/www.article-marketing.eu\/comunicati\/salute-e-benessere\/medicina-altenativa\/seminario-di-bioenergetica-5-6-dicembre-2015\/","title":{"rendered":"SEMINARIO DI BIOENERGETICA &#8211; 5\/6 DICEMBRE 2015 &#8211;"},"content":{"rendered":"<p><strong>A.S.D. RASAYANA &#8211; AYURVEDA BERGAMO<\/strong><br \/><strong>SEMINARIO DI BIOENERGETICA<\/strong><br \/><strong><\/strong> <strong>SABATO 5 DICEMBRE dalle ore 15,00 alle ore 18,00 <\/strong> <strong>DOMENICA 6 DICEMBRE dalle ore 10,00 alle ore 18,00<\/strong> <strong>COSTO DI PARTECIPAZIONE A PERSONA: euro 60,00= (inclusa tessera associativa 10,00= euro) <\/strong> <strong>SEDE DEL SEMINARIO: BERGAMO, VIA PER ORIO AL SERIO n. 18<\/strong> <strong>PROGRAMMA<\/strong> 5 dicembre 2015 ore 15,00 &#8211; 18,00 &#8211; <strong>IO SONO VIVO, Fisiologia della respirazione e fisiologia del contatto alla Terra <\/strong> <strong><\/strong>6 dicembre 2015 ore 10,00 &#8211; 18,00 &#8211; <strong>SORELLA RABBIA, <strong>Fisiologia della Rabbia, Aggressivit&agrave; e Assertivit&agrave;. Muoversi VERSO la Vita<\/strong><\/strong> Conduce: <strong>ANGELO MAMMETTI <\/strong>(www.angelomammetti.it) Per partecipare al seminario &egrave; necessario compilare il seguente MODULO. Il versamento della quota di partecipazione pu&ograve; essere effettuato tramite bonifico bancario alle seguenti coordinate <strong>IBAN: IT 51 W 03599 01899 50188521824 <\/strong>(la nostra associazione si avvale dei servizi offerti da BANCA ETICA) ovvero in loco il giorno del seminario in contanti. Caricamento in corso&#8230; <\/p>\n<p><strong>IO SONO VIVO <\/strong><strong>&ldquo;Fisiologia della Respirazione e Fisiologia del Contatto alla Terra&rdquo;<\/strong><br \/>Scoprire come funziona Naturalmente la respirazione e come questa &egrave; legata indissolubilmente alla postura e alla propria percezione della Realt&agrave;. Incontrare le azioni inconsce che le impediscono, farle diventare consce e &ldquo;smettere&rdquo; di agirle.<\/p>\n<p><strong>SORELLA RABBIA <\/strong><strong>&ldquo;Fisiologia della Rabbia, Aggressivit&agrave; e Assertivit&agrave;. Muoversi VERSO la Vita&rdquo;<\/strong><br \/>Scoprire dove la Rabbia &egrave; bloccata e perch&eacute;. Conoscerla e Integrarla come elemento Naturale di Protezione sostitutiva della Corazza\/Armatura. Integrazione dell&rsquo;aggressivit&agrave; come azione guida dell&rsquo;essere vivente senza l&rsquo;accezione violenta del termine. Aggressivit&agrave; Sessuale e l&rsquo; &ldquo;Amare&rdquo; come senso biologico del Piacere di Vivere.<\/p>\n<p>Sei uno di quelli che crede che gli altri siano un ostacolo o un sostegno? Secondo te, &egrave; a causa della congiuntura economica, o per le politiche sbagliate, che vivi ci&ograve; che ti capita? Sai gi&agrave; tutto ci&ograve; che c&rsquo;&egrave; da sapere e ti basta solo metterlo in pratica? Allora lascia stare e non occuparti di questa possibilit&agrave;. Se sei un falegname, un fruttivendolo, o se sei un imprenditore edile, un disoccupato o un precario, se sei una casalinga, un&rsquo;infermiera o una manager&#8230; anche tu: lascia perdere. Io mi rivolgo a quelli che non sono quello che fanno, ma che fanno qualcosa con quello che sono. Quelli che si identificano in &ldquo;cosa&rdquo; fanno e non vogliono ammettere che l&rsquo;identificarsi dipende da &ldquo;come&rdquo; fanno quello che fanno, non sono parte del mio progetto. Ed ora &egrave; a quei pochi che mi rivolgo: lo sapete che quel &ldquo;come&rdquo; &egrave; profondamente CONDIZIONATO? Quello che sto cercando di comunicare &egrave; che per quanti corsi di &ldquo;respirazione&rdquo; facciate, per quante ore andiate in palestra, per quanti massaggi riceviate e per quante diete vi imponiate, se non comprendete che il Corpo &Egrave; la Mente, potrete cercare di far star bene il Corpo quanto vi pare, ma tornerete sempre a reinstaurare la sua struttura abituale perch&eacute; non avrete cambiato la corrispondente struttura mentale. Mi rivolgo a te, ora, che sei arrivato fino a questo punto: per quanto ti colpevolizzi, o ti imbarazzi, o colpevolizzi gli altri, per quanto cerchi risposte spirituali o filosofiche o psicologiche pur di riuscire a vivere serenamente la tua vita emotiva, se non comprendi che la tua Mente &Egrave; il tuo Corpo, potrai raggiungere brevi attimi di felicit&agrave;, di consapevolezza e di serenit&agrave;, ma poi tutto torna come prima perch&eacute; il tuo Corpo ti riporta immediatamente dove &egrave; abituato a stare da quando lo conosci. Tutti respiriamo, e tutti camminiamo, stiamo seduti, distesi e muoviamo le braccia. Tutti noi parliamo e guardiamo. Questo succede perch&eacute; siamo fatti allo stesso modo e, biologicamente, le nostre funzioni sono uguali in ognuno dei singoli esemplari della specie Essere Umano. Ognuno di noi, per&ograve;, ha adattato l&rsquo;espletamento di queste funzioni alle SUE ESPERIENZE e quindi ha inconsciamente trasformato le stesse funzioni impedendone l&rsquo;esecuzione &ldquo;naturale&rdquo;. Come? Instaurando delle contrazioni muscolari e cronicizzandole allo scopo di difendere un &ldquo;PUNTO DEBOLE&rdquo;: un&rsquo;armatura ! Come chiunque che indossi un&rsquo;armatura per difendersi e proteggersi da colpi e lesioni, &egrave;, al tempo stesso, da essa IMPEDITO nei movimenti spontanei e nel piacere del contatto tenero, per danzare o far l&rsquo;amore, l&rsquo;individuo in questione DEVE togliersi quell&rsquo;armatura. Ma mettiamo che non sia consapevole di averne addosso una: cercher&agrave; di fare tutto ci&ograve; che vuole, ma sar&agrave; condizionato non poco dall&rsquo;ingombro e creder&agrave; che tutte le sue relazioni con l&rsquo;esterno debbano necessariamente avere le caratteristiche imposte dalle possibilit&agrave; che gli offre la struttura dell&rsquo;armatura. Nel tentativo di abbracciare qualcuno si stupir&agrave; che l&rsquo;altro fugga dall&rsquo;abbraccio e si sentir&agrave; indegno o, all&rsquo;opposto, considerer&agrave; l&rsquo;altro negativamente. Questa &egrave; quella che viene definita &ldquo;corazza caratteriale&rdquo;. Creata per proteggersi, nell&rsquo;impedire che l&rsquo;esterno arrivi all&rsquo;interno impedisce soprattutto l&rsquo;azione opposta: che l&rsquo;interno si manifesti all&rsquo;esterno. Il PROBLEMA &egrave; che CREDIAMO di non poterci mai pi&ugrave; LIBERARE da questa CORAZZA. Ma non &egrave; vero! Anche io avevo quell&rsquo;armatura e non lo sapevo. E penso che neanche tu sappia di avere la tua ARMATURA. Questo &egrave; il mio lavoro: portarti ad essere consapevole di quello che fai perch&eacute; tu possa smettere di farlo. Questo &egrave; quello che sperimenteremo in CONSAPEVOL&shy;MENTE\/CORPO: agiremo sul corpo e osserveremo come agendo su quell&rsquo;armatura cambia anche il modo di pensare e di agire. Perch&eacute; cambiano le idee che hai sulla realt&agrave;. Nel tuo corpo si legge chiaramente a che regole mentali sei sottoposto, quelle che ti obbligano a ripetere gli stessi schemi, proprio quelli dai quali vorresti liberarti. Lasciarsi guidare nel presente da ci&ograve; che ci aspetta nel futuro significa lasciar andare gli ostacoli che vengono dal passato. Questi ostacoli, proprio perch&eacute; in opposizione all&rsquo;armonica sintonia con &ldquo;chi si &egrave;&rdquo;, generano delle contrazioni muscolari croniche, attitudini muscolari a portare pesi, evitare situazioni, staccarsi da certe realt&agrave;, ritirarsi dal piacere, sottostare agli eventi. Situazioni in cui &egrave; definita un&rsquo;azione e ogni azione noi la &ldquo;facciamo&rdquo; col corpo. Riconoscere quell&rsquo;azione e dismetterla &egrave; ci&ograve; a cui servo io. Io posso farti toccare con tutto il corpo quello che &egrave; in tuo potere fare per togliere dalla visione del futuro i blocchi del passato. Sia chiaro, per&ograve;, che la visione del TUO futuro &egrave; la TUA, non mia, e si manifester&agrave; solo se sei tua a permetterle di manifestarsi, altrimenti sei costretto ad abdicare il tuo futuro a qualcun altro, in genere il primo che ti promette vie &ldquo;facili&rdquo;.<\/p>\n","protected":false},"excerpt":{"rendered":"<p>A.S.D. RASAYANA &#8211; AYURVEDA BERGAMO<br \/>SEMINARIO DI BIOENERGETICA<br \/>SABATO 5 DICEMBRE dalle ore 15,00 alle ore 18,00 DOMENICA 6 DICEMBRE dalle ore 10,00 alle ore 18,00 COSTO DI PARTECIPAZIONE A PERSONA: euro 60,00= (inclusa tessera associativa 10,00= euro) SEDE DEL SEMINARIO: BERGAMO, VIA PER ORIO AL SERIO n. 18 PROGRAMMA 5 dicembre 2015 ore 15,00 &#8211; 18,00 &#8211; IO SONO VIVO, Fisiologia della respirazione e fisiologia del contatto alla Terra 6 dicembre 2015 ore 10,00 &#8211; 18,00 &#8211; SORELLA RABBIA, Fisiologia della Rabbia, Aggressivit\u00e0 e Assertivit\u00e0. Muoversi VERSO la Vita Conduce: ANGELO MAMMETTI (www.angelomammetti.it) Per partecipare al seminario \u00e8 necessario compilare il seguente MODULO. Il versamento della quota di partecipazione pu\u00f2 essere effettuato tramite bonifico bancario alle seguenti coordinate IBAN: IT 51 W 03599 01899 50188521824 (la nostra associazione si avvale dei servizi offerti da BANCA ETICA) ovvero in loco il giorno del seminario in contanti.<\/p>\n","protected":false},"author":10,"featured_media":0,"comment_status":"open","ping_status":"open","sticky":false,"template":"","format":"standard","meta":{"cybocfi_hide_featured_image":"","footnotes":""},"categories":[109],"tags":[],"class_list":["post-49996","post","type-post","status-publish","format-standard","hentry","category-medicina-altenativa"],"yoast_head":"<!-- This site is optimized with the Yoast SEO plugin v27.0 - https:\/\/yoast.com\/product\/yoast-seo-wordpress\/ -->\n<title>SEMINARIO DI BIOENERGETICA - 5\/6 DICEMBRE 2015 - Article Marketing<\/title>\n<meta name=\"robots\" content=\"index, follow, max-snippet:-1, max-image-preview:large, max-video-preview:-1\" \/>\n<link rel=\"canonical\" href=\"https:\/\/www.article-marketing.eu\/comunicati\/salute-e-benessere\/medicina-altenativa\/seminario-di-bioenergetica-5-6-dicembre-2015\/\" \/>\n<meta property=\"og:locale\" content=\"it_IT\" \/>\n<meta property=\"og:type\" content=\"article\" \/>\n<meta property=\"og:title\" content=\"SEMINARIO DI BIOENERGETICA - 5\/6 DICEMBRE 2015 - Article Marketing\" \/>\n<meta property=\"og:description\" content=\"A.S.D. RASAYANA - AYURVEDA BERGAMOSEMINARIO DI BIOENERGETICASABATO 5 DICEMBRE dalle ore 15,00 alle ore 18,00 DOMENICA 6 DICEMBRE dalle ore 10,00 alle ore 18,00 COSTO DI PARTECIPAZIONE A PERSONA: euro 60,00= (inclusa tessera associativa 10,00= euro) SEDE DEL SEMINARIO: BERGAMO, VIA PER ORIO AL SERIO n. 18 PROGRAMMA 5 dicembre 2015 ore 15,00 - 18,00 - IO SONO VIVO, Fisiologia della respirazione e fisiologia del contatto alla Terra 6 dicembre 2015 ore 10,00 - 18,00 - SORELLA RABBIA, Fisiologia della Rabbia, Aggressivit\u00e0 e Assertivit\u00e0. Muoversi VERSO la Vita Conduce: ANGELO MAMMETTI (www.angelomammetti.it) Per partecipare al seminario \u00e8 necessario compilare il seguente MODULO. Il versamento della quota di partecipazione pu\u00f2 essere effettuato tramite bonifico bancario alle seguenti coordinate IBAN: IT 51 W 03599 01899 50188521824 (la nostra associazione si avvale dei servizi offerti da BANCA ETICA) ovvero in loco il giorno del seminario in contanti.\" \/>\n<meta property=\"og:url\" content=\"https:\/\/www.article-marketing.eu\/comunicati\/salute-e-benessere\/medicina-altenativa\/seminario-di-bioenergetica-5-6-dicembre-2015\/\" \/>\n<meta property=\"og:site_name\" content=\"Article Marketing\" \/>\n<meta property=\"article:published_time\" content=\"2015-11-14T15:45:18+00:00\" \/>\n<meta name=\"author\" content=\"Redazione Comunicati Stampa\" \/>\n<meta name=\"twitter:card\" content=\"summary_large_image\" \/>\n<meta name=\"twitter:label1\" content=\"Scritto da\" \/>\n\t<meta name=\"twitter:data1\" content=\"Redazione Comunicati Stampa\" \/>\n\t<meta name=\"twitter:label2\" content=\"Tempo di lettura stimato\" \/>\n\t<meta name=\"twitter:data2\" content=\"6 minuti\" \/>\n<script type=\"application\/ld+json\" class=\"yoast-schema-graph\">{\"@context\":\"https:\/\/schema.org\",\"@graph\":[{\"@type\":\"Article\",\"@id\":\"https:\/\/www.article-marketing.eu\/comunicati\/salute-e-benessere\/medicina-altenativa\/seminario-di-bioenergetica-5-6-dicembre-2015\/#article\",\"isPartOf\":{\"@id\":\"https:\/\/www.article-marketing.eu\/comunicati\/salute-e-benessere\/medicina-altenativa\/seminario-di-bioenergetica-5-6-dicembre-2015\/\"},\"author\":{\"name\":\"Redazione Comunicati Stampa\",\"@id\":\"https:\/\/www.article-marketing.eu\/comunicati\/#\/schema\/person\/44372e4d4d0fa797b18e03ed1ace9017\"},\"headline\":\"SEMINARIO DI BIOENERGETICA &#8211; 5\/6 DICEMBRE 2015 &#8211;\",\"datePublished\":\"2015-11-14T15:45:18+00:00\",\"mainEntityOfPage\":{\"@id\":\"https:\/\/www.article-marketing.eu\/comunicati\/salute-e-benessere\/medicina-altenativa\/seminario-di-bioenergetica-5-6-dicembre-2015\/\"},\"wordCount\":1148,\"commentCount\":0,\"articleSection\":[\"Medicina altenativa\"],\"inLanguage\":\"it-IT\",\"potentialAction\":[{\"@type\":\"CommentAction\",\"name\":\"Comment\",\"target\":[\"https:\/\/www.article-marketing.eu\/comunicati\/salute-e-benessere\/medicina-altenativa\/seminario-di-bioenergetica-5-6-dicembre-2015\/#respond\"]}]},{\"@type\":\"WebPage\",\"@id\":\"https:\/\/www.article-marketing.eu\/comunicati\/salute-e-benessere\/medicina-altenativa\/seminario-di-bioenergetica-5-6-dicembre-2015\/\",\"url\":\"https:\/\/www.article-marketing.eu\/comunicati\/salute-e-benessere\/medicina-altenativa\/seminario-di-bioenergetica-5-6-dicembre-2015\/\",\"name\":\"SEMINARIO DI BIOENERGETICA - 5\/6 DICEMBRE 2015 - Article Marketing\",\"isPartOf\":{\"@id\":\"https:\/\/www.article-marketing.eu\/comunicati\/#website\"},\"datePublished\":\"2015-11-14T15:45:18+00:00\",\"author\":{\"@id\":\"https:\/\/www.article-marketing.eu\/comunicati\/#\/schema\/person\/44372e4d4d0fa797b18e03ed1ace9017\"},\"breadcrumb\":{\"@id\":\"https:\/\/www.article-marketing.eu\/comunicati\/salute-e-benessere\/medicina-altenativa\/seminario-di-bioenergetica-5-6-dicembre-2015\/#breadcrumb\"},\"inLanguage\":\"it-IT\",\"potentialAction\":[{\"@type\":\"ReadAction\",\"target\":[\"https:\/\/www.article-marketing.eu\/comunicati\/salute-e-benessere\/medicina-altenativa\/seminario-di-bioenergetica-5-6-dicembre-2015\/\"]}]},{\"@type\":\"BreadcrumbList\",\"@id\":\"https:\/\/www.article-marketing.eu\/comunicati\/salute-e-benessere\/medicina-altenativa\/seminario-di-bioenergetica-5-6-dicembre-2015\/#breadcrumb\",\"itemListElement\":[{\"@type\":\"ListItem\",\"position\":1,\"name\":\"Home\",\"item\":\"https:\/\/www.article-marketing.eu\/comunicati\/\"},{\"@type\":\"ListItem\",\"position\":2,\"name\":\"SEMINARIO DI BIOENERGETICA &#8211; 5\/6 DICEMBRE 2015 &#8211;\"}]},{\"@type\":\"WebSite\",\"@id\":\"https:\/\/www.article-marketing.eu\/comunicati\/#website\",\"url\":\"https:\/\/www.article-marketing.eu\/comunicati\/\",\"name\":\"Article Marketing\",\"description\":\"article marketing &amp; press release\",\"potentialAction\":[{\"@type\":\"SearchAction\",\"target\":{\"@type\":\"EntryPoint\",\"urlTemplate\":\"https:\/\/www.article-marketing.eu\/comunicati\/?s={search_term_string}\"},\"query-input\":{\"@type\":\"PropertyValueSpecification\",\"valueRequired\":true,\"valueName\":\"search_term_string\"}}],\"inLanguage\":\"it-IT\"},{\"@type\":\"Person\",\"@id\":\"https:\/\/www.article-marketing.eu\/comunicati\/#\/schema\/person\/44372e4d4d0fa797b18e03ed1ace9017\",\"name\":\"Redazione Comunicati Stampa\",\"image\":{\"@type\":\"ImageObject\",\"inLanguage\":\"it-IT\",\"@id\":\"https:\/\/www.article-marketing.eu\/comunicati\/#\/schema\/person\/image\/\",\"url\":\"https:\/\/secure.gravatar.com\/avatar\/50e5c6421d3072f42e7ace803501602c60d75233d34e29fd05feb91c8760b792?s=96&d=mm&r=g\",\"contentUrl\":\"https:\/\/secure.gravatar.com\/avatar\/50e5c6421d3072f42e7ace803501602c60d75233d34e29fd05feb91c8760b792?s=96&d=mm&r=g\",\"caption\":\"Redazione Comunicati Stampa\"},\"url\":\"https:\/\/www.article-marketing.eu\/comunicati\/author\/redazione-comunicati-stampa\/\"}]}<\/script>\n<!-- \/ Yoast SEO plugin. -->","yoast_head_json":{"title":"SEMINARIO DI BIOENERGETICA - 5\/6 DICEMBRE 2015 - Article Marketing","robots":{"index":"index","follow":"follow","max-snippet":"max-snippet:-1","max-image-preview":"max-image-preview:large","max-video-preview":"max-video-preview:-1"},"canonical":"https:\/\/www.article-marketing.eu\/comunicati\/salute-e-benessere\/medicina-altenativa\/seminario-di-bioenergetica-5-6-dicembre-2015\/","og_locale":"it_IT","og_type":"article","og_title":"SEMINARIO DI BIOENERGETICA - 5\/6 DICEMBRE 2015 - Article Marketing","og_description":"A.S.D. RASAYANA - AYURVEDA BERGAMOSEMINARIO DI BIOENERGETICASABATO 5 DICEMBRE dalle ore 15,00 alle ore 18,00 DOMENICA 6 DICEMBRE dalle ore 10,00 alle ore 18,00 COSTO DI PARTECIPAZIONE A PERSONA: euro 60,00= (inclusa tessera associativa 10,00= euro) SEDE DEL SEMINARIO: BERGAMO, VIA PER ORIO AL SERIO n. 18 PROGRAMMA 5 dicembre 2015 ore 15,00 - 18,00 - IO SONO VIVO, Fisiologia della respirazione e fisiologia del contatto alla Terra 6 dicembre 2015 ore 10,00 - 18,00 - SORELLA RABBIA, Fisiologia della Rabbia, Aggressivit\u00e0 e Assertivit\u00e0. Muoversi VERSO la Vita Conduce: ANGELO MAMMETTI (www.angelomammetti.it) Per partecipare al seminario \u00e8 necessario compilare il seguente MODULO. Il versamento della quota di partecipazione pu\u00f2 essere effettuato tramite bonifico bancario alle seguenti coordinate IBAN: IT 51 W 03599 01899 50188521824 (la nostra associazione si avvale dei servizi offerti da BANCA ETICA) ovvero in loco il giorno del seminario in contanti.","og_url":"https:\/\/www.article-marketing.eu\/comunicati\/salute-e-benessere\/medicina-altenativa\/seminario-di-bioenergetica-5-6-dicembre-2015\/","og_site_name":"Article Marketing","article_published_time":"2015-11-14T15:45:18+00:00","author":"Redazione Comunicati Stampa","twitter_card":"summary_large_image","twitter_misc":{"Scritto da":"Redazione Comunicati Stampa","Tempo di lettura stimato":"6 minuti"},"schema":{"@context":"https:\/\/schema.org","@graph":[{"@type":"Article","@id":"https:\/\/www.article-marketing.eu\/comunicati\/salute-e-benessere\/medicina-altenativa\/seminario-di-bioenergetica-5-6-dicembre-2015\/#article","isPartOf":{"@id":"https:\/\/www.article-marketing.eu\/comunicati\/salute-e-benessere\/medicina-altenativa\/seminario-di-bioenergetica-5-6-dicembre-2015\/"},"author":{"name":"Redazione Comunicati Stampa","@id":"https:\/\/www.article-marketing.eu\/comunicati\/#\/schema\/person\/44372e4d4d0fa797b18e03ed1ace9017"},"headline":"SEMINARIO DI BIOENERGETICA &#8211; 5\/6 DICEMBRE 2015 &#8211;","datePublished":"2015-11-14T15:45:18+00:00","mainEntityOfPage":{"@id":"https:\/\/www.article-marketing.eu\/comunicati\/salute-e-benessere\/medicina-altenativa\/seminario-di-bioenergetica-5-6-dicembre-2015\/"},"wordCount":1148,"commentCount":0,"articleSection":["Medicina altenativa"],"inLanguage":"it-IT","potentialAction":[{"@type":"CommentAction","name":"Comment","target":["https:\/\/www.article-marketing.eu\/comunicati\/salute-e-benessere\/medicina-altenativa\/seminario-di-bioenergetica-5-6-dicembre-2015\/#respond"]}]},{"@type":"WebPage","@id":"https:\/\/www.article-marketing.eu\/comunicati\/salute-e-benessere\/medicina-altenativa\/seminario-di-bioenergetica-5-6-dicembre-2015\/","url":"https:\/\/www.article-marketing.eu\/comunicati\/salute-e-benessere\/medicina-altenativa\/seminario-di-bioenergetica-5-6-dicembre-2015\/","name":"SEMINARIO DI BIOENERGETICA - 5\/6 DICEMBRE 2015 - Article Marketing","isPartOf":{"@id":"https:\/\/www.article-marketing.eu\/comunicati\/#website"},"datePublished":"2015-11-14T15:45:18+00:00","author":{"@id":"https:\/\/www.article-marketing.eu\/comunicati\/#\/schema\/person\/44372e4d4d0fa797b18e03ed1ace9017"},"breadcrumb":{"@id":"https:\/\/www.article-marketing.eu\/comunicati\/salute-e-benessere\/medicina-altenativa\/seminario-di-bioenergetica-5-6-dicembre-2015\/#breadcrumb"},"inLanguage":"it-IT","potentialAction":[{"@type":"ReadAction","target":["https:\/\/www.article-marketing.eu\/comunicati\/salute-e-benessere\/medicina-altenativa\/seminario-di-bioenergetica-5-6-dicembre-2015\/"]}]},{"@type":"BreadcrumbList","@id":"https:\/\/www.article-marketing.eu\/comunicati\/salute-e-benessere\/medicina-altenativa\/seminario-di-bioenergetica-5-6-dicembre-2015\/#breadcrumb","itemListElement":[{"@type":"ListItem","position":1,"name":"Home","item":"https:\/\/www.article-marketing.eu\/comunicati\/"},{"@type":"ListItem","position":2,"name":"SEMINARIO DI BIOENERGETICA &#8211; 5\/6 DICEMBRE 2015 &#8211;"}]},{"@type":"WebSite","@id":"https:\/\/www.article-marketing.eu\/comunicati\/#website","url":"https:\/\/www.article-marketing.eu\/comunicati\/","name":"Article Marketing","description":"article marketing &amp; press release","potentialAction":[{"@type":"SearchAction","target":{"@type":"EntryPoint","urlTemplate":"https:\/\/www.article-marketing.eu\/comunicati\/?s={search_term_string}"},"query-input":{"@type":"PropertyValueSpecification","valueRequired":true,"valueName":"search_term_string"}}],"inLanguage":"it-IT"},{"@type":"Person","@id":"https:\/\/www.article-marketing.eu\/comunicati\/#\/schema\/person\/44372e4d4d0fa797b18e03ed1ace9017","name":"Redazione Comunicati Stampa","image":{"@type":"ImageObject","inLanguage":"it-IT","@id":"https:\/\/www.article-marketing.eu\/comunicati\/#\/schema\/person\/image\/","url":"https:\/\/secure.gravatar.com\/avatar\/50e5c6421d3072f42e7ace803501602c60d75233d34e29fd05feb91c8760b792?s=96&d=mm&r=g","contentUrl":"https:\/\/secure.gravatar.com\/avatar\/50e5c6421d3072f42e7ace803501602c60d75233d34e29fd05feb91c8760b792?s=96&d=mm&r=g","caption":"Redazione Comunicati Stampa"},"url":"https:\/\/www.article-marketing.eu\/comunicati\/author\/redazione-comunicati-stampa\/"}]}},"_links":{"self":[{"href":"https:\/\/www.article-marketing.eu\/comunicati\/wp-json\/wp\/v2\/posts\/49996","targetHints":{"allow":["GET"]}}],"collection":[{"href":"https:\/\/www.article-marketing.eu\/comunicati\/wp-json\/wp\/v2\/posts"}],"about":[{"href":"https:\/\/www.article-marketing.eu\/comunicati\/wp-json\/wp\/v2\/types\/post"}],"author":[{"embeddable":true,"href":"https:\/\/www.article-marketing.eu\/comunicati\/wp-json\/wp\/v2\/users\/10"}],"replies":[{"embeddable":true,"href":"https:\/\/www.article-marketing.eu\/comunicati\/wp-json\/wp\/v2\/comments?post=49996"}],"version-history":[{"count":0,"href":"https:\/\/www.article-marketing.eu\/comunicati\/wp-json\/wp\/v2\/posts\/49996\/revisions"}],"wp:attachment":[{"href":"https:\/\/www.article-marketing.eu\/comunicati\/wp-json\/wp\/v2\/media?parent=49996"}],"wp:term":[{"taxonomy":"category","embeddable":true,"href":"https:\/\/www.article-marketing.eu\/comunicati\/wp-json\/wp\/v2\/categories?post=49996"},{"taxonomy":"post_tag","embeddable":true,"href":"https:\/\/www.article-marketing.eu\/comunicati\/wp-json\/wp\/v2\/tags?post=49996"}],"curies":[{"name":"wp","href":"https:\/\/api.w.org\/{rel}","templated":true}]}}