{"id":50022,"date":"2015-11-16T16:18:11","date_gmt":"2015-11-16T15:18:11","guid":{"rendered":"http:\/\/www.article-marketing.eu\/comunicati\/senza-categoria\/corso-di-tecnico-contabile-a-rimini\/"},"modified":"2015-11-16T16:18:11","modified_gmt":"2015-11-16T15:18:11","slug":"corso-di-tecnico-contabile-a-rimini","status":"publish","type":"post","link":"https:\/\/www.article-marketing.eu\/comunicati\/istruzione\/corsi\/corso-di-tecnico-contabile-a-rimini\/","title":{"rendered":"Corso di Tecnico contabile a Rimini"},"content":{"rendered":"<p><img loading=\"lazy\" decoding=\"async\" src=\"http:\/\/garanziagiovaniemiliaromagna.com\/wp-content\/uploads\/2015\/11\/office-495808_640-520x245.jpg\" border=\"0\" alt=\"Tecnico Contabile Competenze Digitali Rimini\" width=\"520\" height=\"245\" \/> <strong>Com2<\/strong>, <strong>Ente di Formazione accreditato dalla Regione Emilia Romagna,<\/strong> promuove un corso di <strong>Tecnico contabile con competenze digitali<\/strong> volto a favorire <strong>l&rsquo;inserimento lavorativo<\/strong>. Se sei un ragazzo\/a inoccupato (cio&egrave; che non abbia mai svolto nessuna attivit&agrave; lavorativa), che <strong>risiede in regione Emilia Romagna<\/strong> cosa aspetti? <strong>Iscriviti, &egrave; gratis<\/strong>. Il corso, tenuto da esperti nel settore, si <strong>svolger&agrave; a Rimini<\/strong> e avr&agrave; una durata di <strong>500 ore<\/strong>; <strong>325<\/strong> di lezione in aula sui <strong>principi di contabilit&agrave;<\/strong> e l&rsquo;utilizzo di <strong>software contabili<\/strong> e <strong>175 di stage con inserimento diretto in azienda<\/strong>. In questo modo avrai la possibilit&agrave; non soltanto di apprendere a livello teorico nozioni e novit&agrave; in ambito contabile ma anche di <strong>mettere in pratica<\/strong> tutto quello che imparerai in aula. L&#8217;Offerta Formativa Ecco i <strong>moduli<\/strong> che verranno trattati durante le ore di lezione:<br \/>&ndash; <strong>organizzazione<\/strong> aziendale e <strong>processi<\/strong> comunicativi;<br \/>&ndash; composizione e struttura della <strong>contabilit&agrave; generale<\/strong>;<br \/>&ndash; <strong>sistema informativo<\/strong> per la gestione dei processi;<br \/>&ndash; <strong>mappe mentali<\/strong> per pianificare e programmare le attivit&agrave; amministrative e contabili;<br \/>&ndash; gestione della <strong>documentazione contabile<\/strong>;<br \/>&ndash; <strong>innovazione digitale<\/strong> della contabilit&agrave;;<br \/>&ndash; personalizzazione della procedura informatizzata per la <strong>gestione dei dati contabili<\/strong>;<br \/>&ndash; <strong>elementi contabili<\/strong> di gestione del personale;<br \/>&ndash; <strong>gestione fiscale contabile<\/strong> e la dichiarazione dei redditi;<br \/>&ndash; <strong>analisi di bilancio<\/strong> e di controllo;<br \/>&ndash; redazione del <strong>bilancio aziendale<\/strong>;<br \/>&ndash; <strong>salute e sicurezza<\/strong> sui luoghi di lavoro. Il percorso &egrave; progettato sulla base del <strong>SRFC<\/strong> &ndash; <em>Sistema Regionale di Formalizzazione e Certificazione delle competenze<\/em> (SRFC), che permette alle persone di formalizzare e <strong>certificare le competenze acquisite<\/strong> non solo in esito a percorsi di formazione, ma anche attraverso l&rsquo;<strong>esperienza lavorativa<\/strong>. Al termine del corso e superato l&rsquo;esame finale, infatti, gli allievi riceveranno la qualifica in &lsquo; <strong>Tecnico Contabile<\/strong>&rsquo; legata alla certificazione delle 4 Unit&agrave; di Competenza. Chi pu&ograve; partecipare? Il corso &egrave; aperto a tutti i coloro che sono in possesso dei seguenti requisiti:<br \/>&ndash; stato di <strong>inoccupazione<\/strong>;<br \/>&ndash; <strong>diploma<\/strong> di scuola secondaria di secondo grado e \/ o <strong>laurea<\/strong> in economia e commercio;<br \/>&ndash; <strong>conoscenza di base <\/strong>dei principi di <strong>contabilit&agrave;<\/strong> e di <strong>informatica<\/strong>.<br \/>&ndash; Domicilio o residenza in <strong>Regione Emilia-Romagna<\/strong> <strong>Numero partecipanti<\/strong> previsti:12 <strong>Durata<\/strong>: 500 ore suddivise in 325 ore di aula e 175 ore di stage <strong>Sede<\/strong> Percorso: Rimini <strong>Partenza<\/strong> Percorso: Gennaio 2016 <strong>Termine iscrizione<\/strong>: 31 dicembre 2015 <strong>Candidatura e selezione<\/strong>: E&rsquo; prevista una prova di selezione in ingresso. Gli interessati sono invitati a inoltrare il proprio <strong>Curriculum Vitae <\/strong>all&rsquo;indirizzo mail: <strong><a href=\"mailto:gestionecorsi@comdue.com\" target=\"_blank\">gestionecorsi@comdue.com<\/a><\/strong> specificando nell&rsquo;oggetto il seguente riferimento: <strong>Qualifica Tecnico Contabile<\/strong><\/p>\n","protected":false},"excerpt":{"rendered":"<p>Com2, Ente per l&#8217;Alta Formazione accreditato in Emilia Romagna, Campania e Lazio propone un corso interamente GRATUITO come Tecnico Contabile con competenze digitali.<\/p>\n","protected":false},"author":10,"featured_media":0,"comment_status":"open","ping_status":"open","sticky":false,"template":"","format":"standard","meta":{"cybocfi_hide_featured_image":"","footnotes":""},"categories":[747],"tags":[53180,53183,53182,53181,53185,53184],"class_list":["post-50022","post","type-post","status-publish","format-standard","hentry","category-corsi","tag-corso-contabilita-emilia-romagna","tag-corso-gratuito-contabilita-emilia-romagna","tag-corso-gratuito-contabilita-rimini","tag-coso-contabilita-rimini","tag-tirocinio-contabilita-emilia-romagna","tag-tirocinio-contabilita-rimini"],"yoast_head":"<!-- This site is optimized with the Yoast SEO plugin v27.0 - https:\/\/yoast.com\/product\/yoast-seo-wordpress\/ -->\n<title>Corso di Tecnico contabile a Rimini - Article Marketing<\/title>\n<meta name=\"robots\" content=\"index, follow, max-snippet:-1, max-image-preview:large, max-video-preview:-1\" \/>\n<link rel=\"canonical\" href=\"https:\/\/www.article-marketing.eu\/comunicati\/istruzione\/corsi\/corso-di-tecnico-contabile-a-rimini\/\" \/>\n<meta property=\"og:locale\" content=\"it_IT\" \/>\n<meta property=\"og:type\" content=\"article\" \/>\n<meta property=\"og:title\" content=\"Corso di Tecnico contabile a Rimini - Article Marketing\" \/>\n<meta property=\"og:description\" content=\"Com2, Ente per l&#039;Alta Formazione accreditato in Emilia Romagna, Campania e Lazio propone un corso interamente GRATUITO come Tecnico Contabile con competenze digitali.\" \/>\n<meta property=\"og:url\" content=\"https:\/\/www.article-marketing.eu\/comunicati\/istruzione\/corsi\/corso-di-tecnico-contabile-a-rimini\/\" \/>\n<meta property=\"og:site_name\" content=\"Article Marketing\" \/>\n<meta property=\"article:published_time\" content=\"2015-11-16T15:18:11+00:00\" \/>\n<meta property=\"og:image\" content=\"http:\/\/garanziagiovaniemiliaromagna.com\/wp-content\/uploads\/2015\/11\/office-495808_640-520x245.jpg\" \/>\n<meta name=\"author\" content=\"Redazione Comunicati Stampa\" \/>\n<meta name=\"twitter:card\" content=\"summary_large_image\" \/>\n<meta name=\"twitter:label1\" content=\"Scritto da\" \/>\n\t<meta name=\"twitter:data1\" content=\"Redazione Comunicati Stampa\" \/>\n\t<meta name=\"twitter:label2\" content=\"Tempo di lettura stimato\" \/>\n\t<meta name=\"twitter:data2\" content=\"2 minuti\" \/>\n<script type=\"application\/ld+json\" class=\"yoast-schema-graph\">{\"@context\":\"https:\/\/schema.org\",\"@graph\":[{\"@type\":\"Article\",\"@id\":\"https:\/\/www.article-marketing.eu\/comunicati\/istruzione\/corsi\/corso-di-tecnico-contabile-a-rimini\/#article\",\"isPartOf\":{\"@id\":\"https:\/\/www.article-marketing.eu\/comunicati\/istruzione\/corsi\/corso-di-tecnico-contabile-a-rimini\/\"},\"author\":{\"name\":\"Redazione Comunicati Stampa\",\"@id\":\"https:\/\/www.article-marketing.eu\/comunicati\/#\/schema\/person\/44372e4d4d0fa797b18e03ed1ace9017\"},\"headline\":\"Corso di Tecnico contabile a Rimini\",\"datePublished\":\"2015-11-16T15:18:11+00:00\",\"mainEntityOfPage\":{\"@id\":\"https:\/\/www.article-marketing.eu\/comunicati\/istruzione\/corsi\/corso-di-tecnico-contabile-a-rimini\/\"},\"wordCount\":433,\"commentCount\":0,\"image\":{\"@id\":\"https:\/\/www.article-marketing.eu\/comunicati\/istruzione\/corsi\/corso-di-tecnico-contabile-a-rimini\/#primaryimage\"},\"thumbnailUrl\":\"http:\/\/garanziagiovaniemiliaromagna.com\/wp-content\/uploads\/2015\/11\/office-495808_640-520x245.jpg\",\"keywords\":[\"corso contabilit\u00e0 emilia romagna\",\"corso gratuito contabilit\u00e0 emilia romagna\",\"corso gratuito contabilit\u00e0 rimini\",\"coso contabilit\u00e0 rimini\",\"tirocinio contabilit\u00e0 emilia romagna\",\"tirocinio contabilit\u00e0 rimini\"],\"articleSection\":[\"Corsi\"],\"inLanguage\":\"it-IT\",\"potentialAction\":[{\"@type\":\"CommentAction\",\"name\":\"Comment\",\"target\":[\"https:\/\/www.article-marketing.eu\/comunicati\/istruzione\/corsi\/corso-di-tecnico-contabile-a-rimini\/#respond\"]}]},{\"@type\":\"WebPage\",\"@id\":\"https:\/\/www.article-marketing.eu\/comunicati\/istruzione\/corsi\/corso-di-tecnico-contabile-a-rimini\/\",\"url\":\"https:\/\/www.article-marketing.eu\/comunicati\/istruzione\/corsi\/corso-di-tecnico-contabile-a-rimini\/\",\"name\":\"Corso di Tecnico contabile a Rimini - Article Marketing\",\"isPartOf\":{\"@id\":\"https:\/\/www.article-marketing.eu\/comunicati\/#website\"},\"primaryImageOfPage\":{\"@id\":\"https:\/\/www.article-marketing.eu\/comunicati\/istruzione\/corsi\/corso-di-tecnico-contabile-a-rimini\/#primaryimage\"},\"image\":{\"@id\":\"https:\/\/www.article-marketing.eu\/comunicati\/istruzione\/corsi\/corso-di-tecnico-contabile-a-rimini\/#primaryimage\"},\"thumbnailUrl\":\"http:\/\/garanziagiovaniemiliaromagna.com\/wp-content\/uploads\/2015\/11\/office-495808_640-520x245.jpg\",\"datePublished\":\"2015-11-16T15:18:11+00:00\",\"author\":{\"@id\":\"https:\/\/www.article-marketing.eu\/comunicati\/#\/schema\/person\/44372e4d4d0fa797b18e03ed1ace9017\"},\"breadcrumb\":{\"@id\":\"https:\/\/www.article-marketing.eu\/comunicati\/istruzione\/corsi\/corso-di-tecnico-contabile-a-rimini\/#breadcrumb\"},\"inLanguage\":\"it-IT\",\"potentialAction\":[{\"@type\":\"ReadAction\",\"target\":[\"https:\/\/www.article-marketing.eu\/comunicati\/istruzione\/corsi\/corso-di-tecnico-contabile-a-rimini\/\"]}]},{\"@type\":\"ImageObject\",\"inLanguage\":\"it-IT\",\"@id\":\"https:\/\/www.article-marketing.eu\/comunicati\/istruzione\/corsi\/corso-di-tecnico-contabile-a-rimini\/#primaryimage\",\"url\":\"http:\/\/garanziagiovaniemiliaromagna.com\/wp-content\/uploads\/2015\/11\/office-495808_640-520x245.jpg\",\"contentUrl\":\"http:\/\/garanziagiovaniemiliaromagna.com\/wp-content\/uploads\/2015\/11\/office-495808_640-520x245.jpg\"},{\"@type\":\"BreadcrumbList\",\"@id\":\"https:\/\/www.article-marketing.eu\/comunicati\/istruzione\/corsi\/corso-di-tecnico-contabile-a-rimini\/#breadcrumb\",\"itemListElement\":[{\"@type\":\"ListItem\",\"position\":1,\"name\":\"Home\",\"item\":\"https:\/\/www.article-marketing.eu\/comunicati\/\"},{\"@type\":\"ListItem\",\"position\":2,\"name\":\"Corso di Tecnico contabile a Rimini\"}]},{\"@type\":\"WebSite\",\"@id\":\"https:\/\/www.article-marketing.eu\/comunicati\/#website\",\"url\":\"https:\/\/www.article-marketing.eu\/comunicati\/\",\"name\":\"Article Marketing\",\"description\":\"article marketing &amp; press release\",\"potentialAction\":[{\"@type\":\"SearchAction\",\"target\":{\"@type\":\"EntryPoint\",\"urlTemplate\":\"https:\/\/www.article-marketing.eu\/comunicati\/?s={search_term_string}\"},\"query-input\":{\"@type\":\"PropertyValueSpecification\",\"valueRequired\":true,\"valueName\":\"search_term_string\"}}],\"inLanguage\":\"it-IT\"},{\"@type\":\"Person\",\"@id\":\"https:\/\/www.article-marketing.eu\/comunicati\/#\/schema\/person\/44372e4d4d0fa797b18e03ed1ace9017\",\"name\":\"Redazione Comunicati Stampa\",\"image\":{\"@type\":\"ImageObject\",\"inLanguage\":\"it-IT\",\"@id\":\"https:\/\/www.article-marketing.eu\/comunicati\/#\/schema\/person\/image\/\",\"url\":\"https:\/\/secure.gravatar.com\/avatar\/50e5c6421d3072f42e7ace803501602c60d75233d34e29fd05feb91c8760b792?s=96&d=mm&r=g\",\"contentUrl\":\"https:\/\/secure.gravatar.com\/avatar\/50e5c6421d3072f42e7ace803501602c60d75233d34e29fd05feb91c8760b792?s=96&d=mm&r=g\",\"caption\":\"Redazione Comunicati Stampa\"},\"url\":\"https:\/\/www.article-marketing.eu\/comunicati\/author\/redazione-comunicati-stampa\/\"}]}<\/script>\n<!-- \/ Yoast SEO plugin. -->","yoast_head_json":{"title":"Corso di Tecnico contabile a Rimini - Article Marketing","robots":{"index":"index","follow":"follow","max-snippet":"max-snippet:-1","max-image-preview":"max-image-preview:large","max-video-preview":"max-video-preview:-1"},"canonical":"https:\/\/www.article-marketing.eu\/comunicati\/istruzione\/corsi\/corso-di-tecnico-contabile-a-rimini\/","og_locale":"it_IT","og_type":"article","og_title":"Corso di Tecnico contabile a Rimini - Article Marketing","og_description":"Com2, Ente per l'Alta Formazione accreditato in Emilia Romagna, Campania e Lazio propone un corso interamente GRATUITO come Tecnico Contabile con competenze digitali.","og_url":"https:\/\/www.article-marketing.eu\/comunicati\/istruzione\/corsi\/corso-di-tecnico-contabile-a-rimini\/","og_site_name":"Article Marketing","article_published_time":"2015-11-16T15:18:11+00:00","og_image":[{"url":"http:\/\/garanziagiovaniemiliaromagna.com\/wp-content\/uploads\/2015\/11\/office-495808_640-520x245.jpg","type":"","width":"","height":""}],"author":"Redazione Comunicati Stampa","twitter_card":"summary_large_image","twitter_misc":{"Scritto da":"Redazione Comunicati Stampa","Tempo di lettura stimato":"2 minuti"},"schema":{"@context":"https:\/\/schema.org","@graph":[{"@type":"Article","@id":"https:\/\/www.article-marketing.eu\/comunicati\/istruzione\/corsi\/corso-di-tecnico-contabile-a-rimini\/#article","isPartOf":{"@id":"https:\/\/www.article-marketing.eu\/comunicati\/istruzione\/corsi\/corso-di-tecnico-contabile-a-rimini\/"},"author":{"name":"Redazione Comunicati Stampa","@id":"https:\/\/www.article-marketing.eu\/comunicati\/#\/schema\/person\/44372e4d4d0fa797b18e03ed1ace9017"},"headline":"Corso di Tecnico contabile a Rimini","datePublished":"2015-11-16T15:18:11+00:00","mainEntityOfPage":{"@id":"https:\/\/www.article-marketing.eu\/comunicati\/istruzione\/corsi\/corso-di-tecnico-contabile-a-rimini\/"},"wordCount":433,"commentCount":0,"image":{"@id":"https:\/\/www.article-marketing.eu\/comunicati\/istruzione\/corsi\/corso-di-tecnico-contabile-a-rimini\/#primaryimage"},"thumbnailUrl":"http:\/\/garanziagiovaniemiliaromagna.com\/wp-content\/uploads\/2015\/11\/office-495808_640-520x245.jpg","keywords":["corso contabilit\u00e0 emilia romagna","corso gratuito contabilit\u00e0 emilia romagna","corso gratuito contabilit\u00e0 rimini","coso contabilit\u00e0 rimini","tirocinio contabilit\u00e0 emilia romagna","tirocinio contabilit\u00e0 rimini"],"articleSection":["Corsi"],"inLanguage":"it-IT","potentialAction":[{"@type":"CommentAction","name":"Comment","target":["https:\/\/www.article-marketing.eu\/comunicati\/istruzione\/corsi\/corso-di-tecnico-contabile-a-rimini\/#respond"]}]},{"@type":"WebPage","@id":"https:\/\/www.article-marketing.eu\/comunicati\/istruzione\/corsi\/corso-di-tecnico-contabile-a-rimini\/","url":"https:\/\/www.article-marketing.eu\/comunicati\/istruzione\/corsi\/corso-di-tecnico-contabile-a-rimini\/","name":"Corso di Tecnico contabile a Rimini - Article Marketing","isPartOf":{"@id":"https:\/\/www.article-marketing.eu\/comunicati\/#website"},"primaryImageOfPage":{"@id":"https:\/\/www.article-marketing.eu\/comunicati\/istruzione\/corsi\/corso-di-tecnico-contabile-a-rimini\/#primaryimage"},"image":{"@id":"https:\/\/www.article-marketing.eu\/comunicati\/istruzione\/corsi\/corso-di-tecnico-contabile-a-rimini\/#primaryimage"},"thumbnailUrl":"http:\/\/garanziagiovaniemiliaromagna.com\/wp-content\/uploads\/2015\/11\/office-495808_640-520x245.jpg","datePublished":"2015-11-16T15:18:11+00:00","author":{"@id":"https:\/\/www.article-marketing.eu\/comunicati\/#\/schema\/person\/44372e4d4d0fa797b18e03ed1ace9017"},"breadcrumb":{"@id":"https:\/\/www.article-marketing.eu\/comunicati\/istruzione\/corsi\/corso-di-tecnico-contabile-a-rimini\/#breadcrumb"},"inLanguage":"it-IT","potentialAction":[{"@type":"ReadAction","target":["https:\/\/www.article-marketing.eu\/comunicati\/istruzione\/corsi\/corso-di-tecnico-contabile-a-rimini\/"]}]},{"@type":"ImageObject","inLanguage":"it-IT","@id":"https:\/\/www.article-marketing.eu\/comunicati\/istruzione\/corsi\/corso-di-tecnico-contabile-a-rimini\/#primaryimage","url":"http:\/\/garanziagiovaniemiliaromagna.com\/wp-content\/uploads\/2015\/11\/office-495808_640-520x245.jpg","contentUrl":"http:\/\/garanziagiovaniemiliaromagna.com\/wp-content\/uploads\/2015\/11\/office-495808_640-520x245.jpg"},{"@type":"BreadcrumbList","@id":"https:\/\/www.article-marketing.eu\/comunicati\/istruzione\/corsi\/corso-di-tecnico-contabile-a-rimini\/#breadcrumb","itemListElement":[{"@type":"ListItem","position":1,"name":"Home","item":"https:\/\/www.article-marketing.eu\/comunicati\/"},{"@type":"ListItem","position":2,"name":"Corso di Tecnico contabile a Rimini"}]},{"@type":"WebSite","@id":"https:\/\/www.article-marketing.eu\/comunicati\/#website","url":"https:\/\/www.article-marketing.eu\/comunicati\/","name":"Article Marketing","description":"article marketing &amp; press release","potentialAction":[{"@type":"SearchAction","target":{"@type":"EntryPoint","urlTemplate":"https:\/\/www.article-marketing.eu\/comunicati\/?s={search_term_string}"},"query-input":{"@type":"PropertyValueSpecification","valueRequired":true,"valueName":"search_term_string"}}],"inLanguage":"it-IT"},{"@type":"Person","@id":"https:\/\/www.article-marketing.eu\/comunicati\/#\/schema\/person\/44372e4d4d0fa797b18e03ed1ace9017","name":"Redazione Comunicati Stampa","image":{"@type":"ImageObject","inLanguage":"it-IT","@id":"https:\/\/www.article-marketing.eu\/comunicati\/#\/schema\/person\/image\/","url":"https:\/\/secure.gravatar.com\/avatar\/50e5c6421d3072f42e7ace803501602c60d75233d34e29fd05feb91c8760b792?s=96&d=mm&r=g","contentUrl":"https:\/\/secure.gravatar.com\/avatar\/50e5c6421d3072f42e7ace803501602c60d75233d34e29fd05feb91c8760b792?s=96&d=mm&r=g","caption":"Redazione Comunicati Stampa"},"url":"https:\/\/www.article-marketing.eu\/comunicati\/author\/redazione-comunicati-stampa\/"}]}},"_links":{"self":[{"href":"https:\/\/www.article-marketing.eu\/comunicati\/wp-json\/wp\/v2\/posts\/50022","targetHints":{"allow":["GET"]}}],"collection":[{"href":"https:\/\/www.article-marketing.eu\/comunicati\/wp-json\/wp\/v2\/posts"}],"about":[{"href":"https:\/\/www.article-marketing.eu\/comunicati\/wp-json\/wp\/v2\/types\/post"}],"author":[{"embeddable":true,"href":"https:\/\/www.article-marketing.eu\/comunicati\/wp-json\/wp\/v2\/users\/10"}],"replies":[{"embeddable":true,"href":"https:\/\/www.article-marketing.eu\/comunicati\/wp-json\/wp\/v2\/comments?post=50022"}],"version-history":[{"count":0,"href":"https:\/\/www.article-marketing.eu\/comunicati\/wp-json\/wp\/v2\/posts\/50022\/revisions"}],"wp:attachment":[{"href":"https:\/\/www.article-marketing.eu\/comunicati\/wp-json\/wp\/v2\/media?parent=50022"}],"wp:term":[{"taxonomy":"category","embeddable":true,"href":"https:\/\/www.article-marketing.eu\/comunicati\/wp-json\/wp\/v2\/categories?post=50022"},{"taxonomy":"post_tag","embeddable":true,"href":"https:\/\/www.article-marketing.eu\/comunicati\/wp-json\/wp\/v2\/tags?post=50022"}],"curies":[{"name":"wp","href":"https:\/\/api.w.org\/{rel}","templated":true}]}}