{"id":50217,"date":"2015-11-30T13:01:19","date_gmt":"2015-11-30T12:01:19","guid":{"rendered":"http:\/\/www.article-marketing.eu\/comunicati\/senza-categoria\/percorsi-di-solidariet%c3%a0-femminile-terziarie-nubili-e-sante-a-cori-in-et%c3%a0-moderna\/"},"modified":"2015-11-30T13:01:19","modified_gmt":"2015-11-30T12:01:19","slug":"percorsi-di-solidariet%c3%a0-femminile-terziarie-nubili-e-sante-a-cori-in-et%c3%a0-moderna","status":"publish","type":"post","link":"https:\/\/www.article-marketing.eu\/comunicati\/arte-e-cultura\/percorsi-di-solidariet%c3%a0-femminile-terziarie-nubili-e-sante-a-cori-in-et%c3%a0-moderna\/","title":{"rendered":"Percorsi di solidariet\u00e0 femminile  Terziarie, nubili e sante a Cori in et\u00e0 moderna"},"content":{"rendered":"<p>Torna questo fine settimana, presso il Complesso Monumentale di S.Oliva, il ciclo di conferenze <strong><em>&lsquo;Archivi storici e toponomastica corese. Nuovi contributi alla conoscenza della citt&agrave;&rsquo;<\/em><\/strong><em>,<strong> <\/strong><\/em>organizzato dalla Direzione scientifica del Museo della Citt&agrave; e del Territorio di Cori, in collaborazione con l&rsquo;Associazione Culturale &lsquo;Arcadia&rsquo; e l&rsquo;Assessorato alla Cultura del Comune di Cori. Sabato 5 Dicembre, alle ore 16:00, presso la Sala conferenze del Museo, si terr&agrave; il terzo ed ultimo incontro dal titolo <strong>&lsquo;<\/strong><strong>Percorsi di solidariet&agrave; femminile. Terziarie, nubili e sante a Cori in et&agrave; moderna&rsquo;<\/strong>, curato dalla prof.ssa Giancarla Sissa.<br \/><strong>Il momento di partenza della presenza femminile sulla scena politica dell&rsquo;et&agrave; moderna a Cori inizia nell&rsquo;anno 1604 con l&rsquo;ingresso ufficiale delle nobildonne per svolgere il ruolo sociale di accompagno alle ragazze povere dotate dall&rsquo;Arciconfraternita della SS.ma Annunziata<\/strong>. Se le doti erano determinanti per affrontare un futuro pi&ugrave; sicuro, come viveva la donna che restava sola se dipendeva dai maschi di casa fin dalla nascita, secondo il principio di patria potestas che l&rsquo;assoggettava al capofamiglia, padre prima e marito dopo o al parente pi&ugrave; prossimo? <br \/><strong>Gli Statuti corani del 1732, recentemente ripubblicati, contengono tre capitoli che regolano i diritti della donna che rimane sola.<\/strong> Continua pertanto il percorso sui sentieri inesplorati dei destini femminili, evidenziando le solitudini oltre il matrimonio, non sempre imposte dalla mancanza di dote, spesso furono scelte di autonomia intesa come desiderio di annullamento nel divino e sublimazione del mito della verginit&agrave; che sottendono altri stati oltre il matrimonio e prevedevano forme di assistenza, devozione ed istruzione come apostolato; da questa pratiche part&igrave; un forte influsso alla legittimazione di reti di solidariet&agrave; al femminile ed alcune donne assunsero una posizione di rilievo contribuendo a migliorare i destini di tante. <br \/><strong>Si apriva<\/strong> <strong>la terza possibilit&agrave; di vita, nuova, rispetto allo schema binario di monastero o matrimonio: la scelta autonoma di nubilato, nella quale si intravedeva vitalit&agrave; di cambiamento.<\/strong><strong> <\/strong>I racconti delle passiones, con culti di giovani vergini, in particolare quelli delle orientali Caterina d&rsquo;Alessandria, Margherita di Antiochia e della bretone Orsola, percorsero dal nord al sud i sentieri della santit&agrave;, unendo l&rsquo;Oriente e l&rsquo;Occidente con significati spirituali e culturali che si manifestarono anche a Cori, come frammenti di religiosit&agrave; femminile, con fondazioni di chiese, un monastero, conventi, dipinti, realizzati tramite intrecci religiosi, politici, sociali. <strong><\/strong><br \/>Per evidenziare la sottesa essenza della donna &egrave; stato determinante attingere all&rsquo;ineludibile richiamo dei dipinti locali ritagliando alcune figure che hanno sollecitato connessioni con altre materie di ricerca, perch&eacute; proprio il soggetto iconografico conferma le finalit&agrave; didattiche e devozionali. In particolare, la figura di S.Orsola nella pala della chiesa di S.Francesco, suggerisce <strong>l&rsquo;evoluzione dell&rsquo;immagine legata alla nuova condizione femminile che il soggetto iconografico veicolava alla fine del secolo XVI: l&rsquo;accettazione da parte della chiesa e della societ&agrave; del nubilato o vita semireligiosa<\/strong>, diffusasi con la Compagnia di Sant&rsquo;Orsola dal nord Italia ad opera della terziaria francescana Angela Merici.<\/p>\n<p>Un altro interessantissimo convegno, dopo quello inaugurale tenuto dal nuovo Direttore scientifico del Museo, il dott. Giovanni Caratelli, che ha svelato l&rsquo;<strong>origine etimologica dei nomi dialettali di Pizzit&oacute;nico e Pigli&oacute;ne<\/strong>, due luoghi simbolo della Citt&agrave; d&rsquo;Arte; e quello successivo a cura del dott. Pier Luigi De Rossi che ha ripercorso <strong>la storia degli interventi di salvaguardia che hanno interessato negli ultimi due secoli il tempio detto di Ercole<\/strong>, monumento nazionale dal 1898, eretto sulla sommit&agrave; del colle dove era sorta l&rsquo;antica Cora.<\/p>\n","protected":false},"excerpt":{"rendered":"<p>Sabato 5 Dicembre, ore 16:00, Museo della Citt\u00e0 e del Territorio di Cori<br \/>Terzo appuntamento con il nuovo ciclo di conferenze \u2018Archivi storici e toponomastica corese. Nuovi contributi alla conoscenza della citt\u00e0\u2019<\/p>\n","protected":false},"author":10,"featured_media":0,"comment_status":"open","ping_status":"open","sticky":false,"template":"","format":"standard","meta":{"cybocfi_hide_featured_image":"","footnotes":""},"categories":[27],"tags":[52877],"class_list":["post-50217","post","type-post","status-publish","format-standard","hentry","category-arte-e-cultura","tag-cori"],"yoast_head":"<!-- This site is optimized with the Yoast SEO plugin v27.0 - https:\/\/yoast.com\/product\/yoast-seo-wordpress\/ -->\n<title>Percorsi di solidariet\u00e0 femminile Terziarie, nubili e sante a Cori in et\u00e0 moderna - Article Marketing<\/title>\n<meta name=\"robots\" content=\"index, follow, max-snippet:-1, max-image-preview:large, max-video-preview:-1\" \/>\n<link rel=\"canonical\" href=\"https:\/\/www.article-marketing.eu\/comunicati\/arte-e-cultura\/percorsi-di-solidariet\u00e0-femminile-terziarie-nubili-e-sante-a-cori-in-et\u00e0-moderna\/\" \/>\n<meta property=\"og:locale\" content=\"it_IT\" \/>\n<meta property=\"og:type\" content=\"article\" \/>\n<meta property=\"og:title\" content=\"Percorsi di solidariet\u00e0 femminile Terziarie, nubili e sante a Cori in et\u00e0 moderna - Article Marketing\" \/>\n<meta property=\"og:description\" content=\"Sabato 5 Dicembre, ore 16:00, Museo della Citt\u00e0 e del Territorio di CoriTerzo appuntamento con il nuovo ciclo di conferenze \u2018Archivi storici e toponomastica corese. Nuovi contributi alla conoscenza della citt\u00e0\u2019\" \/>\n<meta property=\"og:url\" content=\"https:\/\/www.article-marketing.eu\/comunicati\/arte-e-cultura\/percorsi-di-solidariet\u00e0-femminile-terziarie-nubili-e-sante-a-cori-in-et\u00e0-moderna\/\" \/>\n<meta property=\"og:site_name\" content=\"Article Marketing\" \/>\n<meta property=\"article:published_time\" content=\"2015-11-30T12:01:19+00:00\" \/>\n<meta name=\"author\" content=\"Redazione Comunicati Stampa\" \/>\n<meta name=\"twitter:card\" content=\"summary_large_image\" \/>\n<meta name=\"twitter:label1\" content=\"Scritto da\" \/>\n\t<meta name=\"twitter:data1\" content=\"Redazione Comunicati Stampa\" \/>\n\t<meta name=\"twitter:label2\" content=\"Tempo di lettura stimato\" \/>\n\t<meta name=\"twitter:data2\" content=\"3 minuti\" \/>\n<script type=\"application\/ld+json\" class=\"yoast-schema-graph\">{\"@context\":\"https:\/\/schema.org\",\"@graph\":[{\"@type\":\"Article\",\"@id\":\"https:\/\/www.article-marketing.eu\/comunicati\/arte-e-cultura\/percorsi-di-solidariet%c3%a0-femminile-terziarie-nubili-e-sante-a-cori-in-et%c3%a0-moderna\/#article\",\"isPartOf\":{\"@id\":\"https:\/\/www.article-marketing.eu\/comunicati\/arte-e-cultura\/percorsi-di-solidariet%c3%a0-femminile-terziarie-nubili-e-sante-a-cori-in-et%c3%a0-moderna\/\"},\"author\":{\"name\":\"Redazione Comunicati Stampa\",\"@id\":\"https:\/\/www.article-marketing.eu\/comunicati\/#\/schema\/person\/44372e4d4d0fa797b18e03ed1ace9017\"},\"headline\":\"Percorsi di solidariet\u00e0 femminile Terziarie, nubili e sante a Cori in et\u00e0 moderna\",\"datePublished\":\"2015-11-30T12:01:19+00:00\",\"mainEntityOfPage\":{\"@id\":\"https:\/\/www.article-marketing.eu\/comunicati\/arte-e-cultura\/percorsi-di-solidariet%c3%a0-femminile-terziarie-nubili-e-sante-a-cori-in-et%c3%a0-moderna\/\"},\"wordCount\":635,\"commentCount\":0,\"keywords\":[\"cori\"],\"articleSection\":[\"Arte e cultura\"],\"inLanguage\":\"it-IT\",\"potentialAction\":[{\"@type\":\"CommentAction\",\"name\":\"Comment\",\"target\":[\"https:\/\/www.article-marketing.eu\/comunicati\/arte-e-cultura\/percorsi-di-solidariet%c3%a0-femminile-terziarie-nubili-e-sante-a-cori-in-et%c3%a0-moderna\/#respond\"]}]},{\"@type\":\"WebPage\",\"@id\":\"https:\/\/www.article-marketing.eu\/comunicati\/arte-e-cultura\/percorsi-di-solidariet%c3%a0-femminile-terziarie-nubili-e-sante-a-cori-in-et%c3%a0-moderna\/\",\"url\":\"https:\/\/www.article-marketing.eu\/comunicati\/arte-e-cultura\/percorsi-di-solidariet%c3%a0-femminile-terziarie-nubili-e-sante-a-cori-in-et%c3%a0-moderna\/\",\"name\":\"Percorsi di solidariet\u00e0 femminile Terziarie, nubili e sante a Cori in et\u00e0 moderna - Article Marketing\",\"isPartOf\":{\"@id\":\"https:\/\/www.article-marketing.eu\/comunicati\/#website\"},\"datePublished\":\"2015-11-30T12:01:19+00:00\",\"author\":{\"@id\":\"https:\/\/www.article-marketing.eu\/comunicati\/#\/schema\/person\/44372e4d4d0fa797b18e03ed1ace9017\"},\"breadcrumb\":{\"@id\":\"https:\/\/www.article-marketing.eu\/comunicati\/arte-e-cultura\/percorsi-di-solidariet%c3%a0-femminile-terziarie-nubili-e-sante-a-cori-in-et%c3%a0-moderna\/#breadcrumb\"},\"inLanguage\":\"it-IT\",\"potentialAction\":[{\"@type\":\"ReadAction\",\"target\":[\"https:\/\/www.article-marketing.eu\/comunicati\/arte-e-cultura\/percorsi-di-solidariet%c3%a0-femminile-terziarie-nubili-e-sante-a-cori-in-et%c3%a0-moderna\/\"]}]},{\"@type\":\"BreadcrumbList\",\"@id\":\"https:\/\/www.article-marketing.eu\/comunicati\/arte-e-cultura\/percorsi-di-solidariet%c3%a0-femminile-terziarie-nubili-e-sante-a-cori-in-et%c3%a0-moderna\/#breadcrumb\",\"itemListElement\":[{\"@type\":\"ListItem\",\"position\":1,\"name\":\"Home\",\"item\":\"https:\/\/www.article-marketing.eu\/comunicati\/\"},{\"@type\":\"ListItem\",\"position\":2,\"name\":\"Percorsi di solidariet\u00e0 femminile Terziarie, nubili e sante a Cori in et\u00e0 moderna\"}]},{\"@type\":\"WebSite\",\"@id\":\"https:\/\/www.article-marketing.eu\/comunicati\/#website\",\"url\":\"https:\/\/www.article-marketing.eu\/comunicati\/\",\"name\":\"Article Marketing\",\"description\":\"article marketing &amp; press release\",\"potentialAction\":[{\"@type\":\"SearchAction\",\"target\":{\"@type\":\"EntryPoint\",\"urlTemplate\":\"https:\/\/www.article-marketing.eu\/comunicati\/?s={search_term_string}\"},\"query-input\":{\"@type\":\"PropertyValueSpecification\",\"valueRequired\":true,\"valueName\":\"search_term_string\"}}],\"inLanguage\":\"it-IT\"},{\"@type\":\"Person\",\"@id\":\"https:\/\/www.article-marketing.eu\/comunicati\/#\/schema\/person\/44372e4d4d0fa797b18e03ed1ace9017\",\"name\":\"Redazione Comunicati Stampa\",\"image\":{\"@type\":\"ImageObject\",\"inLanguage\":\"it-IT\",\"@id\":\"https:\/\/www.article-marketing.eu\/comunicati\/#\/schema\/person\/image\/\",\"url\":\"https:\/\/secure.gravatar.com\/avatar\/50e5c6421d3072f42e7ace803501602c60d75233d34e29fd05feb91c8760b792?s=96&d=mm&r=g\",\"contentUrl\":\"https:\/\/secure.gravatar.com\/avatar\/50e5c6421d3072f42e7ace803501602c60d75233d34e29fd05feb91c8760b792?s=96&d=mm&r=g\",\"caption\":\"Redazione Comunicati Stampa\"},\"url\":\"https:\/\/www.article-marketing.eu\/comunicati\/author\/redazione-comunicati-stampa\/\"}]}<\/script>\n<!-- \/ Yoast SEO plugin. -->","yoast_head_json":{"title":"Percorsi di solidariet\u00e0 femminile Terziarie, nubili e sante a Cori in et\u00e0 moderna - Article Marketing","robots":{"index":"index","follow":"follow","max-snippet":"max-snippet:-1","max-image-preview":"max-image-preview:large","max-video-preview":"max-video-preview:-1"},"canonical":"https:\/\/www.article-marketing.eu\/comunicati\/arte-e-cultura\/percorsi-di-solidariet\u00e0-femminile-terziarie-nubili-e-sante-a-cori-in-et\u00e0-moderna\/","og_locale":"it_IT","og_type":"article","og_title":"Percorsi di solidariet\u00e0 femminile Terziarie, nubili e sante a Cori in et\u00e0 moderna - Article Marketing","og_description":"Sabato 5 Dicembre, ore 16:00, Museo della Citt\u00e0 e del Territorio di CoriTerzo appuntamento con il nuovo ciclo di conferenze \u2018Archivi storici e toponomastica corese. Nuovi contributi alla conoscenza della citt\u00e0\u2019","og_url":"https:\/\/www.article-marketing.eu\/comunicati\/arte-e-cultura\/percorsi-di-solidariet\u00e0-femminile-terziarie-nubili-e-sante-a-cori-in-et\u00e0-moderna\/","og_site_name":"Article Marketing","article_published_time":"2015-11-30T12:01:19+00:00","author":"Redazione Comunicati Stampa","twitter_card":"summary_large_image","twitter_misc":{"Scritto da":"Redazione Comunicati Stampa","Tempo di lettura stimato":"3 minuti"},"schema":{"@context":"https:\/\/schema.org","@graph":[{"@type":"Article","@id":"https:\/\/www.article-marketing.eu\/comunicati\/arte-e-cultura\/percorsi-di-solidariet%c3%a0-femminile-terziarie-nubili-e-sante-a-cori-in-et%c3%a0-moderna\/#article","isPartOf":{"@id":"https:\/\/www.article-marketing.eu\/comunicati\/arte-e-cultura\/percorsi-di-solidariet%c3%a0-femminile-terziarie-nubili-e-sante-a-cori-in-et%c3%a0-moderna\/"},"author":{"name":"Redazione Comunicati Stampa","@id":"https:\/\/www.article-marketing.eu\/comunicati\/#\/schema\/person\/44372e4d4d0fa797b18e03ed1ace9017"},"headline":"Percorsi di solidariet\u00e0 femminile Terziarie, nubili e sante a Cori in et\u00e0 moderna","datePublished":"2015-11-30T12:01:19+00:00","mainEntityOfPage":{"@id":"https:\/\/www.article-marketing.eu\/comunicati\/arte-e-cultura\/percorsi-di-solidariet%c3%a0-femminile-terziarie-nubili-e-sante-a-cori-in-et%c3%a0-moderna\/"},"wordCount":635,"commentCount":0,"keywords":["cori"],"articleSection":["Arte e cultura"],"inLanguage":"it-IT","potentialAction":[{"@type":"CommentAction","name":"Comment","target":["https:\/\/www.article-marketing.eu\/comunicati\/arte-e-cultura\/percorsi-di-solidariet%c3%a0-femminile-terziarie-nubili-e-sante-a-cori-in-et%c3%a0-moderna\/#respond"]}]},{"@type":"WebPage","@id":"https:\/\/www.article-marketing.eu\/comunicati\/arte-e-cultura\/percorsi-di-solidariet%c3%a0-femminile-terziarie-nubili-e-sante-a-cori-in-et%c3%a0-moderna\/","url":"https:\/\/www.article-marketing.eu\/comunicati\/arte-e-cultura\/percorsi-di-solidariet%c3%a0-femminile-terziarie-nubili-e-sante-a-cori-in-et%c3%a0-moderna\/","name":"Percorsi di solidariet\u00e0 femminile Terziarie, nubili e sante a Cori in et\u00e0 moderna - Article Marketing","isPartOf":{"@id":"https:\/\/www.article-marketing.eu\/comunicati\/#website"},"datePublished":"2015-11-30T12:01:19+00:00","author":{"@id":"https:\/\/www.article-marketing.eu\/comunicati\/#\/schema\/person\/44372e4d4d0fa797b18e03ed1ace9017"},"breadcrumb":{"@id":"https:\/\/www.article-marketing.eu\/comunicati\/arte-e-cultura\/percorsi-di-solidariet%c3%a0-femminile-terziarie-nubili-e-sante-a-cori-in-et%c3%a0-moderna\/#breadcrumb"},"inLanguage":"it-IT","potentialAction":[{"@type":"ReadAction","target":["https:\/\/www.article-marketing.eu\/comunicati\/arte-e-cultura\/percorsi-di-solidariet%c3%a0-femminile-terziarie-nubili-e-sante-a-cori-in-et%c3%a0-moderna\/"]}]},{"@type":"BreadcrumbList","@id":"https:\/\/www.article-marketing.eu\/comunicati\/arte-e-cultura\/percorsi-di-solidariet%c3%a0-femminile-terziarie-nubili-e-sante-a-cori-in-et%c3%a0-moderna\/#breadcrumb","itemListElement":[{"@type":"ListItem","position":1,"name":"Home","item":"https:\/\/www.article-marketing.eu\/comunicati\/"},{"@type":"ListItem","position":2,"name":"Percorsi di solidariet\u00e0 femminile Terziarie, nubili e sante a Cori in et\u00e0 moderna"}]},{"@type":"WebSite","@id":"https:\/\/www.article-marketing.eu\/comunicati\/#website","url":"https:\/\/www.article-marketing.eu\/comunicati\/","name":"Article Marketing","description":"article marketing &amp; press release","potentialAction":[{"@type":"SearchAction","target":{"@type":"EntryPoint","urlTemplate":"https:\/\/www.article-marketing.eu\/comunicati\/?s={search_term_string}"},"query-input":{"@type":"PropertyValueSpecification","valueRequired":true,"valueName":"search_term_string"}}],"inLanguage":"it-IT"},{"@type":"Person","@id":"https:\/\/www.article-marketing.eu\/comunicati\/#\/schema\/person\/44372e4d4d0fa797b18e03ed1ace9017","name":"Redazione Comunicati Stampa","image":{"@type":"ImageObject","inLanguage":"it-IT","@id":"https:\/\/www.article-marketing.eu\/comunicati\/#\/schema\/person\/image\/","url":"https:\/\/secure.gravatar.com\/avatar\/50e5c6421d3072f42e7ace803501602c60d75233d34e29fd05feb91c8760b792?s=96&d=mm&r=g","contentUrl":"https:\/\/secure.gravatar.com\/avatar\/50e5c6421d3072f42e7ace803501602c60d75233d34e29fd05feb91c8760b792?s=96&d=mm&r=g","caption":"Redazione Comunicati Stampa"},"url":"https:\/\/www.article-marketing.eu\/comunicati\/author\/redazione-comunicati-stampa\/"}]}},"_links":{"self":[{"href":"https:\/\/www.article-marketing.eu\/comunicati\/wp-json\/wp\/v2\/posts\/50217","targetHints":{"allow":["GET"]}}],"collection":[{"href":"https:\/\/www.article-marketing.eu\/comunicati\/wp-json\/wp\/v2\/posts"}],"about":[{"href":"https:\/\/www.article-marketing.eu\/comunicati\/wp-json\/wp\/v2\/types\/post"}],"author":[{"embeddable":true,"href":"https:\/\/www.article-marketing.eu\/comunicati\/wp-json\/wp\/v2\/users\/10"}],"replies":[{"embeddable":true,"href":"https:\/\/www.article-marketing.eu\/comunicati\/wp-json\/wp\/v2\/comments?post=50217"}],"version-history":[{"count":0,"href":"https:\/\/www.article-marketing.eu\/comunicati\/wp-json\/wp\/v2\/posts\/50217\/revisions"}],"wp:attachment":[{"href":"https:\/\/www.article-marketing.eu\/comunicati\/wp-json\/wp\/v2\/media?parent=50217"}],"wp:term":[{"taxonomy":"category","embeddable":true,"href":"https:\/\/www.article-marketing.eu\/comunicati\/wp-json\/wp\/v2\/categories?post=50217"},{"taxonomy":"post_tag","embeddable":true,"href":"https:\/\/www.article-marketing.eu\/comunicati\/wp-json\/wp\/v2\/tags?post=50217"}],"curies":[{"name":"wp","href":"https:\/\/api.w.org\/{rel}","templated":true}]}}