{"id":50294,"date":"2015-11-28T14:27:37","date_gmt":"2015-11-28T13:27:37","guid":{"rendered":"http:\/\/www.article-marketing.eu\/comunicati\/senza-categoria\/al-casale-stoza-agriturismo-cincinnato-apre-la-mostra-fotografica-di-luciano-pontolillo-a%80%98pi%c3%b9-cento-siai-marchetti-dal-1915-storie-di-uomini-e-aeroplania%80%99\/"},"modified":"2015-11-28T14:27:37","modified_gmt":"2015-11-28T13:27:37","slug":"al-casale-stoza-agriturismo-cincinnato-apre-la-mostra-fotografica-di-luciano-pontolillo-a%80%98pi%c3%b9-cento-siai-marchetti-dal-1915-storie-di-uomini-e-aeroplania%80%99","status":"publish","type":"post","link":"https:\/\/www.article-marketing.eu\/comunicati\/arte-e-cultura\/al-casale-stoza-agriturismo-cincinnato-apre-la-mostra-fotografica-di-luciano-pontolillo-a%80%98pi%c3%b9-cento-siai-marchetti-dal-1915-storie-di-uomini-e-aeroplania%80%99\/","title":{"rendered":"Al casale Stoza Agriturismo Cincinnato apre la mostra fotografica di Luciano Pontolillo"},"content":{"rendered":"<p>Al casale Stoza Agriturismo Cincinnato apre la mostra fotografica di Luciano Pontolillo<strong> <\/strong><strong> <\/strong><br \/>\n&lsquo;Pi&ugrave; Cento. SIAI Marchetti: dal 1915 storie di uomini e aeroplani&rsquo;<\/p>\n<p><strong>Rimarr&agrave; aperta al pubblico fino al 13 Dicembre, visitabile gratuitamente dal marted&igrave; al venerd&igrave;, dalle ore 10 alle 12:30 e dalle ore 16 alle 19; il sabato dalle ore 10 alle 19 e la domenica dalle ore 10 alle 17<\/strong><\/p>\n<p><strong>La mostra fotografica &lsquo;Pi&ugrave; Cento. SIAI Marchetti: dal 1915 storie di uomini e aeroplani&rsquo; apre al pubblico presso il Casale Stoza Agriturismo Cincinnato di Cori, dove rimarr&agrave; esposta fino al 13 Dicembre, visitabile gratuitamente dal marted&igrave; al venerd&igrave;, dalle ore 10 alle 12:30 e dalle ore 16 alle 19; il sabato dalle ore 10 alle 19 e la domenica dalle ore 10 alle 17<\/strong>. La rassegna &egrave; particolarmente indicata per le scuole della provincia di Latina, che potranno ripercorrere con centinaia di foto inedite e spiegate i cento anni dell&rsquo;azienda che ha fatto la storia dell&rsquo;aviazione italiana e mondiale, grazie anche al genio dell&rsquo;illustre ingegnere pontino, Alessandro Marchetti.<br \/>La mostra &egrave; giunta a Cori, citt&agrave; natale del Marchetti, contemporaneamente alla presentazione dell&rsquo;omonimo libro di <strong>Luciano Pontolillo<\/strong>, che sabato scorso ha riempito la sala conferenze del Museo della Citt&agrave; e del Territorio. Nel centenario della fondazione della SIAI, l&rsquo;<strong>Associazione culturale &lsquo;Olimpo&rsquo;<\/strong>, con il patrocinio del Comune di Cori, della BCC Roma di Cori e della Provincia di Latina, ha voluto ricordare il glorioso passato della ditta aeronautica sestese e degli uomini che l&rsquo;hanno condiviso, tra cui l&rsquo;Ing. Marchetti, di cui erano presenti i familiari. Al tavolo con l&rsquo;autore, il Sindaco Tommaso Conti e l&rsquo;Ass.re Fausto Nuglio. Breve, composta e toccante la commemorazione nel cimitero di Cori, davanti alla cappella Caucci Molara, dove l&rsquo;ingegnere riposa.<br \/>La SIAI e Marchetti, un trentennale sodalizio fatto di velivoli leggendari, conquista di primati mondiali, partecipazione ad imprese sportive aviatorie, esportazioni in tutta Europa e in Giappone e raid pionieristici. Un aneddoto raccontato da Pontolillo conferma che <strong>Marchetti fu anche un grande uomo<\/strong>, che seppe incoraggiare un collega, della concorrenza, come l&rsquo;Ing. Giuseppe Gabrielli della Piaggio, a cui consegn&ograve;, nel 1929, i disegni del suo fiore all&rsquo;occhiello, l&rsquo;S.55, che la Regia Aeronautica voleva fosse realizzato in metallo anzich&eacute; in legno. Questo gesto risollev&ograve; le sorti dell&rsquo;azienda ligure in crisi, avviando la brillante carriera di Gabrielli verso la successiva scalata alla FIAT.<\/p>\n<p>La location che ospita la mostra rievoca anche un curioso ed affascinante connubio gastronomico che si concretizza in un men&ugrave; speciale, la <strong>&lsquo;Cena dei Trasvolatori: sapori e suggestioni intorno al mondo seguendo le rotte degli aerei SIAI Marchetti&rsquo;<\/strong>. Antipasto e primi dedicati alle epiche imprese individuali; i secondi in onore dei raid collettivi e infine il dolce del centenario. <strong>Contatti per la mostra<\/strong>: 333.5895118 &ndash; <a href=\"mailto:agriturismo@cincinnato.it\">agriturismo@cincinnato.it<\/a> <strong>Per maggiori informazioni ed approfondimenti sul libro e sulla mostra di Luciano Pontolillo<\/strong> si possono seguire le pagine dei principali social media &#8211; PIU&rsquo; CENTO e 100 anni SIAI Marchetti &ndash; ricche di splendide immagini d&rsquo;epoca.<\/p>\n","protected":false},"excerpt":{"rendered":"<p>Rimarr\u00e0 aperta al pubblico fino al 13 Dicembre, visitabile gratuitamente dal marted\u00ec al venerd\u00ec, dalle ore 10 alle 12:30 e dalle ore 16 alle 19; il sabato dalle ore 10 alle 19 e la domenica dalle ore 10 alle 17<\/p>\n","protected":false},"author":10,"featured_media":0,"comment_status":"open","ping_status":"open","sticky":false,"template":"","format":"standard","meta":{"cybocfi_hide_featured_image":"","footnotes":""},"categories":[27],"tags":[52877],"class_list":["post-50294","post","type-post","status-publish","format-standard","hentry","category-arte-e-cultura","tag-cori"],"yoast_head":"<!-- This site is optimized with the Yoast SEO plugin v27.0 - https:\/\/yoast.com\/product\/yoast-seo-wordpress\/ -->\n<title>Al casale Stoza Agriturismo Cincinnato apre la mostra fotografica di Luciano Pontolillo - Article Marketing<\/title>\n<meta name=\"robots\" content=\"index, follow, max-snippet:-1, max-image-preview:large, max-video-preview:-1\" \/>\n<link rel=\"canonical\" href=\"https:\/\/www.article-marketing.eu\/comunicati\/arte-e-cultura\/al-casale-stoza-agriturismo-cincinnato-apre-la-mostra-fotografica-di-luciano-pontolillo-a??pi\u00f9-cento-siai-marchetti-dal-1915-storie-di-uomini-e-aeroplania??\/\" \/>\n<meta property=\"og:locale\" content=\"it_IT\" \/>\n<meta property=\"og:type\" content=\"article\" \/>\n<meta property=\"og:title\" content=\"Al casale Stoza Agriturismo Cincinnato apre la mostra fotografica di Luciano Pontolillo - Article Marketing\" \/>\n<meta property=\"og:description\" content=\"Rimarr\u00e0 aperta al pubblico fino al 13 Dicembre, visitabile gratuitamente dal marted\u00ec al venerd\u00ec, dalle ore 10 alle 12:30 e dalle ore 16 alle 19; il sabato dalle ore 10 alle 19 e la domenica dalle ore 10 alle 17\" \/>\n<meta property=\"og:url\" content=\"\" \/>\n<meta property=\"og:site_name\" content=\"Article Marketing\" \/>\n<meta property=\"article:published_time\" content=\"2015-11-28T13:27:37+00:00\" \/>\n<meta name=\"author\" content=\"Redazione Comunicati Stampa\" \/>\n<meta name=\"twitter:card\" content=\"summary_large_image\" \/>\n<meta name=\"twitter:label1\" content=\"Scritto da\" \/>\n\t<meta name=\"twitter:data1\" content=\"Redazione Comunicati Stampa\" \/>\n\t<meta name=\"twitter:label2\" content=\"Tempo di lettura stimato\" \/>\n\t<meta name=\"twitter:data2\" content=\"3 minuti\" \/>\n<script type=\"application\/ld+json\" class=\"yoast-schema-graph\">{\"@context\":\"https:\/\/schema.org\",\"@graph\":[{\"@type\":\"Article\",\"@id\":\"https:\/\/www.article-marketing.eu\/comunicati\/arte-e-cultura\/al-casale-stoza-agriturismo-cincinnato-apre-la-mostra-fotografica-di-luciano-pontolillo-a%80%98pi%c3%b9-cento-siai-marchetti-dal-1915-storie-di-uomini-e-aeroplania%80%99\/#article\",\"isPartOf\":{\"@id\":\"https:\/\/www.article-marketing.eu\/comunicati\/arte-e-cultura\/al-casale-stoza-agriturismo-cincinnato-apre-la-mostra-fotografica-di-luciano-pontolillo-a%80%98pi%c3%b9-cento-siai-marchetti-dal-1915-storie-di-uomini-e-aeroplania%80%99\/\"},\"author\":{\"name\":\"Redazione Comunicati Stampa\",\"@id\":\"https:\/\/www.article-marketing.eu\/comunicati\/#\/schema\/person\/44372e4d4d0fa797b18e03ed1ace9017\"},\"headline\":\"Al casale Stoza Agriturismo Cincinnato apre la mostra fotografica di Luciano Pontolillo\",\"datePublished\":\"2015-11-28T13:27:37+00:00\",\"mainEntityOfPage\":{\"@id\":\"https:\/\/www.article-marketing.eu\/comunicati\/arte-e-cultura\/al-casale-stoza-agriturismo-cincinnato-apre-la-mostra-fotografica-di-luciano-pontolillo-a%80%98pi%c3%b9-cento-siai-marchetti-dal-1915-storie-di-uomini-e-aeroplania%80%99\/\"},\"wordCount\":534,\"commentCount\":0,\"keywords\":[\"cori\"],\"articleSection\":[\"Arte e cultura\"],\"inLanguage\":\"it-IT\",\"potentialAction\":[{\"@type\":\"CommentAction\",\"name\":\"Comment\",\"target\":[\"https:\/\/www.article-marketing.eu\/comunicati\/arte-e-cultura\/al-casale-stoza-agriturismo-cincinnato-apre-la-mostra-fotografica-di-luciano-pontolillo-a%80%98pi%c3%b9-cento-siai-marchetti-dal-1915-storie-di-uomini-e-aeroplania%80%99\/#respond\"]}]},{\"@type\":\"WebPage\",\"@id\":\"https:\/\/www.article-marketing.eu\/comunicati\/arte-e-cultura\/al-casale-stoza-agriturismo-cincinnato-apre-la-mostra-fotografica-di-luciano-pontolillo-a%80%98pi%c3%b9-cento-siai-marchetti-dal-1915-storie-di-uomini-e-aeroplania%80%99\/\",\"url\":\"https:\/\/www.article-marketing.eu\/comunicati\/arte-e-cultura\/al-casale-stoza-agriturismo-cincinnato-apre-la-mostra-fotografica-di-luciano-pontolillo-a%80%98pi%c3%b9-cento-siai-marchetti-dal-1915-storie-di-uomini-e-aeroplania%80%99\/\",\"name\":\"Al casale Stoza Agriturismo Cincinnato apre la mostra fotografica di Luciano Pontolillo - Article Marketing\",\"isPartOf\":{\"@id\":\"https:\/\/www.article-marketing.eu\/comunicati\/#website\"},\"datePublished\":\"2015-11-28T13:27:37+00:00\",\"author\":{\"@id\":\"https:\/\/www.article-marketing.eu\/comunicati\/#\/schema\/person\/44372e4d4d0fa797b18e03ed1ace9017\"},\"breadcrumb\":{\"@id\":\"https:\/\/www.article-marketing.eu\/comunicati\/arte-e-cultura\/al-casale-stoza-agriturismo-cincinnato-apre-la-mostra-fotografica-di-luciano-pontolillo-a%80%98pi%c3%b9-cento-siai-marchetti-dal-1915-storie-di-uomini-e-aeroplania%80%99\/#breadcrumb\"},\"inLanguage\":\"it-IT\",\"potentialAction\":[{\"@type\":\"ReadAction\",\"target\":[\"https:\/\/www.article-marketing.eu\/comunicati\/arte-e-cultura\/al-casale-stoza-agriturismo-cincinnato-apre-la-mostra-fotografica-di-luciano-pontolillo-a%80%98pi%c3%b9-cento-siai-marchetti-dal-1915-storie-di-uomini-e-aeroplania%80%99\/\"]}]},{\"@type\":\"BreadcrumbList\",\"@id\":\"https:\/\/www.article-marketing.eu\/comunicati\/arte-e-cultura\/al-casale-stoza-agriturismo-cincinnato-apre-la-mostra-fotografica-di-luciano-pontolillo-a%80%98pi%c3%b9-cento-siai-marchetti-dal-1915-storie-di-uomini-e-aeroplania%80%99\/#breadcrumb\",\"itemListElement\":[{\"@type\":\"ListItem\",\"position\":1,\"name\":\"Home\",\"item\":\"https:\/\/www.article-marketing.eu\/comunicati\/\"},{\"@type\":\"ListItem\",\"position\":2,\"name\":\"Al casale Stoza Agriturismo Cincinnato apre la mostra fotografica di Luciano Pontolillo\"}]},{\"@type\":\"WebSite\",\"@id\":\"https:\/\/www.article-marketing.eu\/comunicati\/#website\",\"url\":\"https:\/\/www.article-marketing.eu\/comunicati\/\",\"name\":\"Article Marketing\",\"description\":\"article marketing &amp; press release\",\"potentialAction\":[{\"@type\":\"SearchAction\",\"target\":{\"@type\":\"EntryPoint\",\"urlTemplate\":\"https:\/\/www.article-marketing.eu\/comunicati\/?s={search_term_string}\"},\"query-input\":{\"@type\":\"PropertyValueSpecification\",\"valueRequired\":true,\"valueName\":\"search_term_string\"}}],\"inLanguage\":\"it-IT\"},{\"@type\":\"Person\",\"@id\":\"https:\/\/www.article-marketing.eu\/comunicati\/#\/schema\/person\/44372e4d4d0fa797b18e03ed1ace9017\",\"name\":\"Redazione Comunicati Stampa\",\"image\":{\"@type\":\"ImageObject\",\"inLanguage\":\"it-IT\",\"@id\":\"https:\/\/www.article-marketing.eu\/comunicati\/#\/schema\/person\/image\/\",\"url\":\"https:\/\/secure.gravatar.com\/avatar\/50e5c6421d3072f42e7ace803501602c60d75233d34e29fd05feb91c8760b792?s=96&d=mm&r=g\",\"contentUrl\":\"https:\/\/secure.gravatar.com\/avatar\/50e5c6421d3072f42e7ace803501602c60d75233d34e29fd05feb91c8760b792?s=96&d=mm&r=g\",\"caption\":\"Redazione Comunicati Stampa\"},\"url\":\"https:\/\/www.article-marketing.eu\/comunicati\/author\/redazione-comunicati-stampa\/\"}]}<\/script>\n<!-- \/ Yoast SEO plugin. -->","yoast_head_json":{"title":"Al casale Stoza Agriturismo Cincinnato apre la mostra fotografica di Luciano Pontolillo - Article Marketing","robots":{"index":"index","follow":"follow","max-snippet":"max-snippet:-1","max-image-preview":"max-image-preview:large","max-video-preview":"max-video-preview:-1"},"canonical":"https:\/\/www.article-marketing.eu\/comunicati\/arte-e-cultura\/al-casale-stoza-agriturismo-cincinnato-apre-la-mostra-fotografica-di-luciano-pontolillo-a??pi\u00f9-cento-siai-marchetti-dal-1915-storie-di-uomini-e-aeroplania??\/","og_locale":"it_IT","og_type":"article","og_title":"Al casale Stoza Agriturismo Cincinnato apre la mostra fotografica di Luciano Pontolillo - Article Marketing","og_description":"Rimarr\u00e0 aperta al pubblico fino al 13 Dicembre, visitabile gratuitamente dal marted\u00ec al venerd\u00ec, dalle ore 10 alle 12:30 e dalle ore 16 alle 19; il sabato dalle ore 10 alle 19 e la domenica dalle ore 10 alle 17","og_url":"https:\/\/www.article-marketing.eu\/comunicati\/arte-e-cultura\/al-casale-stoza-agriturismo-cincinnato-apre-la-mostra-fotografica-di-luciano-pontolillo-a??pi\u00f9-cento-siai-marchetti-dal-1915-storie-di-uomini-e-aeroplania??\/","og_site_name":"Article Marketing","article_published_time":"2015-11-28T13:27:37+00:00","author":"Redazione Comunicati Stampa","twitter_card":"summary_large_image","twitter_misc":{"Scritto da":"Redazione Comunicati Stampa","Tempo di lettura stimato":"3 minuti"},"schema":{"@context":"https:\/\/schema.org","@graph":[{"@type":"Article","@id":"https:\/\/www.article-marketing.eu\/comunicati\/arte-e-cultura\/al-casale-stoza-agriturismo-cincinnato-apre-la-mostra-fotografica-di-luciano-pontolillo-a%80%98pi%c3%b9-cento-siai-marchetti-dal-1915-storie-di-uomini-e-aeroplania%80%99\/#article","isPartOf":{"@id":"https:\/\/www.article-marketing.eu\/comunicati\/arte-e-cultura\/al-casale-stoza-agriturismo-cincinnato-apre-la-mostra-fotografica-di-luciano-pontolillo-a%80%98pi%c3%b9-cento-siai-marchetti-dal-1915-storie-di-uomini-e-aeroplania%80%99\/"},"author":{"name":"Redazione Comunicati Stampa","@id":"https:\/\/www.article-marketing.eu\/comunicati\/#\/schema\/person\/44372e4d4d0fa797b18e03ed1ace9017"},"headline":"Al casale Stoza Agriturismo Cincinnato apre la mostra fotografica di Luciano Pontolillo","datePublished":"2015-11-28T13:27:37+00:00","mainEntityOfPage":{"@id":"https:\/\/www.article-marketing.eu\/comunicati\/arte-e-cultura\/al-casale-stoza-agriturismo-cincinnato-apre-la-mostra-fotografica-di-luciano-pontolillo-a%80%98pi%c3%b9-cento-siai-marchetti-dal-1915-storie-di-uomini-e-aeroplania%80%99\/"},"wordCount":534,"commentCount":0,"keywords":["cori"],"articleSection":["Arte e cultura"],"inLanguage":"it-IT","potentialAction":[{"@type":"CommentAction","name":"Comment","target":["https:\/\/www.article-marketing.eu\/comunicati\/arte-e-cultura\/al-casale-stoza-agriturismo-cincinnato-apre-la-mostra-fotografica-di-luciano-pontolillo-a%80%98pi%c3%b9-cento-siai-marchetti-dal-1915-storie-di-uomini-e-aeroplania%80%99\/#respond"]}]},{"@type":"WebPage","@id":"https:\/\/www.article-marketing.eu\/comunicati\/arte-e-cultura\/al-casale-stoza-agriturismo-cincinnato-apre-la-mostra-fotografica-di-luciano-pontolillo-a%80%98pi%c3%b9-cento-siai-marchetti-dal-1915-storie-di-uomini-e-aeroplania%80%99\/","url":"https:\/\/www.article-marketing.eu\/comunicati\/arte-e-cultura\/al-casale-stoza-agriturismo-cincinnato-apre-la-mostra-fotografica-di-luciano-pontolillo-a%80%98pi%c3%b9-cento-siai-marchetti-dal-1915-storie-di-uomini-e-aeroplania%80%99\/","name":"Al casale Stoza Agriturismo Cincinnato apre la mostra fotografica di Luciano Pontolillo - Article Marketing","isPartOf":{"@id":"https:\/\/www.article-marketing.eu\/comunicati\/#website"},"datePublished":"2015-11-28T13:27:37+00:00","author":{"@id":"https:\/\/www.article-marketing.eu\/comunicati\/#\/schema\/person\/44372e4d4d0fa797b18e03ed1ace9017"},"breadcrumb":{"@id":"https:\/\/www.article-marketing.eu\/comunicati\/arte-e-cultura\/al-casale-stoza-agriturismo-cincinnato-apre-la-mostra-fotografica-di-luciano-pontolillo-a%80%98pi%c3%b9-cento-siai-marchetti-dal-1915-storie-di-uomini-e-aeroplania%80%99\/#breadcrumb"},"inLanguage":"it-IT","potentialAction":[{"@type":"ReadAction","target":["https:\/\/www.article-marketing.eu\/comunicati\/arte-e-cultura\/al-casale-stoza-agriturismo-cincinnato-apre-la-mostra-fotografica-di-luciano-pontolillo-a%80%98pi%c3%b9-cento-siai-marchetti-dal-1915-storie-di-uomini-e-aeroplania%80%99\/"]}]},{"@type":"BreadcrumbList","@id":"https:\/\/www.article-marketing.eu\/comunicati\/arte-e-cultura\/al-casale-stoza-agriturismo-cincinnato-apre-la-mostra-fotografica-di-luciano-pontolillo-a%80%98pi%c3%b9-cento-siai-marchetti-dal-1915-storie-di-uomini-e-aeroplania%80%99\/#breadcrumb","itemListElement":[{"@type":"ListItem","position":1,"name":"Home","item":"https:\/\/www.article-marketing.eu\/comunicati\/"},{"@type":"ListItem","position":2,"name":"Al casale Stoza Agriturismo Cincinnato apre la mostra fotografica di Luciano Pontolillo"}]},{"@type":"WebSite","@id":"https:\/\/www.article-marketing.eu\/comunicati\/#website","url":"https:\/\/www.article-marketing.eu\/comunicati\/","name":"Article Marketing","description":"article marketing &amp; press release","potentialAction":[{"@type":"SearchAction","target":{"@type":"EntryPoint","urlTemplate":"https:\/\/www.article-marketing.eu\/comunicati\/?s={search_term_string}"},"query-input":{"@type":"PropertyValueSpecification","valueRequired":true,"valueName":"search_term_string"}}],"inLanguage":"it-IT"},{"@type":"Person","@id":"https:\/\/www.article-marketing.eu\/comunicati\/#\/schema\/person\/44372e4d4d0fa797b18e03ed1ace9017","name":"Redazione Comunicati Stampa","image":{"@type":"ImageObject","inLanguage":"it-IT","@id":"https:\/\/www.article-marketing.eu\/comunicati\/#\/schema\/person\/image\/","url":"https:\/\/secure.gravatar.com\/avatar\/50e5c6421d3072f42e7ace803501602c60d75233d34e29fd05feb91c8760b792?s=96&d=mm&r=g","contentUrl":"https:\/\/secure.gravatar.com\/avatar\/50e5c6421d3072f42e7ace803501602c60d75233d34e29fd05feb91c8760b792?s=96&d=mm&r=g","caption":"Redazione Comunicati Stampa"},"url":"https:\/\/www.article-marketing.eu\/comunicati\/author\/redazione-comunicati-stampa\/"}]}},"_links":{"self":[{"href":"https:\/\/www.article-marketing.eu\/comunicati\/wp-json\/wp\/v2\/posts\/50294","targetHints":{"allow":["GET"]}}],"collection":[{"href":"https:\/\/www.article-marketing.eu\/comunicati\/wp-json\/wp\/v2\/posts"}],"about":[{"href":"https:\/\/www.article-marketing.eu\/comunicati\/wp-json\/wp\/v2\/types\/post"}],"author":[{"embeddable":true,"href":"https:\/\/www.article-marketing.eu\/comunicati\/wp-json\/wp\/v2\/users\/10"}],"replies":[{"embeddable":true,"href":"https:\/\/www.article-marketing.eu\/comunicati\/wp-json\/wp\/v2\/comments?post=50294"}],"version-history":[{"count":0,"href":"https:\/\/www.article-marketing.eu\/comunicati\/wp-json\/wp\/v2\/posts\/50294\/revisions"}],"wp:attachment":[{"href":"https:\/\/www.article-marketing.eu\/comunicati\/wp-json\/wp\/v2\/media?parent=50294"}],"wp:term":[{"taxonomy":"category","embeddable":true,"href":"https:\/\/www.article-marketing.eu\/comunicati\/wp-json\/wp\/v2\/categories?post=50294"},{"taxonomy":"post_tag","embeddable":true,"href":"https:\/\/www.article-marketing.eu\/comunicati\/wp-json\/wp\/v2\/tags?post=50294"}],"curies":[{"name":"wp","href":"https:\/\/api.w.org\/{rel}","templated":true}]}}