{"id":5030,"date":"2010-05-09T02:29:25","date_gmt":"2010-05-09T00:29:25","guid":{"rendered":"http:\/\/www.article-marketing.eu\/comunicati\/senza-categoria\/moro-falcone-a-quando-tutta-la-verit%e0\/"},"modified":"2010-05-09T02:29:25","modified_gmt":"2010-05-09T00:29:25","slug":"moro-falcone-a-quando-tutta-la-verit%e0","status":"publish","type":"post","link":"https:\/\/www.article-marketing.eu\/comunicati\/societa\/news-e-attualita\/moro-falcone-a-quando-tutta-la-verit%e0\/","title":{"rendered":"MORO, FALCONE&#8230;a quando tutta la verit\u00e0?"},"content":{"rendered":"<p>Sereno Freato, tra i piu&#8217; stretti collaboratori<br \/>\ndell&#8217;allora presidente  della Dc: &#8221;Liberare Moro avrebbe costituito un<br \/>\ngrande vantaggio per le  Br: a mio avviso e&#8217; arrivato un ordine<br \/>\ndall&#8217;alto. Forse Moro e&#8217; stato,  come scrive, liberato dalle Br e<br \/>\nconsegnato a X o Y, qualche settore  deviato delle istituzioni o dei<br \/>\nservizi internazionali: le Br hanno  fatto da pali. Forse Moro ha<br \/>\nriconosciuto qualcuno; e&#8217; giusto dire che  quella notte del 9 maggio<br \/>\ntante cose sono accadute, che non sappiamo&#8221;.  Una ulteriore conferma<br \/>\nviene da Marco Cazora, figlio di Benito, deputato  Dc che aveva cercato<br \/>\ndi aprire una canale di trattativa con ambienti  della malavita romana<br \/>\nche sostenevano di aver scoperto la prigione di  Moro. Di fronte alle<br \/>\nsue insistenze per un intervento delle forze  dell&#8217;ordine, Cazora si<br \/>\nsenti&#8217; rispondere da qualcuno &#8221;molto  importante&#8221;: &#8221;Smettila di darti<br \/>\n tanto da fare, tanto quello martedi&#8217;  e&#8217; libero&#8221;&#8230;<\/p>\n<p>Stasera non ridiamo&#8230;sono parecchio incazzato, dopo<br \/>\nle uscite su Falcone ieri, quelle su Moro oggi&#8230;perch\u00e8 tutto<br \/>\ninsieme&#8230;perch\u00e8 verit\u00e0, o pseudo verit\u00e0, escono tutte insieme?&#8230;Voglio<br \/>\n capire&#8230;Io&nbsp; \u00e8 da parecchio che affermo che dietro il delitto Moro si<br \/>\nnasconde la mano dei servizi segreti&#8230;le BR sono state il paravento (<br \/>\nche Moretti fosse in contatto coi servizi \u00e8 cosa nota) &#8230;il fratello di<br \/>\n Moro, magistrato, in un libro esprime gli stessi dubbi&#8230;Moro ha<br \/>\ncommesso gli stessi errori compiuti da Mattei ( altro omicidio di cui si<br \/>\n \u00e8 tornato a parlare attraverso quello di Pasolini) il compromesso<br \/>\nstorico non ha nulla a che fare col suo rapimento era la foglia di fico<br \/>\nper i giornali.Moro voleva toccare gli interessi petroliferi americani<br \/>\naprendo alla Libia e intervenendo con una nuova politica<br \/>\nmediorientale&#8230;a quel punto Kissinger gli fa capire ( la vedova Moro<br \/>\nracconter\u00e0 che il marito si sent\u00ec male dopo il colloquio con<br \/>\nquest&#8217;ultimo) che se avesse continuato su quella strada avrebbe fatto<br \/>\nuna brutta fine ( lo stesso ex ministro Galloni confermer\u00e0 l&#8217;accaduto)..<br \/>\n alle minacce seguirono i fatti:Moro , altra verit\u00e0 raccontata dalla<br \/>\nfiglia, si trovava a bordo dell&#8217;Italicus che sarebbe esploso da l\u00ec a<br \/>\npoco e fatto scendere pochi minuti prima che partisse per un impegno<br \/>\nimprovviso&#8230;il rapimento lascia pi\u00f9 di un punto oscuro&#8230;gli uomini<br \/>\ndella scorta sono stati giustiziati perch\u00e8? Badate non uccisi durante il<br \/>\n rapimento ma giustiziati&#8230;cosa non dovevano raccontare&#8230;Altra<br \/>\ndomandina : i brigatisti sparano, senza un addestramento ben preciso,<br \/>\ncon delle mitragliette Skorpio, pensate alla concitazione del momento, e<br \/>\n non feriscono nemmeno di striscio Moro&#8230;dei fenomeni&#8230;sparare<br \/>\nveramente non \u00e8 come nei film&#8230;gi\u00e0 con una pistola \u00e8 molto complicato<br \/>\ncolpire un bersaglio mentre ti muovi&#8230;una tale precisione con una<br \/>\nmitraglietta presupponeva una perizia non imputabile ai<br \/>\nterroiristi&#8230;perch\u00e8 le armi della scorta erano nel bagagliaio?&#8230;Forse<br \/>\nperch\u00e8 Moro su quella macchina non c&#8217;era&#8230;\u00e8 la risposta pi\u00f9 ovvia.&nbsp; Se<br \/>\nvi va l&#8217;argomento \u00e8 approfondito su questo blog nella sezione<br \/>\nlogge&#8230;anche qui la massoneria e i servizi deviati? Quando l&#8217;ho scritto<br \/>\n sembrava fantascienza, oggi un po&#8217; meno&#8230;a chi interessa approfondire o<br \/>\n avere delucidazioni mi trova tutte le notti sul forum&#8230;forse sono<br \/>\ndomande sbagliate, ma non farsene nemmeno una \u00e8 peggio&#8230;buona domenica<\/p>\n<p>P.S. La fonte dell&#8217;apertura \u00e8 il sito di Rainews 24<\/p>\n","protected":false},"excerpt":{"rendered":"<p>Sereno Freato, tra i piu&#8217; stretti collaboratori dell&#8217;allora presidente della Dc: &#8221;Liberare Moro avrebbe costituito un grande vantaggio per le Br: a mio avviso e&#8217; arrivato un ordine dall&#8217;alto. Forse Moro e&#8217; stato, come scrive, liberato dalle Br e consegnato a X o Y, qualche settore deviato delle istituzioni o dei servizi internazionali: le Br hanno fatto da pali.<\/p>\n","protected":false},"author":10,"featured_media":0,"comment_status":"open","ping_status":"open","sticky":false,"template":"","format":"standard","meta":{"cybocfi_hide_featured_image":"","footnotes":""},"categories":[81],"tags":[14339],"class_list":["post-5030","post","type-post","status-publish","format-standard","hentry","category-news-e-attualita","tag-moro"],"yoast_head":"<!-- This site is optimized with the Yoast SEO plugin v27.0 - https:\/\/yoast.com\/product\/yoast-seo-wordpress\/ -->\n<title>MORO, FALCONE...a quando tutta la verit\u00e0? - Article Marketing<\/title>\n<meta name=\"robots\" content=\"index, follow, max-snippet:-1, max-image-preview:large, max-video-preview:-1\" \/>\n<link rel=\"canonical\" href=\"https:\/\/www.article-marketing.eu\/comunicati\/societa\/news-e-attualita\/moro-falcone-a-quando-tutta-la-verit?\/\" \/>\n<meta property=\"og:locale\" content=\"it_IT\" \/>\n<meta property=\"og:type\" content=\"article\" \/>\n<meta property=\"og:title\" content=\"MORO, FALCONE...a quando tutta la verit\u00e0? - Article Marketing\" \/>\n<meta property=\"og:description\" content=\"Sereno Freato, tra i piu&#039; stretti collaboratori dell&#039;allora presidente della Dc: &#039;&#039;Liberare Moro avrebbe costituito un grande vantaggio per le Br: a mio avviso e&#039; arrivato un ordine dall&#039;alto. Forse Moro e&#039; stato, come scrive, liberato dalle Br e consegnato a X o Y, qualche settore deviato delle istituzioni o dei servizi internazionali: le Br hanno fatto da pali.\" \/>\n<meta property=\"og:url\" content=\"\" \/>\n<meta property=\"og:site_name\" content=\"Article Marketing\" \/>\n<meta property=\"article:published_time\" content=\"2010-05-09T00:29:25+00:00\" \/>\n<meta name=\"author\" content=\"Redazione Comunicati Stampa\" \/>\n<meta name=\"twitter:card\" content=\"summary_large_image\" \/>\n<meta name=\"twitter:label1\" content=\"Scritto da\" \/>\n\t<meta name=\"twitter:data1\" content=\"Redazione Comunicati Stampa\" \/>\n\t<meta name=\"twitter:label2\" content=\"Tempo di lettura stimato\" \/>\n\t<meta name=\"twitter:data2\" content=\"3 minuti\" \/>\n<script type=\"application\/ld+json\" class=\"yoast-schema-graph\">{\"@context\":\"https:\/\/schema.org\",\"@graph\":[{\"@type\":\"Article\",\"@id\":\"https:\/\/www.article-marketing.eu\/comunicati\/societa\/news-e-attualita\/moro-falcone-a-quando-tutta-la-verit%e0\/#article\",\"isPartOf\":{\"@id\":\"https:\/\/www.article-marketing.eu\/comunicati\/societa\/news-e-attualita\/moro-falcone-a-quando-tutta-la-verit%e0\/\"},\"author\":{\"name\":\"Redazione Comunicati Stampa\",\"@id\":\"https:\/\/www.article-marketing.eu\/comunicati\/#\/schema\/person\/44372e4d4d0fa797b18e03ed1ace9017\"},\"headline\":\"MORO, FALCONE&#8230;a quando tutta la verit\u00e0?\",\"datePublished\":\"2010-05-09T00:29:25+00:00\",\"mainEntityOfPage\":{\"@id\":\"https:\/\/www.article-marketing.eu\/comunicati\/societa\/news-e-attualita\/moro-falcone-a-quando-tutta-la-verit%e0\/\"},\"wordCount\":530,\"commentCount\":0,\"keywords\":[\"moro\"],\"articleSection\":[\"News e Attualit\u00e0\"],\"inLanguage\":\"it-IT\",\"potentialAction\":[{\"@type\":\"CommentAction\",\"name\":\"Comment\",\"target\":[\"https:\/\/www.article-marketing.eu\/comunicati\/societa\/news-e-attualita\/moro-falcone-a-quando-tutta-la-verit%e0\/#respond\"]}]},{\"@type\":\"WebPage\",\"@id\":\"https:\/\/www.article-marketing.eu\/comunicati\/societa\/news-e-attualita\/moro-falcone-a-quando-tutta-la-verit%e0\/\",\"url\":\"https:\/\/www.article-marketing.eu\/comunicati\/societa\/news-e-attualita\/moro-falcone-a-quando-tutta-la-verit%e0\/\",\"name\":\"MORO, FALCONE...a quando tutta la verit\u00e0? - Article Marketing\",\"isPartOf\":{\"@id\":\"https:\/\/www.article-marketing.eu\/comunicati\/#website\"},\"datePublished\":\"2010-05-09T00:29:25+00:00\",\"author\":{\"@id\":\"https:\/\/www.article-marketing.eu\/comunicati\/#\/schema\/person\/44372e4d4d0fa797b18e03ed1ace9017\"},\"breadcrumb\":{\"@id\":\"https:\/\/www.article-marketing.eu\/comunicati\/societa\/news-e-attualita\/moro-falcone-a-quando-tutta-la-verit%e0\/#breadcrumb\"},\"inLanguage\":\"it-IT\",\"potentialAction\":[{\"@type\":\"ReadAction\",\"target\":[\"https:\/\/www.article-marketing.eu\/comunicati\/societa\/news-e-attualita\/moro-falcone-a-quando-tutta-la-verit%e0\/\"]}]},{\"@type\":\"BreadcrumbList\",\"@id\":\"https:\/\/www.article-marketing.eu\/comunicati\/societa\/news-e-attualita\/moro-falcone-a-quando-tutta-la-verit%e0\/#breadcrumb\",\"itemListElement\":[{\"@type\":\"ListItem\",\"position\":1,\"name\":\"Home\",\"item\":\"https:\/\/www.article-marketing.eu\/comunicati\/\"},{\"@type\":\"ListItem\",\"position\":2,\"name\":\"MORO, FALCONE&#8230;a quando tutta la verit\u00e0?\"}]},{\"@type\":\"WebSite\",\"@id\":\"https:\/\/www.article-marketing.eu\/comunicati\/#website\",\"url\":\"https:\/\/www.article-marketing.eu\/comunicati\/\",\"name\":\"Article Marketing\",\"description\":\"article marketing &amp; press release\",\"potentialAction\":[{\"@type\":\"SearchAction\",\"target\":{\"@type\":\"EntryPoint\",\"urlTemplate\":\"https:\/\/www.article-marketing.eu\/comunicati\/?s={search_term_string}\"},\"query-input\":{\"@type\":\"PropertyValueSpecification\",\"valueRequired\":true,\"valueName\":\"search_term_string\"}}],\"inLanguage\":\"it-IT\"},{\"@type\":\"Person\",\"@id\":\"https:\/\/www.article-marketing.eu\/comunicati\/#\/schema\/person\/44372e4d4d0fa797b18e03ed1ace9017\",\"name\":\"Redazione Comunicati Stampa\",\"image\":{\"@type\":\"ImageObject\",\"inLanguage\":\"it-IT\",\"@id\":\"https:\/\/www.article-marketing.eu\/comunicati\/#\/schema\/person\/image\/\",\"url\":\"https:\/\/secure.gravatar.com\/avatar\/50e5c6421d3072f42e7ace803501602c60d75233d34e29fd05feb91c8760b792?s=96&d=mm&r=g\",\"contentUrl\":\"https:\/\/secure.gravatar.com\/avatar\/50e5c6421d3072f42e7ace803501602c60d75233d34e29fd05feb91c8760b792?s=96&d=mm&r=g\",\"caption\":\"Redazione Comunicati Stampa\"},\"url\":\"https:\/\/www.article-marketing.eu\/comunicati\/author\/redazione-comunicati-stampa\/\"}]}<\/script>\n<!-- \/ Yoast SEO plugin. -->","yoast_head_json":{"title":"MORO, FALCONE...a quando tutta la verit\u00e0? - Article Marketing","robots":{"index":"index","follow":"follow","max-snippet":"max-snippet:-1","max-image-preview":"max-image-preview:large","max-video-preview":"max-video-preview:-1"},"canonical":"https:\/\/www.article-marketing.eu\/comunicati\/societa\/news-e-attualita\/moro-falcone-a-quando-tutta-la-verit?\/","og_locale":"it_IT","og_type":"article","og_title":"MORO, FALCONE...a quando tutta la verit\u00e0? - Article Marketing","og_description":"Sereno Freato, tra i piu' stretti collaboratori dell'allora presidente della Dc: ''Liberare Moro avrebbe costituito un grande vantaggio per le Br: a mio avviso e' arrivato un ordine dall'alto. Forse Moro e' stato, come scrive, liberato dalle Br e consegnato a X o Y, qualche settore deviato delle istituzioni o dei servizi internazionali: le Br hanno fatto da pali.","og_url":"https:\/\/www.article-marketing.eu\/comunicati\/societa\/news-e-attualita\/moro-falcone-a-quando-tutta-la-verit?\/","og_site_name":"Article Marketing","article_published_time":"2010-05-09T00:29:25+00:00","author":"Redazione Comunicati Stampa","twitter_card":"summary_large_image","twitter_misc":{"Scritto da":"Redazione Comunicati Stampa","Tempo di lettura stimato":"3 minuti"},"schema":{"@context":"https:\/\/schema.org","@graph":[{"@type":"Article","@id":"https:\/\/www.article-marketing.eu\/comunicati\/societa\/news-e-attualita\/moro-falcone-a-quando-tutta-la-verit%e0\/#article","isPartOf":{"@id":"https:\/\/www.article-marketing.eu\/comunicati\/societa\/news-e-attualita\/moro-falcone-a-quando-tutta-la-verit%e0\/"},"author":{"name":"Redazione Comunicati Stampa","@id":"https:\/\/www.article-marketing.eu\/comunicati\/#\/schema\/person\/44372e4d4d0fa797b18e03ed1ace9017"},"headline":"MORO, FALCONE&#8230;a quando tutta la verit\u00e0?","datePublished":"2010-05-09T00:29:25+00:00","mainEntityOfPage":{"@id":"https:\/\/www.article-marketing.eu\/comunicati\/societa\/news-e-attualita\/moro-falcone-a-quando-tutta-la-verit%e0\/"},"wordCount":530,"commentCount":0,"keywords":["moro"],"articleSection":["News e Attualit\u00e0"],"inLanguage":"it-IT","potentialAction":[{"@type":"CommentAction","name":"Comment","target":["https:\/\/www.article-marketing.eu\/comunicati\/societa\/news-e-attualita\/moro-falcone-a-quando-tutta-la-verit%e0\/#respond"]}]},{"@type":"WebPage","@id":"https:\/\/www.article-marketing.eu\/comunicati\/societa\/news-e-attualita\/moro-falcone-a-quando-tutta-la-verit%e0\/","url":"https:\/\/www.article-marketing.eu\/comunicati\/societa\/news-e-attualita\/moro-falcone-a-quando-tutta-la-verit%e0\/","name":"MORO, FALCONE...a quando tutta la verit\u00e0? - Article Marketing","isPartOf":{"@id":"https:\/\/www.article-marketing.eu\/comunicati\/#website"},"datePublished":"2010-05-09T00:29:25+00:00","author":{"@id":"https:\/\/www.article-marketing.eu\/comunicati\/#\/schema\/person\/44372e4d4d0fa797b18e03ed1ace9017"},"breadcrumb":{"@id":"https:\/\/www.article-marketing.eu\/comunicati\/societa\/news-e-attualita\/moro-falcone-a-quando-tutta-la-verit%e0\/#breadcrumb"},"inLanguage":"it-IT","potentialAction":[{"@type":"ReadAction","target":["https:\/\/www.article-marketing.eu\/comunicati\/societa\/news-e-attualita\/moro-falcone-a-quando-tutta-la-verit%e0\/"]}]},{"@type":"BreadcrumbList","@id":"https:\/\/www.article-marketing.eu\/comunicati\/societa\/news-e-attualita\/moro-falcone-a-quando-tutta-la-verit%e0\/#breadcrumb","itemListElement":[{"@type":"ListItem","position":1,"name":"Home","item":"https:\/\/www.article-marketing.eu\/comunicati\/"},{"@type":"ListItem","position":2,"name":"MORO, FALCONE&#8230;a quando tutta la verit\u00e0?"}]},{"@type":"WebSite","@id":"https:\/\/www.article-marketing.eu\/comunicati\/#website","url":"https:\/\/www.article-marketing.eu\/comunicati\/","name":"Article Marketing","description":"article marketing &amp; press release","potentialAction":[{"@type":"SearchAction","target":{"@type":"EntryPoint","urlTemplate":"https:\/\/www.article-marketing.eu\/comunicati\/?s={search_term_string}"},"query-input":{"@type":"PropertyValueSpecification","valueRequired":true,"valueName":"search_term_string"}}],"inLanguage":"it-IT"},{"@type":"Person","@id":"https:\/\/www.article-marketing.eu\/comunicati\/#\/schema\/person\/44372e4d4d0fa797b18e03ed1ace9017","name":"Redazione Comunicati Stampa","image":{"@type":"ImageObject","inLanguage":"it-IT","@id":"https:\/\/www.article-marketing.eu\/comunicati\/#\/schema\/person\/image\/","url":"https:\/\/secure.gravatar.com\/avatar\/50e5c6421d3072f42e7ace803501602c60d75233d34e29fd05feb91c8760b792?s=96&d=mm&r=g","contentUrl":"https:\/\/secure.gravatar.com\/avatar\/50e5c6421d3072f42e7ace803501602c60d75233d34e29fd05feb91c8760b792?s=96&d=mm&r=g","caption":"Redazione Comunicati Stampa"},"url":"https:\/\/www.article-marketing.eu\/comunicati\/author\/redazione-comunicati-stampa\/"}]}},"_links":{"self":[{"href":"https:\/\/www.article-marketing.eu\/comunicati\/wp-json\/wp\/v2\/posts\/5030","targetHints":{"allow":["GET"]}}],"collection":[{"href":"https:\/\/www.article-marketing.eu\/comunicati\/wp-json\/wp\/v2\/posts"}],"about":[{"href":"https:\/\/www.article-marketing.eu\/comunicati\/wp-json\/wp\/v2\/types\/post"}],"author":[{"embeddable":true,"href":"https:\/\/www.article-marketing.eu\/comunicati\/wp-json\/wp\/v2\/users\/10"}],"replies":[{"embeddable":true,"href":"https:\/\/www.article-marketing.eu\/comunicati\/wp-json\/wp\/v2\/comments?post=5030"}],"version-history":[{"count":0,"href":"https:\/\/www.article-marketing.eu\/comunicati\/wp-json\/wp\/v2\/posts\/5030\/revisions"}],"wp:attachment":[{"href":"https:\/\/www.article-marketing.eu\/comunicati\/wp-json\/wp\/v2\/media?parent=5030"}],"wp:term":[{"taxonomy":"category","embeddable":true,"href":"https:\/\/www.article-marketing.eu\/comunicati\/wp-json\/wp\/v2\/categories?post=5030"},{"taxonomy":"post_tag","embeddable":true,"href":"https:\/\/www.article-marketing.eu\/comunicati\/wp-json\/wp\/v2\/tags?post=5030"}],"curies":[{"name":"wp","href":"https:\/\/api.w.org\/{rel}","templated":true}]}}