{"id":5034,"date":"2010-05-09T23:43:23","date_gmt":"2010-05-09T21:43:23","guid":{"rendered":"http:\/\/www.article-marketing.eu\/comunicati\/senza-categoria\/gemine-muse-2010-ancona-maicol-e-mirco-gabriele-silvi\/"},"modified":"2010-05-09T23:43:23","modified_gmt":"2010-05-09T21:43:23","slug":"gemine-muse-2010-ancona-maicol-e-mirco-gabriele-silvi","status":"publish","type":"post","link":"https:\/\/www.article-marketing.eu\/comunicati\/arte-e-cultura\/gemine-muse-2010-ancona-maicol-e-mirco-gabriele-silvi\/","title":{"rendered":"Gemine Muse 2010, Ancona: maicol e mirco &#8211; Gabriele Silvi"},"content":{"rendered":"<p>Sabato 15 maggio alle ore 17.00 presso le sale della Pinacoteca Podesti si inaugura la sezione anconetana di Gemine Muse 2010, a cura di Dario Ciferri che presenta i lavori di maicol e mirco e di Gabriele Silvi. Ad Ancona l\u2019organizzazione dell\u2019evento \u00e8 curata dall\u2019 dall\u2019Assessorato alle Politiche Giovanili del Comune di Ancona, in collaborazione con l\u2019Archivio Regionale Giovani Artisti e con l\u2019Informagiovani di Ancona.<br \/>Gemine Muse 2010, in programma dal 15 maggio al 18 luglio in 22 citt\u00e0 italiane, coinvolge pi\u00f9 di 120 talenti e 30 curatori in 19 sedi espositive e 3 percorsi diffusi nei centri storici di altrettante localit\u00e0, ed \u00e8 incluso nel progetto ITALIA CREATIVA, a cura del Dipartimento della Giovent\u00f9 &#8211; Presidenza del Consiglio dei Ministri in collaborazione con l\u2019ANCI \u2013 Associazione Nazionale Comuni Italiani e il GAI &#8211; Associazione per il Circuito dei Giovani Artisti Italiani.<br \/>Un viaggio tra opere, installazioni, realizzazioni sonore, performance e video capace di affascinare ogni anno oltre 200.000 visitatori e di creare una stretta relazione tra il mondo dei musei, gli autori emergenti, i critici, gli operatori del settore e il pubblico. <br \/>Giunta alla settima edizione, l\u2019iniziativa rinnova il suo impegno per presentare lavori inediti&nbsp;di giovani artisti attraverso il rapporto diretto con i grandi capolavori del passato e con l\u2019architettura delle citt\u00e0. <\/p>\n<p>Gemine Muse sviluppa e fa crescere un dialogo tra contemporaneit\u00e0 e classicit\u00e0, chiedendo agli artisti di realizzare un lavoro ispirato a un\u2019opera presente dentro una struttura museale. Una volta realizzato il lavoro viene installato vicino all\u2019opera di riferimento, proprio per creare il connubio che \u00e8 all\u2019origine del progetto.<\/p>\n<p>\u201cNella fase di ideazione del progetto si \u00e8 pensato di creare un ponte ideale tra il territorio anconetano e il Piceno con l\u2019intenzione di realizzare idealmente una sintesi dell\u2019arte nelle Marche, una regione plurale che sa offrire sempre molteplici spunti e suggestioni. Ad esporre sono stati cos\u00ec invitati Gabriele Silvi e maicol e mirco. Il progetto sviluppato si intitola De Rerum Natura e ha messo al centro dei lavori proposti il rapporto dell\u2019uomo con l\u2019ambiente circostante, con il tempo e con le mutazioni che l\u2019uomo ha provocato al pianeta. <br \/><img decoding=\"async\" vspace=\"0\" hspace=\"0\" border=\"0\" align=\"baseline\" src=\"http:\/\/4.bp.blogspot.com\/_oXqltlncso8\/S-cbCiK0wMI\/AAAAAAAAAO8\/A9UiuepY7lo\/s1600\/maicol+e+mirco+bosco+arcanoide+1.jpg\" \/><br \/>maicol e mirco porta il proprio sguardo al di l\u00e0 dei limiti della Pala Gozzi, lo fa grazie a due tele poste ai lati dell\u2019opera di Tiziano. Il racconto si apre al contemporaneo per mostrare la perdita del rapporto dell\u2019uomo con la natura. L\u2019artista ci mostra il suo universo normalmente diverso dove lo splendido paesaggio tizianesco si \u00e8 ormai corrotto. L\u2019accostamento \u00e8 fatto senza arroganza, anzi con la consapevolezza che quel mondo ormai \u00e8 andato perduto. <br \/><img decoding=\"async\" vspace=\"0\" hspace=\"0\" border=\"0\" align=\"baseline\" src=\"http:\/\/2.bp.blogspot.com\/_oXqltlncso8\/S-ca9Ol80_I\/AAAAAAAAAO0\/--GwX3cRUsQ\/s1600\/Gabriele+Silvi+NPT2010+INTO+A+NEW+ERA.jpg\" \/><br \/>Gabriele Silvi mette al centro della propria installazione una nave scolpita che si trova all\u2019ingresso della pinacoteca. \u00c8 l\u2019opera di un anonimo che ci ricorda un\u2019acquasantiera ma anche&nbsp; un\u2019arca.<br \/>La nave nell\u2019installazione \u00e8 il punto di convergenza di un gruppo di ominidi, pi\u00f9 o meno evoluti, che si dirigono disordinatamente verso essa al suono delle parole del manifesto Russel-Einstein sui pericoli delle armi atomiche\u201d. (Dario Ciferri)<\/p>\n<p>In un orizzonte dove interagiscono tradizione e innovazione, Gemine Muse negli anni ha promosso la creativit\u00e0 giovanile e consolidato la collaborazione fra istituzioni, contribuendo ad aumentare il pubblico museale con il coinvolgimento di nuove tipologie di visitatori attenti alla scena d\u2019arte contemporanea, supportando la produzione di opere inedite e creando un circuito di esperienze e idee. Tutte le informazioni su www.giovaniartisti.it<\/p>\n<p>Il Cidac &#8211; Associazione delle Citt\u00e0 d&#8217;Arte e Cultura anche per l\u2019edizione 2010 rinnova la sua partnership all&#8217;evento. Gemine Muse \u00e8 inoltre sostenuta da SEAT Pagine Gialle e da UniCredit Private Banking, in qualit\u00e0 di Main Sponsor, e da Electa Mondadori come sponsor tecnico. <\/p>\n<p>CITT\u00c0 COINVOLTE: ANCONA, BARI, BIELLA, BOLOGNA, CAGLIARI, CAMPOBASSO, CATANIA, CREMONA, FERRARA, FORL\u00cc, GENOVA, MESSINA, MILANO, MODENA, NOVARA, PADOVA, PAVIA, PRATO, ROMA, TERAMO, TORINO, TRENTO. <\/p>\n<p>Gemine Muse \u2013 De Rerum Natura \/ Pinacoteca Comunale \u201cFrancesco Podesti\u201d Via Pizzecolli, 17 \u2013 Ancona<br \/>INAUGURAZIONE MOSTRA: sabato 15 maggio 2010 ore 17<\/p>\n<p>La Pinacoteca Podesti \u00e8 aperta in questi orari: dal marted\u00ec al sabato 9-19, domenica e festivi 10-13\/16-19<\/p>\n<p>Pinacoteca Comunale \u201cFrancesco Podesti\u201d Palazzo Bosdari Via Pizzecolli, 17 \u2013 Ancona Tel. 071.2225045<br \/>Info tel 071.2222457 www.anconagiovane.it informagiovani@anconagiovane.it ausfed@comune.ancona.it <\/p>\n<p>info Gemine Muse nazionale&nbsp; info@giovaniartisti.it www.giovaniartisti.it <\/p>\n","protected":false},"excerpt":{"rendered":"<p>Sabato 15 maggio alle ore 17.00 presso le sale della Pinacoteca Podesti si inaugura la sezione anconetana di Gemine Muse 2010, a cura di Dario Ciferri che presenta i lavori di maicol e mirco e di Gabriele Silvi. Ad Ancona l\u2019organizzazione dell\u2019evento \u00e8 curata dall\u2019 dall\u2019Assessorato alle Politiche Giovanili del Comune di Ancona, in collaborazione con l\u2019Archivio Regionale Giovani Artisti e con l\u2019Informagiovani di Ancona.<\/p>\n","protected":false},"author":10,"featured_media":0,"comment_status":"open","ping_status":"open","sticky":false,"template":"","format":"standard","meta":{"cybocfi_hide_featured_image":"","footnotes":""},"categories":[27],"tags":[8602,171,14345,1000,14344],"class_list":["post-5034","post","type-post","status-publish","format-standard","hentry","category-arte-e-cultura","tag-ancona","tag-arte","tag-gemine-muse","tag-mostra","tag-pinacoteca-podesti"],"yoast_head":"<!-- This site is optimized with the Yoast SEO plugin v27.0 - https:\/\/yoast.com\/product\/yoast-seo-wordpress\/ -->\n<title>Gemine Muse 2010, Ancona: maicol e mirco - Gabriele Silvi - Article Marketing<\/title>\n<meta name=\"robots\" content=\"index, follow, max-snippet:-1, max-image-preview:large, max-video-preview:-1\" \/>\n<link rel=\"canonical\" href=\"https:\/\/www.article-marketing.eu\/comunicati\/arte-e-cultura\/gemine-muse-2010-ancona-maicol-e-mirco-gabriele-silvi\/\" \/>\n<meta property=\"og:locale\" content=\"it_IT\" \/>\n<meta property=\"og:type\" content=\"article\" \/>\n<meta property=\"og:title\" content=\"Gemine Muse 2010, Ancona: maicol e mirco - Gabriele Silvi - Article Marketing\" \/>\n<meta property=\"og:description\" content=\"Sabato 15 maggio alle ore 17.00 presso le sale della Pinacoteca Podesti si inaugura la sezione anconetana di Gemine Muse 2010, a cura di Dario Ciferri che presenta i lavori di maicol e mirco e di Gabriele Silvi. Ad Ancona l\u2019organizzazione dell\u2019evento \u00e8 curata dall\u2019 dall\u2019Assessorato alle Politiche Giovanili del Comune di Ancona, in collaborazione con l\u2019Archivio Regionale Giovani Artisti e con l\u2019Informagiovani di Ancona.\" \/>\n<meta property=\"og:url\" content=\"https:\/\/www.article-marketing.eu\/comunicati\/arte-e-cultura\/gemine-muse-2010-ancona-maicol-e-mirco-gabriele-silvi\/\" \/>\n<meta property=\"og:site_name\" content=\"Article Marketing\" \/>\n<meta property=\"article:published_time\" content=\"2010-05-09T21:43:23+00:00\" \/>\n<meta property=\"og:image\" content=\"http:\/\/4.bp.blogspot.com\/_oXqltlncso8\/S-cbCiK0wMI\/AAAAAAAAAO8\/A9UiuepY7lo\/s1600\/maicol+e+mirco+bosco+arcanoide+1.jpg\" \/>\n<meta name=\"author\" content=\"Redazione Comunicati Stampa\" \/>\n<meta name=\"twitter:card\" content=\"summary_large_image\" \/>\n<meta name=\"twitter:label1\" content=\"Scritto da\" \/>\n\t<meta name=\"twitter:data1\" content=\"Redazione Comunicati Stampa\" \/>\n\t<meta name=\"twitter:label2\" content=\"Tempo di lettura stimato\" \/>\n\t<meta name=\"twitter:data2\" content=\"3 minuti\" \/>\n<script type=\"application\/ld+json\" class=\"yoast-schema-graph\">{\"@context\":\"https:\/\/schema.org\",\"@graph\":[{\"@type\":\"Article\",\"@id\":\"https:\/\/www.article-marketing.eu\/comunicati\/arte-e-cultura\/gemine-muse-2010-ancona-maicol-e-mirco-gabriele-silvi\/#article\",\"isPartOf\":{\"@id\":\"https:\/\/www.article-marketing.eu\/comunicati\/arte-e-cultura\/gemine-muse-2010-ancona-maicol-e-mirco-gabriele-silvi\/\"},\"author\":{\"name\":\"Redazione Comunicati Stampa\",\"@id\":\"https:\/\/www.article-marketing.eu\/comunicati\/#\/schema\/person\/44372e4d4d0fa797b18e03ed1ace9017\"},\"headline\":\"Gemine Muse 2010, Ancona: maicol e mirco &#8211; Gabriele Silvi\",\"datePublished\":\"2010-05-09T21:43:23+00:00\",\"mainEntityOfPage\":{\"@id\":\"https:\/\/www.article-marketing.eu\/comunicati\/arte-e-cultura\/gemine-muse-2010-ancona-maicol-e-mirco-gabriele-silvi\/\"},\"wordCount\":704,\"commentCount\":0,\"image\":{\"@id\":\"https:\/\/www.article-marketing.eu\/comunicati\/arte-e-cultura\/gemine-muse-2010-ancona-maicol-e-mirco-gabriele-silvi\/#primaryimage\"},\"thumbnailUrl\":\"http:\/\/4.bp.blogspot.com\/_oXqltlncso8\/S-cbCiK0wMI\/AAAAAAAAAO8\/A9UiuepY7lo\/s1600\/maicol+e+mirco+bosco+arcanoide+1.jpg\",\"keywords\":[\"Ancona\",\"arte\",\"gemine muse\",\"Mostra\",\"pinacoteca podesti\"],\"articleSection\":[\"Arte e cultura\"],\"inLanguage\":\"it-IT\",\"potentialAction\":[{\"@type\":\"CommentAction\",\"name\":\"Comment\",\"target\":[\"https:\/\/www.article-marketing.eu\/comunicati\/arte-e-cultura\/gemine-muse-2010-ancona-maicol-e-mirco-gabriele-silvi\/#respond\"]}]},{\"@type\":\"WebPage\",\"@id\":\"https:\/\/www.article-marketing.eu\/comunicati\/arte-e-cultura\/gemine-muse-2010-ancona-maicol-e-mirco-gabriele-silvi\/\",\"url\":\"https:\/\/www.article-marketing.eu\/comunicati\/arte-e-cultura\/gemine-muse-2010-ancona-maicol-e-mirco-gabriele-silvi\/\",\"name\":\"Gemine Muse 2010, Ancona: maicol e mirco - Gabriele Silvi - Article Marketing\",\"isPartOf\":{\"@id\":\"https:\/\/www.article-marketing.eu\/comunicati\/#website\"},\"primaryImageOfPage\":{\"@id\":\"https:\/\/www.article-marketing.eu\/comunicati\/arte-e-cultura\/gemine-muse-2010-ancona-maicol-e-mirco-gabriele-silvi\/#primaryimage\"},\"image\":{\"@id\":\"https:\/\/www.article-marketing.eu\/comunicati\/arte-e-cultura\/gemine-muse-2010-ancona-maicol-e-mirco-gabriele-silvi\/#primaryimage\"},\"thumbnailUrl\":\"http:\/\/4.bp.blogspot.com\/_oXqltlncso8\/S-cbCiK0wMI\/AAAAAAAAAO8\/A9UiuepY7lo\/s1600\/maicol+e+mirco+bosco+arcanoide+1.jpg\",\"datePublished\":\"2010-05-09T21:43:23+00:00\",\"author\":{\"@id\":\"https:\/\/www.article-marketing.eu\/comunicati\/#\/schema\/person\/44372e4d4d0fa797b18e03ed1ace9017\"},\"breadcrumb\":{\"@id\":\"https:\/\/www.article-marketing.eu\/comunicati\/arte-e-cultura\/gemine-muse-2010-ancona-maicol-e-mirco-gabriele-silvi\/#breadcrumb\"},\"inLanguage\":\"it-IT\",\"potentialAction\":[{\"@type\":\"ReadAction\",\"target\":[\"https:\/\/www.article-marketing.eu\/comunicati\/arte-e-cultura\/gemine-muse-2010-ancona-maicol-e-mirco-gabriele-silvi\/\"]}]},{\"@type\":\"ImageObject\",\"inLanguage\":\"it-IT\",\"@id\":\"https:\/\/www.article-marketing.eu\/comunicati\/arte-e-cultura\/gemine-muse-2010-ancona-maicol-e-mirco-gabriele-silvi\/#primaryimage\",\"url\":\"http:\/\/4.bp.blogspot.com\/_oXqltlncso8\/S-cbCiK0wMI\/AAAAAAAAAO8\/A9UiuepY7lo\/s1600\/maicol+e+mirco+bosco+arcanoide+1.jpg\",\"contentUrl\":\"http:\/\/4.bp.blogspot.com\/_oXqltlncso8\/S-cbCiK0wMI\/AAAAAAAAAO8\/A9UiuepY7lo\/s1600\/maicol+e+mirco+bosco+arcanoide+1.jpg\"},{\"@type\":\"BreadcrumbList\",\"@id\":\"https:\/\/www.article-marketing.eu\/comunicati\/arte-e-cultura\/gemine-muse-2010-ancona-maicol-e-mirco-gabriele-silvi\/#breadcrumb\",\"itemListElement\":[{\"@type\":\"ListItem\",\"position\":1,\"name\":\"Home\",\"item\":\"https:\/\/www.article-marketing.eu\/comunicati\/\"},{\"@type\":\"ListItem\",\"position\":2,\"name\":\"Gemine Muse 2010, Ancona: maicol e mirco &#8211; Gabriele Silvi\"}]},{\"@type\":\"WebSite\",\"@id\":\"https:\/\/www.article-marketing.eu\/comunicati\/#website\",\"url\":\"https:\/\/www.article-marketing.eu\/comunicati\/\",\"name\":\"Article Marketing\",\"description\":\"article marketing &amp; press release\",\"potentialAction\":[{\"@type\":\"SearchAction\",\"target\":{\"@type\":\"EntryPoint\",\"urlTemplate\":\"https:\/\/www.article-marketing.eu\/comunicati\/?s={search_term_string}\"},\"query-input\":{\"@type\":\"PropertyValueSpecification\",\"valueRequired\":true,\"valueName\":\"search_term_string\"}}],\"inLanguage\":\"it-IT\"},{\"@type\":\"Person\",\"@id\":\"https:\/\/www.article-marketing.eu\/comunicati\/#\/schema\/person\/44372e4d4d0fa797b18e03ed1ace9017\",\"name\":\"Redazione Comunicati Stampa\",\"image\":{\"@type\":\"ImageObject\",\"inLanguage\":\"it-IT\",\"@id\":\"https:\/\/www.article-marketing.eu\/comunicati\/#\/schema\/person\/image\/\",\"url\":\"https:\/\/secure.gravatar.com\/avatar\/50e5c6421d3072f42e7ace803501602c60d75233d34e29fd05feb91c8760b792?s=96&d=mm&r=g\",\"contentUrl\":\"https:\/\/secure.gravatar.com\/avatar\/50e5c6421d3072f42e7ace803501602c60d75233d34e29fd05feb91c8760b792?s=96&d=mm&r=g\",\"caption\":\"Redazione Comunicati Stampa\"},\"url\":\"https:\/\/www.article-marketing.eu\/comunicati\/author\/redazione-comunicati-stampa\/\"}]}<\/script>\n<!-- \/ Yoast SEO plugin. -->","yoast_head_json":{"title":"Gemine Muse 2010, Ancona: maicol e mirco - Gabriele Silvi - Article Marketing","robots":{"index":"index","follow":"follow","max-snippet":"max-snippet:-1","max-image-preview":"max-image-preview:large","max-video-preview":"max-video-preview:-1"},"canonical":"https:\/\/www.article-marketing.eu\/comunicati\/arte-e-cultura\/gemine-muse-2010-ancona-maicol-e-mirco-gabriele-silvi\/","og_locale":"it_IT","og_type":"article","og_title":"Gemine Muse 2010, Ancona: maicol e mirco - Gabriele Silvi - Article Marketing","og_description":"Sabato 15 maggio alle ore 17.00 presso le sale della Pinacoteca Podesti si inaugura la sezione anconetana di Gemine Muse 2010, a cura di Dario Ciferri che presenta i lavori di maicol e mirco e di Gabriele Silvi. Ad Ancona l\u2019organizzazione dell\u2019evento \u00e8 curata dall\u2019 dall\u2019Assessorato alle Politiche Giovanili del Comune di Ancona, in collaborazione con l\u2019Archivio Regionale Giovani Artisti e con l\u2019Informagiovani di Ancona.","og_url":"https:\/\/www.article-marketing.eu\/comunicati\/arte-e-cultura\/gemine-muse-2010-ancona-maicol-e-mirco-gabriele-silvi\/","og_site_name":"Article Marketing","article_published_time":"2010-05-09T21:43:23+00:00","og_image":[{"url":"http:\/\/4.bp.blogspot.com\/_oXqltlncso8\/S-cbCiK0wMI\/AAAAAAAAAO8\/A9UiuepY7lo\/s1600\/maicol+e+mirco+bosco+arcanoide+1.jpg","type":"","width":"","height":""}],"author":"Redazione Comunicati Stampa","twitter_card":"summary_large_image","twitter_misc":{"Scritto da":"Redazione Comunicati Stampa","Tempo di lettura stimato":"3 minuti"},"schema":{"@context":"https:\/\/schema.org","@graph":[{"@type":"Article","@id":"https:\/\/www.article-marketing.eu\/comunicati\/arte-e-cultura\/gemine-muse-2010-ancona-maicol-e-mirco-gabriele-silvi\/#article","isPartOf":{"@id":"https:\/\/www.article-marketing.eu\/comunicati\/arte-e-cultura\/gemine-muse-2010-ancona-maicol-e-mirco-gabriele-silvi\/"},"author":{"name":"Redazione Comunicati Stampa","@id":"https:\/\/www.article-marketing.eu\/comunicati\/#\/schema\/person\/44372e4d4d0fa797b18e03ed1ace9017"},"headline":"Gemine Muse 2010, Ancona: maicol e mirco &#8211; Gabriele Silvi","datePublished":"2010-05-09T21:43:23+00:00","mainEntityOfPage":{"@id":"https:\/\/www.article-marketing.eu\/comunicati\/arte-e-cultura\/gemine-muse-2010-ancona-maicol-e-mirco-gabriele-silvi\/"},"wordCount":704,"commentCount":0,"image":{"@id":"https:\/\/www.article-marketing.eu\/comunicati\/arte-e-cultura\/gemine-muse-2010-ancona-maicol-e-mirco-gabriele-silvi\/#primaryimage"},"thumbnailUrl":"http:\/\/4.bp.blogspot.com\/_oXqltlncso8\/S-cbCiK0wMI\/AAAAAAAAAO8\/A9UiuepY7lo\/s1600\/maicol+e+mirco+bosco+arcanoide+1.jpg","keywords":["Ancona","arte","gemine muse","Mostra","pinacoteca podesti"],"articleSection":["Arte e cultura"],"inLanguage":"it-IT","potentialAction":[{"@type":"CommentAction","name":"Comment","target":["https:\/\/www.article-marketing.eu\/comunicati\/arte-e-cultura\/gemine-muse-2010-ancona-maicol-e-mirco-gabriele-silvi\/#respond"]}]},{"@type":"WebPage","@id":"https:\/\/www.article-marketing.eu\/comunicati\/arte-e-cultura\/gemine-muse-2010-ancona-maicol-e-mirco-gabriele-silvi\/","url":"https:\/\/www.article-marketing.eu\/comunicati\/arte-e-cultura\/gemine-muse-2010-ancona-maicol-e-mirco-gabriele-silvi\/","name":"Gemine Muse 2010, Ancona: maicol e mirco - Gabriele Silvi - Article Marketing","isPartOf":{"@id":"https:\/\/www.article-marketing.eu\/comunicati\/#website"},"primaryImageOfPage":{"@id":"https:\/\/www.article-marketing.eu\/comunicati\/arte-e-cultura\/gemine-muse-2010-ancona-maicol-e-mirco-gabriele-silvi\/#primaryimage"},"image":{"@id":"https:\/\/www.article-marketing.eu\/comunicati\/arte-e-cultura\/gemine-muse-2010-ancona-maicol-e-mirco-gabriele-silvi\/#primaryimage"},"thumbnailUrl":"http:\/\/4.bp.blogspot.com\/_oXqltlncso8\/S-cbCiK0wMI\/AAAAAAAAAO8\/A9UiuepY7lo\/s1600\/maicol+e+mirco+bosco+arcanoide+1.jpg","datePublished":"2010-05-09T21:43:23+00:00","author":{"@id":"https:\/\/www.article-marketing.eu\/comunicati\/#\/schema\/person\/44372e4d4d0fa797b18e03ed1ace9017"},"breadcrumb":{"@id":"https:\/\/www.article-marketing.eu\/comunicati\/arte-e-cultura\/gemine-muse-2010-ancona-maicol-e-mirco-gabriele-silvi\/#breadcrumb"},"inLanguage":"it-IT","potentialAction":[{"@type":"ReadAction","target":["https:\/\/www.article-marketing.eu\/comunicati\/arte-e-cultura\/gemine-muse-2010-ancona-maicol-e-mirco-gabriele-silvi\/"]}]},{"@type":"ImageObject","inLanguage":"it-IT","@id":"https:\/\/www.article-marketing.eu\/comunicati\/arte-e-cultura\/gemine-muse-2010-ancona-maicol-e-mirco-gabriele-silvi\/#primaryimage","url":"http:\/\/4.bp.blogspot.com\/_oXqltlncso8\/S-cbCiK0wMI\/AAAAAAAAAO8\/A9UiuepY7lo\/s1600\/maicol+e+mirco+bosco+arcanoide+1.jpg","contentUrl":"http:\/\/4.bp.blogspot.com\/_oXqltlncso8\/S-cbCiK0wMI\/AAAAAAAAAO8\/A9UiuepY7lo\/s1600\/maicol+e+mirco+bosco+arcanoide+1.jpg"},{"@type":"BreadcrumbList","@id":"https:\/\/www.article-marketing.eu\/comunicati\/arte-e-cultura\/gemine-muse-2010-ancona-maicol-e-mirco-gabriele-silvi\/#breadcrumb","itemListElement":[{"@type":"ListItem","position":1,"name":"Home","item":"https:\/\/www.article-marketing.eu\/comunicati\/"},{"@type":"ListItem","position":2,"name":"Gemine Muse 2010, Ancona: maicol e mirco &#8211; Gabriele Silvi"}]},{"@type":"WebSite","@id":"https:\/\/www.article-marketing.eu\/comunicati\/#website","url":"https:\/\/www.article-marketing.eu\/comunicati\/","name":"Article Marketing","description":"article marketing &amp; press release","potentialAction":[{"@type":"SearchAction","target":{"@type":"EntryPoint","urlTemplate":"https:\/\/www.article-marketing.eu\/comunicati\/?s={search_term_string}"},"query-input":{"@type":"PropertyValueSpecification","valueRequired":true,"valueName":"search_term_string"}}],"inLanguage":"it-IT"},{"@type":"Person","@id":"https:\/\/www.article-marketing.eu\/comunicati\/#\/schema\/person\/44372e4d4d0fa797b18e03ed1ace9017","name":"Redazione Comunicati Stampa","image":{"@type":"ImageObject","inLanguage":"it-IT","@id":"https:\/\/www.article-marketing.eu\/comunicati\/#\/schema\/person\/image\/","url":"https:\/\/secure.gravatar.com\/avatar\/50e5c6421d3072f42e7ace803501602c60d75233d34e29fd05feb91c8760b792?s=96&d=mm&r=g","contentUrl":"https:\/\/secure.gravatar.com\/avatar\/50e5c6421d3072f42e7ace803501602c60d75233d34e29fd05feb91c8760b792?s=96&d=mm&r=g","caption":"Redazione Comunicati Stampa"},"url":"https:\/\/www.article-marketing.eu\/comunicati\/author\/redazione-comunicati-stampa\/"}]}},"_links":{"self":[{"href":"https:\/\/www.article-marketing.eu\/comunicati\/wp-json\/wp\/v2\/posts\/5034","targetHints":{"allow":["GET"]}}],"collection":[{"href":"https:\/\/www.article-marketing.eu\/comunicati\/wp-json\/wp\/v2\/posts"}],"about":[{"href":"https:\/\/www.article-marketing.eu\/comunicati\/wp-json\/wp\/v2\/types\/post"}],"author":[{"embeddable":true,"href":"https:\/\/www.article-marketing.eu\/comunicati\/wp-json\/wp\/v2\/users\/10"}],"replies":[{"embeddable":true,"href":"https:\/\/www.article-marketing.eu\/comunicati\/wp-json\/wp\/v2\/comments?post=5034"}],"version-history":[{"count":0,"href":"https:\/\/www.article-marketing.eu\/comunicati\/wp-json\/wp\/v2\/posts\/5034\/revisions"}],"wp:attachment":[{"href":"https:\/\/www.article-marketing.eu\/comunicati\/wp-json\/wp\/v2\/media?parent=5034"}],"wp:term":[{"taxonomy":"category","embeddable":true,"href":"https:\/\/www.article-marketing.eu\/comunicati\/wp-json\/wp\/v2\/categories?post=5034"},{"taxonomy":"post_tag","embeddable":true,"href":"https:\/\/www.article-marketing.eu\/comunicati\/wp-json\/wp\/v2\/tags?post=5034"}],"curies":[{"name":"wp","href":"https:\/\/api.w.org\/{rel}","templated":true}]}}