{"id":50342,"date":"2015-12-01T16:23:21","date_gmt":"2015-12-01T15:23:21","guid":{"rendered":"http:\/\/www.article-marketing.eu\/comunicati\/senza-categoria\/latteria-sociale-valtellina-apre-a-monaco-da-eataly\/"},"modified":"2018-10-26T00:40:47","modified_gmt":"2018-10-25T22:40:47","slug":"latteria-sociale-valtellina-apre-a-monaco-da-eataly","status":"publish","type":"post","link":"https:\/\/www.article-marketing.eu\/comunicati\/comunicati-stampa\/eventi\/latteria-sociale-valtellina-apre-a-monaco-da-eataly\/","title":{"rendered":"LATTERIA SOCIALE VALTELLINA APRE A MONACO DA EATALY"},"content":{"rendered":"<p><strong>Dopo Milano da dicembre tocca alla capitale della Baviera: i formaggi locali sulla passerella tedesca<\/strong><br \/>Da <strong>Milano a Monaco di Baviera<\/strong> il passo &egrave; relativamente breve, ma per <strong><a href=\"http:\/\/www.latteriavaltellina.it\">Latteria Sociale Valtellina<\/a>, <\/strong> dall&rsquo;Italia alla Germania si tratta di un vero e proprio salto poich&eacute; comporta l&rsquo;esordio su un mercato particolarmente importante per i prodotti lattiero-caseari con una lunga tradizione nel settore. <strong>E ancor pi&ugrave; importante per Latteria Sociale Valtellina &egrave; che l&#8217;esordio in Germania &egrave; nel nuovo punto di vendita di Eataly.<\/strong> &laquo;La collaborazione con <strong>Eataly<\/strong> ha gi&agrave; prodotto risultati importanti sia sul fronte dell&rsquo;immagine dell&rsquo;azienda che della notoriet&agrave; dei nostri formaggi &#8211; sottolinea il <strong>responsabile marketing Maurizio Giboli<\/strong> -. Riteniamo sia il contesto ideale nel quale valorizzare e promuovere i nostri prodotti in Italia ma anche all&rsquo;estero poich&eacute; presentarsi sotto un&rsquo;insegna cos&igrave; prestigiosa d&agrave; valore aggiunto. Milano &egrave; stato l&rsquo;inizio, Monaco sar&agrave; una tappa importante ma certamente non l&rsquo;ultima: Eataly nel mondo chiede i nostri formaggi e le nostre presentazioni, noi faremo il possibile per esserci&raquo;. <strong>Il 2 e il 3 dicembre, da Eataly a Monaco di Baviera<\/strong> (che gi&agrave; si prevede affollata di appassionati tedeschi del buon bere e del buon mangiare italiano) la <strong>Latteria Sociale Valtellina<\/strong>, che &egrave; gi&agrave; presente dall&#8217;apertura dello scorso 26 novembre u.s. nello store con i suoi prodotti, proporr&agrave; in degustazione le sue punte di diamante: <strong>il Valtellina Casera e il Bitto, i due formaggi dop della provincia di Sondrio, eccellenze insuperabili della tradizione locale<\/strong>. Una scintillante vetrina per la pi&ugrave; importante realt&agrave; del settore lattiero-caseario provinciale in un Paese verso il quale gi&agrave; da alcuni anni esporta i suoi prodotti, seppure in quantitativi limitati, ma anche per la Valtellina, sia agroalimentare che turistica, che avr&agrave; l&rsquo;opportunit&agrave; di farsi conoscere e apprezzare per il tramite, molto efficace, del gusto. <em>La storia della <strong>Latteria Sociale Valtellina<\/strong> &egrave; una storia di uomini e donne profondamente legati al territorio; &egrave; anche la storia di <strong>120 aziende agricole<\/strong> socie e conferenti <strong>disseminate sull&#8217;intero territorio provinciale<\/strong>. Una cooperazione nata nel comparto lattiero caseario per <strong>valorizzare le risorse naturali<\/strong>, il <strong>mantenimento delle tradizioni casearie<\/strong> e non da ultimo <strong>il legame da parte di tutti i soci al territorio<\/strong>.<\/em> Per ulteriori informazioni: LATTERIA SOCIALE VALTELLINA www.latteriavaltellina.it Digital pr di a cura di Blu Wom Milano www.bluwom-milano.com p.fabretti@bluwom-milano.com<\/p>\n","protected":false},"excerpt":{"rendered":"<p>DOPO MILANO DA DICEMBRE TOCCA ALLA CAPITALE DELLA BAVIERA: I FORMAGGI LOCALI SULLA PASSERELLA TEDESCA<br \/>Da Milano a Monaco di Baviera il passo \u00e8 relativamente breve, ma per Latteria Sociale Valtellina, dall\u2019Italia alla Germania si tratta di un vero e proprio salto poich\u00e9 comporta l\u2019esordio su un mercato particolarmente importante per i prodotti lattiero-caseari con una lunga tradizione nel settore. E ancor pi\u00f9 importante per Latteria Sociale Valtellina \u00e8 che l&#8217;esordio in Germania \u00e8 nel nuovo punto di vendita di Eataly.<\/p>\n","protected":false},"author":10,"featured_media":0,"comment_status":"open","ping_status":"open","sticky":false,"template":"","format":"standard","meta":{"cybocfi_hide_featured_image":"","footnotes":""},"categories":[388],"tags":[53312,36643,53175,456,3865,14538,4464,53169,13723,23303],"class_list":["post-50342","post","type-post","status-publish","format-standard","hentry","category-eventi","tag-latteriasocialevaltellina","tag-eataly","tag-eataly-monaco","tag-eventi","tag-food","tag-formaggi","tag-germania","tag-latteria","tag-sociale","tag-valtellina"],"yoast_head":"<!-- This site is optimized with the Yoast SEO plugin v27.0 - https:\/\/yoast.com\/product\/yoast-seo-wordpress\/ -->\n<title>LATTERIA SOCIALE VALTELLINA APRE A MONACO DA EATALY - Article Marketing<\/title>\n<meta name=\"robots\" content=\"index, follow, max-snippet:-1, max-image-preview:large, max-video-preview:-1\" \/>\n<link rel=\"canonical\" href=\"https:\/\/www.article-marketing.eu\/comunicati\/comunicati-stampa\/eventi\/latteria-sociale-valtellina-apre-a-monaco-da-eataly\/\" \/>\n<meta property=\"og:locale\" content=\"it_IT\" \/>\n<meta property=\"og:type\" content=\"article\" \/>\n<meta property=\"og:title\" content=\"LATTERIA SOCIALE VALTELLINA APRE A MONACO DA EATALY - Article Marketing\" \/>\n<meta property=\"og:description\" content=\"DOPO MILANO DA DICEMBRE TOCCA ALLA CAPITALE DELLA BAVIERA: I FORMAGGI LOCALI SULLA PASSERELLA TEDESCADa Milano a Monaco di Baviera il passo \u00e8 relativamente breve, ma per Latteria Sociale Valtellina, dall\u2019Italia alla Germania si tratta di un vero e proprio salto poich\u00e9 comporta l\u2019esordio su un mercato particolarmente importante per i prodotti lattiero-caseari con una lunga tradizione nel settore. E ancor pi\u00f9 importante per Latteria Sociale Valtellina \u00e8 che l&#039;esordio in Germania \u00e8 nel nuovo punto di vendita di Eataly.\" \/>\n<meta property=\"og:url\" content=\"https:\/\/www.article-marketing.eu\/comunicati\/comunicati-stampa\/eventi\/latteria-sociale-valtellina-apre-a-monaco-da-eataly\/\" \/>\n<meta property=\"og:site_name\" content=\"Article Marketing\" \/>\n<meta property=\"article:published_time\" content=\"2015-12-01T15:23:21+00:00\" \/>\n<meta property=\"article:modified_time\" content=\"2018-10-25T22:40:47+00:00\" \/>\n<meta name=\"author\" content=\"Redazione Comunicati Stampa\" \/>\n<meta name=\"twitter:card\" content=\"summary_large_image\" \/>\n<meta name=\"twitter:label1\" content=\"Scritto da\" \/>\n\t<meta name=\"twitter:data1\" content=\"Redazione Comunicati Stampa\" \/>\n\t<meta name=\"twitter:label2\" content=\"Tempo di lettura stimato\" \/>\n\t<meta name=\"twitter:data2\" content=\"2 minuti\" \/>\n<script type=\"application\/ld+json\" class=\"yoast-schema-graph\">{\"@context\":\"https:\/\/schema.org\",\"@graph\":[{\"@type\":\"Article\",\"@id\":\"https:\/\/www.article-marketing.eu\/comunicati\/comunicati-stampa\/eventi\/latteria-sociale-valtellina-apre-a-monaco-da-eataly\/#article\",\"isPartOf\":{\"@id\":\"https:\/\/www.article-marketing.eu\/comunicati\/comunicati-stampa\/eventi\/latteria-sociale-valtellina-apre-a-monaco-da-eataly\/\"},\"author\":{\"name\":\"Redazione Comunicati Stampa\",\"@id\":\"https:\/\/www.article-marketing.eu\/comunicati\/#\/schema\/person\/44372e4d4d0fa797b18e03ed1ace9017\"},\"headline\":\"LATTERIA SOCIALE VALTELLINA APRE A MONACO DA EATALY\",\"datePublished\":\"2015-12-01T15:23:21+00:00\",\"dateModified\":\"2018-10-25T22:40:47+00:00\",\"mainEntityOfPage\":{\"@id\":\"https:\/\/www.article-marketing.eu\/comunicati\/comunicati-stampa\/eventi\/latteria-sociale-valtellina-apre-a-monaco-da-eataly\/\"},\"wordCount\":424,\"commentCount\":0,\"keywords\":[\"#latteriasocialevaltellina\",\"Eataly\",\"Eataly Monaco\",\"eventi\",\"food\",\"formaggi\",\"Germania\",\"latteria\",\"sociale\",\"Valtellina\"],\"articleSection\":[\"Eventi\"],\"inLanguage\":\"it-IT\",\"potentialAction\":[{\"@type\":\"CommentAction\",\"name\":\"Comment\",\"target\":[\"https:\/\/www.article-marketing.eu\/comunicati\/comunicati-stampa\/eventi\/latteria-sociale-valtellina-apre-a-monaco-da-eataly\/#respond\"]}]},{\"@type\":\"WebPage\",\"@id\":\"https:\/\/www.article-marketing.eu\/comunicati\/comunicati-stampa\/eventi\/latteria-sociale-valtellina-apre-a-monaco-da-eataly\/\",\"url\":\"https:\/\/www.article-marketing.eu\/comunicati\/comunicati-stampa\/eventi\/latteria-sociale-valtellina-apre-a-monaco-da-eataly\/\",\"name\":\"LATTERIA SOCIALE VALTELLINA APRE A MONACO DA EATALY - Article Marketing\",\"isPartOf\":{\"@id\":\"https:\/\/www.article-marketing.eu\/comunicati\/#website\"},\"datePublished\":\"2015-12-01T15:23:21+00:00\",\"dateModified\":\"2018-10-25T22:40:47+00:00\",\"author\":{\"@id\":\"https:\/\/www.article-marketing.eu\/comunicati\/#\/schema\/person\/44372e4d4d0fa797b18e03ed1ace9017\"},\"breadcrumb\":{\"@id\":\"https:\/\/www.article-marketing.eu\/comunicati\/comunicati-stampa\/eventi\/latteria-sociale-valtellina-apre-a-monaco-da-eataly\/#breadcrumb\"},\"inLanguage\":\"it-IT\",\"potentialAction\":[{\"@type\":\"ReadAction\",\"target\":[\"https:\/\/www.article-marketing.eu\/comunicati\/comunicati-stampa\/eventi\/latteria-sociale-valtellina-apre-a-monaco-da-eataly\/\"]}]},{\"@type\":\"BreadcrumbList\",\"@id\":\"https:\/\/www.article-marketing.eu\/comunicati\/comunicati-stampa\/eventi\/latteria-sociale-valtellina-apre-a-monaco-da-eataly\/#breadcrumb\",\"itemListElement\":[{\"@type\":\"ListItem\",\"position\":1,\"name\":\"Home\",\"item\":\"https:\/\/www.article-marketing.eu\/comunicati\/\"},{\"@type\":\"ListItem\",\"position\":2,\"name\":\"LATTERIA SOCIALE VALTELLINA APRE A MONACO DA EATALY\"}]},{\"@type\":\"WebSite\",\"@id\":\"https:\/\/www.article-marketing.eu\/comunicati\/#website\",\"url\":\"https:\/\/www.article-marketing.eu\/comunicati\/\",\"name\":\"Article Marketing\",\"description\":\"article marketing &amp; press release\",\"potentialAction\":[{\"@type\":\"SearchAction\",\"target\":{\"@type\":\"EntryPoint\",\"urlTemplate\":\"https:\/\/www.article-marketing.eu\/comunicati\/?s={search_term_string}\"},\"query-input\":{\"@type\":\"PropertyValueSpecification\",\"valueRequired\":true,\"valueName\":\"search_term_string\"}}],\"inLanguage\":\"it-IT\"},{\"@type\":\"Person\",\"@id\":\"https:\/\/www.article-marketing.eu\/comunicati\/#\/schema\/person\/44372e4d4d0fa797b18e03ed1ace9017\",\"name\":\"Redazione Comunicati Stampa\",\"image\":{\"@type\":\"ImageObject\",\"inLanguage\":\"it-IT\",\"@id\":\"https:\/\/www.article-marketing.eu\/comunicati\/#\/schema\/person\/image\/\",\"url\":\"https:\/\/secure.gravatar.com\/avatar\/50e5c6421d3072f42e7ace803501602c60d75233d34e29fd05feb91c8760b792?s=96&d=mm&r=g\",\"contentUrl\":\"https:\/\/secure.gravatar.com\/avatar\/50e5c6421d3072f42e7ace803501602c60d75233d34e29fd05feb91c8760b792?s=96&d=mm&r=g\",\"caption\":\"Redazione Comunicati Stampa\"},\"url\":\"https:\/\/www.article-marketing.eu\/comunicati\/author\/redazione-comunicati-stampa\/\"}]}<\/script>\n<!-- \/ Yoast SEO plugin. -->","yoast_head_json":{"title":"LATTERIA SOCIALE VALTELLINA APRE A MONACO DA EATALY - Article Marketing","robots":{"index":"index","follow":"follow","max-snippet":"max-snippet:-1","max-image-preview":"max-image-preview:large","max-video-preview":"max-video-preview:-1"},"canonical":"https:\/\/www.article-marketing.eu\/comunicati\/comunicati-stampa\/eventi\/latteria-sociale-valtellina-apre-a-monaco-da-eataly\/","og_locale":"it_IT","og_type":"article","og_title":"LATTERIA SOCIALE VALTELLINA APRE A MONACO DA EATALY - Article Marketing","og_description":"DOPO MILANO DA DICEMBRE TOCCA ALLA CAPITALE DELLA BAVIERA: I FORMAGGI LOCALI SULLA PASSERELLA TEDESCADa Milano a Monaco di Baviera il passo \u00e8 relativamente breve, ma per Latteria Sociale Valtellina, dall\u2019Italia alla Germania si tratta di un vero e proprio salto poich\u00e9 comporta l\u2019esordio su un mercato particolarmente importante per i prodotti lattiero-caseari con una lunga tradizione nel settore. E ancor pi\u00f9 importante per Latteria Sociale Valtellina \u00e8 che l'esordio in Germania \u00e8 nel nuovo punto di vendita di Eataly.","og_url":"https:\/\/www.article-marketing.eu\/comunicati\/comunicati-stampa\/eventi\/latteria-sociale-valtellina-apre-a-monaco-da-eataly\/","og_site_name":"Article Marketing","article_published_time":"2015-12-01T15:23:21+00:00","article_modified_time":"2018-10-25T22:40:47+00:00","author":"Redazione Comunicati Stampa","twitter_card":"summary_large_image","twitter_misc":{"Scritto da":"Redazione Comunicati Stampa","Tempo di lettura stimato":"2 minuti"},"schema":{"@context":"https:\/\/schema.org","@graph":[{"@type":"Article","@id":"https:\/\/www.article-marketing.eu\/comunicati\/comunicati-stampa\/eventi\/latteria-sociale-valtellina-apre-a-monaco-da-eataly\/#article","isPartOf":{"@id":"https:\/\/www.article-marketing.eu\/comunicati\/comunicati-stampa\/eventi\/latteria-sociale-valtellina-apre-a-monaco-da-eataly\/"},"author":{"name":"Redazione Comunicati Stampa","@id":"https:\/\/www.article-marketing.eu\/comunicati\/#\/schema\/person\/44372e4d4d0fa797b18e03ed1ace9017"},"headline":"LATTERIA SOCIALE VALTELLINA APRE A MONACO DA EATALY","datePublished":"2015-12-01T15:23:21+00:00","dateModified":"2018-10-25T22:40:47+00:00","mainEntityOfPage":{"@id":"https:\/\/www.article-marketing.eu\/comunicati\/comunicati-stampa\/eventi\/latteria-sociale-valtellina-apre-a-monaco-da-eataly\/"},"wordCount":424,"commentCount":0,"keywords":["#latteriasocialevaltellina","Eataly","Eataly Monaco","eventi","food","formaggi","Germania","latteria","sociale","Valtellina"],"articleSection":["Eventi"],"inLanguage":"it-IT","potentialAction":[{"@type":"CommentAction","name":"Comment","target":["https:\/\/www.article-marketing.eu\/comunicati\/comunicati-stampa\/eventi\/latteria-sociale-valtellina-apre-a-monaco-da-eataly\/#respond"]}]},{"@type":"WebPage","@id":"https:\/\/www.article-marketing.eu\/comunicati\/comunicati-stampa\/eventi\/latteria-sociale-valtellina-apre-a-monaco-da-eataly\/","url":"https:\/\/www.article-marketing.eu\/comunicati\/comunicati-stampa\/eventi\/latteria-sociale-valtellina-apre-a-monaco-da-eataly\/","name":"LATTERIA SOCIALE VALTELLINA APRE A MONACO DA EATALY - Article Marketing","isPartOf":{"@id":"https:\/\/www.article-marketing.eu\/comunicati\/#website"},"datePublished":"2015-12-01T15:23:21+00:00","dateModified":"2018-10-25T22:40:47+00:00","author":{"@id":"https:\/\/www.article-marketing.eu\/comunicati\/#\/schema\/person\/44372e4d4d0fa797b18e03ed1ace9017"},"breadcrumb":{"@id":"https:\/\/www.article-marketing.eu\/comunicati\/comunicati-stampa\/eventi\/latteria-sociale-valtellina-apre-a-monaco-da-eataly\/#breadcrumb"},"inLanguage":"it-IT","potentialAction":[{"@type":"ReadAction","target":["https:\/\/www.article-marketing.eu\/comunicati\/comunicati-stampa\/eventi\/latteria-sociale-valtellina-apre-a-monaco-da-eataly\/"]}]},{"@type":"BreadcrumbList","@id":"https:\/\/www.article-marketing.eu\/comunicati\/comunicati-stampa\/eventi\/latteria-sociale-valtellina-apre-a-monaco-da-eataly\/#breadcrumb","itemListElement":[{"@type":"ListItem","position":1,"name":"Home","item":"https:\/\/www.article-marketing.eu\/comunicati\/"},{"@type":"ListItem","position":2,"name":"LATTERIA SOCIALE VALTELLINA APRE A MONACO DA EATALY"}]},{"@type":"WebSite","@id":"https:\/\/www.article-marketing.eu\/comunicati\/#website","url":"https:\/\/www.article-marketing.eu\/comunicati\/","name":"Article Marketing","description":"article marketing &amp; press release","potentialAction":[{"@type":"SearchAction","target":{"@type":"EntryPoint","urlTemplate":"https:\/\/www.article-marketing.eu\/comunicati\/?s={search_term_string}"},"query-input":{"@type":"PropertyValueSpecification","valueRequired":true,"valueName":"search_term_string"}}],"inLanguage":"it-IT"},{"@type":"Person","@id":"https:\/\/www.article-marketing.eu\/comunicati\/#\/schema\/person\/44372e4d4d0fa797b18e03ed1ace9017","name":"Redazione Comunicati Stampa","image":{"@type":"ImageObject","inLanguage":"it-IT","@id":"https:\/\/www.article-marketing.eu\/comunicati\/#\/schema\/person\/image\/","url":"https:\/\/secure.gravatar.com\/avatar\/50e5c6421d3072f42e7ace803501602c60d75233d34e29fd05feb91c8760b792?s=96&d=mm&r=g","contentUrl":"https:\/\/secure.gravatar.com\/avatar\/50e5c6421d3072f42e7ace803501602c60d75233d34e29fd05feb91c8760b792?s=96&d=mm&r=g","caption":"Redazione Comunicati Stampa"},"url":"https:\/\/www.article-marketing.eu\/comunicati\/author\/redazione-comunicati-stampa\/"}]}},"_links":{"self":[{"href":"https:\/\/www.article-marketing.eu\/comunicati\/wp-json\/wp\/v2\/posts\/50342","targetHints":{"allow":["GET"]}}],"collection":[{"href":"https:\/\/www.article-marketing.eu\/comunicati\/wp-json\/wp\/v2\/posts"}],"about":[{"href":"https:\/\/www.article-marketing.eu\/comunicati\/wp-json\/wp\/v2\/types\/post"}],"author":[{"embeddable":true,"href":"https:\/\/www.article-marketing.eu\/comunicati\/wp-json\/wp\/v2\/users\/10"}],"replies":[{"embeddable":true,"href":"https:\/\/www.article-marketing.eu\/comunicati\/wp-json\/wp\/v2\/comments?post=50342"}],"version-history":[{"count":2,"href":"https:\/\/www.article-marketing.eu\/comunicati\/wp-json\/wp\/v2\/posts\/50342\/revisions"}],"predecessor-version":[{"id":64863,"href":"https:\/\/www.article-marketing.eu\/comunicati\/wp-json\/wp\/v2\/posts\/50342\/revisions\/64863"}],"wp:attachment":[{"href":"https:\/\/www.article-marketing.eu\/comunicati\/wp-json\/wp\/v2\/media?parent=50342"}],"wp:term":[{"taxonomy":"category","embeddable":true,"href":"https:\/\/www.article-marketing.eu\/comunicati\/wp-json\/wp\/v2\/categories?post=50342"},{"taxonomy":"post_tag","embeddable":true,"href":"https:\/\/www.article-marketing.eu\/comunicati\/wp-json\/wp\/v2\/tags?post=50342"}],"curies":[{"name":"wp","href":"https:\/\/api.w.org\/{rel}","templated":true}]}}