{"id":505,"date":"2008-06-26T14:48:57","date_gmt":"2008-06-26T12:48:57","guid":{"rendered":"http:\/\/www.article-marketing.eu\/comunicati\/senza-categoria\/il-mio-nome-e-nessuno-domodossooa-palazzo-silva\/"},"modified":"2008-06-26T14:48:57","modified_gmt":"2008-06-26T12:48:57","slug":"il-mio-nome-e-nessuno-domodossooa-palazzo-silva","status":"publish","type":"post","link":"https:\/\/www.article-marketing.eu\/comunicati\/arte-e-cultura\/il-mio-nome-e-nessuno-domodossooa-palazzo-silva\/","title":{"rendered":"Il mio nome \u00e8 nessuno-Domodosso\u00f2a Palazzo Silva"},"content":{"rendered":"<p>IL MiO NOME  E&#8217; NESSUNO<br \/>\nincantamento,stupore e bellezza nell&#8217;arte dei semplici<\/p>\n<p> Ingremiomatris -L&#8217;ecole des Italiens -Museo Immaginario<br \/>\nRegione Piemonte -Provincia del Verbano Cusio Ossola -Citta&#8217; di Domodossola<\/p>\n<p>Domodossola &#8211; Palazzo Silva &#8211; via G.Paletta<br \/>\n6 Luglio- 21 settembre 2008<\/p>\n<p>Dio \u00e8 morto, e con lui l\u2019arte. Pressappoco \u00e8 cos\u00ec. Gli artisti si metrano in base a un criterio di vendita, sulla loro testa viene affibbiata una taglia che ne identifica il valore. Nulla di scandaloso, per chi fa denari: l\u2019arte \u00e8 un prodotto di mercato. L\u2019artista, cio\u00e8, da talento individuale \u00e8 diventato una griffe, lo si compra perch\u00e9 qualcuno ci dice che comprarlo \u00e8 un buon affare, perch\u00e9 far\u00e0 fruttare al compratore di l\u00ec a qualche anno un lauto gruzzolo. Bizzarrie dell\u2019epoca: l\u2019arte non procura pi\u00f9 un nutrimento spirituale, non evoca bellezza, ordine e senso. Simile a un qualsiasi altro prodotto \u201cdi consumo\u201d \u2013 come un paio di scarpe, una borsetta particolare, un\u2019automobile fiammante \u2013 vaga sull\u2019onda anomala delle \u201cmode\u201d, e si muta da popolare in gioiello d\u2019\u00e8lite. Non provoca il mito, ma asseconda la storia. Cio\u00e8: non \u00e8 inevitabile, urgente, provocante, bens\u00ec accessoria, aleatoria, vacua. L\u2019estetica, come direbbe il poeta premio Nobel Josif Brodskij, non fonda pi\u00f9 l\u2019etica dell\u2019uomo e della storia, ma \u00e8 schiava di pulsioni superficiali, destinate a svanire al primo battito di ciglia, al precoce passaggio stagionale delle rondini.<br \/>\nDacch\u00e9 fare i guastafeste \u00e8 un esercizio per molti versi facile e inutile, costruiamo qualcosa. Questa \u00e8 una mostra scandalosa. L\u2019esatto opposto dell\u2019alchimia che regge, ad esempio, la Biennale di Venezia. Il mio nome \u00e8 Nessuno \u00e8 una mostra di \u201cpittori della domenica\u201d. Di artisti per lo pi\u00f9 ignoti e ingenui, selvatici e nascosti, anonimi e misteriosi. Per far risorgere l\u2019arte bisogna azzerarla, rivelandone il cuore, la polpa inalterabile e millenaria. Dopo tutto, \u00e8 sempre stato cos\u00ec. Na\u00efve vuol dire incantamento, stupore, bellezza pura, netta, semplice. Gi\u00e0, \u00e8 attraverso un gesto semplice e perentorio che intendiamo scompaginare la storia dell\u2019arte, far impazzire la Borsa dell\u2019Arte. Oggi come ieri sono i segni problematici e primordiali a cambiare il tempo. Lo sapevano bene, per ripassare in memoria due nomi clamorosi, Paul Gauguin e Pablo Picasso, che studiarono alla corte dei na\u00efve e dei reietti per ottenere il miracolo della semplicit\u00e0, di una infantile, unica immediatezza. Cos\u00ec questi artisti occasionali, ispirati, per giunta illuminati, che vengono a noi nel mistero, simili a spettri o a eroi delle favole, ci mostrano la fiamma sempiterna e primitiva dell\u2019arte: il suo potere suggestivo, conturbante, mitologico. Ci sono gesti nostalgici, intimi, preziosi, per nulla omologati, di gente ai bordi della storia, fuori dal mondo, che proprio per questo conquista il perno del mondo, il suo pi\u00f9 remoto segreto.<\/p>\n<p>Il viaggio tra questi \u201cnessuno\u201d, tra questi artisti perduti e ritrovati, sommersi e salvati, anticonformisti perch\u00e9 non condizionati da alcuna moda, antimoderni, \u00e8 anche un periplo alle origini dell\u2019arte. Nel nome, sempre, \u00e8 il senso. Nessuno si nomin\u00f2 Odisseo scampando alla furia di Polifemo. Nessuno \u00e8 una zattera, un\u2019occasione per salvarsi dal mondo di chi vuole annullare l\u2019arte, tacitarne il potenziale esplosivo, perennemente scandaloso. Con una truppa di \u201cnessuno\u201d si rifonda l\u2019arte. Perch\u00e9 gli artisti, quando vigorosi, come Odisseo, sono curiosi e corsari, avventurieri e pirati. Comunque, estremi, fino ai margini inesplorati della terra.     <\/p>\n<p>   Orari: Da marted\u00ec a venerd\u00ec dalle 15 alle 19,<br \/>\n               sabato e domenica dalle 10 alle 12, dalle 15 alle 19<br \/>\n               Ingresso \u20ac 5. Info e prenotazioni:  Cell. +393357357840<br \/>\n               info@ingremiomatris.com<br \/>\n               www.ingremiomatris.com              <\/p>\n<p>Inaugurazione sabato 5 luglio ore 18,30   Teatro Galletti  p.zza Mercato  Domodossola<\/p>\n<p>Catalogo:                      Umberto Allemandi &#038; C Ita\/Ingl. 168 pag.<\/p>\n<p>Curatore:                       Marcovinicio<\/p>\n<p>Testi di:                          Dott. Davide Brullo, Silvia Pacassoni<\/p>\n<p>Fotografie di:                Antonio Maniscalco, Marco Bianchetti<\/p>\n<p>Coordinamento di:      Massimo Fiumano\u2019<\/p>\n<p>tutti i testi del catalogo sono disponibili su:<\/p>\n<p>www.artmomo.com<br \/>\nwww.ingremiomatris.com<\/p>\n","protected":false},"excerpt":{"rendered":"<p>Esordisce il 5 luglio prossimo, a Domodossola, nella superba sede di Palazzo Silva, una mostra destinata a cambiare i confini dell&#8217;arte contemporanea. Si chiama !l mio nome \u00e8 Nessuno, e possiede un sottotesto disarmante, esplicativo: Incantamento, stupore e bellezza nell&#8217;arte dei semplici.<br \/>\nFino al 21 settembre si potr\u00e0 assistere a una rassegna di pittori cos\u00ec detti naive, ribattezzati &#8220;semplici&#8221;. La mostra si presenta anche, e con notevole decisione, come gesto perentorio, estetico e politico. Contrastando un&#8217;idea performativa e banalmente provocatoria dell&#8217;arte italiana degli ultimi decenni. Riscoprendo i valori del sogno rispetto a quelli del mercato, il desiderio in favore del glamour. Cos\u00ec questi artisti, &#8220;simili a spettri o a eroi delle favole, ci mostrano la fiamma sempiterna e primitiva dell&#8217;arte: il suo potere suggestivo, conturbante, mitologico. Ci sono gesti nostalgici,intimi, preziosi, per nulla omologati, di gente ai bordi della storia, fuori dal mondo, che proprio per questo conquista il perno del mondo, il suo pi\u00f9 remoto segreto&#8221;. La mostra \u00e8 curata da Marcovinicio, ed \u00e8 mediata da un catalogo programmatico con testi di Davide Brullo e di Silvia Pacassoni edito da Umberto Allemandi<\/p>\n","protected":false},"author":10,"featured_media":0,"comment_status":"open","ping_status":"open","sticky":false,"template":"","format":"standard","meta":{"cybocfi_hide_featured_image":"","footnotes":""},"categories":[27],"tags":[1788,1787,1790,1786,1789],"class_list":["post-505","post","type-post","status-publish","format-standard","hentry","category-arte-e-cultura","tag-domodossola","tag-musei","tag-naive","tag-palazzo-silva","tag-piemonte"],"yoast_head":"<!-- This site is optimized with the Yoast SEO plugin v27.0 - https:\/\/yoast.com\/product\/yoast-seo-wordpress\/ -->\n<title>Il mio nome \u00e8 nessuno-Domodosso\u00f2a Palazzo Silva - Article Marketing<\/title>\n<meta name=\"robots\" content=\"index, follow, max-snippet:-1, max-image-preview:large, max-video-preview:-1\" \/>\n<link rel=\"canonical\" href=\"https:\/\/www.article-marketing.eu\/comunicati\/arte-e-cultura\/il-mio-nome-e-nessuno-domodossooa-palazzo-silva\/\" \/>\n<meta property=\"og:locale\" content=\"it_IT\" \/>\n<meta property=\"og:type\" content=\"article\" \/>\n<meta property=\"og:title\" content=\"Il mio nome \u00e8 nessuno-Domodosso\u00f2a Palazzo Silva - Article Marketing\" \/>\n<meta property=\"og:description\" content=\"Esordisce il 5 luglio prossimo, a Domodossola, nella superba sede di Palazzo Silva, una mostra destinata a cambiare i confini dell&#039;arte contemporanea. Si chiama !l mio nome \u00e8 Nessuno, e possiede un sottotesto disarmante, esplicativo: Incantamento, stupore e bellezza nell&#039;arte dei semplici. Fino al 21 settembre si potr\u00e0 assistere a una rassegna di pittori cos\u00ec detti naive, ribattezzati &quot;semplici&quot;. La mostra si presenta anche, e con notevole decisione, come gesto perentorio, estetico e politico. Contrastando un&#039;idea performativa e banalmente provocatoria dell&#039;arte italiana degli ultimi decenni. Riscoprendo i valori del sogno rispetto a quelli del mercato, il desiderio in favore del glamour. Cos\u00ec questi artisti, &quot;simili a spettri o a eroi delle favole, ci mostrano la fiamma sempiterna e primitiva dell&#039;arte: il suo potere suggestivo, conturbante, mitologico. Ci sono gesti nostalgici,intimi, preziosi, per nulla omologati, di gente ai bordi della storia, fuori dal mondo, che proprio per questo conquista il perno del mondo, il suo pi\u00f9 remoto segreto&quot;. La mostra \u00e8 curata da Marcovinicio, ed \u00e8 mediata da un catalogo programmatico con testi di Davide Brullo e di Silvia Pacassoni edito da Umberto Allemandi\" \/>\n<meta property=\"og:url\" content=\"https:\/\/www.article-marketing.eu\/comunicati\/arte-e-cultura\/il-mio-nome-e-nessuno-domodossooa-palazzo-silva\/\" \/>\n<meta property=\"og:site_name\" content=\"Article Marketing\" \/>\n<meta property=\"article:published_time\" content=\"2008-06-26T12:48:57+00:00\" \/>\n<meta name=\"author\" content=\"Redazione Comunicati Stampa\" \/>\n<meta name=\"twitter:card\" content=\"summary_large_image\" \/>\n<meta name=\"twitter:label1\" content=\"Scritto da\" \/>\n\t<meta name=\"twitter:data1\" content=\"Redazione Comunicati Stampa\" \/>\n\t<meta name=\"twitter:label2\" content=\"Tempo di lettura stimato\" \/>\n\t<meta name=\"twitter:data2\" content=\"3 minuti\" \/>\n<script type=\"application\/ld+json\" class=\"yoast-schema-graph\">{\"@context\":\"https:\/\/schema.org\",\"@graph\":[{\"@type\":\"Article\",\"@id\":\"https:\/\/www.article-marketing.eu\/comunicati\/arte-e-cultura\/il-mio-nome-e-nessuno-domodossooa-palazzo-silva\/#article\",\"isPartOf\":{\"@id\":\"https:\/\/www.article-marketing.eu\/comunicati\/arte-e-cultura\/il-mio-nome-e-nessuno-domodossooa-palazzo-silva\/\"},\"author\":{\"name\":\"Redazione Comunicati Stampa\",\"@id\":\"https:\/\/www.article-marketing.eu\/comunicati\/#\/schema\/person\/44372e4d4d0fa797b18e03ed1ace9017\"},\"headline\":\"Il mio nome \u00e8 nessuno-Domodosso\u00f2a Palazzo Silva\",\"datePublished\":\"2008-06-26T12:48:57+00:00\",\"mainEntityOfPage\":{\"@id\":\"https:\/\/www.article-marketing.eu\/comunicati\/arte-e-cultura\/il-mio-nome-e-nessuno-domodossooa-palazzo-silva\/\"},\"wordCount\":624,\"commentCount\":0,\"keywords\":[\"domodossola\",\"musei\",\"naive\",\"Palazzo Silva\",\"piemonte\"],\"articleSection\":[\"Arte e cultura\"],\"inLanguage\":\"it-IT\",\"potentialAction\":[{\"@type\":\"CommentAction\",\"name\":\"Comment\",\"target\":[\"https:\/\/www.article-marketing.eu\/comunicati\/arte-e-cultura\/il-mio-nome-e-nessuno-domodossooa-palazzo-silva\/#respond\"]}]},{\"@type\":\"WebPage\",\"@id\":\"https:\/\/www.article-marketing.eu\/comunicati\/arte-e-cultura\/il-mio-nome-e-nessuno-domodossooa-palazzo-silva\/\",\"url\":\"https:\/\/www.article-marketing.eu\/comunicati\/arte-e-cultura\/il-mio-nome-e-nessuno-domodossooa-palazzo-silva\/\",\"name\":\"Il mio nome \u00e8 nessuno-Domodosso\u00f2a Palazzo Silva - Article Marketing\",\"isPartOf\":{\"@id\":\"https:\/\/www.article-marketing.eu\/comunicati\/#website\"},\"datePublished\":\"2008-06-26T12:48:57+00:00\",\"author\":{\"@id\":\"https:\/\/www.article-marketing.eu\/comunicati\/#\/schema\/person\/44372e4d4d0fa797b18e03ed1ace9017\"},\"breadcrumb\":{\"@id\":\"https:\/\/www.article-marketing.eu\/comunicati\/arte-e-cultura\/il-mio-nome-e-nessuno-domodossooa-palazzo-silva\/#breadcrumb\"},\"inLanguage\":\"it-IT\",\"potentialAction\":[{\"@type\":\"ReadAction\",\"target\":[\"https:\/\/www.article-marketing.eu\/comunicati\/arte-e-cultura\/il-mio-nome-e-nessuno-domodossooa-palazzo-silva\/\"]}]},{\"@type\":\"BreadcrumbList\",\"@id\":\"https:\/\/www.article-marketing.eu\/comunicati\/arte-e-cultura\/il-mio-nome-e-nessuno-domodossooa-palazzo-silva\/#breadcrumb\",\"itemListElement\":[{\"@type\":\"ListItem\",\"position\":1,\"name\":\"Home\",\"item\":\"https:\/\/www.article-marketing.eu\/comunicati\/\"},{\"@type\":\"ListItem\",\"position\":2,\"name\":\"Il mio nome \u00e8 nessuno-Domodosso\u00f2a Palazzo Silva\"}]},{\"@type\":\"WebSite\",\"@id\":\"https:\/\/www.article-marketing.eu\/comunicati\/#website\",\"url\":\"https:\/\/www.article-marketing.eu\/comunicati\/\",\"name\":\"Article Marketing\",\"description\":\"article marketing &amp; press release\",\"potentialAction\":[{\"@type\":\"SearchAction\",\"target\":{\"@type\":\"EntryPoint\",\"urlTemplate\":\"https:\/\/www.article-marketing.eu\/comunicati\/?s={search_term_string}\"},\"query-input\":{\"@type\":\"PropertyValueSpecification\",\"valueRequired\":true,\"valueName\":\"search_term_string\"}}],\"inLanguage\":\"it-IT\"},{\"@type\":\"Person\",\"@id\":\"https:\/\/www.article-marketing.eu\/comunicati\/#\/schema\/person\/44372e4d4d0fa797b18e03ed1ace9017\",\"name\":\"Redazione Comunicati Stampa\",\"image\":{\"@type\":\"ImageObject\",\"inLanguage\":\"it-IT\",\"@id\":\"https:\/\/www.article-marketing.eu\/comunicati\/#\/schema\/person\/image\/\",\"url\":\"https:\/\/secure.gravatar.com\/avatar\/50e5c6421d3072f42e7ace803501602c60d75233d34e29fd05feb91c8760b792?s=96&d=mm&r=g\",\"contentUrl\":\"https:\/\/secure.gravatar.com\/avatar\/50e5c6421d3072f42e7ace803501602c60d75233d34e29fd05feb91c8760b792?s=96&d=mm&r=g\",\"caption\":\"Redazione Comunicati Stampa\"},\"url\":\"https:\/\/www.article-marketing.eu\/comunicati\/author\/redazione-comunicati-stampa\/\"}]}<\/script>\n<!-- \/ Yoast SEO plugin. -->","yoast_head_json":{"title":"Il mio nome \u00e8 nessuno-Domodosso\u00f2a Palazzo Silva - Article Marketing","robots":{"index":"index","follow":"follow","max-snippet":"max-snippet:-1","max-image-preview":"max-image-preview:large","max-video-preview":"max-video-preview:-1"},"canonical":"https:\/\/www.article-marketing.eu\/comunicati\/arte-e-cultura\/il-mio-nome-e-nessuno-domodossooa-palazzo-silva\/","og_locale":"it_IT","og_type":"article","og_title":"Il mio nome \u00e8 nessuno-Domodosso\u00f2a Palazzo Silva - Article Marketing","og_description":"Esordisce il 5 luglio prossimo, a Domodossola, nella superba sede di Palazzo Silva, una mostra destinata a cambiare i confini dell'arte contemporanea. Si chiama !l mio nome \u00e8 Nessuno, e possiede un sottotesto disarmante, esplicativo: Incantamento, stupore e bellezza nell'arte dei semplici. Fino al 21 settembre si potr\u00e0 assistere a una rassegna di pittori cos\u00ec detti naive, ribattezzati \"semplici\". La mostra si presenta anche, e con notevole decisione, come gesto perentorio, estetico e politico. Contrastando un'idea performativa e banalmente provocatoria dell'arte italiana degli ultimi decenni. Riscoprendo i valori del sogno rispetto a quelli del mercato, il desiderio in favore del glamour. Cos\u00ec questi artisti, \"simili a spettri o a eroi delle favole, ci mostrano la fiamma sempiterna e primitiva dell'arte: il suo potere suggestivo, conturbante, mitologico. Ci sono gesti nostalgici,intimi, preziosi, per nulla omologati, di gente ai bordi della storia, fuori dal mondo, che proprio per questo conquista il perno del mondo, il suo pi\u00f9 remoto segreto\". La mostra \u00e8 curata da Marcovinicio, ed \u00e8 mediata da un catalogo programmatico con testi di Davide Brullo e di Silvia Pacassoni edito da Umberto Allemandi","og_url":"https:\/\/www.article-marketing.eu\/comunicati\/arte-e-cultura\/il-mio-nome-e-nessuno-domodossooa-palazzo-silva\/","og_site_name":"Article Marketing","article_published_time":"2008-06-26T12:48:57+00:00","author":"Redazione Comunicati Stampa","twitter_card":"summary_large_image","twitter_misc":{"Scritto da":"Redazione Comunicati Stampa","Tempo di lettura stimato":"3 minuti"},"schema":{"@context":"https:\/\/schema.org","@graph":[{"@type":"Article","@id":"https:\/\/www.article-marketing.eu\/comunicati\/arte-e-cultura\/il-mio-nome-e-nessuno-domodossooa-palazzo-silva\/#article","isPartOf":{"@id":"https:\/\/www.article-marketing.eu\/comunicati\/arte-e-cultura\/il-mio-nome-e-nessuno-domodossooa-palazzo-silva\/"},"author":{"name":"Redazione Comunicati Stampa","@id":"https:\/\/www.article-marketing.eu\/comunicati\/#\/schema\/person\/44372e4d4d0fa797b18e03ed1ace9017"},"headline":"Il mio nome \u00e8 nessuno-Domodosso\u00f2a Palazzo Silva","datePublished":"2008-06-26T12:48:57+00:00","mainEntityOfPage":{"@id":"https:\/\/www.article-marketing.eu\/comunicati\/arte-e-cultura\/il-mio-nome-e-nessuno-domodossooa-palazzo-silva\/"},"wordCount":624,"commentCount":0,"keywords":["domodossola","musei","naive","Palazzo Silva","piemonte"],"articleSection":["Arte e cultura"],"inLanguage":"it-IT","potentialAction":[{"@type":"CommentAction","name":"Comment","target":["https:\/\/www.article-marketing.eu\/comunicati\/arte-e-cultura\/il-mio-nome-e-nessuno-domodossooa-palazzo-silva\/#respond"]}]},{"@type":"WebPage","@id":"https:\/\/www.article-marketing.eu\/comunicati\/arte-e-cultura\/il-mio-nome-e-nessuno-domodossooa-palazzo-silva\/","url":"https:\/\/www.article-marketing.eu\/comunicati\/arte-e-cultura\/il-mio-nome-e-nessuno-domodossooa-palazzo-silva\/","name":"Il mio nome \u00e8 nessuno-Domodosso\u00f2a Palazzo Silva - Article Marketing","isPartOf":{"@id":"https:\/\/www.article-marketing.eu\/comunicati\/#website"},"datePublished":"2008-06-26T12:48:57+00:00","author":{"@id":"https:\/\/www.article-marketing.eu\/comunicati\/#\/schema\/person\/44372e4d4d0fa797b18e03ed1ace9017"},"breadcrumb":{"@id":"https:\/\/www.article-marketing.eu\/comunicati\/arte-e-cultura\/il-mio-nome-e-nessuno-domodossooa-palazzo-silva\/#breadcrumb"},"inLanguage":"it-IT","potentialAction":[{"@type":"ReadAction","target":["https:\/\/www.article-marketing.eu\/comunicati\/arte-e-cultura\/il-mio-nome-e-nessuno-domodossooa-palazzo-silva\/"]}]},{"@type":"BreadcrumbList","@id":"https:\/\/www.article-marketing.eu\/comunicati\/arte-e-cultura\/il-mio-nome-e-nessuno-domodossooa-palazzo-silva\/#breadcrumb","itemListElement":[{"@type":"ListItem","position":1,"name":"Home","item":"https:\/\/www.article-marketing.eu\/comunicati\/"},{"@type":"ListItem","position":2,"name":"Il mio nome \u00e8 nessuno-Domodosso\u00f2a Palazzo Silva"}]},{"@type":"WebSite","@id":"https:\/\/www.article-marketing.eu\/comunicati\/#website","url":"https:\/\/www.article-marketing.eu\/comunicati\/","name":"Article Marketing","description":"article marketing &amp; press release","potentialAction":[{"@type":"SearchAction","target":{"@type":"EntryPoint","urlTemplate":"https:\/\/www.article-marketing.eu\/comunicati\/?s={search_term_string}"},"query-input":{"@type":"PropertyValueSpecification","valueRequired":true,"valueName":"search_term_string"}}],"inLanguage":"it-IT"},{"@type":"Person","@id":"https:\/\/www.article-marketing.eu\/comunicati\/#\/schema\/person\/44372e4d4d0fa797b18e03ed1ace9017","name":"Redazione Comunicati Stampa","image":{"@type":"ImageObject","inLanguage":"it-IT","@id":"https:\/\/www.article-marketing.eu\/comunicati\/#\/schema\/person\/image\/","url":"https:\/\/secure.gravatar.com\/avatar\/50e5c6421d3072f42e7ace803501602c60d75233d34e29fd05feb91c8760b792?s=96&d=mm&r=g","contentUrl":"https:\/\/secure.gravatar.com\/avatar\/50e5c6421d3072f42e7ace803501602c60d75233d34e29fd05feb91c8760b792?s=96&d=mm&r=g","caption":"Redazione Comunicati Stampa"},"url":"https:\/\/www.article-marketing.eu\/comunicati\/author\/redazione-comunicati-stampa\/"}]}},"_links":{"self":[{"href":"https:\/\/www.article-marketing.eu\/comunicati\/wp-json\/wp\/v2\/posts\/505","targetHints":{"allow":["GET"]}}],"collection":[{"href":"https:\/\/www.article-marketing.eu\/comunicati\/wp-json\/wp\/v2\/posts"}],"about":[{"href":"https:\/\/www.article-marketing.eu\/comunicati\/wp-json\/wp\/v2\/types\/post"}],"author":[{"embeddable":true,"href":"https:\/\/www.article-marketing.eu\/comunicati\/wp-json\/wp\/v2\/users\/10"}],"replies":[{"embeddable":true,"href":"https:\/\/www.article-marketing.eu\/comunicati\/wp-json\/wp\/v2\/comments?post=505"}],"version-history":[{"count":0,"href":"https:\/\/www.article-marketing.eu\/comunicati\/wp-json\/wp\/v2\/posts\/505\/revisions"}],"wp:attachment":[{"href":"https:\/\/www.article-marketing.eu\/comunicati\/wp-json\/wp\/v2\/media?parent=505"}],"wp:term":[{"taxonomy":"category","embeddable":true,"href":"https:\/\/www.article-marketing.eu\/comunicati\/wp-json\/wp\/v2\/categories?post=505"},{"taxonomy":"post_tag","embeddable":true,"href":"https:\/\/www.article-marketing.eu\/comunicati\/wp-json\/wp\/v2\/tags?post=505"}],"curies":[{"name":"wp","href":"https:\/\/api.w.org\/{rel}","templated":true}]}}