{"id":50744,"date":"2016-01-12T16:41:51","date_gmt":"2016-01-12T15:41:51","guid":{"rendered":"http:\/\/www.article-marketing.eu\/comunicati\/senza-categoria\/a%252580cnatura-e-citt%2525c3%2525a0-morandi-morlotti-e-il-paesaggio-italiano-tra-le-due-guerrea%252580%25259d\/"},"modified":"2016-01-12T16:41:51","modified_gmt":"2016-01-12T15:41:51","slug":"a%252580cnatura-e-citt%2525c3%2525a0-morandi-morlotti-e-il-paesaggio-italiano-tra-le-due-guerrea%252580%25259d","status":"publish","type":"post","link":"https:\/\/www.article-marketing.eu\/comunicati\/arte-e-cultura\/a%252580cnatura-e-citt%2525c3%2525a0-morandi-morlotti-e-il-paesaggio-italiano-tra-le-due-guerrea%252580%25259d\/","title":{"rendered":"\u201cNatura e citt\u00e0. Morandi, Morlotti e il paesaggio italiano tra le due guerre\u201d"},"content":{"rendered":"<p>COMUNICATO STAMPA<\/p>\n<p>&ldquo;Natura e citt&agrave;. Morandi, Morlotti e il paesaggio italiano tra le due guerre&rdquo;<br \/>Dal 17 gennaio al 3 aprile presso le sale espositive del Palazzo delle Paure di Lecco<\/p>\n<p>Inaugurazione: Sabato 16 Gennaio alle ore 18 a Lecco Si inaugura il prossimo Sabato 16 Gennaio alle ore 18 a Lecco la mostra dal titolo &ldquo;Natura e citt&agrave;. Morandi, Morlotti e il paesaggio italiano tra le due guerre&rdquo;, che rester&agrave; aperta fino al 3 aprile prossimo presso gli spazi espositivi al primo piano del Palazzo delle Paure (Piazza XX Settembre, 22).<\/p>\n<p>La mostra, promossa dalla Fondazione della Provincia di Lecco onlus in collaborazione con il Si.M.U.L. (Sistema Museale Urbano Lecchese), l&rsquo;Associazione ex Alunni del Liceo Ginnasio &ldquo;A. Manzoni&rdquo; di Lecco e il Liceo Classico e Linguistico &ldquo;A. Manzoni&rdquo; di Lecco, si avvale del patrocinio e del contributo del Comune di Lecco ed &egrave; curata da Francesco Guzzetti.<\/p>\n<p>Attraverso una serie di capolavori (oli, disegni e incisioni) spesso rari di celebri artisti italiani &ndash; tra i quali Umberto Boccioni, Carlo Carr&agrave;, Filippo de Pisis, Mario Mafai, Giorgio Morandi, Ennio Morlotti, Ottone Rosai e Mario Sironi &ndash; realizzati negli anni compresi tra le due guerre mondiali, la mostra racconta una storia inedita, fondamentale nello sviluppo dell&#8217;arte italiana e, di riflesso, internazionale nel XX secolo: quella dell&#8217;importanza rivestita dal genere del paesaggio nell&#8217;arte italiana della prima met&agrave; del Novecento.<\/p>\n<p>Le opere sono state prestate da prestigiosi enti pubblici, quali la Fondazione Cariplo di Milano, il Museo del Novecento, la Casa Museo Boschi Di Stefano e la pinacoteca &ldquo;il Divisionismo&rdquo; della Fondazione CR di Tortona, nonch&eacute; da importanti collezioni private da tutta Italia, garantendo alla mostra la possibilit&agrave; di presentare un percorso inedito e sorprendente attraverso opere di sicura qualit&agrave; e spesso raramente visibili al pubblico.<\/p>\n<p>Occasione della mostra &egrave; il prestigioso deposito decennale de L&#8217;Adda a Imbersago, opera capitale di Morlotti del 1955, che il Museo del Novecento di Milano ha stipulato con le Civiche raccolte di Lecco, colmando cos&igrave; definitivamente una lacuna della storia culturale cittadina: mostra e deposito riportano insomma il maggiore artista di Lecco nella sua citt&agrave;, raccontandone anche la nobile storia dell&#8217;arte di cui egli &egrave; stato sensibile erede ed interprete.<\/p>\n<p>La mostra rappresenta anche un&rsquo;importante esperienza educativa di alternanza scuola-lavoro per numerosi allievi del Liceo Classico e Linguistico &ldquo;A. Manzoni&rdquo; di Lecco, impegnati sia nella predisposizione delle schede di lettura delle opere pubblicate sull&rsquo;apposito sito web (www.naturaecittalecco.it) , che delle visite guidate gratuite che verranno organizzate tutti i sabati e le domeniche pomeriggio.<\/p>\n","protected":false},"excerpt":{"rendered":"<p>Titolo:<br \/>\u201cNatura e citt\u00e0. Morandi, Morlotti e il paesaggio italiano tra le due guerre\u201d,<\/p>\n<p>Sede:<br \/>Palazzo delle Paure<br \/>Piazza XX Settembre, 22 \u2013 Lecco<\/p>\n<p>Tel. +39 0341 286729<br \/>www.naturaecittalecco.it<br \/>info@naturaecittalecco.it<br \/>www. comune.lecco.it<br \/>www.museilecco.org<\/p>\n<p>Orari:<br \/>Marted\u00ec e Mercoled\u00ec ore 9 &#8211; 13<br \/>Gioved\u00ec ore 15.30 &#8211; 18.30<br \/>Venerd\u00ec ore 15.30 &#8211; 18.30<br \/>Sabato e Domenica ore 10.30 &#8211; 18.30<br \/>Apertura serale: Gioved\u00ec ore 21- 23<br \/>Chiusa a Pasqua (27 marzo). Aperta il Luned\u00ec dell&#8217;Angelo (28 marzo) dalle 10.30 alle 18.30 <\/p>\n<p>Visite guidate gratuite: Sabato e Domenica: ore 15<\/p>\n","protected":false},"author":10,"featured_media":0,"comment_status":"open","ping_status":"open","sticky":false,"template":"","format":"standard","meta":{"cybocfi_hide_featured_image":"","footnotes":""},"categories":[27],"tags":[171,24133,53689,53690,1000],"class_list":["post-50744","post","type-post","status-publish","format-standard","hentry","category-arte-e-cultura","tag-arte","tag-lecco","tag-morandi","tag-morlotti","tag-mostra"],"yoast_head":"<!-- This site is optimized with the Yoast SEO plugin v27.0 - https:\/\/yoast.com\/product\/yoast-seo-wordpress\/ -->\n<title>\u201cNatura e citt\u00e0. Morandi, Morlotti e il paesaggio italiano tra le due guerre\u201d - Article Marketing<\/title>\n<meta name=\"robots\" content=\"index, follow, max-snippet:-1, max-image-preview:large, max-video-preview:-1\" \/>\n<link rel=\"canonical\" href=\"https:\/\/www.article-marketing.eu\/comunicati\/arte-e-cultura\/a%2580cnatura-e-citt%25c3%25a0-morandi-morlotti-e-il-paesaggio-italiano-tra-le-due-guerrea%2580%259d\/\" \/>\n<meta property=\"og:locale\" content=\"it_IT\" \/>\n<meta property=\"og:type\" content=\"article\" \/>\n<meta property=\"og:title\" content=\"\u201cNatura e citt\u00e0. Morandi, Morlotti e il paesaggio italiano tra le due guerre\u201d - Article Marketing\" \/>\n<meta property=\"og:description\" content=\"Titolo:\u201cNatura e citt\u00e0. Morandi, Morlotti e il paesaggio italiano tra le due guerre\u201d, Sede:Palazzo delle PaurePiazza XX Settembre, 22 \u2013 Lecco Tel. +39 0341 286729www.naturaecittalecco.itinfo@naturaecittalecco.itwww. comune.lecco.itwww.museilecco.orgOrari:Marted\u00ec e Mercoled\u00ec ore 9 - 13Gioved\u00ec ore 15.30 - 18.30Venerd\u00ec ore 15.30 - 18.30Sabato e Domenica ore 10.30 - 18.30Apertura serale: Gioved\u00ec ore 21- 23Chiusa a Pasqua (27 marzo). Aperta il Luned\u00ec dell&#039;Angelo (28 marzo) dalle 10.30 alle 18.30 Visite guidate gratuite: Sabato e Domenica: ore 15\" \/>\n<meta property=\"og:url\" content=\"https:\/\/www.article-marketing.eu\/comunicati\/arte-e-cultura\/a%2580cnatura-e-citt%25c3%25a0-morandi-morlotti-e-il-paesaggio-italiano-tra-le-due-guerrea%2580%259d\/\" \/>\n<meta property=\"og:site_name\" content=\"Article Marketing\" \/>\n<meta property=\"article:published_time\" content=\"2016-01-12T15:41:51+00:00\" \/>\n<meta name=\"author\" content=\"Redazione Comunicati Stampa\" \/>\n<meta name=\"twitter:card\" content=\"summary_large_image\" \/>\n<meta name=\"twitter:label1\" content=\"Scritto da\" \/>\n\t<meta name=\"twitter:data1\" content=\"Redazione Comunicati Stampa\" \/>\n\t<meta name=\"twitter:label2\" content=\"Tempo di lettura stimato\" \/>\n\t<meta name=\"twitter:data2\" content=\"2 minuti\" \/>\n<script type=\"application\/ld+json\" class=\"yoast-schema-graph\">{\"@context\":\"https:\/\/schema.org\",\"@graph\":[{\"@type\":\"Article\",\"@id\":\"https:\/\/www.article-marketing.eu\/comunicati\/arte-e-cultura\/a%252580cnatura-e-citt%2525c3%2525a0-morandi-morlotti-e-il-paesaggio-italiano-tra-le-due-guerrea%252580%25259d\/#article\",\"isPartOf\":{\"@id\":\"https:\/\/www.article-marketing.eu\/comunicati\/arte-e-cultura\/a%252580cnatura-e-citt%2525c3%2525a0-morandi-morlotti-e-il-paesaggio-italiano-tra-le-due-guerrea%252580%25259d\/\"},\"author\":{\"name\":\"Redazione Comunicati Stampa\",\"@id\":\"https:\/\/www.article-marketing.eu\/comunicati\/#\/schema\/person\/44372e4d4d0fa797b18e03ed1ace9017\"},\"headline\":\"\u201cNatura e citt\u00e0. Morandi, Morlotti e il paesaggio italiano tra le due guerre\u201d\",\"datePublished\":\"2016-01-12T15:41:51+00:00\",\"mainEntityOfPage\":{\"@id\":\"https:\/\/www.article-marketing.eu\/comunicati\/arte-e-cultura\/a%252580cnatura-e-citt%2525c3%2525a0-morandi-morlotti-e-il-paesaggio-italiano-tra-le-due-guerrea%252580%25259d\/\"},\"wordCount\":452,\"commentCount\":0,\"keywords\":[\"arte\",\"Lecco\",\"morandi\",\"morlotti\",\"Mostra\"],\"articleSection\":[\"Arte e cultura\"],\"inLanguage\":\"it-IT\",\"potentialAction\":[{\"@type\":\"CommentAction\",\"name\":\"Comment\",\"target\":[\"https:\/\/www.article-marketing.eu\/comunicati\/arte-e-cultura\/a%252580cnatura-e-citt%2525c3%2525a0-morandi-morlotti-e-il-paesaggio-italiano-tra-le-due-guerrea%252580%25259d\/#respond\"]}]},{\"@type\":\"WebPage\",\"@id\":\"https:\/\/www.article-marketing.eu\/comunicati\/arte-e-cultura\/a%252580cnatura-e-citt%2525c3%2525a0-morandi-morlotti-e-il-paesaggio-italiano-tra-le-due-guerrea%252580%25259d\/\",\"url\":\"https:\/\/www.article-marketing.eu\/comunicati\/arte-e-cultura\/a%252580cnatura-e-citt%2525c3%2525a0-morandi-morlotti-e-il-paesaggio-italiano-tra-le-due-guerrea%252580%25259d\/\",\"name\":\"\u201cNatura e citt\u00e0. Morandi, Morlotti e il paesaggio italiano tra le due guerre\u201d - Article Marketing\",\"isPartOf\":{\"@id\":\"https:\/\/www.article-marketing.eu\/comunicati\/#website\"},\"datePublished\":\"2016-01-12T15:41:51+00:00\",\"author\":{\"@id\":\"https:\/\/www.article-marketing.eu\/comunicati\/#\/schema\/person\/44372e4d4d0fa797b18e03ed1ace9017\"},\"breadcrumb\":{\"@id\":\"https:\/\/www.article-marketing.eu\/comunicati\/arte-e-cultura\/a%252580cnatura-e-citt%2525c3%2525a0-morandi-morlotti-e-il-paesaggio-italiano-tra-le-due-guerrea%252580%25259d\/#breadcrumb\"},\"inLanguage\":\"it-IT\",\"potentialAction\":[{\"@type\":\"ReadAction\",\"target\":[\"https:\/\/www.article-marketing.eu\/comunicati\/arte-e-cultura\/a%252580cnatura-e-citt%2525c3%2525a0-morandi-morlotti-e-il-paesaggio-italiano-tra-le-due-guerrea%252580%25259d\/\"]}]},{\"@type\":\"BreadcrumbList\",\"@id\":\"https:\/\/www.article-marketing.eu\/comunicati\/arte-e-cultura\/a%252580cnatura-e-citt%2525c3%2525a0-morandi-morlotti-e-il-paesaggio-italiano-tra-le-due-guerrea%252580%25259d\/#breadcrumb\",\"itemListElement\":[{\"@type\":\"ListItem\",\"position\":1,\"name\":\"Home\",\"item\":\"https:\/\/www.article-marketing.eu\/comunicati\/\"},{\"@type\":\"ListItem\",\"position\":2,\"name\":\"\u201cNatura e citt\u00e0. Morandi, Morlotti e il paesaggio italiano tra le due guerre\u201d\"}]},{\"@type\":\"WebSite\",\"@id\":\"https:\/\/www.article-marketing.eu\/comunicati\/#website\",\"url\":\"https:\/\/www.article-marketing.eu\/comunicati\/\",\"name\":\"Article Marketing\",\"description\":\"article marketing &amp; press release\",\"potentialAction\":[{\"@type\":\"SearchAction\",\"target\":{\"@type\":\"EntryPoint\",\"urlTemplate\":\"https:\/\/www.article-marketing.eu\/comunicati\/?s={search_term_string}\"},\"query-input\":{\"@type\":\"PropertyValueSpecification\",\"valueRequired\":true,\"valueName\":\"search_term_string\"}}],\"inLanguage\":\"it-IT\"},{\"@type\":\"Person\",\"@id\":\"https:\/\/www.article-marketing.eu\/comunicati\/#\/schema\/person\/44372e4d4d0fa797b18e03ed1ace9017\",\"name\":\"Redazione Comunicati Stampa\",\"image\":{\"@type\":\"ImageObject\",\"inLanguage\":\"it-IT\",\"@id\":\"https:\/\/www.article-marketing.eu\/comunicati\/#\/schema\/person\/image\/\",\"url\":\"https:\/\/secure.gravatar.com\/avatar\/50e5c6421d3072f42e7ace803501602c60d75233d34e29fd05feb91c8760b792?s=96&d=mm&r=g\",\"contentUrl\":\"https:\/\/secure.gravatar.com\/avatar\/50e5c6421d3072f42e7ace803501602c60d75233d34e29fd05feb91c8760b792?s=96&d=mm&r=g\",\"caption\":\"Redazione Comunicati Stampa\"},\"url\":\"https:\/\/www.article-marketing.eu\/comunicati\/author\/redazione-comunicati-stampa\/\"}]}<\/script>\n<!-- \/ Yoast SEO plugin. -->","yoast_head_json":{"title":"\u201cNatura e citt\u00e0. Morandi, Morlotti e il paesaggio italiano tra le due guerre\u201d - Article Marketing","robots":{"index":"index","follow":"follow","max-snippet":"max-snippet:-1","max-image-preview":"max-image-preview:large","max-video-preview":"max-video-preview:-1"},"canonical":"https:\/\/www.article-marketing.eu\/comunicati\/arte-e-cultura\/a%2580cnatura-e-citt%25c3%25a0-morandi-morlotti-e-il-paesaggio-italiano-tra-le-due-guerrea%2580%259d\/","og_locale":"it_IT","og_type":"article","og_title":"\u201cNatura e citt\u00e0. Morandi, Morlotti e il paesaggio italiano tra le due guerre\u201d - Article Marketing","og_description":"Titolo:\u201cNatura e citt\u00e0. Morandi, Morlotti e il paesaggio italiano tra le due guerre\u201d, Sede:Palazzo delle PaurePiazza XX Settembre, 22 \u2013 Lecco Tel. +39 0341 286729www.naturaecittalecco.itinfo@naturaecittalecco.itwww. comune.lecco.itwww.museilecco.orgOrari:Marted\u00ec e Mercoled\u00ec ore 9 - 13Gioved\u00ec ore 15.30 - 18.30Venerd\u00ec ore 15.30 - 18.30Sabato e Domenica ore 10.30 - 18.30Apertura serale: Gioved\u00ec ore 21- 23Chiusa a Pasqua (27 marzo). Aperta il Luned\u00ec dell'Angelo (28 marzo) dalle 10.30 alle 18.30 Visite guidate gratuite: Sabato e Domenica: ore 15","og_url":"https:\/\/www.article-marketing.eu\/comunicati\/arte-e-cultura\/a%2580cnatura-e-citt%25c3%25a0-morandi-morlotti-e-il-paesaggio-italiano-tra-le-due-guerrea%2580%259d\/","og_site_name":"Article Marketing","article_published_time":"2016-01-12T15:41:51+00:00","author":"Redazione Comunicati Stampa","twitter_card":"summary_large_image","twitter_misc":{"Scritto da":"Redazione Comunicati Stampa","Tempo di lettura stimato":"2 minuti"},"schema":{"@context":"https:\/\/schema.org","@graph":[{"@type":"Article","@id":"https:\/\/www.article-marketing.eu\/comunicati\/arte-e-cultura\/a%252580cnatura-e-citt%2525c3%2525a0-morandi-morlotti-e-il-paesaggio-italiano-tra-le-due-guerrea%252580%25259d\/#article","isPartOf":{"@id":"https:\/\/www.article-marketing.eu\/comunicati\/arte-e-cultura\/a%252580cnatura-e-citt%2525c3%2525a0-morandi-morlotti-e-il-paesaggio-italiano-tra-le-due-guerrea%252580%25259d\/"},"author":{"name":"Redazione Comunicati Stampa","@id":"https:\/\/www.article-marketing.eu\/comunicati\/#\/schema\/person\/44372e4d4d0fa797b18e03ed1ace9017"},"headline":"\u201cNatura e citt\u00e0. Morandi, Morlotti e il paesaggio italiano tra le due guerre\u201d","datePublished":"2016-01-12T15:41:51+00:00","mainEntityOfPage":{"@id":"https:\/\/www.article-marketing.eu\/comunicati\/arte-e-cultura\/a%252580cnatura-e-citt%2525c3%2525a0-morandi-morlotti-e-il-paesaggio-italiano-tra-le-due-guerrea%252580%25259d\/"},"wordCount":452,"commentCount":0,"keywords":["arte","Lecco","morandi","morlotti","Mostra"],"articleSection":["Arte e cultura"],"inLanguage":"it-IT","potentialAction":[{"@type":"CommentAction","name":"Comment","target":["https:\/\/www.article-marketing.eu\/comunicati\/arte-e-cultura\/a%252580cnatura-e-citt%2525c3%2525a0-morandi-morlotti-e-il-paesaggio-italiano-tra-le-due-guerrea%252580%25259d\/#respond"]}]},{"@type":"WebPage","@id":"https:\/\/www.article-marketing.eu\/comunicati\/arte-e-cultura\/a%252580cnatura-e-citt%2525c3%2525a0-morandi-morlotti-e-il-paesaggio-italiano-tra-le-due-guerrea%252580%25259d\/","url":"https:\/\/www.article-marketing.eu\/comunicati\/arte-e-cultura\/a%252580cnatura-e-citt%2525c3%2525a0-morandi-morlotti-e-il-paesaggio-italiano-tra-le-due-guerrea%252580%25259d\/","name":"\u201cNatura e citt\u00e0. Morandi, Morlotti e il paesaggio italiano tra le due guerre\u201d - Article Marketing","isPartOf":{"@id":"https:\/\/www.article-marketing.eu\/comunicati\/#website"},"datePublished":"2016-01-12T15:41:51+00:00","author":{"@id":"https:\/\/www.article-marketing.eu\/comunicati\/#\/schema\/person\/44372e4d4d0fa797b18e03ed1ace9017"},"breadcrumb":{"@id":"https:\/\/www.article-marketing.eu\/comunicati\/arte-e-cultura\/a%252580cnatura-e-citt%2525c3%2525a0-morandi-morlotti-e-il-paesaggio-italiano-tra-le-due-guerrea%252580%25259d\/#breadcrumb"},"inLanguage":"it-IT","potentialAction":[{"@type":"ReadAction","target":["https:\/\/www.article-marketing.eu\/comunicati\/arte-e-cultura\/a%252580cnatura-e-citt%2525c3%2525a0-morandi-morlotti-e-il-paesaggio-italiano-tra-le-due-guerrea%252580%25259d\/"]}]},{"@type":"BreadcrumbList","@id":"https:\/\/www.article-marketing.eu\/comunicati\/arte-e-cultura\/a%252580cnatura-e-citt%2525c3%2525a0-morandi-morlotti-e-il-paesaggio-italiano-tra-le-due-guerrea%252580%25259d\/#breadcrumb","itemListElement":[{"@type":"ListItem","position":1,"name":"Home","item":"https:\/\/www.article-marketing.eu\/comunicati\/"},{"@type":"ListItem","position":2,"name":"\u201cNatura e citt\u00e0. Morandi, Morlotti e il paesaggio italiano tra le due guerre\u201d"}]},{"@type":"WebSite","@id":"https:\/\/www.article-marketing.eu\/comunicati\/#website","url":"https:\/\/www.article-marketing.eu\/comunicati\/","name":"Article Marketing","description":"article marketing &amp; press release","potentialAction":[{"@type":"SearchAction","target":{"@type":"EntryPoint","urlTemplate":"https:\/\/www.article-marketing.eu\/comunicati\/?s={search_term_string}"},"query-input":{"@type":"PropertyValueSpecification","valueRequired":true,"valueName":"search_term_string"}}],"inLanguage":"it-IT"},{"@type":"Person","@id":"https:\/\/www.article-marketing.eu\/comunicati\/#\/schema\/person\/44372e4d4d0fa797b18e03ed1ace9017","name":"Redazione Comunicati Stampa","image":{"@type":"ImageObject","inLanguage":"it-IT","@id":"https:\/\/www.article-marketing.eu\/comunicati\/#\/schema\/person\/image\/","url":"https:\/\/secure.gravatar.com\/avatar\/50e5c6421d3072f42e7ace803501602c60d75233d34e29fd05feb91c8760b792?s=96&d=mm&r=g","contentUrl":"https:\/\/secure.gravatar.com\/avatar\/50e5c6421d3072f42e7ace803501602c60d75233d34e29fd05feb91c8760b792?s=96&d=mm&r=g","caption":"Redazione Comunicati Stampa"},"url":"https:\/\/www.article-marketing.eu\/comunicati\/author\/redazione-comunicati-stampa\/"}]}},"_links":{"self":[{"href":"https:\/\/www.article-marketing.eu\/comunicati\/wp-json\/wp\/v2\/posts\/50744","targetHints":{"allow":["GET"]}}],"collection":[{"href":"https:\/\/www.article-marketing.eu\/comunicati\/wp-json\/wp\/v2\/posts"}],"about":[{"href":"https:\/\/www.article-marketing.eu\/comunicati\/wp-json\/wp\/v2\/types\/post"}],"author":[{"embeddable":true,"href":"https:\/\/www.article-marketing.eu\/comunicati\/wp-json\/wp\/v2\/users\/10"}],"replies":[{"embeddable":true,"href":"https:\/\/www.article-marketing.eu\/comunicati\/wp-json\/wp\/v2\/comments?post=50744"}],"version-history":[{"count":0,"href":"https:\/\/www.article-marketing.eu\/comunicati\/wp-json\/wp\/v2\/posts\/50744\/revisions"}],"wp:attachment":[{"href":"https:\/\/www.article-marketing.eu\/comunicati\/wp-json\/wp\/v2\/media?parent=50744"}],"wp:term":[{"taxonomy":"category","embeddable":true,"href":"https:\/\/www.article-marketing.eu\/comunicati\/wp-json\/wp\/v2\/categories?post=50744"},{"taxonomy":"post_tag","embeddable":true,"href":"https:\/\/www.article-marketing.eu\/comunicati\/wp-json\/wp\/v2\/tags?post=50744"}],"curies":[{"name":"wp","href":"https:\/\/api.w.org\/{rel}","templated":true}]}}