{"id":5081,"date":"2010-05-13T16:42:16","date_gmt":"2010-05-13T14:42:16","guid":{"rendered":"http:\/\/www.article-marketing.eu\/comunicati\/senza-categoria\/lavora-con-noi-ditek-kit-di-pronto-soccorso\/"},"modified":"2018-07-10T05:47:39","modified_gmt":"2018-07-10T03:47:39","slug":"lavora-con-noi-ditek-kit-di-pronto-soccorso","status":"publish","type":"post","link":"https:\/\/www.article-marketing.eu\/comunicati\/economia-e-lavoro\/aziende\/lavora-con-noi-ditek-kit-di-pronto-soccorso\/","title":{"rendered":"Lavora con Noi! Ditek Kit di Pronto Soccorso"},"content":{"rendered":"<p><strong>Lavora con Noi! Ditek Cassette di Pronto Soccorso<\/strong><\/p>\n<p>I nostri valori<\/p>\n<p>Al centro della nostra attenzione quotidiana c\u2019\u00e8 la Persona come<br \/>\n\u201cessere umano\u201d e non solo come \u201clavoratore\u201d. La sua soddisfazione, la<br \/>\nsua realizzazione sia Umana che Professionale sia dal lato puramente<br \/>\neconomico sia da quello di un raggiungimento degli obiettivi preposti<br \/>\ncon una continua crescita sia individuale che di gruppo.<\/p>\n<p>Il Collaboratore<\/p>\n<p>Ognuno \u00e8 protagonista del proprio ruolo e della propria crescita.<br \/>\nOgnuno deve vivere l\u2019esperienza nel nostro gruppo con iniziativa, senso<br \/>\ndi responsabilit\u00e0 ed esemplarit\u00e0. Ciascuno \u00e8 responsabile della propria<br \/>\ncrescita personale e professionale, cos\u00ec da favorire l\u2019evoluzione della<br \/>\npropria squadra e dell\u2019impresa.<\/p>\n<p>Il team<\/p>\n<p>Vogliamo stimolarci e coinvolgerci nella crescita e nello spirito di<br \/>\ngruppo cos\u00ec che questo diventi una costante della nostro lavoro. Siamo<br \/>\naperti al dialogo e vogliamo confrontarci con trasparenza, dando a<br \/>\nciascuno la possibilit\u00e0 di apportare il proprio contributo.<\/p>\n<p>La Mission<\/p>\n<p>Essere un gruppo unito ed affiatato, informarsi e formarsi<br \/>\ncostantemente per acquisire e sviluppare competenze specifiche nei vari<br \/>\nsettori cos\u00ec da condividerle poi con il resto del Team. Lavoriamo per<br \/>\nsviluppare i nostri servizi attraverso l\u2019anticipazione e la successiva<br \/>\nsoddisfazione dei bisogni dei clienti, l\u2019organizzazione e l\u2019attenzione<br \/>\nai metodi di lavoro.<\/p>\n<p>Il Risultato<\/p>\n<p>Grandi obiettivi e grandi mete si raggiungono solo con un eccellente<br \/>\nlavoro di gruppo !!! Grandi obiettivi si realizzano unendo eccellenza a<br \/>\nperseveranza e tenacia. Il nostro impegno \u00e8 rivolto ad ottenere una<br \/>\nsoddisfazione personale, unitamente a quella degli altri membri del Team<br \/>\n cos\u00ec da favorire lo sviluppo dell\u2019intera azienda. Il tutto anche<br \/>\nattraverso la condivisione dei benefici professionali, dei risultati e<br \/>\ndei miglioramenti ottenuti.<\/p>\n<p><strong><\/strong><br \/>\nContattaci o mandaci un curriculum:<br \/>\nTelefono +39 055 7575056<br \/>\nTelefax +39 055 7350289<br \/>\nMobile +39 331 6163296 o +39 331 6509448<br \/>\nMail info@ditekitalia.it<\/p>\n<p><strong>GiekoNet<\/strong> \u2013<br \/>\nServizio di <strong>Web Writing Professionale<\/strong> e divulgazione di<br \/>\n <strong>Articoli<\/strong>, <strong>Recensioni<\/strong>, <strong>Comunicati<br \/>\n Stampa<\/strong> ne Web<\/p>\n<p style=\"text-align: left; \"><strong>Mail<\/strong>: giekonet@gmail.com <strong>&#8211;<br \/>\n Sito Web<\/strong>: http:\/\/www.gieko.net\/<\/p>\n<p style=\"text-align: left; \"><strong>Cell<\/strong>: +39 3472914597<\/p>\n","protected":false},"excerpt":{"rendered":"<p>Al centro della nostra attenzione quotidiana c\u2019\u00e8 la Persona come \u201cessere umano\u201d e non solo come \u201clavoratore\u201d. La sua soddisfazione, la sua realizzazione sia Umana che Professionale sia dal lato puramente economico sia da quello di un raggiungimento degli obiettivi preposti con una continua crescita sia individuale che di gruppo.<\/p>\n","protected":false},"author":10,"featured_media":0,"comment_status":"open","ping_status":"open","sticky":false,"template":"","format":"standard","meta":{"cybocfi_hide_featured_image":"","footnotes":""},"categories":[129],"tags":[14442,7723,7725],"class_list":["post-5081","post","type-post","status-publish","format-standard","hentry","category-aziende","tag-cassette-di-pronto-soccorso","tag-ditek","tag-kit-di-pronto-soccorso"],"yoast_head":"<!-- This site is optimized with the Yoast SEO plugin v27.0 - https:\/\/yoast.com\/product\/yoast-seo-wordpress\/ -->\n<title>Lavora con Noi! Ditek Kit di Pronto Soccorso - Article Marketing<\/title>\n<meta name=\"robots\" content=\"index, follow, max-snippet:-1, max-image-preview:large, max-video-preview:-1\" \/>\n<link rel=\"canonical\" href=\"https:\/\/www.article-marketing.eu\/comunicati\/economia-e-lavoro\/aziende\/lavora-con-noi-ditek-kit-di-pronto-soccorso\/\" \/>\n<meta property=\"og:locale\" content=\"it_IT\" \/>\n<meta property=\"og:type\" content=\"article\" \/>\n<meta property=\"og:title\" content=\"Lavora con Noi! Ditek Kit di Pronto Soccorso - Article Marketing\" \/>\n<meta property=\"og:description\" content=\"Al centro della nostra attenzione quotidiana c\u2019\u00e8 la Persona come \u201cessere umano\u201d e non solo come \u201clavoratore\u201d. La sua soddisfazione, la sua realizzazione sia Umana che Professionale sia dal lato puramente economico sia da quello di un raggiungimento degli obiettivi preposti con una continua crescita sia individuale che di gruppo.\" \/>\n<meta property=\"og:url\" content=\"https:\/\/www.article-marketing.eu\/comunicati\/economia-e-lavoro\/aziende\/lavora-con-noi-ditek-kit-di-pronto-soccorso\/\" \/>\n<meta property=\"og:site_name\" content=\"Article Marketing\" \/>\n<meta property=\"article:published_time\" content=\"2010-05-13T14:42:16+00:00\" \/>\n<meta property=\"article:modified_time\" content=\"2018-07-10T03:47:39+00:00\" \/>\n<meta name=\"author\" content=\"Redazione Comunicati Stampa\" \/>\n<meta name=\"twitter:card\" content=\"summary_large_image\" \/>\n<meta name=\"twitter:label1\" content=\"Scritto da\" \/>\n\t<meta name=\"twitter:data1\" content=\"Redazione Comunicati Stampa\" \/>\n\t<meta name=\"twitter:label2\" content=\"Tempo di lettura stimato\" \/>\n\t<meta name=\"twitter:data2\" content=\"2 minuti\" \/>\n<script type=\"application\/ld+json\" class=\"yoast-schema-graph\">{\"@context\":\"https:\/\/schema.org\",\"@graph\":[{\"@type\":\"Article\",\"@id\":\"https:\/\/www.article-marketing.eu\/comunicati\/economia-e-lavoro\/aziende\/lavora-con-noi-ditek-kit-di-pronto-soccorso\/#article\",\"isPartOf\":{\"@id\":\"https:\/\/www.article-marketing.eu\/comunicati\/economia-e-lavoro\/aziende\/lavora-con-noi-ditek-kit-di-pronto-soccorso\/\"},\"author\":{\"name\":\"Redazione Comunicati Stampa\",\"@id\":\"https:\/\/www.article-marketing.eu\/comunicati\/#\/schema\/person\/44372e4d4d0fa797b18e03ed1ace9017\"},\"headline\":\"Lavora con Noi! Ditek Kit di Pronto Soccorso\",\"datePublished\":\"2010-05-13T14:42:16+00:00\",\"dateModified\":\"2018-07-10T03:47:39+00:00\",\"mainEntityOfPage\":{\"@id\":\"https:\/\/www.article-marketing.eu\/comunicati\/economia-e-lavoro\/aziende\/lavora-con-noi-ditek-kit-di-pronto-soccorso\/\"},\"wordCount\":317,\"commentCount\":0,\"keywords\":[\"cassette di pronto soccorso\",\"Ditek\",\"kit di pronto soccorso\"],\"articleSection\":[\"Aziende\"],\"inLanguage\":\"it-IT\",\"potentialAction\":[{\"@type\":\"CommentAction\",\"name\":\"Comment\",\"target\":[\"https:\/\/www.article-marketing.eu\/comunicati\/economia-e-lavoro\/aziende\/lavora-con-noi-ditek-kit-di-pronto-soccorso\/#respond\"]}]},{\"@type\":\"WebPage\",\"@id\":\"https:\/\/www.article-marketing.eu\/comunicati\/economia-e-lavoro\/aziende\/lavora-con-noi-ditek-kit-di-pronto-soccorso\/\",\"url\":\"https:\/\/www.article-marketing.eu\/comunicati\/economia-e-lavoro\/aziende\/lavora-con-noi-ditek-kit-di-pronto-soccorso\/\",\"name\":\"Lavora con Noi! Ditek Kit di Pronto Soccorso - Article Marketing\",\"isPartOf\":{\"@id\":\"https:\/\/www.article-marketing.eu\/comunicati\/#website\"},\"datePublished\":\"2010-05-13T14:42:16+00:00\",\"dateModified\":\"2018-07-10T03:47:39+00:00\",\"author\":{\"@id\":\"https:\/\/www.article-marketing.eu\/comunicati\/#\/schema\/person\/44372e4d4d0fa797b18e03ed1ace9017\"},\"breadcrumb\":{\"@id\":\"https:\/\/www.article-marketing.eu\/comunicati\/economia-e-lavoro\/aziende\/lavora-con-noi-ditek-kit-di-pronto-soccorso\/#breadcrumb\"},\"inLanguage\":\"it-IT\",\"potentialAction\":[{\"@type\":\"ReadAction\",\"target\":[\"https:\/\/www.article-marketing.eu\/comunicati\/economia-e-lavoro\/aziende\/lavora-con-noi-ditek-kit-di-pronto-soccorso\/\"]}]},{\"@type\":\"BreadcrumbList\",\"@id\":\"https:\/\/www.article-marketing.eu\/comunicati\/economia-e-lavoro\/aziende\/lavora-con-noi-ditek-kit-di-pronto-soccorso\/#breadcrumb\",\"itemListElement\":[{\"@type\":\"ListItem\",\"position\":1,\"name\":\"Home\",\"item\":\"https:\/\/www.article-marketing.eu\/comunicati\/\"},{\"@type\":\"ListItem\",\"position\":2,\"name\":\"Lavora con Noi! Ditek Kit di Pronto Soccorso\"}]},{\"@type\":\"WebSite\",\"@id\":\"https:\/\/www.article-marketing.eu\/comunicati\/#website\",\"url\":\"https:\/\/www.article-marketing.eu\/comunicati\/\",\"name\":\"Article Marketing\",\"description\":\"article marketing &amp; press release\",\"potentialAction\":[{\"@type\":\"SearchAction\",\"target\":{\"@type\":\"EntryPoint\",\"urlTemplate\":\"https:\/\/www.article-marketing.eu\/comunicati\/?s={search_term_string}\"},\"query-input\":{\"@type\":\"PropertyValueSpecification\",\"valueRequired\":true,\"valueName\":\"search_term_string\"}}],\"inLanguage\":\"it-IT\"},{\"@type\":\"Person\",\"@id\":\"https:\/\/www.article-marketing.eu\/comunicati\/#\/schema\/person\/44372e4d4d0fa797b18e03ed1ace9017\",\"name\":\"Redazione Comunicati Stampa\",\"image\":{\"@type\":\"ImageObject\",\"inLanguage\":\"it-IT\",\"@id\":\"https:\/\/www.article-marketing.eu\/comunicati\/#\/schema\/person\/image\/\",\"url\":\"https:\/\/secure.gravatar.com\/avatar\/50e5c6421d3072f42e7ace803501602c60d75233d34e29fd05feb91c8760b792?s=96&d=mm&r=g\",\"contentUrl\":\"https:\/\/secure.gravatar.com\/avatar\/50e5c6421d3072f42e7ace803501602c60d75233d34e29fd05feb91c8760b792?s=96&d=mm&r=g\",\"caption\":\"Redazione Comunicati Stampa\"},\"url\":\"https:\/\/www.article-marketing.eu\/comunicati\/author\/redazione-comunicati-stampa\/\"}]}<\/script>\n<!-- \/ Yoast SEO plugin. -->","yoast_head_json":{"title":"Lavora con Noi! Ditek Kit di Pronto Soccorso - Article Marketing","robots":{"index":"index","follow":"follow","max-snippet":"max-snippet:-1","max-image-preview":"max-image-preview:large","max-video-preview":"max-video-preview:-1"},"canonical":"https:\/\/www.article-marketing.eu\/comunicati\/economia-e-lavoro\/aziende\/lavora-con-noi-ditek-kit-di-pronto-soccorso\/","og_locale":"it_IT","og_type":"article","og_title":"Lavora con Noi! Ditek Kit di Pronto Soccorso - Article Marketing","og_description":"Al centro della nostra attenzione quotidiana c\u2019\u00e8 la Persona come \u201cessere umano\u201d e non solo come \u201clavoratore\u201d. La sua soddisfazione, la sua realizzazione sia Umana che Professionale sia dal lato puramente economico sia da quello di un raggiungimento degli obiettivi preposti con una continua crescita sia individuale che di gruppo.","og_url":"https:\/\/www.article-marketing.eu\/comunicati\/economia-e-lavoro\/aziende\/lavora-con-noi-ditek-kit-di-pronto-soccorso\/","og_site_name":"Article Marketing","article_published_time":"2010-05-13T14:42:16+00:00","article_modified_time":"2018-07-10T03:47:39+00:00","author":"Redazione Comunicati Stampa","twitter_card":"summary_large_image","twitter_misc":{"Scritto da":"Redazione Comunicati Stampa","Tempo di lettura stimato":"2 minuti"},"schema":{"@context":"https:\/\/schema.org","@graph":[{"@type":"Article","@id":"https:\/\/www.article-marketing.eu\/comunicati\/economia-e-lavoro\/aziende\/lavora-con-noi-ditek-kit-di-pronto-soccorso\/#article","isPartOf":{"@id":"https:\/\/www.article-marketing.eu\/comunicati\/economia-e-lavoro\/aziende\/lavora-con-noi-ditek-kit-di-pronto-soccorso\/"},"author":{"name":"Redazione Comunicati Stampa","@id":"https:\/\/www.article-marketing.eu\/comunicati\/#\/schema\/person\/44372e4d4d0fa797b18e03ed1ace9017"},"headline":"Lavora con Noi! Ditek Kit di Pronto Soccorso","datePublished":"2010-05-13T14:42:16+00:00","dateModified":"2018-07-10T03:47:39+00:00","mainEntityOfPage":{"@id":"https:\/\/www.article-marketing.eu\/comunicati\/economia-e-lavoro\/aziende\/lavora-con-noi-ditek-kit-di-pronto-soccorso\/"},"wordCount":317,"commentCount":0,"keywords":["cassette di pronto soccorso","Ditek","kit di pronto soccorso"],"articleSection":["Aziende"],"inLanguage":"it-IT","potentialAction":[{"@type":"CommentAction","name":"Comment","target":["https:\/\/www.article-marketing.eu\/comunicati\/economia-e-lavoro\/aziende\/lavora-con-noi-ditek-kit-di-pronto-soccorso\/#respond"]}]},{"@type":"WebPage","@id":"https:\/\/www.article-marketing.eu\/comunicati\/economia-e-lavoro\/aziende\/lavora-con-noi-ditek-kit-di-pronto-soccorso\/","url":"https:\/\/www.article-marketing.eu\/comunicati\/economia-e-lavoro\/aziende\/lavora-con-noi-ditek-kit-di-pronto-soccorso\/","name":"Lavora con Noi! Ditek Kit di Pronto Soccorso - Article Marketing","isPartOf":{"@id":"https:\/\/www.article-marketing.eu\/comunicati\/#website"},"datePublished":"2010-05-13T14:42:16+00:00","dateModified":"2018-07-10T03:47:39+00:00","author":{"@id":"https:\/\/www.article-marketing.eu\/comunicati\/#\/schema\/person\/44372e4d4d0fa797b18e03ed1ace9017"},"breadcrumb":{"@id":"https:\/\/www.article-marketing.eu\/comunicati\/economia-e-lavoro\/aziende\/lavora-con-noi-ditek-kit-di-pronto-soccorso\/#breadcrumb"},"inLanguage":"it-IT","potentialAction":[{"@type":"ReadAction","target":["https:\/\/www.article-marketing.eu\/comunicati\/economia-e-lavoro\/aziende\/lavora-con-noi-ditek-kit-di-pronto-soccorso\/"]}]},{"@type":"BreadcrumbList","@id":"https:\/\/www.article-marketing.eu\/comunicati\/economia-e-lavoro\/aziende\/lavora-con-noi-ditek-kit-di-pronto-soccorso\/#breadcrumb","itemListElement":[{"@type":"ListItem","position":1,"name":"Home","item":"https:\/\/www.article-marketing.eu\/comunicati\/"},{"@type":"ListItem","position":2,"name":"Lavora con Noi! Ditek Kit di Pronto Soccorso"}]},{"@type":"WebSite","@id":"https:\/\/www.article-marketing.eu\/comunicati\/#website","url":"https:\/\/www.article-marketing.eu\/comunicati\/","name":"Article Marketing","description":"article marketing &amp; press release","potentialAction":[{"@type":"SearchAction","target":{"@type":"EntryPoint","urlTemplate":"https:\/\/www.article-marketing.eu\/comunicati\/?s={search_term_string}"},"query-input":{"@type":"PropertyValueSpecification","valueRequired":true,"valueName":"search_term_string"}}],"inLanguage":"it-IT"},{"@type":"Person","@id":"https:\/\/www.article-marketing.eu\/comunicati\/#\/schema\/person\/44372e4d4d0fa797b18e03ed1ace9017","name":"Redazione Comunicati Stampa","image":{"@type":"ImageObject","inLanguage":"it-IT","@id":"https:\/\/www.article-marketing.eu\/comunicati\/#\/schema\/person\/image\/","url":"https:\/\/secure.gravatar.com\/avatar\/50e5c6421d3072f42e7ace803501602c60d75233d34e29fd05feb91c8760b792?s=96&d=mm&r=g","contentUrl":"https:\/\/secure.gravatar.com\/avatar\/50e5c6421d3072f42e7ace803501602c60d75233d34e29fd05feb91c8760b792?s=96&d=mm&r=g","caption":"Redazione Comunicati Stampa"},"url":"https:\/\/www.article-marketing.eu\/comunicati\/author\/redazione-comunicati-stampa\/"}]}},"_links":{"self":[{"href":"https:\/\/www.article-marketing.eu\/comunicati\/wp-json\/wp\/v2\/posts\/5081","targetHints":{"allow":["GET"]}}],"collection":[{"href":"https:\/\/www.article-marketing.eu\/comunicati\/wp-json\/wp\/v2\/posts"}],"about":[{"href":"https:\/\/www.article-marketing.eu\/comunicati\/wp-json\/wp\/v2\/types\/post"}],"author":[{"embeddable":true,"href":"https:\/\/www.article-marketing.eu\/comunicati\/wp-json\/wp\/v2\/users\/10"}],"replies":[{"embeddable":true,"href":"https:\/\/www.article-marketing.eu\/comunicati\/wp-json\/wp\/v2\/comments?post=5081"}],"version-history":[{"count":4,"href":"https:\/\/www.article-marketing.eu\/comunicati\/wp-json\/wp\/v2\/posts\/5081\/revisions"}],"predecessor-version":[{"id":62325,"href":"https:\/\/www.article-marketing.eu\/comunicati\/wp-json\/wp\/v2\/posts\/5081\/revisions\/62325"}],"wp:attachment":[{"href":"https:\/\/www.article-marketing.eu\/comunicati\/wp-json\/wp\/v2\/media?parent=5081"}],"wp:term":[{"taxonomy":"category","embeddable":true,"href":"https:\/\/www.article-marketing.eu\/comunicati\/wp-json\/wp\/v2\/categories?post=5081"},{"taxonomy":"post_tag","embeddable":true,"href":"https:\/\/www.article-marketing.eu\/comunicati\/wp-json\/wp\/v2\/tags?post=5081"}],"curies":[{"name":"wp","href":"https:\/\/api.w.org\/{rel}","templated":true}]}}