{"id":5090,"date":"2010-05-14T11:17:57","date_gmt":"2010-05-14T09:17:57","guid":{"rendered":"http:\/\/www.article-marketing.eu\/comunicati\/senza-categoria\/martha-argerich-inaugura-le-settimane-musicali-al-teatro-olimpico\/"},"modified":"2020-08-10T01:16:15","modified_gmt":"2020-08-09T23:16:15","slug":"martha-argerich-inaugura-le-settimane-musicali-al-teatro-olimpico","status":"publish","type":"post","link":"https:\/\/www.article-marketing.eu\/comunicati\/arte-e-cultura\/musica\/martha-argerich-inaugura-le-settimane-musicali-al-teatro-olimpico\/","title":{"rendered":"Martha Argerich inaugura le Settimane Musicali al Teatro olimpico"},"content":{"rendered":"<p>Prende il via \u201c<em>Ambasciatori di note. Musicisti italiani nelle capitali d&#8217;Europa\u201d<\/em>, XIX edizione del Festival Internazionale d\u2019opera e musica da camera delle <strong>Settimane Musicali al<\/strong> <strong>Teatro Olimpico <\/strong>di <strong>Vicenza<\/strong>. Dopo il \u201cViaggio musicale in Italia\u201d delle edizioni 2007\/2009, il festival, curato da Giovanni Battista Rigon, propone un nuovo percorso, questa volta attraverso le capitali musicali europee. La tappa di quest\u2019anno sar\u00e0 Parigi.<br \/>\n&nbsp;<br \/>\nL\u2019appuntamento d\u2019apertura, <strong>mercoled\u00ec 19 maggio 2010 <\/strong>alle ore <strong>21.00<\/strong> presso il <strong>Teatro Olimpico <\/strong>di <strong>Vicenza<\/strong>, \u00e8 intitolato \u201c<em>Hommage \u00e0 Schumann\u201d<\/em>: un\u2019occasione per celebrare il compositore tedesco <strong>Robert Schumann<\/strong> di cui ricorrono i 200 anni dalla nascita. La pianista argentina, <strong>Martha Argerich<\/strong>, al suo ritorno all\u2019Olimpico, si esibir\u00e0 insieme ad altri quattro grandi interpeti: la violinista italo-armena <strong>Sonig Tchakerian<\/strong>, responsabile artistico della musica da camera alle Settimane Musicali; la violinista americana <strong>Gabrielle Shek<\/strong>; <strong>Lyda Chen<\/strong>, talentuosa violista, figlia di Martha Argerich; il violoncellista <strong>Enrico Bronzi<\/strong>, vincitore di numerosi premi internazionali e docente al Mozarteum di Salisburgo. Il concerto, realizzato in collaborazione con <strong>Bologna Festival <\/strong>e <strong>Accademia Filarmonica Romana<\/strong>, propone tutte musiche di Schumann: i <strong><em>F\u00fcnf St\u00fccke im Volkston <\/em>op. 102 per violoncello e pianoforte<\/strong>, i <strong><em>M\u00e4rchenbilder<\/em> op. 113 per viola e pianoforte<\/strong>,<strong> <\/strong>la <strong>Sonata per violino e pianoforte<\/strong> <strong>in re minore op. 121<\/strong> e il celeberrimo <strong>Quintetto per pianoforte e quartetto d\u2019archi op. 44<\/strong>.<br \/>\n&nbsp;<br \/>\nLe Settimane Musicali al Teatro Olimpico fanno parte dal 2007 del circuito dell\u2019<strong>EFA &#8211; European Festival Association<\/strong>, la pi\u00f9 antica e prestigiosa associazione di festival europei &#8211; unico festival veneto tra i dieci italiani ad aver ottenuto questo prestigioso riconoscimento.<br \/>\n&nbsp;<br \/>\nStrumento imprescindibile nell\u2019ambito della produzione musicale di Robert Schumann, il pianoforte \u00e8 presente anche in tutte le composizioni in programma. I<em> F\u00fcnf St\u00fccke im Volkston<\/em> op. 102, cinque pezzi \u201cin stile popolare\u201d per violoncello e pianoforte, furono composti a Dresda nell\u2019aprile del 1849, anno di grandi successi per Schumann e caratterizzato da un\u2019intensa attivit\u00e0 compositiva. I brani furono dedicati a Johann Andreas Grabau, violoncellista dell\u2019orchestra della Gewandhaus di Lipsia. Altra perla della produzione cameristica schumanniana sono i <em>M<\/em><em>\u00e4rchenbilder<\/em> op. 113 (Racconti di fate) per viola e pianoforte. Completata nel marzo del 1851, l\u2019op. 113 fu dedicata da Schumann a Joseph Wilhelm von Wasielewski, suo allievo e futuro biografo. I <em>M<\/em><em>\u00e4rchenbilder<\/em> testimoniano, insieme ad altre composizioni cameristiche, l\u2019abilit\u00e0 di Schumann nel ricreare in musica realt\u00e0 fantastiche e visionarie, nel pi\u00f9 autentico spirito del romanticismo tedesco. La seconda sonata per violino e pianoforte op. 121 fu composta nell\u2019autunno del 1851 a D\u00fcsseldorf. La composizione, che segue di qualche settimana la nascita della prima sonata per violino e pianoforte (op. 105 in la minore), \u00e8 articolata in quattro movimenti e si caratterizza per una forma particolarmente grandiosa. Il Quintetto in mi bemolle maggiore op. 44 per pianoforte e archi, ultima composizione in programma, fu completato nell\u2019ottobre del 1842 a Lipsia. Dedicato alla moglie Clara, il quintetto ricevette subito una grande accoglienza. Rappresenta una delle prove pi\u00f9 riuscite della produzione cameristica del compositore, apprezzata non solo dal pubblico ma anche da grandi musicisti come Wagner e Mendelssohn. <br \/>\n&nbsp;<br \/>\nPer informazioni\/biglietti\/immagini:<br \/>\nwww.olimpico.vicenza.it &lt;<u><a href=\"http:\/\/www.olimpico.vicenza.it\/\">http:\/\/www.olimpico.vicenza.it\/<\/a><\/u>&gt; &nbsp;<u>info<\/u><u>@olimpico.vicenza.it<\/u> &lt;<u>mailto:info@olimpico.vicenza.it<\/u>&gt;  tel. 0444-302425<br \/>\n&nbsp;<br \/>\n&nbsp;<br \/>\n<strong>Ufficio stampa<\/strong>:<br \/>\nStudio Pierrepi \u2013 Alessandra Canella<br \/>\nVia del Vescovado, 79 \u2013 35141 Padova<br \/>\n<u>ufficiostampa<\/u><u>@studiopierrepi.it<\/u> &lt;<u>mailto:ufficiostampa@studiopierrepi.it<\/u>&gt; &nbsp;\u2013 tel. 049 \u2013 8753166<\/p>\n","protected":false},"excerpt":{"rendered":"<p>Martha Argerich apre le Settimane Musicali al Teatro Olimpico di Vicenza<br \/>\ncon un \u201cHommage \u00e0 Schumann\u201d<br \/>\nAl via mercoled\u00ec 19 maggio il Festival intitolato \u201cAmbasciatori di note. Musicisti italiani nelle capitali d\u2019Europa. Prima tappa: Parigi\u201d<\/p>\n","protected":false},"author":10,"featured_media":0,"comment_status":"open","ping_status":"open","sticky":false,"template":"","format":"standard","meta":{"cybocfi_hide_featured_image":"","footnotes":""},"categories":[42],"tags":[14456,14075,14455],"class_list":["post-5090","post","type-post","status-publish","format-standard","hentry","category-musica","tag-martha-argerich","tag-settimane-musicali","tag-teatro-olimpico-vicenza"],"yoast_head":"<!-- This site is optimized with the Yoast SEO plugin v27.0 - https:\/\/yoast.com\/product\/yoast-seo-wordpress\/ -->\n<title>Martha Argerich inaugura le Settimane Musicali al Teatro olimpico - Article Marketing<\/title>\n<meta name=\"robots\" content=\"index, follow, max-snippet:-1, max-image-preview:large, max-video-preview:-1\" \/>\n<link rel=\"canonical\" href=\"https:\/\/www.article-marketing.eu\/comunicati\/arte-e-cultura\/musica\/martha-argerich-inaugura-le-settimane-musicali-al-teatro-olimpico\/\" \/>\n<meta property=\"og:locale\" content=\"it_IT\" \/>\n<meta property=\"og:type\" content=\"article\" \/>\n<meta property=\"og:title\" content=\"Martha Argerich inaugura le Settimane Musicali al Teatro olimpico - Article Marketing\" \/>\n<meta property=\"og:description\" content=\"Martha Argerich apre le Settimane Musicali al Teatro Olimpico di Vicenza con un \u201cHommage \u00e0 Schumann\u201d Al via mercoled\u00ec 19 maggio il Festival intitolato \u201cAmbasciatori di note. Musicisti italiani nelle capitali d\u2019Europa. Prima tappa: Parigi\u201d\" \/>\n<meta property=\"og:url\" content=\"https:\/\/www.article-marketing.eu\/comunicati\/arte-e-cultura\/musica\/martha-argerich-inaugura-le-settimane-musicali-al-teatro-olimpico\/\" \/>\n<meta property=\"og:site_name\" content=\"Article Marketing\" \/>\n<meta property=\"article:published_time\" content=\"2010-05-14T09:17:57+00:00\" \/>\n<meta property=\"article:modified_time\" content=\"2020-08-09T23:16:15+00:00\" \/>\n<meta name=\"author\" content=\"Redazione Comunicati Stampa\" \/>\n<meta name=\"twitter:card\" content=\"summary_large_image\" \/>\n<meta name=\"twitter:label1\" content=\"Scritto da\" \/>\n\t<meta name=\"twitter:data1\" content=\"Redazione Comunicati Stampa\" \/>\n\t<meta name=\"twitter:label2\" content=\"Tempo di lettura stimato\" \/>\n\t<meta name=\"twitter:data2\" content=\"3 minuti\" \/>\n<script type=\"application\/ld+json\" class=\"yoast-schema-graph\">{\"@context\":\"https:\/\/schema.org\",\"@graph\":[{\"@type\":\"Article\",\"@id\":\"https:\/\/www.article-marketing.eu\/comunicati\/arte-e-cultura\/musica\/martha-argerich-inaugura-le-settimane-musicali-al-teatro-olimpico\/#article\",\"isPartOf\":{\"@id\":\"https:\/\/www.article-marketing.eu\/comunicati\/arte-e-cultura\/musica\/martha-argerich-inaugura-le-settimane-musicali-al-teatro-olimpico\/\"},\"author\":{\"name\":\"Redazione Comunicati Stampa\",\"@id\":\"https:\/\/www.article-marketing.eu\/comunicati\/#\/schema\/person\/44372e4d4d0fa797b18e03ed1ace9017\"},\"headline\":\"Martha Argerich inaugura le Settimane Musicali al Teatro olimpico\",\"datePublished\":\"2010-05-14T09:17:57+00:00\",\"dateModified\":\"2020-08-09T23:16:15+00:00\",\"mainEntityOfPage\":{\"@id\":\"https:\/\/www.article-marketing.eu\/comunicati\/arte-e-cultura\/musica\/martha-argerich-inaugura-le-settimane-musicali-al-teatro-olimpico\/\"},\"wordCount\":563,\"commentCount\":0,\"keywords\":[\"martha argerich\",\"settimane musicali\",\"teatro olimpico vicenza\"],\"articleSection\":[\"Musica\"],\"inLanguage\":\"it-IT\",\"potentialAction\":[{\"@type\":\"CommentAction\",\"name\":\"Comment\",\"target\":[\"https:\/\/www.article-marketing.eu\/comunicati\/arte-e-cultura\/musica\/martha-argerich-inaugura-le-settimane-musicali-al-teatro-olimpico\/#respond\"]}]},{\"@type\":\"WebPage\",\"@id\":\"https:\/\/www.article-marketing.eu\/comunicati\/arte-e-cultura\/musica\/martha-argerich-inaugura-le-settimane-musicali-al-teatro-olimpico\/\",\"url\":\"https:\/\/www.article-marketing.eu\/comunicati\/arte-e-cultura\/musica\/martha-argerich-inaugura-le-settimane-musicali-al-teatro-olimpico\/\",\"name\":\"Martha Argerich inaugura le Settimane Musicali al Teatro olimpico - Article Marketing\",\"isPartOf\":{\"@id\":\"https:\/\/www.article-marketing.eu\/comunicati\/#website\"},\"datePublished\":\"2010-05-14T09:17:57+00:00\",\"dateModified\":\"2020-08-09T23:16:15+00:00\",\"author\":{\"@id\":\"https:\/\/www.article-marketing.eu\/comunicati\/#\/schema\/person\/44372e4d4d0fa797b18e03ed1ace9017\"},\"breadcrumb\":{\"@id\":\"https:\/\/www.article-marketing.eu\/comunicati\/arte-e-cultura\/musica\/martha-argerich-inaugura-le-settimane-musicali-al-teatro-olimpico\/#breadcrumb\"},\"inLanguage\":\"it-IT\",\"potentialAction\":[{\"@type\":\"ReadAction\",\"target\":[\"https:\/\/www.article-marketing.eu\/comunicati\/arte-e-cultura\/musica\/martha-argerich-inaugura-le-settimane-musicali-al-teatro-olimpico\/\"]}]},{\"@type\":\"BreadcrumbList\",\"@id\":\"https:\/\/www.article-marketing.eu\/comunicati\/arte-e-cultura\/musica\/martha-argerich-inaugura-le-settimane-musicali-al-teatro-olimpico\/#breadcrumb\",\"itemListElement\":[{\"@type\":\"ListItem\",\"position\":1,\"name\":\"Home\",\"item\":\"https:\/\/www.article-marketing.eu\/comunicati\/\"},{\"@type\":\"ListItem\",\"position\":2,\"name\":\"Martha Argerich inaugura le Settimane Musicali al Teatro olimpico\"}]},{\"@type\":\"WebSite\",\"@id\":\"https:\/\/www.article-marketing.eu\/comunicati\/#website\",\"url\":\"https:\/\/www.article-marketing.eu\/comunicati\/\",\"name\":\"Article Marketing\",\"description\":\"article marketing &amp; press release\",\"potentialAction\":[{\"@type\":\"SearchAction\",\"target\":{\"@type\":\"EntryPoint\",\"urlTemplate\":\"https:\/\/www.article-marketing.eu\/comunicati\/?s={search_term_string}\"},\"query-input\":{\"@type\":\"PropertyValueSpecification\",\"valueRequired\":true,\"valueName\":\"search_term_string\"}}],\"inLanguage\":\"it-IT\"},{\"@type\":\"Person\",\"@id\":\"https:\/\/www.article-marketing.eu\/comunicati\/#\/schema\/person\/44372e4d4d0fa797b18e03ed1ace9017\",\"name\":\"Redazione Comunicati Stampa\",\"image\":{\"@type\":\"ImageObject\",\"inLanguage\":\"it-IT\",\"@id\":\"https:\/\/www.article-marketing.eu\/comunicati\/#\/schema\/person\/image\/\",\"url\":\"https:\/\/secure.gravatar.com\/avatar\/50e5c6421d3072f42e7ace803501602c60d75233d34e29fd05feb91c8760b792?s=96&d=mm&r=g\",\"contentUrl\":\"https:\/\/secure.gravatar.com\/avatar\/50e5c6421d3072f42e7ace803501602c60d75233d34e29fd05feb91c8760b792?s=96&d=mm&r=g\",\"caption\":\"Redazione Comunicati Stampa\"},\"url\":\"https:\/\/www.article-marketing.eu\/comunicati\/author\/redazione-comunicati-stampa\/\"}]}<\/script>\n<!-- \/ Yoast SEO plugin. -->","yoast_head_json":{"title":"Martha Argerich inaugura le Settimane Musicali al Teatro olimpico - Article Marketing","robots":{"index":"index","follow":"follow","max-snippet":"max-snippet:-1","max-image-preview":"max-image-preview:large","max-video-preview":"max-video-preview:-1"},"canonical":"https:\/\/www.article-marketing.eu\/comunicati\/arte-e-cultura\/musica\/martha-argerich-inaugura-le-settimane-musicali-al-teatro-olimpico\/","og_locale":"it_IT","og_type":"article","og_title":"Martha Argerich inaugura le Settimane Musicali al Teatro olimpico - Article Marketing","og_description":"Martha Argerich apre le Settimane Musicali al Teatro Olimpico di Vicenza con un \u201cHommage \u00e0 Schumann\u201d Al via mercoled\u00ec 19 maggio il Festival intitolato \u201cAmbasciatori di note. Musicisti italiani nelle capitali d\u2019Europa. Prima tappa: Parigi\u201d","og_url":"https:\/\/www.article-marketing.eu\/comunicati\/arte-e-cultura\/musica\/martha-argerich-inaugura-le-settimane-musicali-al-teatro-olimpico\/","og_site_name":"Article Marketing","article_published_time":"2010-05-14T09:17:57+00:00","article_modified_time":"2020-08-09T23:16:15+00:00","author":"Redazione Comunicati Stampa","twitter_card":"summary_large_image","twitter_misc":{"Scritto da":"Redazione Comunicati Stampa","Tempo di lettura stimato":"3 minuti"},"schema":{"@context":"https:\/\/schema.org","@graph":[{"@type":"Article","@id":"https:\/\/www.article-marketing.eu\/comunicati\/arte-e-cultura\/musica\/martha-argerich-inaugura-le-settimane-musicali-al-teatro-olimpico\/#article","isPartOf":{"@id":"https:\/\/www.article-marketing.eu\/comunicati\/arte-e-cultura\/musica\/martha-argerich-inaugura-le-settimane-musicali-al-teatro-olimpico\/"},"author":{"name":"Redazione Comunicati Stampa","@id":"https:\/\/www.article-marketing.eu\/comunicati\/#\/schema\/person\/44372e4d4d0fa797b18e03ed1ace9017"},"headline":"Martha Argerich inaugura le Settimane Musicali al Teatro olimpico","datePublished":"2010-05-14T09:17:57+00:00","dateModified":"2020-08-09T23:16:15+00:00","mainEntityOfPage":{"@id":"https:\/\/www.article-marketing.eu\/comunicati\/arte-e-cultura\/musica\/martha-argerich-inaugura-le-settimane-musicali-al-teatro-olimpico\/"},"wordCount":563,"commentCount":0,"keywords":["martha argerich","settimane musicali","teatro olimpico vicenza"],"articleSection":["Musica"],"inLanguage":"it-IT","potentialAction":[{"@type":"CommentAction","name":"Comment","target":["https:\/\/www.article-marketing.eu\/comunicati\/arte-e-cultura\/musica\/martha-argerich-inaugura-le-settimane-musicali-al-teatro-olimpico\/#respond"]}]},{"@type":"WebPage","@id":"https:\/\/www.article-marketing.eu\/comunicati\/arte-e-cultura\/musica\/martha-argerich-inaugura-le-settimane-musicali-al-teatro-olimpico\/","url":"https:\/\/www.article-marketing.eu\/comunicati\/arte-e-cultura\/musica\/martha-argerich-inaugura-le-settimane-musicali-al-teatro-olimpico\/","name":"Martha Argerich inaugura le Settimane Musicali al Teatro olimpico - Article Marketing","isPartOf":{"@id":"https:\/\/www.article-marketing.eu\/comunicati\/#website"},"datePublished":"2010-05-14T09:17:57+00:00","dateModified":"2020-08-09T23:16:15+00:00","author":{"@id":"https:\/\/www.article-marketing.eu\/comunicati\/#\/schema\/person\/44372e4d4d0fa797b18e03ed1ace9017"},"breadcrumb":{"@id":"https:\/\/www.article-marketing.eu\/comunicati\/arte-e-cultura\/musica\/martha-argerich-inaugura-le-settimane-musicali-al-teatro-olimpico\/#breadcrumb"},"inLanguage":"it-IT","potentialAction":[{"@type":"ReadAction","target":["https:\/\/www.article-marketing.eu\/comunicati\/arte-e-cultura\/musica\/martha-argerich-inaugura-le-settimane-musicali-al-teatro-olimpico\/"]}]},{"@type":"BreadcrumbList","@id":"https:\/\/www.article-marketing.eu\/comunicati\/arte-e-cultura\/musica\/martha-argerich-inaugura-le-settimane-musicali-al-teatro-olimpico\/#breadcrumb","itemListElement":[{"@type":"ListItem","position":1,"name":"Home","item":"https:\/\/www.article-marketing.eu\/comunicati\/"},{"@type":"ListItem","position":2,"name":"Martha Argerich inaugura le Settimane Musicali al Teatro olimpico"}]},{"@type":"WebSite","@id":"https:\/\/www.article-marketing.eu\/comunicati\/#website","url":"https:\/\/www.article-marketing.eu\/comunicati\/","name":"Article Marketing","description":"article marketing &amp; press release","potentialAction":[{"@type":"SearchAction","target":{"@type":"EntryPoint","urlTemplate":"https:\/\/www.article-marketing.eu\/comunicati\/?s={search_term_string}"},"query-input":{"@type":"PropertyValueSpecification","valueRequired":true,"valueName":"search_term_string"}}],"inLanguage":"it-IT"},{"@type":"Person","@id":"https:\/\/www.article-marketing.eu\/comunicati\/#\/schema\/person\/44372e4d4d0fa797b18e03ed1ace9017","name":"Redazione Comunicati Stampa","image":{"@type":"ImageObject","inLanguage":"it-IT","@id":"https:\/\/www.article-marketing.eu\/comunicati\/#\/schema\/person\/image\/","url":"https:\/\/secure.gravatar.com\/avatar\/50e5c6421d3072f42e7ace803501602c60d75233d34e29fd05feb91c8760b792?s=96&d=mm&r=g","contentUrl":"https:\/\/secure.gravatar.com\/avatar\/50e5c6421d3072f42e7ace803501602c60d75233d34e29fd05feb91c8760b792?s=96&d=mm&r=g","caption":"Redazione Comunicati Stampa"},"url":"https:\/\/www.article-marketing.eu\/comunicati\/author\/redazione-comunicati-stampa\/"}]}},"_links":{"self":[{"href":"https:\/\/www.article-marketing.eu\/comunicati\/wp-json\/wp\/v2\/posts\/5090","targetHints":{"allow":["GET"]}}],"collection":[{"href":"https:\/\/www.article-marketing.eu\/comunicati\/wp-json\/wp\/v2\/posts"}],"about":[{"href":"https:\/\/www.article-marketing.eu\/comunicati\/wp-json\/wp\/v2\/types\/post"}],"author":[{"embeddable":true,"href":"https:\/\/www.article-marketing.eu\/comunicati\/wp-json\/wp\/v2\/users\/10"}],"replies":[{"embeddable":true,"href":"https:\/\/www.article-marketing.eu\/comunicati\/wp-json\/wp\/v2\/comments?post=5090"}],"version-history":[{"count":1,"href":"https:\/\/www.article-marketing.eu\/comunicati\/wp-json\/wp\/v2\/posts\/5090\/revisions"}],"predecessor-version":[{"id":67193,"href":"https:\/\/www.article-marketing.eu\/comunicati\/wp-json\/wp\/v2\/posts\/5090\/revisions\/67193"}],"wp:attachment":[{"href":"https:\/\/www.article-marketing.eu\/comunicati\/wp-json\/wp\/v2\/media?parent=5090"}],"wp:term":[{"taxonomy":"category","embeddable":true,"href":"https:\/\/www.article-marketing.eu\/comunicati\/wp-json\/wp\/v2\/categories?post=5090"},{"taxonomy":"post_tag","embeddable":true,"href":"https:\/\/www.article-marketing.eu\/comunicati\/wp-json\/wp\/v2\/tags?post=5090"}],"curies":[{"name":"wp","href":"https:\/\/api.w.org\/{rel}","templated":true}]}}