{"id":51131,"date":"2016-02-02T17:46:32","date_gmt":"2016-02-02T16:46:32","guid":{"rendered":"http:\/\/www.article-marketing.eu\/comunicati\/senza-categoria\/ricoh-appuntamento-a-ise-2016-con-le-ultime-novit%c3%a0-per-la-visual-communication\/"},"modified":"2016-02-02T17:46:32","modified_gmt":"2016-02-02T16:46:32","slug":"ricoh-appuntamento-a-ise-2016-con-le-ultime-novit%c3%a0-per-la-visual-communication","status":"publish","type":"post","link":"https:\/\/www.article-marketing.eu\/comunicati\/comunicati-stampa\/ricoh-appuntamento-a-ise-2016-con-le-ultime-novit%c3%a0-per-la-visual-communication\/","title":{"rendered":"Ricoh: appuntamento a ISE 2016 con le ultime novit\u00e0 per la visual communication"},"content":{"rendered":"<p>Conto alla rovescia per <a href=\"https:\/\/www.iseurope.org\/\">ISE 2016<\/a> che si terr&agrave; dal 9 al 12 febbraio ad Amsterdam. I Communication Services saranno sotto i riflettori nell&rsquo;area espositiva Ricoh (stand B135, Padiglione 9). Dal debutto a ISE lo scorso anno, Ricoh ha ampliato il proprio portfolio di soluzioni e servizi per la visual communication e rafforzato le proprie competenze in questo ambito per rispondere alle esigenze &ldquo;digitali&rdquo; delle imprese europee. I dipendenti chiedono sempre pi&ugrave; spesso di poter accedere da remoto alle informazioni aziendali e di condividerle &ldquo;on-demand&rdquo;, indipendentemente da dove si trovino. Le soluzioni Ricoh rendono possibile lavorare e collaborare da remoto, per cui gli uffici diventano spazi &ldquo;aperti&rdquo; e interconnessi. <\/p>\n<p>L&rsquo;offerta Connect &amp; Collaborate di Ricoh sar&agrave; protagonista a ISE 2016. Grazie a Connect &amp; Collaborate la collaborazione &egrave; pi&ugrave; rapida ed efficace. Ricoh fornisce inoltre tutti i servizi per l&rsquo;installazione, la gestione e la manutenzione delle tecnologie. Gli esperti Ricoh saranno a disposizione dei visitatori di ISE 2016 per approfondire i servizi e le soluzioni per la visual communication tra cui lavagne interattive, videoproiettori e sistemi per la videoconferenza. <\/p>\n<p>Alberto Mariani, Director of IT Infrastructure Services di Ricoh Europe, commenta: &ldquo;Oggi le persone si aspettano che le aziende mettano a loro disposizione dispositivi mobili e tecnologie innovative per lavorare in modo flessibile. Una ricerca sponsorizzata da Ricoh ha messo in evidenza come la maggior parte (70%) degli appartenenti alla Generazione Z &ndash; i giovani che attualmente hanno dai 19 anni in gi&ugrave; e che nei prossimi anni faranno il loro ingresso nel mondo del lavoro &ndash; &egrave; convinta che le aziende saranno in grado di rispondere alle esigenze dei nuovi lavoratori. Il nostro portfolio in continua espansione &egrave; stato sviluppato per rispondere alle aspettative della generazione dei native digitali&rdquo;. <\/p>\n<p>Per ottenere un vaucher gratuito d&rsquo;ingresso a ISE 2016 (il biglietto acquistato direttamente all&rsquo;evento costa 80 euro) potete registrarvi al sito www.iseurope.org utilizzando il codice Ricoh esclusivo 915577. &Egrave; possibile registrarsi all&rsquo;evento anche dal sito: www.ricoh-europe.com\/ise2016<\/p>\n","protected":false},"excerpt":{"rendered":"<p>Ricoh sar\u00e0 presente alla pi\u00f9 grande fiera AV per presentare la propria offerta nell\u2019ambito dei Communication Services. L\u2019appuntamento \u00e8 dal 9 al 12 febbraio ad Amsterdam presso il RAI Exhibition and Convention Centre.<\/p>\n","protected":false},"author":10,"featured_media":0,"comment_status":"open","ping_status":"open","sticky":false,"template":"","format":"standard","meta":{"cybocfi_hide_featured_image":"","footnotes":""},"categories":[190],"tags":[],"class_list":["post-51131","post","type-post","status-publish","format-standard","hentry","category-comunicati-stampa"],"yoast_head":"<!-- This site is optimized with the Yoast SEO plugin v27.0 - https:\/\/yoast.com\/product\/yoast-seo-wordpress\/ -->\n<title>Ricoh: appuntamento a ISE 2016 con le ultime novit\u00e0 per la visual communication - Article Marketing<\/title>\n<meta name=\"robots\" content=\"index, follow, max-snippet:-1, max-image-preview:large, max-video-preview:-1\" \/>\n<link rel=\"canonical\" href=\"https:\/\/www.article-marketing.eu\/comunicati\/comunicati-stampa\/ricoh-appuntamento-a-ise-2016-con-le-ultime-novit\u00e0-per-la-visual-communication\/\" \/>\n<meta property=\"og:locale\" content=\"it_IT\" \/>\n<meta property=\"og:type\" content=\"article\" \/>\n<meta property=\"og:title\" content=\"Ricoh: appuntamento a ISE 2016 con le ultime novit\u00e0 per la visual communication - Article Marketing\" \/>\n<meta property=\"og:description\" content=\"Ricoh sar\u00e0 presente alla pi\u00f9 grande fiera AV per presentare la propria offerta nell\u2019ambito dei Communication Services. L\u2019appuntamento \u00e8 dal 9 al 12 febbraio ad Amsterdam presso il RAI Exhibition and Convention Centre.\" \/>\n<meta property=\"og:url\" content=\"https:\/\/www.article-marketing.eu\/comunicati\/comunicati-stampa\/ricoh-appuntamento-a-ise-2016-con-le-ultime-novit\u00e0-per-la-visual-communication\/\" \/>\n<meta property=\"og:site_name\" content=\"Article Marketing\" \/>\n<meta property=\"article:published_time\" content=\"2016-02-02T16:46:32+00:00\" \/>\n<meta name=\"author\" content=\"Redazione Comunicati Stampa\" \/>\n<meta name=\"twitter:card\" content=\"summary_large_image\" \/>\n<meta name=\"twitter:label1\" content=\"Scritto da\" \/>\n\t<meta name=\"twitter:data1\" content=\"Redazione Comunicati Stampa\" \/>\n\t<meta name=\"twitter:label2\" content=\"Tempo di lettura stimato\" \/>\n\t<meta name=\"twitter:data2\" content=\"2 minuti\" \/>\n<script type=\"application\/ld+json\" class=\"yoast-schema-graph\">{\"@context\":\"https:\/\/schema.org\",\"@graph\":[{\"@type\":\"Article\",\"@id\":\"https:\/\/www.article-marketing.eu\/comunicati\/comunicati-stampa\/ricoh-appuntamento-a-ise-2016-con-le-ultime-novit%c3%a0-per-la-visual-communication\/#article\",\"isPartOf\":{\"@id\":\"https:\/\/www.article-marketing.eu\/comunicati\/comunicati-stampa\/ricoh-appuntamento-a-ise-2016-con-le-ultime-novit%c3%a0-per-la-visual-communication\/\"},\"author\":{\"name\":\"Redazione Comunicati Stampa\",\"@id\":\"https:\/\/www.article-marketing.eu\/comunicati\/#\/schema\/person\/44372e4d4d0fa797b18e03ed1ace9017\"},\"headline\":\"Ricoh: appuntamento a ISE 2016 con le ultime novit\u00e0 per la visual communication\",\"datePublished\":\"2016-02-02T16:46:32+00:00\",\"mainEntityOfPage\":{\"@id\":\"https:\/\/www.article-marketing.eu\/comunicati\/comunicati-stampa\/ricoh-appuntamento-a-ise-2016-con-le-ultime-novit%c3%a0-per-la-visual-communication\/\"},\"wordCount\":356,\"commentCount\":0,\"articleSection\":[\"Comunicati stampa\"],\"inLanguage\":\"it-IT\",\"potentialAction\":[{\"@type\":\"CommentAction\",\"name\":\"Comment\",\"target\":[\"https:\/\/www.article-marketing.eu\/comunicati\/comunicati-stampa\/ricoh-appuntamento-a-ise-2016-con-le-ultime-novit%c3%a0-per-la-visual-communication\/#respond\"]}]},{\"@type\":\"WebPage\",\"@id\":\"https:\/\/www.article-marketing.eu\/comunicati\/comunicati-stampa\/ricoh-appuntamento-a-ise-2016-con-le-ultime-novit%c3%a0-per-la-visual-communication\/\",\"url\":\"https:\/\/www.article-marketing.eu\/comunicati\/comunicati-stampa\/ricoh-appuntamento-a-ise-2016-con-le-ultime-novit%c3%a0-per-la-visual-communication\/\",\"name\":\"Ricoh: appuntamento a ISE 2016 con le ultime novit\u00e0 per la visual communication - Article Marketing\",\"isPartOf\":{\"@id\":\"https:\/\/www.article-marketing.eu\/comunicati\/#website\"},\"datePublished\":\"2016-02-02T16:46:32+00:00\",\"author\":{\"@id\":\"https:\/\/www.article-marketing.eu\/comunicati\/#\/schema\/person\/44372e4d4d0fa797b18e03ed1ace9017\"},\"breadcrumb\":{\"@id\":\"https:\/\/www.article-marketing.eu\/comunicati\/comunicati-stampa\/ricoh-appuntamento-a-ise-2016-con-le-ultime-novit%c3%a0-per-la-visual-communication\/#breadcrumb\"},\"inLanguage\":\"it-IT\",\"potentialAction\":[{\"@type\":\"ReadAction\",\"target\":[\"https:\/\/www.article-marketing.eu\/comunicati\/comunicati-stampa\/ricoh-appuntamento-a-ise-2016-con-le-ultime-novit%c3%a0-per-la-visual-communication\/\"]}]},{\"@type\":\"BreadcrumbList\",\"@id\":\"https:\/\/www.article-marketing.eu\/comunicati\/comunicati-stampa\/ricoh-appuntamento-a-ise-2016-con-le-ultime-novit%c3%a0-per-la-visual-communication\/#breadcrumb\",\"itemListElement\":[{\"@type\":\"ListItem\",\"position\":1,\"name\":\"Home\",\"item\":\"https:\/\/www.article-marketing.eu\/comunicati\/\"},{\"@type\":\"ListItem\",\"position\":2,\"name\":\"Ricoh: appuntamento a ISE 2016 con le ultime novit\u00e0 per la visual communication\"}]},{\"@type\":\"WebSite\",\"@id\":\"https:\/\/www.article-marketing.eu\/comunicati\/#website\",\"url\":\"https:\/\/www.article-marketing.eu\/comunicati\/\",\"name\":\"Article Marketing\",\"description\":\"article marketing &amp; press release\",\"potentialAction\":[{\"@type\":\"SearchAction\",\"target\":{\"@type\":\"EntryPoint\",\"urlTemplate\":\"https:\/\/www.article-marketing.eu\/comunicati\/?s={search_term_string}\"},\"query-input\":{\"@type\":\"PropertyValueSpecification\",\"valueRequired\":true,\"valueName\":\"search_term_string\"}}],\"inLanguage\":\"it-IT\"},{\"@type\":\"Person\",\"@id\":\"https:\/\/www.article-marketing.eu\/comunicati\/#\/schema\/person\/44372e4d4d0fa797b18e03ed1ace9017\",\"name\":\"Redazione Comunicati Stampa\",\"image\":{\"@type\":\"ImageObject\",\"inLanguage\":\"it-IT\",\"@id\":\"https:\/\/www.article-marketing.eu\/comunicati\/#\/schema\/person\/image\/\",\"url\":\"https:\/\/secure.gravatar.com\/avatar\/50e5c6421d3072f42e7ace803501602c60d75233d34e29fd05feb91c8760b792?s=96&d=mm&r=g\",\"contentUrl\":\"https:\/\/secure.gravatar.com\/avatar\/50e5c6421d3072f42e7ace803501602c60d75233d34e29fd05feb91c8760b792?s=96&d=mm&r=g\",\"caption\":\"Redazione Comunicati Stampa\"},\"url\":\"https:\/\/www.article-marketing.eu\/comunicati\/author\/redazione-comunicati-stampa\/\"}]}<\/script>\n<!-- \/ Yoast SEO plugin. -->","yoast_head_json":{"title":"Ricoh: appuntamento a ISE 2016 con le ultime novit\u00e0 per la visual communication - Article Marketing","robots":{"index":"index","follow":"follow","max-snippet":"max-snippet:-1","max-image-preview":"max-image-preview:large","max-video-preview":"max-video-preview:-1"},"canonical":"https:\/\/www.article-marketing.eu\/comunicati\/comunicati-stampa\/ricoh-appuntamento-a-ise-2016-con-le-ultime-novit\u00e0-per-la-visual-communication\/","og_locale":"it_IT","og_type":"article","og_title":"Ricoh: appuntamento a ISE 2016 con le ultime novit\u00e0 per la visual communication - Article Marketing","og_description":"Ricoh sar\u00e0 presente alla pi\u00f9 grande fiera AV per presentare la propria offerta nell\u2019ambito dei Communication Services. L\u2019appuntamento \u00e8 dal 9 al 12 febbraio ad Amsterdam presso il RAI Exhibition and Convention Centre.","og_url":"https:\/\/www.article-marketing.eu\/comunicati\/comunicati-stampa\/ricoh-appuntamento-a-ise-2016-con-le-ultime-novit\u00e0-per-la-visual-communication\/","og_site_name":"Article Marketing","article_published_time":"2016-02-02T16:46:32+00:00","author":"Redazione Comunicati Stampa","twitter_card":"summary_large_image","twitter_misc":{"Scritto da":"Redazione Comunicati Stampa","Tempo di lettura stimato":"2 minuti"},"schema":{"@context":"https:\/\/schema.org","@graph":[{"@type":"Article","@id":"https:\/\/www.article-marketing.eu\/comunicati\/comunicati-stampa\/ricoh-appuntamento-a-ise-2016-con-le-ultime-novit%c3%a0-per-la-visual-communication\/#article","isPartOf":{"@id":"https:\/\/www.article-marketing.eu\/comunicati\/comunicati-stampa\/ricoh-appuntamento-a-ise-2016-con-le-ultime-novit%c3%a0-per-la-visual-communication\/"},"author":{"name":"Redazione Comunicati Stampa","@id":"https:\/\/www.article-marketing.eu\/comunicati\/#\/schema\/person\/44372e4d4d0fa797b18e03ed1ace9017"},"headline":"Ricoh: appuntamento a ISE 2016 con le ultime novit\u00e0 per la visual communication","datePublished":"2016-02-02T16:46:32+00:00","mainEntityOfPage":{"@id":"https:\/\/www.article-marketing.eu\/comunicati\/comunicati-stampa\/ricoh-appuntamento-a-ise-2016-con-le-ultime-novit%c3%a0-per-la-visual-communication\/"},"wordCount":356,"commentCount":0,"articleSection":["Comunicati stampa"],"inLanguage":"it-IT","potentialAction":[{"@type":"CommentAction","name":"Comment","target":["https:\/\/www.article-marketing.eu\/comunicati\/comunicati-stampa\/ricoh-appuntamento-a-ise-2016-con-le-ultime-novit%c3%a0-per-la-visual-communication\/#respond"]}]},{"@type":"WebPage","@id":"https:\/\/www.article-marketing.eu\/comunicati\/comunicati-stampa\/ricoh-appuntamento-a-ise-2016-con-le-ultime-novit%c3%a0-per-la-visual-communication\/","url":"https:\/\/www.article-marketing.eu\/comunicati\/comunicati-stampa\/ricoh-appuntamento-a-ise-2016-con-le-ultime-novit%c3%a0-per-la-visual-communication\/","name":"Ricoh: appuntamento a ISE 2016 con le ultime novit\u00e0 per la visual communication - Article Marketing","isPartOf":{"@id":"https:\/\/www.article-marketing.eu\/comunicati\/#website"},"datePublished":"2016-02-02T16:46:32+00:00","author":{"@id":"https:\/\/www.article-marketing.eu\/comunicati\/#\/schema\/person\/44372e4d4d0fa797b18e03ed1ace9017"},"breadcrumb":{"@id":"https:\/\/www.article-marketing.eu\/comunicati\/comunicati-stampa\/ricoh-appuntamento-a-ise-2016-con-le-ultime-novit%c3%a0-per-la-visual-communication\/#breadcrumb"},"inLanguage":"it-IT","potentialAction":[{"@type":"ReadAction","target":["https:\/\/www.article-marketing.eu\/comunicati\/comunicati-stampa\/ricoh-appuntamento-a-ise-2016-con-le-ultime-novit%c3%a0-per-la-visual-communication\/"]}]},{"@type":"BreadcrumbList","@id":"https:\/\/www.article-marketing.eu\/comunicati\/comunicati-stampa\/ricoh-appuntamento-a-ise-2016-con-le-ultime-novit%c3%a0-per-la-visual-communication\/#breadcrumb","itemListElement":[{"@type":"ListItem","position":1,"name":"Home","item":"https:\/\/www.article-marketing.eu\/comunicati\/"},{"@type":"ListItem","position":2,"name":"Ricoh: appuntamento a ISE 2016 con le ultime novit\u00e0 per la visual communication"}]},{"@type":"WebSite","@id":"https:\/\/www.article-marketing.eu\/comunicati\/#website","url":"https:\/\/www.article-marketing.eu\/comunicati\/","name":"Article Marketing","description":"article marketing &amp; press release","potentialAction":[{"@type":"SearchAction","target":{"@type":"EntryPoint","urlTemplate":"https:\/\/www.article-marketing.eu\/comunicati\/?s={search_term_string}"},"query-input":{"@type":"PropertyValueSpecification","valueRequired":true,"valueName":"search_term_string"}}],"inLanguage":"it-IT"},{"@type":"Person","@id":"https:\/\/www.article-marketing.eu\/comunicati\/#\/schema\/person\/44372e4d4d0fa797b18e03ed1ace9017","name":"Redazione Comunicati Stampa","image":{"@type":"ImageObject","inLanguage":"it-IT","@id":"https:\/\/www.article-marketing.eu\/comunicati\/#\/schema\/person\/image\/","url":"https:\/\/secure.gravatar.com\/avatar\/50e5c6421d3072f42e7ace803501602c60d75233d34e29fd05feb91c8760b792?s=96&d=mm&r=g","contentUrl":"https:\/\/secure.gravatar.com\/avatar\/50e5c6421d3072f42e7ace803501602c60d75233d34e29fd05feb91c8760b792?s=96&d=mm&r=g","caption":"Redazione Comunicati Stampa"},"url":"https:\/\/www.article-marketing.eu\/comunicati\/author\/redazione-comunicati-stampa\/"}]}},"_links":{"self":[{"href":"https:\/\/www.article-marketing.eu\/comunicati\/wp-json\/wp\/v2\/posts\/51131","targetHints":{"allow":["GET"]}}],"collection":[{"href":"https:\/\/www.article-marketing.eu\/comunicati\/wp-json\/wp\/v2\/posts"}],"about":[{"href":"https:\/\/www.article-marketing.eu\/comunicati\/wp-json\/wp\/v2\/types\/post"}],"author":[{"embeddable":true,"href":"https:\/\/www.article-marketing.eu\/comunicati\/wp-json\/wp\/v2\/users\/10"}],"replies":[{"embeddable":true,"href":"https:\/\/www.article-marketing.eu\/comunicati\/wp-json\/wp\/v2\/comments?post=51131"}],"version-history":[{"count":0,"href":"https:\/\/www.article-marketing.eu\/comunicati\/wp-json\/wp\/v2\/posts\/51131\/revisions"}],"wp:attachment":[{"href":"https:\/\/www.article-marketing.eu\/comunicati\/wp-json\/wp\/v2\/media?parent=51131"}],"wp:term":[{"taxonomy":"category","embeddable":true,"href":"https:\/\/www.article-marketing.eu\/comunicati\/wp-json\/wp\/v2\/categories?post=51131"},{"taxonomy":"post_tag","embeddable":true,"href":"https:\/\/www.article-marketing.eu\/comunicati\/wp-json\/wp\/v2\/tags?post=51131"}],"curies":[{"name":"wp","href":"https:\/\/api.w.org\/{rel}","templated":true}]}}