{"id":51277,"date":"2016-02-15T15:31:32","date_gmt":"2016-02-15T14:31:32","guid":{"rendered":"http:\/\/www.article-marketing.eu\/comunicati\/senza-categoria\/scegli-il-miglior-fotografo-per-il-tuo-matrimonio\/"},"modified":"2018-10-26T01:00:12","modified_gmt":"2018-10-25T23:00:12","slug":"scegli-il-miglior-fotografo-per-il-tuo-matrimonio","status":"publish","type":"post","link":"https:\/\/www.article-marketing.eu\/comunicati\/societa\/persone\/scegli-il-miglior-fotografo-per-il-tuo-matrimonio\/","title":{"rendered":"Scegli il miglior fotografo per il tuo matrimonio"},"content":{"rendered":"<p>La scelta del <strong>fotografo per il vostro matrimonio<\/strong> richiede moltissima attenzione poich&eacute; determiner&agrave; le riprese del giorno pi&ugrave; importante della vostra vita.<br \/>\n<br \/>Gli invitati sono parte dell&#8217;<strong>album nuziale<\/strong> e spesso tra questi rientrano anche dei bambini che un professionista con esperienza sapr&agrave; trattare nel miglior modo possibile, per esempio riprendendoli al pi&ugrave; presto, prima che si sporchino il vestito o siano troppo stanchi per collaborare.<br \/>\n<br \/>La giornata di questo evento e davvero lunga, essa comincia quando la sposa si prepara, il suo viaggio, i preparativi dello sposo, la cerimonia, l&#8217;uscita dalla chiesa con il lancio di riso, il viaggio verso il ristorante, il taglio della torta, il lancio del bouquet, il ballo con lo sposo tutti corredati da altri momenti particolari differenti da coppia a coppia.<br \/>\n<br \/>I fattori che possono essere imprevisti, sono senz&#8217;altro all&#8217;ordine del giorno ma non per un professionista con esperienza, sapr&agrave; essere all&rsquo;altezza di improvvisazioni inaspettate e immortalarle con la semplicit&agrave; di chi sa gestire il suo lavoro.<br \/>\n<br \/>Prenotare il vostro fotografo matrimonio a Varese va fatto almeno sei mesi prima della data delle vostre nozze, per essere sicuri che il fotografo sia disponibile il giorno prefissato ed evitare cattive sorprese. Le prenotazioni in anticipo obbligano a un acconto sulla spesa finale ma anche uno sconto e l&#8217;aggiunta di foto che la scelta, certamente un ottimo metodo per alleggerire la spesa. La scelta del fotografo per il vostro matrimonio richiede moltissima attenzione poich&eacute; determiner&agrave; le riprese del giorno pi&ugrave; importante della vostra vita.<br \/>Un giorno cos&igrave; speciale, merita un fotografo fuori dalla norma in termini di talento e know how, in grado di prendere in considerazione i vostri pensieri e le idee e trasmetterli nel miglior modo possibile in un&#8217;immagine, questo assicurer&agrave; che il giorno del vostro matrimonio diventi un ricordo fedele di ci&ograve; che &egrave; stato sperimentato.<br \/>Ricordate che esso sar&agrave; con voi e con la vostra famiglia l&#8217;intero giorno delle nozze, assicuratevi che non abbiano modo di fare scontroso che credi un ambiente pesante.<br \/>\n<br \/>Chiedetegli di mostrarvi i suoi precedenti lavori che includano uno o due album di matrimonio completi, osservando suo stile e chiedendovi se esso soddisfa i vostri gusti.<br \/>\n<br \/>Occupatevi di ogni particolare in modo che il giorno del vostro matrimonio non sia motivo di pensieri che non riguardino l&#8217;indossare il vestito di cui ti sei innamorata, creare un trucco eseguito da un professionista e occupati solo di divertirti con tuo marito e gli invitati.<br \/>\n<br \/>Un fotografo esperto, suggerir&agrave; cose e consigli per il giorno eliminando qualsiasi tipo di preoccupazione a vostro carico, &egrave; il vostro giorno ed &egrave; giusto che lo viviate momento per momento come due personaggi importanti del cinema.<\/p>\n","protected":false},"excerpt":{"rendered":"<p>La scelta del fotografo per il vostro matrimonio non va preso alla leggera. Si tratta di una scelta che richiede moltissima attenzione poich\u00e9 determiner\u00e0 le riprese del giorno pi\u00f9 importante della vostra vita.<\/p>\n","protected":false},"author":10,"featured_media":0,"comment_status":"open","ping_status":"open","sticky":false,"template":"","format":"standard","meta":{"cybocfi_hide_featured_image":"","footnotes":""},"categories":[14],"tags":[11888],"class_list":["post-51277","post","type-post","status-publish","format-standard","hentry","category-persone","tag-fotografo-matrimonio"],"yoast_head":"<!-- This site is optimized with the Yoast SEO plugin v27.0 - https:\/\/yoast.com\/product\/yoast-seo-wordpress\/ -->\n<title>Scegli il miglior fotografo per il tuo matrimonio - Article Marketing<\/title>\n<meta name=\"robots\" content=\"index, follow, max-snippet:-1, max-image-preview:large, max-video-preview:-1\" \/>\n<link rel=\"canonical\" href=\"https:\/\/www.article-marketing.eu\/comunicati\/societa\/persone\/scegli-il-miglior-fotografo-per-il-tuo-matrimonio\/\" \/>\n<meta property=\"og:locale\" content=\"it_IT\" \/>\n<meta property=\"og:type\" content=\"article\" \/>\n<meta property=\"og:title\" content=\"Scegli il miglior fotografo per il tuo matrimonio - Article Marketing\" \/>\n<meta property=\"og:description\" content=\"La scelta del fotografo per il vostro matrimonio non va preso alla leggera. Si tratta di una scelta che richiede moltissima attenzione poich\u00e9 determiner\u00e0 le riprese del giorno pi\u00f9 importante della vostra vita.\" \/>\n<meta property=\"og:url\" content=\"https:\/\/www.article-marketing.eu\/comunicati\/societa\/persone\/scegli-il-miglior-fotografo-per-il-tuo-matrimonio\/\" \/>\n<meta property=\"og:site_name\" content=\"Article Marketing\" \/>\n<meta property=\"article:published_time\" content=\"2016-02-15T14:31:32+00:00\" \/>\n<meta property=\"article:modified_time\" content=\"2018-10-25T23:00:12+00:00\" \/>\n<meta name=\"author\" content=\"Redazione Comunicati Stampa\" \/>\n<meta name=\"twitter:card\" content=\"summary_large_image\" \/>\n<meta name=\"twitter:label1\" content=\"Scritto da\" \/>\n\t<meta name=\"twitter:data1\" content=\"Redazione Comunicati Stampa\" \/>\n\t<meta name=\"twitter:label2\" content=\"Tempo di lettura stimato\" \/>\n\t<meta name=\"twitter:data2\" content=\"2 minuti\" \/>\n<script type=\"application\/ld+json\" class=\"yoast-schema-graph\">{\"@context\":\"https:\/\/schema.org\",\"@graph\":[{\"@type\":\"Article\",\"@id\":\"https:\/\/www.article-marketing.eu\/comunicati\/societa\/persone\/scegli-il-miglior-fotografo-per-il-tuo-matrimonio\/#article\",\"isPartOf\":{\"@id\":\"https:\/\/www.article-marketing.eu\/comunicati\/societa\/persone\/scegli-il-miglior-fotografo-per-il-tuo-matrimonio\/\"},\"author\":{\"name\":\"Redazione Comunicati Stampa\",\"@id\":\"https:\/\/www.article-marketing.eu\/comunicati\/#\/schema\/person\/44372e4d4d0fa797b18e03ed1ace9017\"},\"headline\":\"Scegli il miglior fotografo per il tuo matrimonio\",\"datePublished\":\"2016-02-15T14:31:32+00:00\",\"dateModified\":\"2018-10-25T23:00:12+00:00\",\"mainEntityOfPage\":{\"@id\":\"https:\/\/www.article-marketing.eu\/comunicati\/societa\/persone\/scegli-il-miglior-fotografo-per-il-tuo-matrimonio\/\"},\"wordCount\":465,\"commentCount\":0,\"keywords\":[\"fotografo matrimonio\"],\"articleSection\":[\"Persone\"],\"inLanguage\":\"it-IT\",\"potentialAction\":[{\"@type\":\"CommentAction\",\"name\":\"Comment\",\"target\":[\"https:\/\/www.article-marketing.eu\/comunicati\/societa\/persone\/scegli-il-miglior-fotografo-per-il-tuo-matrimonio\/#respond\"]}]},{\"@type\":\"WebPage\",\"@id\":\"https:\/\/www.article-marketing.eu\/comunicati\/societa\/persone\/scegli-il-miglior-fotografo-per-il-tuo-matrimonio\/\",\"url\":\"https:\/\/www.article-marketing.eu\/comunicati\/societa\/persone\/scegli-il-miglior-fotografo-per-il-tuo-matrimonio\/\",\"name\":\"Scegli il miglior fotografo per il tuo matrimonio - Article Marketing\",\"isPartOf\":{\"@id\":\"https:\/\/www.article-marketing.eu\/comunicati\/#website\"},\"datePublished\":\"2016-02-15T14:31:32+00:00\",\"dateModified\":\"2018-10-25T23:00:12+00:00\",\"author\":{\"@id\":\"https:\/\/www.article-marketing.eu\/comunicati\/#\/schema\/person\/44372e4d4d0fa797b18e03ed1ace9017\"},\"breadcrumb\":{\"@id\":\"https:\/\/www.article-marketing.eu\/comunicati\/societa\/persone\/scegli-il-miglior-fotografo-per-il-tuo-matrimonio\/#breadcrumb\"},\"inLanguage\":\"it-IT\",\"potentialAction\":[{\"@type\":\"ReadAction\",\"target\":[\"https:\/\/www.article-marketing.eu\/comunicati\/societa\/persone\/scegli-il-miglior-fotografo-per-il-tuo-matrimonio\/\"]}]},{\"@type\":\"BreadcrumbList\",\"@id\":\"https:\/\/www.article-marketing.eu\/comunicati\/societa\/persone\/scegli-il-miglior-fotografo-per-il-tuo-matrimonio\/#breadcrumb\",\"itemListElement\":[{\"@type\":\"ListItem\",\"position\":1,\"name\":\"Home\",\"item\":\"https:\/\/www.article-marketing.eu\/comunicati\/\"},{\"@type\":\"ListItem\",\"position\":2,\"name\":\"Scegli il miglior fotografo per il tuo matrimonio\"}]},{\"@type\":\"WebSite\",\"@id\":\"https:\/\/www.article-marketing.eu\/comunicati\/#website\",\"url\":\"https:\/\/www.article-marketing.eu\/comunicati\/\",\"name\":\"Article Marketing\",\"description\":\"article marketing &amp; press release\",\"potentialAction\":[{\"@type\":\"SearchAction\",\"target\":{\"@type\":\"EntryPoint\",\"urlTemplate\":\"https:\/\/www.article-marketing.eu\/comunicati\/?s={search_term_string}\"},\"query-input\":{\"@type\":\"PropertyValueSpecification\",\"valueRequired\":true,\"valueName\":\"search_term_string\"}}],\"inLanguage\":\"it-IT\"},{\"@type\":\"Person\",\"@id\":\"https:\/\/www.article-marketing.eu\/comunicati\/#\/schema\/person\/44372e4d4d0fa797b18e03ed1ace9017\",\"name\":\"Redazione Comunicati Stampa\",\"image\":{\"@type\":\"ImageObject\",\"inLanguage\":\"it-IT\",\"@id\":\"https:\/\/www.article-marketing.eu\/comunicati\/#\/schema\/person\/image\/\",\"url\":\"https:\/\/secure.gravatar.com\/avatar\/50e5c6421d3072f42e7ace803501602c60d75233d34e29fd05feb91c8760b792?s=96&d=mm&r=g\",\"contentUrl\":\"https:\/\/secure.gravatar.com\/avatar\/50e5c6421d3072f42e7ace803501602c60d75233d34e29fd05feb91c8760b792?s=96&d=mm&r=g\",\"caption\":\"Redazione Comunicati Stampa\"},\"url\":\"https:\/\/www.article-marketing.eu\/comunicati\/author\/redazione-comunicati-stampa\/\"}]}<\/script>\n<!-- \/ Yoast SEO plugin. -->","yoast_head_json":{"title":"Scegli il miglior fotografo per il tuo matrimonio - Article Marketing","robots":{"index":"index","follow":"follow","max-snippet":"max-snippet:-1","max-image-preview":"max-image-preview:large","max-video-preview":"max-video-preview:-1"},"canonical":"https:\/\/www.article-marketing.eu\/comunicati\/societa\/persone\/scegli-il-miglior-fotografo-per-il-tuo-matrimonio\/","og_locale":"it_IT","og_type":"article","og_title":"Scegli il miglior fotografo per il tuo matrimonio - Article Marketing","og_description":"La scelta del fotografo per il vostro matrimonio non va preso alla leggera. Si tratta di una scelta che richiede moltissima attenzione poich\u00e9 determiner\u00e0 le riprese del giorno pi\u00f9 importante della vostra vita.","og_url":"https:\/\/www.article-marketing.eu\/comunicati\/societa\/persone\/scegli-il-miglior-fotografo-per-il-tuo-matrimonio\/","og_site_name":"Article Marketing","article_published_time":"2016-02-15T14:31:32+00:00","article_modified_time":"2018-10-25T23:00:12+00:00","author":"Redazione Comunicati Stampa","twitter_card":"summary_large_image","twitter_misc":{"Scritto da":"Redazione Comunicati Stampa","Tempo di lettura stimato":"2 minuti"},"schema":{"@context":"https:\/\/schema.org","@graph":[{"@type":"Article","@id":"https:\/\/www.article-marketing.eu\/comunicati\/societa\/persone\/scegli-il-miglior-fotografo-per-il-tuo-matrimonio\/#article","isPartOf":{"@id":"https:\/\/www.article-marketing.eu\/comunicati\/societa\/persone\/scegli-il-miglior-fotografo-per-il-tuo-matrimonio\/"},"author":{"name":"Redazione Comunicati Stampa","@id":"https:\/\/www.article-marketing.eu\/comunicati\/#\/schema\/person\/44372e4d4d0fa797b18e03ed1ace9017"},"headline":"Scegli il miglior fotografo per il tuo matrimonio","datePublished":"2016-02-15T14:31:32+00:00","dateModified":"2018-10-25T23:00:12+00:00","mainEntityOfPage":{"@id":"https:\/\/www.article-marketing.eu\/comunicati\/societa\/persone\/scegli-il-miglior-fotografo-per-il-tuo-matrimonio\/"},"wordCount":465,"commentCount":0,"keywords":["fotografo matrimonio"],"articleSection":["Persone"],"inLanguage":"it-IT","potentialAction":[{"@type":"CommentAction","name":"Comment","target":["https:\/\/www.article-marketing.eu\/comunicati\/societa\/persone\/scegli-il-miglior-fotografo-per-il-tuo-matrimonio\/#respond"]}]},{"@type":"WebPage","@id":"https:\/\/www.article-marketing.eu\/comunicati\/societa\/persone\/scegli-il-miglior-fotografo-per-il-tuo-matrimonio\/","url":"https:\/\/www.article-marketing.eu\/comunicati\/societa\/persone\/scegli-il-miglior-fotografo-per-il-tuo-matrimonio\/","name":"Scegli il miglior fotografo per il tuo matrimonio - Article Marketing","isPartOf":{"@id":"https:\/\/www.article-marketing.eu\/comunicati\/#website"},"datePublished":"2016-02-15T14:31:32+00:00","dateModified":"2018-10-25T23:00:12+00:00","author":{"@id":"https:\/\/www.article-marketing.eu\/comunicati\/#\/schema\/person\/44372e4d4d0fa797b18e03ed1ace9017"},"breadcrumb":{"@id":"https:\/\/www.article-marketing.eu\/comunicati\/societa\/persone\/scegli-il-miglior-fotografo-per-il-tuo-matrimonio\/#breadcrumb"},"inLanguage":"it-IT","potentialAction":[{"@type":"ReadAction","target":["https:\/\/www.article-marketing.eu\/comunicati\/societa\/persone\/scegli-il-miglior-fotografo-per-il-tuo-matrimonio\/"]}]},{"@type":"BreadcrumbList","@id":"https:\/\/www.article-marketing.eu\/comunicati\/societa\/persone\/scegli-il-miglior-fotografo-per-il-tuo-matrimonio\/#breadcrumb","itemListElement":[{"@type":"ListItem","position":1,"name":"Home","item":"https:\/\/www.article-marketing.eu\/comunicati\/"},{"@type":"ListItem","position":2,"name":"Scegli il miglior fotografo per il tuo matrimonio"}]},{"@type":"WebSite","@id":"https:\/\/www.article-marketing.eu\/comunicati\/#website","url":"https:\/\/www.article-marketing.eu\/comunicati\/","name":"Article Marketing","description":"article marketing &amp; press release","potentialAction":[{"@type":"SearchAction","target":{"@type":"EntryPoint","urlTemplate":"https:\/\/www.article-marketing.eu\/comunicati\/?s={search_term_string}"},"query-input":{"@type":"PropertyValueSpecification","valueRequired":true,"valueName":"search_term_string"}}],"inLanguage":"it-IT"},{"@type":"Person","@id":"https:\/\/www.article-marketing.eu\/comunicati\/#\/schema\/person\/44372e4d4d0fa797b18e03ed1ace9017","name":"Redazione Comunicati Stampa","image":{"@type":"ImageObject","inLanguage":"it-IT","@id":"https:\/\/www.article-marketing.eu\/comunicati\/#\/schema\/person\/image\/","url":"https:\/\/secure.gravatar.com\/avatar\/50e5c6421d3072f42e7ace803501602c60d75233d34e29fd05feb91c8760b792?s=96&d=mm&r=g","contentUrl":"https:\/\/secure.gravatar.com\/avatar\/50e5c6421d3072f42e7ace803501602c60d75233d34e29fd05feb91c8760b792?s=96&d=mm&r=g","caption":"Redazione Comunicati Stampa"},"url":"https:\/\/www.article-marketing.eu\/comunicati\/author\/redazione-comunicati-stampa\/"}]}},"_links":{"self":[{"href":"https:\/\/www.article-marketing.eu\/comunicati\/wp-json\/wp\/v2\/posts\/51277","targetHints":{"allow":["GET"]}}],"collection":[{"href":"https:\/\/www.article-marketing.eu\/comunicati\/wp-json\/wp\/v2\/posts"}],"about":[{"href":"https:\/\/www.article-marketing.eu\/comunicati\/wp-json\/wp\/v2\/types\/post"}],"author":[{"embeddable":true,"href":"https:\/\/www.article-marketing.eu\/comunicati\/wp-json\/wp\/v2\/users\/10"}],"replies":[{"embeddable":true,"href":"https:\/\/www.article-marketing.eu\/comunicati\/wp-json\/wp\/v2\/comments?post=51277"}],"version-history":[{"count":1,"href":"https:\/\/www.article-marketing.eu\/comunicati\/wp-json\/wp\/v2\/posts\/51277\/revisions"}],"predecessor-version":[{"id":65162,"href":"https:\/\/www.article-marketing.eu\/comunicati\/wp-json\/wp\/v2\/posts\/51277\/revisions\/65162"}],"wp:attachment":[{"href":"https:\/\/www.article-marketing.eu\/comunicati\/wp-json\/wp\/v2\/media?parent=51277"}],"wp:term":[{"taxonomy":"category","embeddable":true,"href":"https:\/\/www.article-marketing.eu\/comunicati\/wp-json\/wp\/v2\/categories?post=51277"},{"taxonomy":"post_tag","embeddable":true,"href":"https:\/\/www.article-marketing.eu\/comunicati\/wp-json\/wp\/v2\/tags?post=51277"}],"curies":[{"name":"wp","href":"https:\/\/api.w.org\/{rel}","templated":true}]}}