{"id":5130,"date":"2010-05-18T11:57:27","date_gmt":"2010-05-18T09:57:27","guid":{"rendered":"http:\/\/www.article-marketing.eu\/comunicati\/senza-categoria\/tra-natura-e-mito-loasi-parma-morta\/"},"modified":"2018-06-04T20:18:58","modified_gmt":"2018-06-04T18:18:58","slug":"tra-natura-e-mito-loasi-parma-morta","status":"publish","type":"post","link":"https:\/\/www.article-marketing.eu\/comunicati\/comunicati-stampa\/eventi\/tra-natura-e-mito-loasi-parma-morta\/","title":{"rendered":"Tra natura e mito: l&#8217;oasi Parma Morta"},"content":{"rendered":"<p>\n <em><strong>Appuntamento il 22 maggio con Nolo Bike Parma che invita grandi e piccini a un&#8217;escursione guidata in bicicletta per imparare a conoscere meglio le piante e gli animali attraverso l&#8217;osservazione e tanti splendidi racconti. Partenza alle 15 dal punto Nolo Bike Parma di Mezzani con la guida ambientale \u2013 escursionistica Stefania Bertaccini.<\/strong><\/em><\/p>\n<p>\n\u201cC&#8217;era una volta, tanto tempo fa, un airone che voleva girare il mondo. Volando alto nel cielo vide una zona verde con tanti alberi, arbusti e acqua trasparente e vide un cartello in cui era scritto: <strong>\u201cParma Morta\u201d<\/strong> e decise di fermarsi\u201d. Questa potrebbe essere l&#8217;inizio di una delle tante storie che, Stefania Bertaccini, guida ambientale ed escursionistica, racconter\u00e0 a bambini, mamme e pap\u00e0 durante l&#8217;<strong>escursione organizzata da Nolo Bike Parma il 22 maggio<\/strong>.<\/p>\n<p>Si parte alle 15 dal punto noleggio di Mezzani e lungo un<strong> percorso di 20 chilometri<\/strong>, tutto il gruppo imparer\u00e0 a riconoscere rane, gallinelle, falchi e cicogne che vivono in questo ramo del torrente Parma, che nel 1870 devi\u00f2 il proprio corso, lasciando l&#8217;ultimo tratto privo di un flusso di acqua diretto. Quel ramo fluviale \u00e8 diventato una zona umida, un prezioso rifugio di piante e animali che non potrebbero sopravvivere nei campi circostanti e nei pioppeti.<\/p>\n<p>La natura osservata con binocolo e macchina fotografica (da ricordare assolutamente di portare con s\u00e9) diventa mito attraverso i racconti e le fiabe raccontate dalla guida. Percorrendo <strong>piste ciclabili e strade a bassa percorrenza<\/strong> Nolo Bike Parma suggerisce di pedalare senza fretta immersi nel verde per conoscere meglio l&#8217;ambiente che ci circonda lungo itinerari turistici e naturalistici che stimolano la curiosit\u00e0 dei pi\u00f9 piccoli.<\/p>\n<p>Il servizio \u201cNolo Bike Parma\u201d conta su un parco mezzi di 170 biciclette dislocate in 10 Comuni della Bassa Parmense dotati di piste ciclabili ed \u00e8 organizzato da Parma Turismi per conto della Provincia di Parma e con il supporto di Banca Monte Parma si avvale della collaborazione dei singoli gestori situati nei vari Comuni (Busseto, Colorno, Fontanellato, Mezzani, Polesine Parmense, Roccabianca, San Secondo Parmense, Sissa, Soragna, Zibello) e del coordinamento di Parma Turismi. <\/p>\n<p>Il servizio di noleggio gestito da Parma Turismi \u00e8 un&#8217;occasione unica per provare il cicloturismo: rilassante, sano, a misura d&#8217;uomo e \u201ca basso impatto ambientale\u201d.&nbsp; File chilometriche, luoghi super affollati e rumorosi sono solo un ricordo sulle tranquille piste ciclabili della Bassa, dove la vita all&#8217;aria aperta si coniuga perfettamente con le visite culturali e&nbsp; l&#8217;attivit\u00e0 fisica va di pari passo con la degustazione delle prelibatezze della cucina emiliana: culatello, Parmigiano-Reggiano e spalla cotta, giusto per citarne alcune. <br \/>Nessuna fretta, il ritmo \u00e8 dettato dal&nbsp; piacere della conversazione e dai pedali, cos\u00ec lo sguardo pu\u00f2 indugiare senza fretta&nbsp; sulle lunghe file di pioppi, i casolari che punteggiano i campi, i profili ondulati degli argini e naturalmente i paesi, perle preziose incastonate in un territorio ricco di storia e cultura.<\/p>\n<p>Su www.nolobikeparma.it&nbsp; trovate tutte le informazioni necessarie per partecipare all&#8217;escursione, oltre a tante informazioni su <strong>itinerari in bicicletta<\/strong> e <strong>percorsi ciclabili per scoprire la Bassa Parmense<\/strong>.<\/p>\n<p>\n<em><strong>Contatti:<\/strong><\/em><br \/>\nLayoutweb, Layout Advertising Group<br \/>\nPublic Relation Department<br \/>\nSimona Bonati<br \/>\nE-mail: bonati@layoutweb<br \/>\nwww.layoutweb.it<\/p>\n","protected":false},"excerpt":{"rendered":"<p><i>Appuntamento il 22 maggio con Nolo Bike Parma che invita grandi e piccini a un&#8217;escursione guidata in bicicletta per imparare a conoscere meglio le piante e gli animali attraverso l&#8217;osservazione e tanti splendidi racconti. Partenza alle 15 dal punto Nolo Bike Parma di Mezzani con la guida ambientale \u2013 escursionistica Stefania Bertaccini.<\/i><\/p>\n","protected":false},"author":10,"featured_media":0,"comment_status":"open","ping_status":"open","sticky":false,"template":"","format":"standard","meta":{"cybocfi_hide_featured_image":"","footnotes":""},"categories":[388],"tags":[5074,5071,5072,5078,5079,5075,5073],"class_list":["post-5130","post","type-post","status-publish","format-standard","hentry","category-eventi","tag-bici-parma-po","tag-cicloturismo","tag-itinerari-in-bicicletta","tag-itinerari-turistici","tag-itinerari-turistici-parma","tag-noleggio-bici-parma","tag-piste-ciclabili-parma"],"yoast_head":"<!-- This site is optimized with the Yoast SEO plugin v27.0 - https:\/\/yoast.com\/product\/yoast-seo-wordpress\/ -->\n<title>Tra natura e mito: l&#039;oasi Parma Morta - Article Marketing<\/title>\n<meta name=\"robots\" content=\"index, follow, max-snippet:-1, max-image-preview:large, max-video-preview:-1\" \/>\n<link rel=\"canonical\" href=\"https:\/\/www.article-marketing.eu\/comunicati\/comunicati-stampa\/eventi\/tra-natura-e-mito-loasi-parma-morta\/\" \/>\n<meta property=\"og:locale\" content=\"it_IT\" \/>\n<meta property=\"og:type\" content=\"article\" \/>\n<meta property=\"og:title\" content=\"Tra natura e mito: l&#039;oasi Parma Morta - Article Marketing\" \/>\n<meta property=\"og:description\" content=\"Appuntamento il 22 maggio con Nolo Bike Parma che invita grandi e piccini a un&#039;escursione guidata in bicicletta per imparare a conoscere meglio le piante e gli animali attraverso l&#039;osservazione e tanti splendidi racconti. Partenza alle 15 dal punto Nolo Bike Parma di Mezzani con la guida ambientale \u2013 escursionistica Stefania Bertaccini.\" \/>\n<meta property=\"og:url\" content=\"https:\/\/www.article-marketing.eu\/comunicati\/comunicati-stampa\/eventi\/tra-natura-e-mito-loasi-parma-morta\/\" \/>\n<meta property=\"og:site_name\" content=\"Article Marketing\" \/>\n<meta property=\"article:published_time\" content=\"2010-05-18T09:57:27+00:00\" \/>\n<meta property=\"article:modified_time\" content=\"2018-06-04T18:18:58+00:00\" \/>\n<meta name=\"author\" content=\"Redazione Comunicati Stampa\" \/>\n<meta name=\"twitter:card\" content=\"summary_large_image\" \/>\n<meta name=\"twitter:label1\" content=\"Scritto da\" \/>\n\t<meta name=\"twitter:data1\" content=\"Redazione Comunicati Stampa\" \/>\n\t<meta name=\"twitter:label2\" content=\"Tempo di lettura stimato\" \/>\n\t<meta name=\"twitter:data2\" content=\"3 minuti\" \/>\n<script type=\"application\/ld+json\" class=\"yoast-schema-graph\">{\"@context\":\"https:\/\/schema.org\",\"@graph\":[{\"@type\":\"Article\",\"@id\":\"https:\/\/www.article-marketing.eu\/comunicati\/comunicati-stampa\/eventi\/tra-natura-e-mito-loasi-parma-morta\/#article\",\"isPartOf\":{\"@id\":\"https:\/\/www.article-marketing.eu\/comunicati\/comunicati-stampa\/eventi\/tra-natura-e-mito-loasi-parma-morta\/\"},\"author\":{\"name\":\"Redazione Comunicati Stampa\",\"@id\":\"https:\/\/www.article-marketing.eu\/comunicati\/#\/schema\/person\/44372e4d4d0fa797b18e03ed1ace9017\"},\"headline\":\"Tra natura e mito: l&#8217;oasi Parma Morta\",\"datePublished\":\"2010-05-18T09:57:27+00:00\",\"dateModified\":\"2018-06-04T18:18:58+00:00\",\"mainEntityOfPage\":{\"@id\":\"https:\/\/www.article-marketing.eu\/comunicati\/comunicati-stampa\/eventi\/tra-natura-e-mito-loasi-parma-morta\/\"},\"wordCount\":513,\"commentCount\":0,\"keywords\":[\"bici parma po\",\"cicloturismo\",\"itinerari in bicicletta\",\"itinerari turistici\",\"itinerari turistici parma\",\"Noleggio bici parma\",\"piste ciclabili parma\"],\"articleSection\":[\"Eventi\"],\"inLanguage\":\"it-IT\",\"potentialAction\":[{\"@type\":\"CommentAction\",\"name\":\"Comment\",\"target\":[\"https:\/\/www.article-marketing.eu\/comunicati\/comunicati-stampa\/eventi\/tra-natura-e-mito-loasi-parma-morta\/#respond\"]}]},{\"@type\":\"WebPage\",\"@id\":\"https:\/\/www.article-marketing.eu\/comunicati\/comunicati-stampa\/eventi\/tra-natura-e-mito-loasi-parma-morta\/\",\"url\":\"https:\/\/www.article-marketing.eu\/comunicati\/comunicati-stampa\/eventi\/tra-natura-e-mito-loasi-parma-morta\/\",\"name\":\"Tra natura e mito: l'oasi Parma Morta - Article Marketing\",\"isPartOf\":{\"@id\":\"https:\/\/www.article-marketing.eu\/comunicati\/#website\"},\"datePublished\":\"2010-05-18T09:57:27+00:00\",\"dateModified\":\"2018-06-04T18:18:58+00:00\",\"author\":{\"@id\":\"https:\/\/www.article-marketing.eu\/comunicati\/#\/schema\/person\/44372e4d4d0fa797b18e03ed1ace9017\"},\"breadcrumb\":{\"@id\":\"https:\/\/www.article-marketing.eu\/comunicati\/comunicati-stampa\/eventi\/tra-natura-e-mito-loasi-parma-morta\/#breadcrumb\"},\"inLanguage\":\"it-IT\",\"potentialAction\":[{\"@type\":\"ReadAction\",\"target\":[\"https:\/\/www.article-marketing.eu\/comunicati\/comunicati-stampa\/eventi\/tra-natura-e-mito-loasi-parma-morta\/\"]}]},{\"@type\":\"BreadcrumbList\",\"@id\":\"https:\/\/www.article-marketing.eu\/comunicati\/comunicati-stampa\/eventi\/tra-natura-e-mito-loasi-parma-morta\/#breadcrumb\",\"itemListElement\":[{\"@type\":\"ListItem\",\"position\":1,\"name\":\"Home\",\"item\":\"https:\/\/www.article-marketing.eu\/comunicati\/\"},{\"@type\":\"ListItem\",\"position\":2,\"name\":\"Tra natura e mito: l&#8217;oasi Parma Morta\"}]},{\"@type\":\"WebSite\",\"@id\":\"https:\/\/www.article-marketing.eu\/comunicati\/#website\",\"url\":\"https:\/\/www.article-marketing.eu\/comunicati\/\",\"name\":\"Article Marketing\",\"description\":\"article marketing &amp; press release\",\"potentialAction\":[{\"@type\":\"SearchAction\",\"target\":{\"@type\":\"EntryPoint\",\"urlTemplate\":\"https:\/\/www.article-marketing.eu\/comunicati\/?s={search_term_string}\"},\"query-input\":{\"@type\":\"PropertyValueSpecification\",\"valueRequired\":true,\"valueName\":\"search_term_string\"}}],\"inLanguage\":\"it-IT\"},{\"@type\":\"Person\",\"@id\":\"https:\/\/www.article-marketing.eu\/comunicati\/#\/schema\/person\/44372e4d4d0fa797b18e03ed1ace9017\",\"name\":\"Redazione Comunicati Stampa\",\"image\":{\"@type\":\"ImageObject\",\"inLanguage\":\"it-IT\",\"@id\":\"https:\/\/www.article-marketing.eu\/comunicati\/#\/schema\/person\/image\/\",\"url\":\"https:\/\/secure.gravatar.com\/avatar\/50e5c6421d3072f42e7ace803501602c60d75233d34e29fd05feb91c8760b792?s=96&d=mm&r=g\",\"contentUrl\":\"https:\/\/secure.gravatar.com\/avatar\/50e5c6421d3072f42e7ace803501602c60d75233d34e29fd05feb91c8760b792?s=96&d=mm&r=g\",\"caption\":\"Redazione Comunicati Stampa\"},\"url\":\"https:\/\/www.article-marketing.eu\/comunicati\/author\/redazione-comunicati-stampa\/\"}]}<\/script>\n<!-- \/ Yoast SEO plugin. -->","yoast_head_json":{"title":"Tra natura e mito: l'oasi Parma Morta - Article Marketing","robots":{"index":"index","follow":"follow","max-snippet":"max-snippet:-1","max-image-preview":"max-image-preview:large","max-video-preview":"max-video-preview:-1"},"canonical":"https:\/\/www.article-marketing.eu\/comunicati\/comunicati-stampa\/eventi\/tra-natura-e-mito-loasi-parma-morta\/","og_locale":"it_IT","og_type":"article","og_title":"Tra natura e mito: l'oasi Parma Morta - Article Marketing","og_description":"Appuntamento il 22 maggio con Nolo Bike Parma che invita grandi e piccini a un'escursione guidata in bicicletta per imparare a conoscere meglio le piante e gli animali attraverso l'osservazione e tanti splendidi racconti. Partenza alle 15 dal punto Nolo Bike Parma di Mezzani con la guida ambientale \u2013 escursionistica Stefania Bertaccini.","og_url":"https:\/\/www.article-marketing.eu\/comunicati\/comunicati-stampa\/eventi\/tra-natura-e-mito-loasi-parma-morta\/","og_site_name":"Article Marketing","article_published_time":"2010-05-18T09:57:27+00:00","article_modified_time":"2018-06-04T18:18:58+00:00","author":"Redazione Comunicati Stampa","twitter_card":"summary_large_image","twitter_misc":{"Scritto da":"Redazione Comunicati Stampa","Tempo di lettura stimato":"3 minuti"},"schema":{"@context":"https:\/\/schema.org","@graph":[{"@type":"Article","@id":"https:\/\/www.article-marketing.eu\/comunicati\/comunicati-stampa\/eventi\/tra-natura-e-mito-loasi-parma-morta\/#article","isPartOf":{"@id":"https:\/\/www.article-marketing.eu\/comunicati\/comunicati-stampa\/eventi\/tra-natura-e-mito-loasi-parma-morta\/"},"author":{"name":"Redazione Comunicati Stampa","@id":"https:\/\/www.article-marketing.eu\/comunicati\/#\/schema\/person\/44372e4d4d0fa797b18e03ed1ace9017"},"headline":"Tra natura e mito: l&#8217;oasi Parma Morta","datePublished":"2010-05-18T09:57:27+00:00","dateModified":"2018-06-04T18:18:58+00:00","mainEntityOfPage":{"@id":"https:\/\/www.article-marketing.eu\/comunicati\/comunicati-stampa\/eventi\/tra-natura-e-mito-loasi-parma-morta\/"},"wordCount":513,"commentCount":0,"keywords":["bici parma po","cicloturismo","itinerari in bicicletta","itinerari turistici","itinerari turistici parma","Noleggio bici parma","piste ciclabili parma"],"articleSection":["Eventi"],"inLanguage":"it-IT","potentialAction":[{"@type":"CommentAction","name":"Comment","target":["https:\/\/www.article-marketing.eu\/comunicati\/comunicati-stampa\/eventi\/tra-natura-e-mito-loasi-parma-morta\/#respond"]}]},{"@type":"WebPage","@id":"https:\/\/www.article-marketing.eu\/comunicati\/comunicati-stampa\/eventi\/tra-natura-e-mito-loasi-parma-morta\/","url":"https:\/\/www.article-marketing.eu\/comunicati\/comunicati-stampa\/eventi\/tra-natura-e-mito-loasi-parma-morta\/","name":"Tra natura e mito: l'oasi Parma Morta - Article Marketing","isPartOf":{"@id":"https:\/\/www.article-marketing.eu\/comunicati\/#website"},"datePublished":"2010-05-18T09:57:27+00:00","dateModified":"2018-06-04T18:18:58+00:00","author":{"@id":"https:\/\/www.article-marketing.eu\/comunicati\/#\/schema\/person\/44372e4d4d0fa797b18e03ed1ace9017"},"breadcrumb":{"@id":"https:\/\/www.article-marketing.eu\/comunicati\/comunicati-stampa\/eventi\/tra-natura-e-mito-loasi-parma-morta\/#breadcrumb"},"inLanguage":"it-IT","potentialAction":[{"@type":"ReadAction","target":["https:\/\/www.article-marketing.eu\/comunicati\/comunicati-stampa\/eventi\/tra-natura-e-mito-loasi-parma-morta\/"]}]},{"@type":"BreadcrumbList","@id":"https:\/\/www.article-marketing.eu\/comunicati\/comunicati-stampa\/eventi\/tra-natura-e-mito-loasi-parma-morta\/#breadcrumb","itemListElement":[{"@type":"ListItem","position":1,"name":"Home","item":"https:\/\/www.article-marketing.eu\/comunicati\/"},{"@type":"ListItem","position":2,"name":"Tra natura e mito: l&#8217;oasi Parma Morta"}]},{"@type":"WebSite","@id":"https:\/\/www.article-marketing.eu\/comunicati\/#website","url":"https:\/\/www.article-marketing.eu\/comunicati\/","name":"Article Marketing","description":"article marketing &amp; press release","potentialAction":[{"@type":"SearchAction","target":{"@type":"EntryPoint","urlTemplate":"https:\/\/www.article-marketing.eu\/comunicati\/?s={search_term_string}"},"query-input":{"@type":"PropertyValueSpecification","valueRequired":true,"valueName":"search_term_string"}}],"inLanguage":"it-IT"},{"@type":"Person","@id":"https:\/\/www.article-marketing.eu\/comunicati\/#\/schema\/person\/44372e4d4d0fa797b18e03ed1ace9017","name":"Redazione Comunicati Stampa","image":{"@type":"ImageObject","inLanguage":"it-IT","@id":"https:\/\/www.article-marketing.eu\/comunicati\/#\/schema\/person\/image\/","url":"https:\/\/secure.gravatar.com\/avatar\/50e5c6421d3072f42e7ace803501602c60d75233d34e29fd05feb91c8760b792?s=96&d=mm&r=g","contentUrl":"https:\/\/secure.gravatar.com\/avatar\/50e5c6421d3072f42e7ace803501602c60d75233d34e29fd05feb91c8760b792?s=96&d=mm&r=g","caption":"Redazione Comunicati Stampa"},"url":"https:\/\/www.article-marketing.eu\/comunicati\/author\/redazione-comunicati-stampa\/"}]}},"_links":{"self":[{"href":"https:\/\/www.article-marketing.eu\/comunicati\/wp-json\/wp\/v2\/posts\/5130","targetHints":{"allow":["GET"]}}],"collection":[{"href":"https:\/\/www.article-marketing.eu\/comunicati\/wp-json\/wp\/v2\/posts"}],"about":[{"href":"https:\/\/www.article-marketing.eu\/comunicati\/wp-json\/wp\/v2\/types\/post"}],"author":[{"embeddable":true,"href":"https:\/\/www.article-marketing.eu\/comunicati\/wp-json\/wp\/v2\/users\/10"}],"replies":[{"embeddable":true,"href":"https:\/\/www.article-marketing.eu\/comunicati\/wp-json\/wp\/v2\/comments?post=5130"}],"version-history":[{"count":1,"href":"https:\/\/www.article-marketing.eu\/comunicati\/wp-json\/wp\/v2\/posts\/5130\/revisions"}],"predecessor-version":[{"id":55684,"href":"https:\/\/www.article-marketing.eu\/comunicati\/wp-json\/wp\/v2\/posts\/5130\/revisions\/55684"}],"wp:attachment":[{"href":"https:\/\/www.article-marketing.eu\/comunicati\/wp-json\/wp\/v2\/media?parent=5130"}],"wp:term":[{"taxonomy":"category","embeddable":true,"href":"https:\/\/www.article-marketing.eu\/comunicati\/wp-json\/wp\/v2\/categories?post=5130"},{"taxonomy":"post_tag","embeddable":true,"href":"https:\/\/www.article-marketing.eu\/comunicati\/wp-json\/wp\/v2\/tags?post=5130"}],"curies":[{"name":"wp","href":"https:\/\/api.w.org\/{rel}","templated":true}]}}