{"id":51310,"date":"2016-02-16T14:22:11","date_gmt":"2016-02-16T13:22:11","guid":{"rendered":"http:\/\/www.article-marketing.eu\/comunicati\/senza-categoria\/chi-riguarder%c3%a0-il-taglio-alle-pensioni-di-reversibilit%c3%a0\/"},"modified":"2016-02-16T14:22:11","modified_gmt":"2016-02-16T13:22:11","slug":"chi-riguarder%c3%a0-il-taglio-alle-pensioni-di-reversibilit%c3%a0","status":"publish","type":"post","link":"https:\/\/www.article-marketing.eu\/comunicati\/societa\/tutela-e-denunce-societa\/chi-riguarder%c3%a0-il-taglio-alle-pensioni-di-reversibilit%c3%a0\/","title":{"rendered":"Chi riguarder\u00e0 il taglio alle pensioni di reversibilit\u00e0?"},"content":{"rendered":"<p>Il Governo &egrave; a lavoro su una legge delega che mira a contrastare la povert&agrave; mediante l&#8217;erogazione di un assegno universale indirizzati a circa 4,1 milioni di italiani. <br \/>Il principio &egrave; quello di calcolare la pensione di reversibilit&agrave; basandosi sull&#8217;Isee, in modo da evitare l&#8217;erogazione dello stesso a favore di famiglie facoltose.<br \/>La pensione di reversibilit&agrave; riguarda, oggi, circa 3 milioni di benefeciari, per una spesa complessiva che ammonta circa a 24 miliardi di euro.<br \/>E&#8217; importante, per&ograve;, sottolineare che nella maggior parte dei casi la pensione di reversibilit&agrave; non viene erogata a favore di individui benestanti, ma rappresenta una fonte di sostentamento sussidiaria per i pi&ugrave; anziani.<br \/>Maggiornaza ed opposizione si sono dichiarati subito contrari ad eventuali tagli da parte del governo.<br \/>Possono tirare un sospiro di sollievo i pensionati, in qunato le loro pensioni non saranno oggetto di alcun taglio. A sostegno delle loro esigenze ci sono i prestiti personli e le cessioni del quinto, soprattutto grazie alle <a href=\"https:\/\/prestitionlineinpdap.it\/cessione-del-quinto\/\" target=\"_blank\" title=\"Cessione del Quinto\">convenzioni con l&#8217;INPS<\/a>, caratterizzate da tassi estremamente convenienti ed adatti ad ogni profilo personale.<br \/>\nLa pensione anticipata &egrave; una &#8216;via di fuga&#8217; sempre pi&ugrave; spesso ricercata, anche nel 2016, perch&eacute; i requisiti inaspriti dalla riforma Fornero hanno portato l&#8217;et&agrave; anagrafica della pensione di vecchiaia Inps a livelli che tutti i lavoratori considerano inaccettabili. Quest&#8217;anno, chi vuole accedere alla pensione di vecchiaia deve avere 66 anni e 7 mesi se uomo o donna dipendente del settore pubblico e 65 anni e 7 mesi se donna dipendente del settore privato. Le lavoratrici autonome accedono a 66 anni e 1 mese di et&agrave;. A partire dal 2018, tutti i lavoratori accederanno alla pensione alla stessa et&agrave;, ovvero 66 anni e 7 mesi. La scappatoia resta quindi la pensione anticipata. Vedi le condizioni della settima salvaguardia.<\/p>\n<p>Inps, pensione anticipata: le due possibilit&agrave;<\/p>\n<p>La pensione anticipata Inps consente di uscire dal mondo del lavoro con 42 anni e 10 mesi di contributi versati per i lavoratori e 41 anni e 10 mesi per le lavoratrici. Esiste per&ograve; un&#8217;altra forma di pensione anticipata, che tra i requisiti include l&#8217;avere 63 anni e 7 mesi di et&agrave; anagrafica. Si tratta della pensione anticipata contributiva. A quali condizioni &egrave; possibile accedervi a questa et&agrave;? Sono richiesti un minimo di vent&#8217;anni di contributi versati (contribuzione effettivamente versata con esclusione di quella accreditata figurativamente a qualsiasi titolo) e l&rsquo;ammontare del primo assegno deve superare di 2,8 volte quello dell&rsquo;assegno sociale (tradotto in termini pratici, l&#8217;importo dell&#8217;assegno delle superare i 1.255 euro). Una circolare Inps ha chiarito anche un dettaglio che fino a poco tempo fa non era chiaro. &Egrave; stato specificato che per chi &egrave; iscritto alla Gestione separata e voglia cumulare i contributi per avere un&#8217;unica pensione, nel calcolo vengono presi in considerazione anche i contributi versati prima del 1996. Ci&ograve; significa che l&#8217;accesso a tale tipo di pensione &egrave; valida anche per il lavoratore autonomo, il libero professionista, il cococo e il cocopro. Si ricorda che ai fini del conseguimento della pensione &egrave; necessaria la cessazione del rapporto di lavoro dipendente ma non la cessazione dell&#8217;attivit&agrave; svolta come lavoratore autonomo.<\/p>\n","protected":false},"excerpt":{"rendered":"<p>Preoccupazioni per chi gode della pensione di reversibilit\u00e0, potrebbero infatti essere \u201crazionalizzate\u201d per finanziare il nuovo pacchetto del Governo.<\/p>\n","protected":false},"author":10,"featured_media":0,"comment_status":"open","ping_status":"open","sticky":false,"template":"","format":"standard","meta":{"cybocfi_hide_featured_image":"","footnotes":""},"categories":[63],"tags":[54106],"class_list":["post-51310","post","type-post","status-publish","format-standard","hentry","category-tutela-e-denunce-societa","tag-pensioni-di-reversibilita"],"yoast_head":"<!-- This site is optimized with the Yoast SEO plugin v27.0 - https:\/\/yoast.com\/product\/yoast-seo-wordpress\/ -->\n<title>Chi riguarder\u00e0 il taglio alle pensioni di reversibilit\u00e0? - Article Marketing<\/title>\n<meta name=\"robots\" content=\"index, follow, max-snippet:-1, max-image-preview:large, max-video-preview:-1\" \/>\n<link rel=\"canonical\" href=\"https:\/\/www.article-marketing.eu\/comunicati\/societa\/tutela-e-denunce-societa\/chi-riguarder\u00e0-il-taglio-alle-pensioni-di-reversibilit\u00e0\/\" \/>\n<meta property=\"og:locale\" content=\"it_IT\" \/>\n<meta property=\"og:type\" content=\"article\" \/>\n<meta property=\"og:title\" content=\"Chi riguarder\u00e0 il taglio alle pensioni di reversibilit\u00e0? - Article Marketing\" \/>\n<meta property=\"og:description\" content=\"Preoccupazioni per chi gode della pensione di reversibilit\u00e0, potrebbero infatti essere \u201crazionalizzate\u201d per finanziare il nuovo pacchetto del Governo.\" \/>\n<meta property=\"og:url\" content=\"https:\/\/www.article-marketing.eu\/comunicati\/societa\/tutela-e-denunce-societa\/chi-riguarder\u00e0-il-taglio-alle-pensioni-di-reversibilit\u00e0\/\" \/>\n<meta property=\"og:site_name\" content=\"Article Marketing\" \/>\n<meta property=\"article:published_time\" content=\"2016-02-16T13:22:11+00:00\" \/>\n<meta name=\"author\" content=\"Redazione Comunicati Stampa\" \/>\n<meta name=\"twitter:card\" content=\"summary_large_image\" \/>\n<meta name=\"twitter:label1\" content=\"Scritto da\" \/>\n\t<meta name=\"twitter:data1\" content=\"Redazione Comunicati Stampa\" \/>\n\t<meta name=\"twitter:label2\" content=\"Tempo di lettura stimato\" \/>\n\t<meta name=\"twitter:data2\" content=\"3 minuti\" \/>\n<script type=\"application\/ld+json\" class=\"yoast-schema-graph\">{\"@context\":\"https:\/\/schema.org\",\"@graph\":[{\"@type\":\"Article\",\"@id\":\"https:\/\/www.article-marketing.eu\/comunicati\/societa\/tutela-e-denunce-societa\/chi-riguarder%c3%a0-il-taglio-alle-pensioni-di-reversibilit%c3%a0\/#article\",\"isPartOf\":{\"@id\":\"https:\/\/www.article-marketing.eu\/comunicati\/societa\/tutela-e-denunce-societa\/chi-riguarder%c3%a0-il-taglio-alle-pensioni-di-reversibilit%c3%a0\/\"},\"author\":{\"name\":\"Redazione Comunicati Stampa\",\"@id\":\"https:\/\/www.article-marketing.eu\/comunicati\/#\/schema\/person\/44372e4d4d0fa797b18e03ed1ace9017\"},\"headline\":\"Chi riguarder\u00e0 il taglio alle pensioni di reversibilit\u00e0?\",\"datePublished\":\"2016-02-16T13:22:11+00:00\",\"mainEntityOfPage\":{\"@id\":\"https:\/\/www.article-marketing.eu\/comunicati\/societa\/tutela-e-denunce-societa\/chi-riguarder%c3%a0-il-taglio-alle-pensioni-di-reversibilit%c3%a0\/\"},\"wordCount\":519,\"commentCount\":0,\"keywords\":[\"pensioni di reversibilit\u00e0\"],\"articleSection\":[\"Tutela e denunce\"],\"inLanguage\":\"it-IT\",\"potentialAction\":[{\"@type\":\"CommentAction\",\"name\":\"Comment\",\"target\":[\"https:\/\/www.article-marketing.eu\/comunicati\/societa\/tutela-e-denunce-societa\/chi-riguarder%c3%a0-il-taglio-alle-pensioni-di-reversibilit%c3%a0\/#respond\"]}]},{\"@type\":\"WebPage\",\"@id\":\"https:\/\/www.article-marketing.eu\/comunicati\/societa\/tutela-e-denunce-societa\/chi-riguarder%c3%a0-il-taglio-alle-pensioni-di-reversibilit%c3%a0\/\",\"url\":\"https:\/\/www.article-marketing.eu\/comunicati\/societa\/tutela-e-denunce-societa\/chi-riguarder%c3%a0-il-taglio-alle-pensioni-di-reversibilit%c3%a0\/\",\"name\":\"Chi riguarder\u00e0 il taglio alle pensioni di reversibilit\u00e0? - Article Marketing\",\"isPartOf\":{\"@id\":\"https:\/\/www.article-marketing.eu\/comunicati\/#website\"},\"datePublished\":\"2016-02-16T13:22:11+00:00\",\"author\":{\"@id\":\"https:\/\/www.article-marketing.eu\/comunicati\/#\/schema\/person\/44372e4d4d0fa797b18e03ed1ace9017\"},\"breadcrumb\":{\"@id\":\"https:\/\/www.article-marketing.eu\/comunicati\/societa\/tutela-e-denunce-societa\/chi-riguarder%c3%a0-il-taglio-alle-pensioni-di-reversibilit%c3%a0\/#breadcrumb\"},\"inLanguage\":\"it-IT\",\"potentialAction\":[{\"@type\":\"ReadAction\",\"target\":[\"https:\/\/www.article-marketing.eu\/comunicati\/societa\/tutela-e-denunce-societa\/chi-riguarder%c3%a0-il-taglio-alle-pensioni-di-reversibilit%c3%a0\/\"]}]},{\"@type\":\"BreadcrumbList\",\"@id\":\"https:\/\/www.article-marketing.eu\/comunicati\/societa\/tutela-e-denunce-societa\/chi-riguarder%c3%a0-il-taglio-alle-pensioni-di-reversibilit%c3%a0\/#breadcrumb\",\"itemListElement\":[{\"@type\":\"ListItem\",\"position\":1,\"name\":\"Home\",\"item\":\"https:\/\/www.article-marketing.eu\/comunicati\/\"},{\"@type\":\"ListItem\",\"position\":2,\"name\":\"Chi riguarder\u00e0 il taglio alle pensioni di reversibilit\u00e0?\"}]},{\"@type\":\"WebSite\",\"@id\":\"https:\/\/www.article-marketing.eu\/comunicati\/#website\",\"url\":\"https:\/\/www.article-marketing.eu\/comunicati\/\",\"name\":\"Article Marketing\",\"description\":\"article marketing &amp; press release\",\"potentialAction\":[{\"@type\":\"SearchAction\",\"target\":{\"@type\":\"EntryPoint\",\"urlTemplate\":\"https:\/\/www.article-marketing.eu\/comunicati\/?s={search_term_string}\"},\"query-input\":{\"@type\":\"PropertyValueSpecification\",\"valueRequired\":true,\"valueName\":\"search_term_string\"}}],\"inLanguage\":\"it-IT\"},{\"@type\":\"Person\",\"@id\":\"https:\/\/www.article-marketing.eu\/comunicati\/#\/schema\/person\/44372e4d4d0fa797b18e03ed1ace9017\",\"name\":\"Redazione Comunicati Stampa\",\"image\":{\"@type\":\"ImageObject\",\"inLanguage\":\"it-IT\",\"@id\":\"https:\/\/www.article-marketing.eu\/comunicati\/#\/schema\/person\/image\/\",\"url\":\"https:\/\/secure.gravatar.com\/avatar\/50e5c6421d3072f42e7ace803501602c60d75233d34e29fd05feb91c8760b792?s=96&d=mm&r=g\",\"contentUrl\":\"https:\/\/secure.gravatar.com\/avatar\/50e5c6421d3072f42e7ace803501602c60d75233d34e29fd05feb91c8760b792?s=96&d=mm&r=g\",\"caption\":\"Redazione Comunicati Stampa\"},\"url\":\"https:\/\/www.article-marketing.eu\/comunicati\/author\/redazione-comunicati-stampa\/\"}]}<\/script>\n<!-- \/ Yoast SEO plugin. -->","yoast_head_json":{"title":"Chi riguarder\u00e0 il taglio alle pensioni di reversibilit\u00e0? - Article Marketing","robots":{"index":"index","follow":"follow","max-snippet":"max-snippet:-1","max-image-preview":"max-image-preview:large","max-video-preview":"max-video-preview:-1"},"canonical":"https:\/\/www.article-marketing.eu\/comunicati\/societa\/tutela-e-denunce-societa\/chi-riguarder\u00e0-il-taglio-alle-pensioni-di-reversibilit\u00e0\/","og_locale":"it_IT","og_type":"article","og_title":"Chi riguarder\u00e0 il taglio alle pensioni di reversibilit\u00e0? - Article Marketing","og_description":"Preoccupazioni per chi gode della pensione di reversibilit\u00e0, potrebbero infatti essere \u201crazionalizzate\u201d per finanziare il nuovo pacchetto del Governo.","og_url":"https:\/\/www.article-marketing.eu\/comunicati\/societa\/tutela-e-denunce-societa\/chi-riguarder\u00e0-il-taglio-alle-pensioni-di-reversibilit\u00e0\/","og_site_name":"Article Marketing","article_published_time":"2016-02-16T13:22:11+00:00","author":"Redazione Comunicati Stampa","twitter_card":"summary_large_image","twitter_misc":{"Scritto da":"Redazione Comunicati Stampa","Tempo di lettura stimato":"3 minuti"},"schema":{"@context":"https:\/\/schema.org","@graph":[{"@type":"Article","@id":"https:\/\/www.article-marketing.eu\/comunicati\/societa\/tutela-e-denunce-societa\/chi-riguarder%c3%a0-il-taglio-alle-pensioni-di-reversibilit%c3%a0\/#article","isPartOf":{"@id":"https:\/\/www.article-marketing.eu\/comunicati\/societa\/tutela-e-denunce-societa\/chi-riguarder%c3%a0-il-taglio-alle-pensioni-di-reversibilit%c3%a0\/"},"author":{"name":"Redazione Comunicati Stampa","@id":"https:\/\/www.article-marketing.eu\/comunicati\/#\/schema\/person\/44372e4d4d0fa797b18e03ed1ace9017"},"headline":"Chi riguarder\u00e0 il taglio alle pensioni di reversibilit\u00e0?","datePublished":"2016-02-16T13:22:11+00:00","mainEntityOfPage":{"@id":"https:\/\/www.article-marketing.eu\/comunicati\/societa\/tutela-e-denunce-societa\/chi-riguarder%c3%a0-il-taglio-alle-pensioni-di-reversibilit%c3%a0\/"},"wordCount":519,"commentCount":0,"keywords":["pensioni di reversibilit\u00e0"],"articleSection":["Tutela e denunce"],"inLanguage":"it-IT","potentialAction":[{"@type":"CommentAction","name":"Comment","target":["https:\/\/www.article-marketing.eu\/comunicati\/societa\/tutela-e-denunce-societa\/chi-riguarder%c3%a0-il-taglio-alle-pensioni-di-reversibilit%c3%a0\/#respond"]}]},{"@type":"WebPage","@id":"https:\/\/www.article-marketing.eu\/comunicati\/societa\/tutela-e-denunce-societa\/chi-riguarder%c3%a0-il-taglio-alle-pensioni-di-reversibilit%c3%a0\/","url":"https:\/\/www.article-marketing.eu\/comunicati\/societa\/tutela-e-denunce-societa\/chi-riguarder%c3%a0-il-taglio-alle-pensioni-di-reversibilit%c3%a0\/","name":"Chi riguarder\u00e0 il taglio alle pensioni di reversibilit\u00e0? - Article Marketing","isPartOf":{"@id":"https:\/\/www.article-marketing.eu\/comunicati\/#website"},"datePublished":"2016-02-16T13:22:11+00:00","author":{"@id":"https:\/\/www.article-marketing.eu\/comunicati\/#\/schema\/person\/44372e4d4d0fa797b18e03ed1ace9017"},"breadcrumb":{"@id":"https:\/\/www.article-marketing.eu\/comunicati\/societa\/tutela-e-denunce-societa\/chi-riguarder%c3%a0-il-taglio-alle-pensioni-di-reversibilit%c3%a0\/#breadcrumb"},"inLanguage":"it-IT","potentialAction":[{"@type":"ReadAction","target":["https:\/\/www.article-marketing.eu\/comunicati\/societa\/tutela-e-denunce-societa\/chi-riguarder%c3%a0-il-taglio-alle-pensioni-di-reversibilit%c3%a0\/"]}]},{"@type":"BreadcrumbList","@id":"https:\/\/www.article-marketing.eu\/comunicati\/societa\/tutela-e-denunce-societa\/chi-riguarder%c3%a0-il-taglio-alle-pensioni-di-reversibilit%c3%a0\/#breadcrumb","itemListElement":[{"@type":"ListItem","position":1,"name":"Home","item":"https:\/\/www.article-marketing.eu\/comunicati\/"},{"@type":"ListItem","position":2,"name":"Chi riguarder\u00e0 il taglio alle pensioni di reversibilit\u00e0?"}]},{"@type":"WebSite","@id":"https:\/\/www.article-marketing.eu\/comunicati\/#website","url":"https:\/\/www.article-marketing.eu\/comunicati\/","name":"Article Marketing","description":"article marketing &amp; press release","potentialAction":[{"@type":"SearchAction","target":{"@type":"EntryPoint","urlTemplate":"https:\/\/www.article-marketing.eu\/comunicati\/?s={search_term_string}"},"query-input":{"@type":"PropertyValueSpecification","valueRequired":true,"valueName":"search_term_string"}}],"inLanguage":"it-IT"},{"@type":"Person","@id":"https:\/\/www.article-marketing.eu\/comunicati\/#\/schema\/person\/44372e4d4d0fa797b18e03ed1ace9017","name":"Redazione Comunicati Stampa","image":{"@type":"ImageObject","inLanguage":"it-IT","@id":"https:\/\/www.article-marketing.eu\/comunicati\/#\/schema\/person\/image\/","url":"https:\/\/secure.gravatar.com\/avatar\/50e5c6421d3072f42e7ace803501602c60d75233d34e29fd05feb91c8760b792?s=96&d=mm&r=g","contentUrl":"https:\/\/secure.gravatar.com\/avatar\/50e5c6421d3072f42e7ace803501602c60d75233d34e29fd05feb91c8760b792?s=96&d=mm&r=g","caption":"Redazione Comunicati Stampa"},"url":"https:\/\/www.article-marketing.eu\/comunicati\/author\/redazione-comunicati-stampa\/"}]}},"_links":{"self":[{"href":"https:\/\/www.article-marketing.eu\/comunicati\/wp-json\/wp\/v2\/posts\/51310","targetHints":{"allow":["GET"]}}],"collection":[{"href":"https:\/\/www.article-marketing.eu\/comunicati\/wp-json\/wp\/v2\/posts"}],"about":[{"href":"https:\/\/www.article-marketing.eu\/comunicati\/wp-json\/wp\/v2\/types\/post"}],"author":[{"embeddable":true,"href":"https:\/\/www.article-marketing.eu\/comunicati\/wp-json\/wp\/v2\/users\/10"}],"replies":[{"embeddable":true,"href":"https:\/\/www.article-marketing.eu\/comunicati\/wp-json\/wp\/v2\/comments?post=51310"}],"version-history":[{"count":0,"href":"https:\/\/www.article-marketing.eu\/comunicati\/wp-json\/wp\/v2\/posts\/51310\/revisions"}],"wp:attachment":[{"href":"https:\/\/www.article-marketing.eu\/comunicati\/wp-json\/wp\/v2\/media?parent=51310"}],"wp:term":[{"taxonomy":"category","embeddable":true,"href":"https:\/\/www.article-marketing.eu\/comunicati\/wp-json\/wp\/v2\/categories?post=51310"},{"taxonomy":"post_tag","embeddable":true,"href":"https:\/\/www.article-marketing.eu\/comunicati\/wp-json\/wp\/v2\/tags?post=51310"}],"curies":[{"name":"wp","href":"https:\/\/api.w.org\/{rel}","templated":true}]}}