{"id":5140,"date":"2010-05-19T10:59:36","date_gmt":"2010-05-19T08:59:36","guid":{"rendered":"http:\/\/www.article-marketing.eu\/comunicati\/senza-categoria\/antonino-brambilla-il-boulevard-per-valorizzare-il-paesaggio-urbano-brianzolo\/"},"modified":"2018-07-10T05:42:43","modified_gmt":"2018-07-10T03:42:43","slug":"antonino-brambilla-il-boulevard-per-valorizzare-il-paesaggio-urbano-brianzolo","status":"publish","type":"post","link":"https:\/\/www.article-marketing.eu\/comunicati\/ambiente\/antonino-brambilla-il-boulevard-per-valorizzare-il-paesaggio-urbano-brianzolo\/","title":{"rendered":"Antonino Brambilla: il boulevard per valorizzare il paesaggio urbano brianzolo"},"content":{"rendered":"<p><strong>Il vicepresidente della provincia, Antonino Brambilla: il boulevard \u00e8 una delle prime azioni che mettiamo in campo per valorizzare il paesaggio urbano brianzolo<\/strong><\/p>\n<p>&nbsp;<\/p>\n<p>&nbsp;<\/p>\n<p><strong>Un boulevard di sette chilometri lungo il canale Villoresi. (Interventi di Antonino Brambilla)<\/strong><\/p>\n<p><em>Il cittadino &#8211; La nuova Provincia<\/em><\/p>\n<p>&nbsp;<\/p>\n<p><strong>Curriculum vitae ANTONINO BRAMBILLA<\/strong><\/p>\n<p>&nbsp;<\/p>\n<p>(mb) Sar\u00e0 un vero e proprio boulevard quello che correr\u00e0 lungo il canale Villoresi, nei sette chilometri del tratto compreso tra la Villa Reale e il Lambro.<\/p>\n<p>Il Consorzio di bonifica Est Ticino ha presentato nei giorni scorsi alla provincia il progetto preliminare per la sistemazione paesistica ed ambientale dell&#8217;alzaia e delle sponde scoperte del corso d&#8217;acqua, la rimozione delle erbe infestanti, la piantumazione di nuovi filari di alberi e arbusti e la creazione di quattro parchi attrezzati.<\/p>\n<p>I quattro &quot;Giardini del Villoresi&quot; rappresentano una delle parti pi\u00f9 importanti del piano di recupero delle sponde: saranno infatti spazi aperti all&#8217;interno della realt\u00e0 urbana che avranno, tra l&#8217;altro l&#8217;obiettivo di connettere le zone lungo il canale con il sistema verde di Monza, in linea con le indicazioni fornite dal piano di governo del territorio del capoluogo.<\/p>\n<p>Una delle 4 oasi ha richiesto ai progettisti un approfondimento particolare in quanto \u00e8 collocata nell&#8217;intersezione tra il canale e le anse del Labro, in un angolo in cui l&#8217;intreccio delle acque, da vit\u00e0 ad una grande suggestione ambientale.<\/p>\n<p>I centomila euro necessari alla progettazione del piano saranno stanziati dalla provincia mentre gli ottocentomila per la realizzazione dei lavori, che dovrebbe partire nel 2011, saranno a carico del consorzio.<\/p>\n<p>&nbsp;<\/p>\n<p><strong>Antonino Brambilla:<\/strong><\/p>\n<p>&quot;Il boulevard \u00e8 una delle prime azioni che mettiamo in campo per valorizzare il paesaggio urbano della Brianza &#8211; spiega il vicepresidente della provincia Antonino Brambilla &#8211; il canale Villoresi, opera di grande ingegno, \u00e8 una delle risorse pi\u00f9 preziose del nostro territorio e merita cura ed attenzione per consentire di scoprirne la bellezza anche negli scorci normalmente sottovalutati.<br \/>Il recupero ambientale sar\u00e0 per\u00f2 completo solo quando l&#8217;acqua scorrer\u00e0 tutto l&#8217;anno &#8211; Continua Brambilla &#8211;<\/p>\n<p>Con questo progetto intendiamo migliorare l&#8217;immagine complessiva del Villoresi e la sua fruibilit\u00e0 da parte dei cittadini &#8211; aggiunge il presidente Dario Allevi &#8211; offriremo anche ai pi\u00f9 piccoli occasioni nuove per stare all&#8217;aria aperta, in sicurezza, nel verde e sulle rive del canale: anche il capoluogo della nuova Provincia avr\u00e0, cos\u00ec, il suo primo boulevard&quot;.<\/p>\n<p>&nbsp;<\/p>\n<p><strong><em>Contatta Antonino Brambilla<\/em><\/strong><\/p>\n<p>Attivit\u00e0 professionali di Antonino Brambilla<\/p>\n<p>&nbsp;<\/p>\n<p><strong><em>Blogger di Antonino Brambilla<\/em><\/strong><\/p>\n<p>&nbsp;<\/p>\n<p>&nbsp;<\/p>\n","protected":false},"excerpt":{"rendered":"<p>Un boulevard di sette chilometri lungo il canale Villoresi. (Interventi di Antonino Brambilla)<\/p>\n","protected":false},"author":10,"featured_media":0,"comment_status":"open","ping_status":"open","sticky":false,"template":"","format":"standard","meta":{"cybocfi_hide_featured_image":"","footnotes":""},"categories":[55],"tags":[14550,14549,14552,14546,14551,14548,14547],"class_list":["post-5140","post","type-post","status-publish","format-standard","hentry","category-ambiente","tag-a-brambilla","tag-antonino","tag-antonino-b","tag-antonino-brambilla","tag-avv-brambilla","tag-brambilla","tag-brambilla-antonino"],"yoast_head":"<!-- This site is optimized with the Yoast SEO plugin v27.0 - https:\/\/yoast.com\/product\/yoast-seo-wordpress\/ -->\n<title>Antonino Brambilla: il boulevard per valorizzare il paesaggio urbano brianzolo - Article Marketing<\/title>\n<meta name=\"robots\" content=\"index, follow, max-snippet:-1, max-image-preview:large, max-video-preview:-1\" \/>\n<link rel=\"canonical\" href=\"https:\/\/www.article-marketing.eu\/comunicati\/ambiente\/antonino-brambilla-il-boulevard-per-valorizzare-il-paesaggio-urbano-brianzolo\/\" \/>\n<meta property=\"og:locale\" content=\"it_IT\" \/>\n<meta property=\"og:type\" content=\"article\" \/>\n<meta property=\"og:title\" content=\"Antonino Brambilla: il boulevard per valorizzare il paesaggio urbano brianzolo - Article Marketing\" \/>\n<meta property=\"og:description\" content=\"Un boulevard di sette chilometri lungo il canale Villoresi. (Interventi di Antonino Brambilla)\" \/>\n<meta property=\"og:url\" content=\"https:\/\/www.article-marketing.eu\/comunicati\/ambiente\/antonino-brambilla-il-boulevard-per-valorizzare-il-paesaggio-urbano-brianzolo\/\" \/>\n<meta property=\"og:site_name\" content=\"Article Marketing\" \/>\n<meta property=\"article:published_time\" content=\"2010-05-19T08:59:36+00:00\" \/>\n<meta property=\"article:modified_time\" content=\"2018-07-10T03:42:43+00:00\" \/>\n<meta name=\"author\" content=\"Redazione Comunicati Stampa\" \/>\n<meta name=\"twitter:card\" content=\"summary_large_image\" \/>\n<meta name=\"twitter:label1\" content=\"Scritto da\" \/>\n\t<meta name=\"twitter:data1\" content=\"Redazione Comunicati Stampa\" \/>\n\t<meta name=\"twitter:label2\" content=\"Tempo di lettura stimato\" \/>\n\t<meta name=\"twitter:data2\" content=\"2 minuti\" \/>\n<script type=\"application\/ld+json\" class=\"yoast-schema-graph\">{\"@context\":\"https:\/\/schema.org\",\"@graph\":[{\"@type\":\"Article\",\"@id\":\"https:\/\/www.article-marketing.eu\/comunicati\/ambiente\/antonino-brambilla-il-boulevard-per-valorizzare-il-paesaggio-urbano-brianzolo\/#article\",\"isPartOf\":{\"@id\":\"https:\/\/www.article-marketing.eu\/comunicati\/ambiente\/antonino-brambilla-il-boulevard-per-valorizzare-il-paesaggio-urbano-brianzolo\/\"},\"author\":{\"name\":\"Redazione Comunicati Stampa\",\"@id\":\"https:\/\/www.article-marketing.eu\/comunicati\/#\/schema\/person\/44372e4d4d0fa797b18e03ed1ace9017\"},\"headline\":\"Antonino Brambilla: il boulevard per valorizzare il paesaggio urbano brianzolo\",\"datePublished\":\"2010-05-19T08:59:36+00:00\",\"dateModified\":\"2018-07-10T03:42:43+00:00\",\"mainEntityOfPage\":{\"@id\":\"https:\/\/www.article-marketing.eu\/comunicati\/ambiente\/antonino-brambilla-il-boulevard-per-valorizzare-il-paesaggio-urbano-brianzolo\/\"},\"wordCount\":412,\"commentCount\":0,\"keywords\":[\"a brambilla\",\"antonino\",\"antonino b\",\"antonino brambilla\",\"avv. brambilla\",\"brambilla\",\"brambilla antonino\"],\"articleSection\":[\"Ambiente\"],\"inLanguage\":\"it-IT\",\"potentialAction\":[{\"@type\":\"CommentAction\",\"name\":\"Comment\",\"target\":[\"https:\/\/www.article-marketing.eu\/comunicati\/ambiente\/antonino-brambilla-il-boulevard-per-valorizzare-il-paesaggio-urbano-brianzolo\/#respond\"]}]},{\"@type\":\"WebPage\",\"@id\":\"https:\/\/www.article-marketing.eu\/comunicati\/ambiente\/antonino-brambilla-il-boulevard-per-valorizzare-il-paesaggio-urbano-brianzolo\/\",\"url\":\"https:\/\/www.article-marketing.eu\/comunicati\/ambiente\/antonino-brambilla-il-boulevard-per-valorizzare-il-paesaggio-urbano-brianzolo\/\",\"name\":\"Antonino Brambilla: il boulevard per valorizzare il paesaggio urbano brianzolo - Article Marketing\",\"isPartOf\":{\"@id\":\"https:\/\/www.article-marketing.eu\/comunicati\/#website\"},\"datePublished\":\"2010-05-19T08:59:36+00:00\",\"dateModified\":\"2018-07-10T03:42:43+00:00\",\"author\":{\"@id\":\"https:\/\/www.article-marketing.eu\/comunicati\/#\/schema\/person\/44372e4d4d0fa797b18e03ed1ace9017\"},\"breadcrumb\":{\"@id\":\"https:\/\/www.article-marketing.eu\/comunicati\/ambiente\/antonino-brambilla-il-boulevard-per-valorizzare-il-paesaggio-urbano-brianzolo\/#breadcrumb\"},\"inLanguage\":\"it-IT\",\"potentialAction\":[{\"@type\":\"ReadAction\",\"target\":[\"https:\/\/www.article-marketing.eu\/comunicati\/ambiente\/antonino-brambilla-il-boulevard-per-valorizzare-il-paesaggio-urbano-brianzolo\/\"]}]},{\"@type\":\"BreadcrumbList\",\"@id\":\"https:\/\/www.article-marketing.eu\/comunicati\/ambiente\/antonino-brambilla-il-boulevard-per-valorizzare-il-paesaggio-urbano-brianzolo\/#breadcrumb\",\"itemListElement\":[{\"@type\":\"ListItem\",\"position\":1,\"name\":\"Home\",\"item\":\"https:\/\/www.article-marketing.eu\/comunicati\/\"},{\"@type\":\"ListItem\",\"position\":2,\"name\":\"Antonino Brambilla: il boulevard per valorizzare il paesaggio urbano brianzolo\"}]},{\"@type\":\"WebSite\",\"@id\":\"https:\/\/www.article-marketing.eu\/comunicati\/#website\",\"url\":\"https:\/\/www.article-marketing.eu\/comunicati\/\",\"name\":\"Article Marketing\",\"description\":\"article marketing &amp; press release\",\"potentialAction\":[{\"@type\":\"SearchAction\",\"target\":{\"@type\":\"EntryPoint\",\"urlTemplate\":\"https:\/\/www.article-marketing.eu\/comunicati\/?s={search_term_string}\"},\"query-input\":{\"@type\":\"PropertyValueSpecification\",\"valueRequired\":true,\"valueName\":\"search_term_string\"}}],\"inLanguage\":\"it-IT\"},{\"@type\":\"Person\",\"@id\":\"https:\/\/www.article-marketing.eu\/comunicati\/#\/schema\/person\/44372e4d4d0fa797b18e03ed1ace9017\",\"name\":\"Redazione Comunicati Stampa\",\"image\":{\"@type\":\"ImageObject\",\"inLanguage\":\"it-IT\",\"@id\":\"https:\/\/www.article-marketing.eu\/comunicati\/#\/schema\/person\/image\/\",\"url\":\"https:\/\/secure.gravatar.com\/avatar\/50e5c6421d3072f42e7ace803501602c60d75233d34e29fd05feb91c8760b792?s=96&d=mm&r=g\",\"contentUrl\":\"https:\/\/secure.gravatar.com\/avatar\/50e5c6421d3072f42e7ace803501602c60d75233d34e29fd05feb91c8760b792?s=96&d=mm&r=g\",\"caption\":\"Redazione Comunicati Stampa\"},\"url\":\"https:\/\/www.article-marketing.eu\/comunicati\/author\/redazione-comunicati-stampa\/\"}]}<\/script>\n<!-- \/ Yoast SEO plugin. -->","yoast_head_json":{"title":"Antonino Brambilla: il boulevard per valorizzare il paesaggio urbano brianzolo - Article Marketing","robots":{"index":"index","follow":"follow","max-snippet":"max-snippet:-1","max-image-preview":"max-image-preview:large","max-video-preview":"max-video-preview:-1"},"canonical":"https:\/\/www.article-marketing.eu\/comunicati\/ambiente\/antonino-brambilla-il-boulevard-per-valorizzare-il-paesaggio-urbano-brianzolo\/","og_locale":"it_IT","og_type":"article","og_title":"Antonino Brambilla: il boulevard per valorizzare il paesaggio urbano brianzolo - Article Marketing","og_description":"Un boulevard di sette chilometri lungo il canale Villoresi. (Interventi di Antonino Brambilla)","og_url":"https:\/\/www.article-marketing.eu\/comunicati\/ambiente\/antonino-brambilla-il-boulevard-per-valorizzare-il-paesaggio-urbano-brianzolo\/","og_site_name":"Article Marketing","article_published_time":"2010-05-19T08:59:36+00:00","article_modified_time":"2018-07-10T03:42:43+00:00","author":"Redazione Comunicati Stampa","twitter_card":"summary_large_image","twitter_misc":{"Scritto da":"Redazione Comunicati Stampa","Tempo di lettura stimato":"2 minuti"},"schema":{"@context":"https:\/\/schema.org","@graph":[{"@type":"Article","@id":"https:\/\/www.article-marketing.eu\/comunicati\/ambiente\/antonino-brambilla-il-boulevard-per-valorizzare-il-paesaggio-urbano-brianzolo\/#article","isPartOf":{"@id":"https:\/\/www.article-marketing.eu\/comunicati\/ambiente\/antonino-brambilla-il-boulevard-per-valorizzare-il-paesaggio-urbano-brianzolo\/"},"author":{"name":"Redazione Comunicati Stampa","@id":"https:\/\/www.article-marketing.eu\/comunicati\/#\/schema\/person\/44372e4d4d0fa797b18e03ed1ace9017"},"headline":"Antonino Brambilla: il boulevard per valorizzare il paesaggio urbano brianzolo","datePublished":"2010-05-19T08:59:36+00:00","dateModified":"2018-07-10T03:42:43+00:00","mainEntityOfPage":{"@id":"https:\/\/www.article-marketing.eu\/comunicati\/ambiente\/antonino-brambilla-il-boulevard-per-valorizzare-il-paesaggio-urbano-brianzolo\/"},"wordCount":412,"commentCount":0,"keywords":["a brambilla","antonino","antonino b","antonino brambilla","avv. brambilla","brambilla","brambilla antonino"],"articleSection":["Ambiente"],"inLanguage":"it-IT","potentialAction":[{"@type":"CommentAction","name":"Comment","target":["https:\/\/www.article-marketing.eu\/comunicati\/ambiente\/antonino-brambilla-il-boulevard-per-valorizzare-il-paesaggio-urbano-brianzolo\/#respond"]}]},{"@type":"WebPage","@id":"https:\/\/www.article-marketing.eu\/comunicati\/ambiente\/antonino-brambilla-il-boulevard-per-valorizzare-il-paesaggio-urbano-brianzolo\/","url":"https:\/\/www.article-marketing.eu\/comunicati\/ambiente\/antonino-brambilla-il-boulevard-per-valorizzare-il-paesaggio-urbano-brianzolo\/","name":"Antonino Brambilla: il boulevard per valorizzare il paesaggio urbano brianzolo - Article Marketing","isPartOf":{"@id":"https:\/\/www.article-marketing.eu\/comunicati\/#website"},"datePublished":"2010-05-19T08:59:36+00:00","dateModified":"2018-07-10T03:42:43+00:00","author":{"@id":"https:\/\/www.article-marketing.eu\/comunicati\/#\/schema\/person\/44372e4d4d0fa797b18e03ed1ace9017"},"breadcrumb":{"@id":"https:\/\/www.article-marketing.eu\/comunicati\/ambiente\/antonino-brambilla-il-boulevard-per-valorizzare-il-paesaggio-urbano-brianzolo\/#breadcrumb"},"inLanguage":"it-IT","potentialAction":[{"@type":"ReadAction","target":["https:\/\/www.article-marketing.eu\/comunicati\/ambiente\/antonino-brambilla-il-boulevard-per-valorizzare-il-paesaggio-urbano-brianzolo\/"]}]},{"@type":"BreadcrumbList","@id":"https:\/\/www.article-marketing.eu\/comunicati\/ambiente\/antonino-brambilla-il-boulevard-per-valorizzare-il-paesaggio-urbano-brianzolo\/#breadcrumb","itemListElement":[{"@type":"ListItem","position":1,"name":"Home","item":"https:\/\/www.article-marketing.eu\/comunicati\/"},{"@type":"ListItem","position":2,"name":"Antonino Brambilla: il boulevard per valorizzare il paesaggio urbano brianzolo"}]},{"@type":"WebSite","@id":"https:\/\/www.article-marketing.eu\/comunicati\/#website","url":"https:\/\/www.article-marketing.eu\/comunicati\/","name":"Article Marketing","description":"article marketing &amp; press release","potentialAction":[{"@type":"SearchAction","target":{"@type":"EntryPoint","urlTemplate":"https:\/\/www.article-marketing.eu\/comunicati\/?s={search_term_string}"},"query-input":{"@type":"PropertyValueSpecification","valueRequired":true,"valueName":"search_term_string"}}],"inLanguage":"it-IT"},{"@type":"Person","@id":"https:\/\/www.article-marketing.eu\/comunicati\/#\/schema\/person\/44372e4d4d0fa797b18e03ed1ace9017","name":"Redazione Comunicati Stampa","image":{"@type":"ImageObject","inLanguage":"it-IT","@id":"https:\/\/www.article-marketing.eu\/comunicati\/#\/schema\/person\/image\/","url":"https:\/\/secure.gravatar.com\/avatar\/50e5c6421d3072f42e7ace803501602c60d75233d34e29fd05feb91c8760b792?s=96&d=mm&r=g","contentUrl":"https:\/\/secure.gravatar.com\/avatar\/50e5c6421d3072f42e7ace803501602c60d75233d34e29fd05feb91c8760b792?s=96&d=mm&r=g","caption":"Redazione Comunicati Stampa"},"url":"https:\/\/www.article-marketing.eu\/comunicati\/author\/redazione-comunicati-stampa\/"}]}},"_links":{"self":[{"href":"https:\/\/www.article-marketing.eu\/comunicati\/wp-json\/wp\/v2\/posts\/5140","targetHints":{"allow":["GET"]}}],"collection":[{"href":"https:\/\/www.article-marketing.eu\/comunicati\/wp-json\/wp\/v2\/posts"}],"about":[{"href":"https:\/\/www.article-marketing.eu\/comunicati\/wp-json\/wp\/v2\/types\/post"}],"author":[{"embeddable":true,"href":"https:\/\/www.article-marketing.eu\/comunicati\/wp-json\/wp\/v2\/users\/10"}],"replies":[{"embeddable":true,"href":"https:\/\/www.article-marketing.eu\/comunicati\/wp-json\/wp\/v2\/comments?post=5140"}],"version-history":[{"count":2,"href":"https:\/\/www.article-marketing.eu\/comunicati\/wp-json\/wp\/v2\/posts\/5140\/revisions"}],"predecessor-version":[{"id":62142,"href":"https:\/\/www.article-marketing.eu\/comunicati\/wp-json\/wp\/v2\/posts\/5140\/revisions\/62142"}],"wp:attachment":[{"href":"https:\/\/www.article-marketing.eu\/comunicati\/wp-json\/wp\/v2\/media?parent=5140"}],"wp:term":[{"taxonomy":"category","embeddable":true,"href":"https:\/\/www.article-marketing.eu\/comunicati\/wp-json\/wp\/v2\/categories?post=5140"},{"taxonomy":"post_tag","embeddable":true,"href":"https:\/\/www.article-marketing.eu\/comunicati\/wp-json\/wp\/v2\/tags?post=5140"}],"curies":[{"name":"wp","href":"https:\/\/api.w.org\/{rel}","templated":true}]}}