{"id":5153,"date":"2010-05-19T17:25:24","date_gmt":"2010-05-19T15:25:24","guid":{"rendered":"http:\/\/www.article-marketing.eu\/comunicati\/senza-categoria\/in-9-mesi-sono-calati-i-prezzi-dei-materiali-ferrosi\/"},"modified":"2018-07-10T05:02:52","modified_gmt":"2018-07-10T03:02:52","slug":"in-9-mesi-sono-calati-i-prezzi-dei-materiali-ferrosi","status":"publish","type":"post","link":"https:\/\/www.article-marketing.eu\/comunicati\/economia-e-lavoro\/in-9-mesi-sono-calati-i-prezzi-dei-materiali-ferrosi\/","title":{"rendered":"In 9 mesi sono calati i prezzi dei materiali ferrosi"},"content":{"rendered":"<p>La Camera di Commercio di Milano ha affermato che&nbsp;i <strong>prezzi dei metalli ferrosi<\/strong> hanno subito un andamento abbastanza atipico nel corso degli ultimi 9 mesi. Dopo un periodo di sostanziale stabilit\u00e0 nel corso dell&#8217;ultimo trimestre dell&#8217;anno precedente e primi mesi dell&#8217;anno in corso, le quotazioni dei metalli ferrosi hanno subito un incremento considerevole negli ultimi mesi. Se consideriamo ad esempio le materie prime siderurgiche, notiamo come si passa da un valore di 165 euro a gennaio del 2010 ad un valore di 260 euro circa ad oggi. Ci\u00f2 significa un aumento di pi\u00f9 del 50% sul prezzo dei metalli. Pur tuttavia, nel corso delle ultime settimane il trend dei prezzi dei metalli sta subendo un decremento notevole, dovuto alla crisi che sta coinvolgendo il panorama ellenico, o meglio il ritardo nell&#8217;intervento da parte della comunit\u00e0 europea sugli aiuti da mandare alla Grecia. Cos\u00ec facendo la reazione dei mercati finanziari \u00e8 stata tempestiva, con ribassi pesantissimi, da cui non sono rimasti esenti i prezzi dei metalli ferrosi, cos\u00ec come il petrolio e il rame. Invece i prezzi dell&#8217;oro e degli altri preziosi, in seguito a quello che viene chiamato &quot;effetto rifugio&quot; hanno raggiunto il massimo proprio in questo periodo di crisi economica. La ragione del ribasso di periodo dei prezzi dei metalli pu\u00f2 essere ricondotto anche a delle notizie non incoraggianti provenienti dal continente asiatico, in particolare dalla cina, per cui si \u00e8 registrato un numero di importazioni maggiore rispetto a quello delle esportazioni con conseguente saldo negativo. Ci\u00f2 sta inevitabilmente avendo una forte incidenza anche sull&#8217;andamento del prezzo delle materie prime ed in particolare anche sul prezzo dei metalli, che sono in forte ribasso.<\/p>\n<p>Il nuovo sito <strong>piuprezzi.it<\/strong> \u00e8 il portale realizzato dalla Camera di Commercio di Milano in collaborazione con il Comune di Milano. Esso contiene i prezzi di pi\u00f9 di 3000 articoli, suddivisi in 70 categorie. Sono quotati i prezzi delle merci maggiormente scambiate sulla piazza di Milano. Tali prezzi e quotazioni sono rilevati da apposite commissioni di esperti, che sono protagonisti diretti della filiera produttiva, garantendo cos\u00ec all\u2019utente finale certezza della fonte e autenticit\u00e0 del dato. Il tempo di aggiornamento del dato dipende dall\u2019articolo e dalla commissione interessata, arrivando anche all\u2019aggiornamento settimanale, nel caso dei pi\u00f9 comuni prodotti alimentari. I prezzi pubblicati online sul sito piuprezzi.it e stampati sul volume cartaceo godono dell\u2019autorevolezza della Camera di Commercio di Milano, elemento che rende le rilevazioni un punto di riferimento a livello giuridico e legale. Il sito <strong>piuprezzi.it<\/strong> \u00e8 organizzato in microportali, ognuno in riferimento a specifiche aree tematiche: alimentari, carta e cartone, energetici e affini, materiali da costruzione, metalli ferrosi e non ferrosi, tessili, chimici (plastica, vernici, prodotti farmaceutici, chimici industriali) pi\u00f9 una sezione dedicata a prodotti vari che, per loro caratteristiche, non sono inglobati in nessuno dei gruppi sopra citati. I prezzi all\u2019ingrosso quotati e rilevati dalla Camera di Commercio di Milano sono lo strumento indispensabile per risparmiare denaro e sbaragliare la concorrenza. Rivolgendosi in particolare modo agli uffici acquisti e vendite di tutte le aziende, la loro consultazione \u00e8 indicata per gestire in modo pi\u00f9 efficace il rapporto con fornitori e clienti, acquistare una materia prima al corretto prezzo di mercato, vendere al meglio conoscendo la concorrenza, stipulare gare e contratti di appalto, monitorare l\u2019andamento e il trend del mercato.<\/p>\n","protected":false},"excerpt":{"rendered":"<p>L&#8217;osservatorio della Camera di Commercio di Milano ha emanato un comunicato dove testimonia come l&#8217;andamento dei prezzi dei metalli ferrosi sia in netto ribasso negli ultimi 9 mesi. Questo fatto \u00e8 in netto contrasto con l&#8217;andamento del trimestre precedente che aveva fatto registrare un notevole incremento.<\/p>\n","protected":false},"author":10,"featured_media":0,"comment_status":"open","ping_status":"open","sticky":false,"template":"","format":"standard","meta":{"cybocfi_hide_featured_image":"","footnotes":""},"categories":[59],"tags":[14589,12561,12560],"class_list":["post-5153","post","type-post","status-publish","format-standard","hentry","category-economia-e-lavoro","tag-materiali-ferrosi","tag-prezzi-edilizia","tag-prezzi-materie-prime"],"yoast_head":"<!-- This site is optimized with the Yoast SEO plugin v27.0 - https:\/\/yoast.com\/product\/yoast-seo-wordpress\/ -->\n<title>In 9 mesi sono calati i prezzi dei materiali ferrosi - Article Marketing<\/title>\n<meta name=\"robots\" content=\"index, follow, max-snippet:-1, max-image-preview:large, max-video-preview:-1\" \/>\n<link rel=\"canonical\" href=\"https:\/\/www.article-marketing.eu\/comunicati\/economia-e-lavoro\/in-9-mesi-sono-calati-i-prezzi-dei-materiali-ferrosi\/\" \/>\n<meta property=\"og:locale\" content=\"it_IT\" \/>\n<meta property=\"og:type\" content=\"article\" \/>\n<meta property=\"og:title\" content=\"In 9 mesi sono calati i prezzi dei materiali ferrosi - Article Marketing\" \/>\n<meta property=\"og:description\" content=\"L&#039;osservatorio della Camera di Commercio di Milano ha emanato un comunicato dove testimonia come l&#039;andamento dei prezzi dei metalli ferrosi sia in netto ribasso negli ultimi 9 mesi. Questo fatto \u00e8 in netto contrasto con l&#039;andamento del trimestre precedente che aveva fatto registrare un notevole incremento.\" \/>\n<meta property=\"og:url\" content=\"https:\/\/www.article-marketing.eu\/comunicati\/economia-e-lavoro\/in-9-mesi-sono-calati-i-prezzi-dei-materiali-ferrosi\/\" \/>\n<meta property=\"og:site_name\" content=\"Article Marketing\" \/>\n<meta property=\"article:published_time\" content=\"2010-05-19T15:25:24+00:00\" \/>\n<meta property=\"article:modified_time\" content=\"2018-07-10T03:02:52+00:00\" \/>\n<meta name=\"author\" content=\"Redazione Comunicati Stampa\" \/>\n<meta name=\"twitter:card\" content=\"summary_large_image\" \/>\n<meta name=\"twitter:label1\" content=\"Scritto da\" \/>\n\t<meta name=\"twitter:data1\" content=\"Redazione Comunicati Stampa\" \/>\n\t<meta name=\"twitter:label2\" content=\"Tempo di lettura stimato\" \/>\n\t<meta name=\"twitter:data2\" content=\"3 minuti\" \/>\n<script type=\"application\/ld+json\" class=\"yoast-schema-graph\">{\"@context\":\"https:\/\/schema.org\",\"@graph\":[{\"@type\":\"Article\",\"@id\":\"https:\/\/www.article-marketing.eu\/comunicati\/economia-e-lavoro\/in-9-mesi-sono-calati-i-prezzi-dei-materiali-ferrosi\/#article\",\"isPartOf\":{\"@id\":\"https:\/\/www.article-marketing.eu\/comunicati\/economia-e-lavoro\/in-9-mesi-sono-calati-i-prezzi-dei-materiali-ferrosi\/\"},\"author\":{\"name\":\"Redazione Comunicati Stampa\",\"@id\":\"https:\/\/www.article-marketing.eu\/comunicati\/#\/schema\/person\/44372e4d4d0fa797b18e03ed1ace9017\"},\"headline\":\"In 9 mesi sono calati i prezzi dei materiali ferrosi\",\"datePublished\":\"2010-05-19T15:25:24+00:00\",\"dateModified\":\"2018-07-10T03:02:52+00:00\",\"mainEntityOfPage\":{\"@id\":\"https:\/\/www.article-marketing.eu\/comunicati\/economia-e-lavoro\/in-9-mesi-sono-calati-i-prezzi-dei-materiali-ferrosi\/\"},\"wordCount\":554,\"commentCount\":0,\"keywords\":[\"materiali ferrosi\",\"prezzi edilizia\",\"prezzi materie prime\"],\"articleSection\":[\"Economia e lavoro\"],\"inLanguage\":\"it-IT\",\"potentialAction\":[{\"@type\":\"CommentAction\",\"name\":\"Comment\",\"target\":[\"https:\/\/www.article-marketing.eu\/comunicati\/economia-e-lavoro\/in-9-mesi-sono-calati-i-prezzi-dei-materiali-ferrosi\/#respond\"]}]},{\"@type\":\"WebPage\",\"@id\":\"https:\/\/www.article-marketing.eu\/comunicati\/economia-e-lavoro\/in-9-mesi-sono-calati-i-prezzi-dei-materiali-ferrosi\/\",\"url\":\"https:\/\/www.article-marketing.eu\/comunicati\/economia-e-lavoro\/in-9-mesi-sono-calati-i-prezzi-dei-materiali-ferrosi\/\",\"name\":\"In 9 mesi sono calati i prezzi dei materiali ferrosi - Article Marketing\",\"isPartOf\":{\"@id\":\"https:\/\/www.article-marketing.eu\/comunicati\/#website\"},\"datePublished\":\"2010-05-19T15:25:24+00:00\",\"dateModified\":\"2018-07-10T03:02:52+00:00\",\"author\":{\"@id\":\"https:\/\/www.article-marketing.eu\/comunicati\/#\/schema\/person\/44372e4d4d0fa797b18e03ed1ace9017\"},\"breadcrumb\":{\"@id\":\"https:\/\/www.article-marketing.eu\/comunicati\/economia-e-lavoro\/in-9-mesi-sono-calati-i-prezzi-dei-materiali-ferrosi\/#breadcrumb\"},\"inLanguage\":\"it-IT\",\"potentialAction\":[{\"@type\":\"ReadAction\",\"target\":[\"https:\/\/www.article-marketing.eu\/comunicati\/economia-e-lavoro\/in-9-mesi-sono-calati-i-prezzi-dei-materiali-ferrosi\/\"]}]},{\"@type\":\"BreadcrumbList\",\"@id\":\"https:\/\/www.article-marketing.eu\/comunicati\/economia-e-lavoro\/in-9-mesi-sono-calati-i-prezzi-dei-materiali-ferrosi\/#breadcrumb\",\"itemListElement\":[{\"@type\":\"ListItem\",\"position\":1,\"name\":\"Home\",\"item\":\"https:\/\/www.article-marketing.eu\/comunicati\/\"},{\"@type\":\"ListItem\",\"position\":2,\"name\":\"In 9 mesi sono calati i prezzi dei materiali ferrosi\"}]},{\"@type\":\"WebSite\",\"@id\":\"https:\/\/www.article-marketing.eu\/comunicati\/#website\",\"url\":\"https:\/\/www.article-marketing.eu\/comunicati\/\",\"name\":\"Article Marketing\",\"description\":\"article marketing &amp; press release\",\"potentialAction\":[{\"@type\":\"SearchAction\",\"target\":{\"@type\":\"EntryPoint\",\"urlTemplate\":\"https:\/\/www.article-marketing.eu\/comunicati\/?s={search_term_string}\"},\"query-input\":{\"@type\":\"PropertyValueSpecification\",\"valueRequired\":true,\"valueName\":\"search_term_string\"}}],\"inLanguage\":\"it-IT\"},{\"@type\":\"Person\",\"@id\":\"https:\/\/www.article-marketing.eu\/comunicati\/#\/schema\/person\/44372e4d4d0fa797b18e03ed1ace9017\",\"name\":\"Redazione Comunicati Stampa\",\"image\":{\"@type\":\"ImageObject\",\"inLanguage\":\"it-IT\",\"@id\":\"https:\/\/www.article-marketing.eu\/comunicati\/#\/schema\/person\/image\/\",\"url\":\"https:\/\/secure.gravatar.com\/avatar\/50e5c6421d3072f42e7ace803501602c60d75233d34e29fd05feb91c8760b792?s=96&d=mm&r=g\",\"contentUrl\":\"https:\/\/secure.gravatar.com\/avatar\/50e5c6421d3072f42e7ace803501602c60d75233d34e29fd05feb91c8760b792?s=96&d=mm&r=g\",\"caption\":\"Redazione Comunicati Stampa\"},\"url\":\"https:\/\/www.article-marketing.eu\/comunicati\/author\/redazione-comunicati-stampa\/\"}]}<\/script>\n<!-- \/ Yoast SEO plugin. -->","yoast_head_json":{"title":"In 9 mesi sono calati i prezzi dei materiali ferrosi - Article Marketing","robots":{"index":"index","follow":"follow","max-snippet":"max-snippet:-1","max-image-preview":"max-image-preview:large","max-video-preview":"max-video-preview:-1"},"canonical":"https:\/\/www.article-marketing.eu\/comunicati\/economia-e-lavoro\/in-9-mesi-sono-calati-i-prezzi-dei-materiali-ferrosi\/","og_locale":"it_IT","og_type":"article","og_title":"In 9 mesi sono calati i prezzi dei materiali ferrosi - Article Marketing","og_description":"L'osservatorio della Camera di Commercio di Milano ha emanato un comunicato dove testimonia come l'andamento dei prezzi dei metalli ferrosi sia in netto ribasso negli ultimi 9 mesi. Questo fatto \u00e8 in netto contrasto con l'andamento del trimestre precedente che aveva fatto registrare un notevole incremento.","og_url":"https:\/\/www.article-marketing.eu\/comunicati\/economia-e-lavoro\/in-9-mesi-sono-calati-i-prezzi-dei-materiali-ferrosi\/","og_site_name":"Article Marketing","article_published_time":"2010-05-19T15:25:24+00:00","article_modified_time":"2018-07-10T03:02:52+00:00","author":"Redazione Comunicati Stampa","twitter_card":"summary_large_image","twitter_misc":{"Scritto da":"Redazione Comunicati Stampa","Tempo di lettura stimato":"3 minuti"},"schema":{"@context":"https:\/\/schema.org","@graph":[{"@type":"Article","@id":"https:\/\/www.article-marketing.eu\/comunicati\/economia-e-lavoro\/in-9-mesi-sono-calati-i-prezzi-dei-materiali-ferrosi\/#article","isPartOf":{"@id":"https:\/\/www.article-marketing.eu\/comunicati\/economia-e-lavoro\/in-9-mesi-sono-calati-i-prezzi-dei-materiali-ferrosi\/"},"author":{"name":"Redazione Comunicati Stampa","@id":"https:\/\/www.article-marketing.eu\/comunicati\/#\/schema\/person\/44372e4d4d0fa797b18e03ed1ace9017"},"headline":"In 9 mesi sono calati i prezzi dei materiali ferrosi","datePublished":"2010-05-19T15:25:24+00:00","dateModified":"2018-07-10T03:02:52+00:00","mainEntityOfPage":{"@id":"https:\/\/www.article-marketing.eu\/comunicati\/economia-e-lavoro\/in-9-mesi-sono-calati-i-prezzi-dei-materiali-ferrosi\/"},"wordCount":554,"commentCount":0,"keywords":["materiali ferrosi","prezzi edilizia","prezzi materie prime"],"articleSection":["Economia e lavoro"],"inLanguage":"it-IT","potentialAction":[{"@type":"CommentAction","name":"Comment","target":["https:\/\/www.article-marketing.eu\/comunicati\/economia-e-lavoro\/in-9-mesi-sono-calati-i-prezzi-dei-materiali-ferrosi\/#respond"]}]},{"@type":"WebPage","@id":"https:\/\/www.article-marketing.eu\/comunicati\/economia-e-lavoro\/in-9-mesi-sono-calati-i-prezzi-dei-materiali-ferrosi\/","url":"https:\/\/www.article-marketing.eu\/comunicati\/economia-e-lavoro\/in-9-mesi-sono-calati-i-prezzi-dei-materiali-ferrosi\/","name":"In 9 mesi sono calati i prezzi dei materiali ferrosi - Article Marketing","isPartOf":{"@id":"https:\/\/www.article-marketing.eu\/comunicati\/#website"},"datePublished":"2010-05-19T15:25:24+00:00","dateModified":"2018-07-10T03:02:52+00:00","author":{"@id":"https:\/\/www.article-marketing.eu\/comunicati\/#\/schema\/person\/44372e4d4d0fa797b18e03ed1ace9017"},"breadcrumb":{"@id":"https:\/\/www.article-marketing.eu\/comunicati\/economia-e-lavoro\/in-9-mesi-sono-calati-i-prezzi-dei-materiali-ferrosi\/#breadcrumb"},"inLanguage":"it-IT","potentialAction":[{"@type":"ReadAction","target":["https:\/\/www.article-marketing.eu\/comunicati\/economia-e-lavoro\/in-9-mesi-sono-calati-i-prezzi-dei-materiali-ferrosi\/"]}]},{"@type":"BreadcrumbList","@id":"https:\/\/www.article-marketing.eu\/comunicati\/economia-e-lavoro\/in-9-mesi-sono-calati-i-prezzi-dei-materiali-ferrosi\/#breadcrumb","itemListElement":[{"@type":"ListItem","position":1,"name":"Home","item":"https:\/\/www.article-marketing.eu\/comunicati\/"},{"@type":"ListItem","position":2,"name":"In 9 mesi sono calati i prezzi dei materiali ferrosi"}]},{"@type":"WebSite","@id":"https:\/\/www.article-marketing.eu\/comunicati\/#website","url":"https:\/\/www.article-marketing.eu\/comunicati\/","name":"Article Marketing","description":"article marketing &amp; press release","potentialAction":[{"@type":"SearchAction","target":{"@type":"EntryPoint","urlTemplate":"https:\/\/www.article-marketing.eu\/comunicati\/?s={search_term_string}"},"query-input":{"@type":"PropertyValueSpecification","valueRequired":true,"valueName":"search_term_string"}}],"inLanguage":"it-IT"},{"@type":"Person","@id":"https:\/\/www.article-marketing.eu\/comunicati\/#\/schema\/person\/44372e4d4d0fa797b18e03ed1ace9017","name":"Redazione Comunicati Stampa","image":{"@type":"ImageObject","inLanguage":"it-IT","@id":"https:\/\/www.article-marketing.eu\/comunicati\/#\/schema\/person\/image\/","url":"https:\/\/secure.gravatar.com\/avatar\/50e5c6421d3072f42e7ace803501602c60d75233d34e29fd05feb91c8760b792?s=96&d=mm&r=g","contentUrl":"https:\/\/secure.gravatar.com\/avatar\/50e5c6421d3072f42e7ace803501602c60d75233d34e29fd05feb91c8760b792?s=96&d=mm&r=g","caption":"Redazione Comunicati Stampa"},"url":"https:\/\/www.article-marketing.eu\/comunicati\/author\/redazione-comunicati-stampa\/"}]}},"_links":{"self":[{"href":"https:\/\/www.article-marketing.eu\/comunicati\/wp-json\/wp\/v2\/posts\/5153","targetHints":{"allow":["GET"]}}],"collection":[{"href":"https:\/\/www.article-marketing.eu\/comunicati\/wp-json\/wp\/v2\/posts"}],"about":[{"href":"https:\/\/www.article-marketing.eu\/comunicati\/wp-json\/wp\/v2\/types\/post"}],"author":[{"embeddable":true,"href":"https:\/\/www.article-marketing.eu\/comunicati\/wp-json\/wp\/v2\/users\/10"}],"replies":[{"embeddable":true,"href":"https:\/\/www.article-marketing.eu\/comunicati\/wp-json\/wp\/v2\/comments?post=5153"}],"version-history":[{"count":2,"href":"https:\/\/www.article-marketing.eu\/comunicati\/wp-json\/wp\/v2\/posts\/5153\/revisions"}],"predecessor-version":[{"id":60469,"href":"https:\/\/www.article-marketing.eu\/comunicati\/wp-json\/wp\/v2\/posts\/5153\/revisions\/60469"}],"wp:attachment":[{"href":"https:\/\/www.article-marketing.eu\/comunicati\/wp-json\/wp\/v2\/media?parent=5153"}],"wp:term":[{"taxonomy":"category","embeddable":true,"href":"https:\/\/www.article-marketing.eu\/comunicati\/wp-json\/wp\/v2\/categories?post=5153"},{"taxonomy":"post_tag","embeddable":true,"href":"https:\/\/www.article-marketing.eu\/comunicati\/wp-json\/wp\/v2\/tags?post=5153"}],"curies":[{"name":"wp","href":"https:\/\/api.w.org\/{rel}","templated":true}]}}