{"id":51559,"date":"2016-03-09T23:05:56","date_gmt":"2016-03-09T22:05:56","guid":{"rendered":"http:\/\/www.article-marketing.eu\/comunicati\/senza-categoria\/andreea-sasu-la-modella-a%80cmilanesea%80%9d-richiesta-dai-grandi-stilisti\/"},"modified":"2016-03-09T23:05:56","modified_gmt":"2016-03-09T22:05:56","slug":"andreea-sasu-la-modella-a%80cmilanesea%80%9d-richiesta-dai-grandi-stilisti","status":"publish","type":"post","link":"https:\/\/www.article-marketing.eu\/comunicati\/tempo-libero\/intrattenimento\/andreea-sasu-la-modella-a%80cmilanesea%80%9d-richiesta-dai-grandi-stilisti\/","title":{"rendered":"ANDREEA SASU &#8211; La modella \u201cmilanese\u201d richiesta dai grandi stilisti!"},"content":{"rendered":"<p>Andreea Sasu &egrave; l&rsquo;immagine della freschezza, della salute, della dolcezza, della grazia, della gentilezza e&#8230; della sensualit&agrave;. In persona ancor pi&ugrave; che nelle foto. Difficile trovare qualcosa che non va in questa ragazza da manuale. Fin troppo perfetta&hellip; Non c&rsquo;&egrave; da stupirsi quindi se le grandi case di moda e di beauty la tengano in cos&igrave; alta considerazione. A partire da Philip Plein e Roberto Cavalli, che l&rsquo;hanno voluta nella loro famiglia come loro unica modella fitting; da Hair Studio&rsquo;s con cui &nbsp;ha appena terminato un lavoro a Cotonella con la quale sar&agrave; impegnata in una campagna pubblicitaria su Mediaset. &nbsp;Diciamo che i fotografi si divertono a giocare con la sua imperturbabile eleganza. Il suo segreto? Lo charme della semplicit&agrave;. &laquo;Mi piace avere 25 anni&raquo;, dice accennando un sorriso. &laquo;Ho cominciato a fare la modella quando ne avevo appena 15, quasi 10 anni fa. Mamma mia, quando lavori molto, gli anni passano senza che te ne accorgi&#8230;<br \/>In&nbsp;tanti mi dicevano: perch&eacute; non provi a fare la modella? Sembrava opinione comune che con il mio fisico e le labbra carnose, fossi destinata. Ma non &egrave; mai stata la mia idea fissa. Io volevo fare tutt&rsquo;altro.. Poi mi sono detta: perch&eacute; non provare a fare la modella? Mi presentai in un&rsquo;agenzia milanese e con grande stupore, mi presero subito &#8211; anche se ero molto giovane &#8211; con l&rsquo;idea di prepararmi e, all&rsquo;et&agrave; giusta, di lanciarmi. Lavoravo saltuariamente e nel frattempo studiavo. Poi i primi viaggi. Londra, Parigi&#8230; Fino a quando, mi sono messa a lavorare full time e sono arrivati i miei primi lavori importanti (Rocco Barocco, Calvin Klein, Prada, Trussardi, Valeria Marini, ). Ma non &egrave; successo da un giorno all&rsquo;altro. Sono stati molti gli anni di preparazione. Ho iniziato dal basso, facendo piccoli lavoretti. Poi ho avuto la fortuna d&rsquo;incontrare stilisti fantastici e fotografi affermati. &nbsp;Nel mondo della televisione ho fatto molte sfilate su Detto Fatto (Rai 2) e ho partecipato come concorrente alla prima edizione di Temptation Island su Canale 5&hellip;.Inoltre ho partecipato e vinto molti concorsi di bellezza tra cui Miss Mundial 2014, La pi&ugrave; bella del mondo 2014 e posato per decine di cataloghi. &nbsp;Ma il vero punto di svolta &egrave; stato partecipare alle sfilate. Lo suggerirei a ogni ragazza che vuole fare la modella. Sfilare vuol dire farsi conoscere a livello nazionale e internazionale. Difficile scegliere un fotografo preferito, ma mi piacerebbe lavorare con Peter Lindberg. Sa bene quello che vuole e le foto sono sempre fantastiche. Con lui mi sentirei in buone mani. Come con Paolo Roversi e Steven Meisel. Mi piacciono i vestiti, ma non sono una spendacciona. Mi piace vestirmi con stile ma non in maniera troppo vistosa. Non mi piace quando cammino per strada e la gente si gira a guardarmi. In generale, mi piace mescolare high and low, alto e basso. Per questa fashionweek, dopo le mie giornate di lavoro, ad esempio ho indossato spesso i miei nuovi stivali di Versace&hellip;i miei preferiti&#8230; Sono molto attenta nella gestione dei miei soldi. Alcune modelle spendono tutto in vestiti e borse, ma io preferisco avere un certo equilibrio tra quello che guadagno, spendo e risparmio. Mi piacerebbe investire in un appartamento a Milano. Attualmente vivo a Brera, in un&rsquo;affascinante appartamento in Piazza Castello. Ci vivo con il mio fidanzato, Gerry Scarpone, un imprenditore &nbsp;napoletano, con il quale sono insieme da 2 anni. Ci siamo incontrati per la prima volta proprio qui a Milano 3 anni fa. Lui parlava poco in quanto &egrave; stato sempre molto professionale e distaccato ma il feeling &egrave; stato immediato. Ci siamo incontrati di nuovo a settembre di 2 anni fa ed &egrave; stato subito amore. Non so ancora quando, ma abbiamo intenzione di sposarci e fare dei bambini. Tra i miei programmi c&rsquo;&egrave; anche quello di iscrivermi nuovamente all&rsquo;Universit&agrave;, ma non ho ancora avuto il tempo di riflettere su cosa vorrei dedicarmi . Ma ora penso principalmente al mio lavoro da Philip Plein. Un lavoro che mi sta dando tante soddisfazioni. in tutti i sensi. Spero di restare per molto tempo in quest&rsquo;azienda oggi la mia preferita!<br \/>&nbsp;<br \/>&nbsp;<\/p>\n","protected":false},"excerpt":{"rendered":"<p>Perch\u00e9 sono cos\u00ec tante le ragazze che vogliono diventare modelle? \u00c8 un sogno, un&#8217;opportunit\u00e0, un qualcosa che aiuta a soddisfare il proprio ego? O magari una professione che offre la possibilit\u00e0 di viaggiare, guadagnare, conoscere e frequentare persone e ambienti diversi? Andreea Sasu, Top Model rumena da anni residente a Milano ci dar\u00e0 qualche risposta.<\/p>\n","protected":false},"author":10,"featured_media":0,"comment_status":"open","ping_status":"open","sticky":false,"template":"","format":"standard","meta":{"cybocfi_hide_featured_image":"","footnotes":""},"categories":[359],"tags":[54231,54232,54233,54234,28504,1343,54235,54236],"class_list":["post-51559","post","type-post","status-publish","format-standard","hentry","category-intrattenimento","tag-andreea","tag-andreea_sasu","tag-atlas","tag-atlas_group","tag-group","tag-milano","tag-modella","tag-sasu"],"yoast_head":"<!-- This site is optimized with the Yoast SEO plugin v27.0 - https:\/\/yoast.com\/product\/yoast-seo-wordpress\/ -->\n<title>ANDREEA SASU - La modella \u201cmilanese\u201d richiesta dai grandi stilisti! - Article Marketing<\/title>\n<meta name=\"robots\" content=\"index, follow, max-snippet:-1, max-image-preview:large, max-video-preview:-1\" \/>\n<link rel=\"canonical\" href=\"https:\/\/www.article-marketing.eu\/comunicati\/tempo-libero\/intrattenimento\/andreea-sasu-la-modella-a?cmilanesea??-richiesta-dai-grandi-stilisti\/\" \/>\n<meta property=\"og:locale\" content=\"it_IT\" \/>\n<meta property=\"og:type\" content=\"article\" \/>\n<meta property=\"og:title\" content=\"ANDREEA SASU - La modella \u201cmilanese\u201d richiesta dai grandi stilisti! - Article Marketing\" \/>\n<meta property=\"og:description\" content=\"Perch\u00e9 sono cos\u00ec tante le ragazze che vogliono diventare modelle? \u00c8 un sogno, un&#039;opportunit\u00e0, un qualcosa che aiuta a soddisfare il proprio ego? O magari una professione che offre la possibilit\u00e0 di viaggiare, guadagnare, conoscere e frequentare persone e ambienti diversi? Andreea Sasu, Top Model rumena da anni residente a Milano ci dar\u00e0 qualche risposta.\" \/>\n<meta property=\"og:url\" content=\"\" \/>\n<meta property=\"og:site_name\" content=\"Article Marketing\" \/>\n<meta property=\"article:published_time\" content=\"2016-03-09T22:05:56+00:00\" \/>\n<meta name=\"author\" content=\"Redazione Comunicati Stampa\" \/>\n<meta name=\"twitter:card\" content=\"summary_large_image\" \/>\n<meta name=\"twitter:label1\" content=\"Scritto da\" \/>\n\t<meta name=\"twitter:data1\" content=\"Redazione Comunicati Stampa\" \/>\n\t<meta name=\"twitter:label2\" content=\"Tempo di lettura stimato\" \/>\n\t<meta name=\"twitter:data2\" content=\"4 minuti\" \/>\n<script type=\"application\/ld+json\" class=\"yoast-schema-graph\">{\"@context\":\"https:\/\/schema.org\",\"@graph\":[{\"@type\":\"Article\",\"@id\":\"https:\/\/www.article-marketing.eu\/comunicati\/tempo-libero\/intrattenimento\/andreea-sasu-la-modella-a%80cmilanesea%80%9d-richiesta-dai-grandi-stilisti\/#article\",\"isPartOf\":{\"@id\":\"https:\/\/www.article-marketing.eu\/comunicati\/tempo-libero\/intrattenimento\/andreea-sasu-la-modella-a%80cmilanesea%80%9d-richiesta-dai-grandi-stilisti\/\"},\"author\":{\"name\":\"Redazione Comunicati Stampa\",\"@id\":\"https:\/\/www.article-marketing.eu\/comunicati\/#\/schema\/person\/44372e4d4d0fa797b18e03ed1ace9017\"},\"headline\":\"ANDREEA SASU &#8211; La modella \u201cmilanese\u201d richiesta dai grandi stilisti!\",\"datePublished\":\"2016-03-09T22:05:56+00:00\",\"mainEntityOfPage\":{\"@id\":\"https:\/\/www.article-marketing.eu\/comunicati\/tempo-libero\/intrattenimento\/andreea-sasu-la-modella-a%80cmilanesea%80%9d-richiesta-dai-grandi-stilisti\/\"},\"wordCount\":732,\"commentCount\":0,\"keywords\":[\"Andreea\",\"Andreea_Sasu\",\"atlas\",\"atlas_group\",\"group\",\"milano\",\"Modella\",\"Sasu\"],\"articleSection\":[\"Intrattenimento\"],\"inLanguage\":\"it-IT\",\"potentialAction\":[{\"@type\":\"CommentAction\",\"name\":\"Comment\",\"target\":[\"https:\/\/www.article-marketing.eu\/comunicati\/tempo-libero\/intrattenimento\/andreea-sasu-la-modella-a%80cmilanesea%80%9d-richiesta-dai-grandi-stilisti\/#respond\"]}]},{\"@type\":\"WebPage\",\"@id\":\"https:\/\/www.article-marketing.eu\/comunicati\/tempo-libero\/intrattenimento\/andreea-sasu-la-modella-a%80cmilanesea%80%9d-richiesta-dai-grandi-stilisti\/\",\"url\":\"https:\/\/www.article-marketing.eu\/comunicati\/tempo-libero\/intrattenimento\/andreea-sasu-la-modella-a%80cmilanesea%80%9d-richiesta-dai-grandi-stilisti\/\",\"name\":\"ANDREEA SASU - La modella \u201cmilanese\u201d richiesta dai grandi stilisti! - Article Marketing\",\"isPartOf\":{\"@id\":\"https:\/\/www.article-marketing.eu\/comunicati\/#website\"},\"datePublished\":\"2016-03-09T22:05:56+00:00\",\"author\":{\"@id\":\"https:\/\/www.article-marketing.eu\/comunicati\/#\/schema\/person\/44372e4d4d0fa797b18e03ed1ace9017\"},\"breadcrumb\":{\"@id\":\"https:\/\/www.article-marketing.eu\/comunicati\/tempo-libero\/intrattenimento\/andreea-sasu-la-modella-a%80cmilanesea%80%9d-richiesta-dai-grandi-stilisti\/#breadcrumb\"},\"inLanguage\":\"it-IT\",\"potentialAction\":[{\"@type\":\"ReadAction\",\"target\":[\"https:\/\/www.article-marketing.eu\/comunicati\/tempo-libero\/intrattenimento\/andreea-sasu-la-modella-a%80cmilanesea%80%9d-richiesta-dai-grandi-stilisti\/\"]}]},{\"@type\":\"BreadcrumbList\",\"@id\":\"https:\/\/www.article-marketing.eu\/comunicati\/tempo-libero\/intrattenimento\/andreea-sasu-la-modella-a%80cmilanesea%80%9d-richiesta-dai-grandi-stilisti\/#breadcrumb\",\"itemListElement\":[{\"@type\":\"ListItem\",\"position\":1,\"name\":\"Home\",\"item\":\"https:\/\/www.article-marketing.eu\/comunicati\/\"},{\"@type\":\"ListItem\",\"position\":2,\"name\":\"ANDREEA SASU &#8211; La modella \u201cmilanese\u201d richiesta dai grandi stilisti!\"}]},{\"@type\":\"WebSite\",\"@id\":\"https:\/\/www.article-marketing.eu\/comunicati\/#website\",\"url\":\"https:\/\/www.article-marketing.eu\/comunicati\/\",\"name\":\"Article Marketing\",\"description\":\"article marketing &amp; press release\",\"potentialAction\":[{\"@type\":\"SearchAction\",\"target\":{\"@type\":\"EntryPoint\",\"urlTemplate\":\"https:\/\/www.article-marketing.eu\/comunicati\/?s={search_term_string}\"},\"query-input\":{\"@type\":\"PropertyValueSpecification\",\"valueRequired\":true,\"valueName\":\"search_term_string\"}}],\"inLanguage\":\"it-IT\"},{\"@type\":\"Person\",\"@id\":\"https:\/\/www.article-marketing.eu\/comunicati\/#\/schema\/person\/44372e4d4d0fa797b18e03ed1ace9017\",\"name\":\"Redazione Comunicati Stampa\",\"image\":{\"@type\":\"ImageObject\",\"inLanguage\":\"it-IT\",\"@id\":\"https:\/\/www.article-marketing.eu\/comunicati\/#\/schema\/person\/image\/\",\"url\":\"https:\/\/secure.gravatar.com\/avatar\/50e5c6421d3072f42e7ace803501602c60d75233d34e29fd05feb91c8760b792?s=96&d=mm&r=g\",\"contentUrl\":\"https:\/\/secure.gravatar.com\/avatar\/50e5c6421d3072f42e7ace803501602c60d75233d34e29fd05feb91c8760b792?s=96&d=mm&r=g\",\"caption\":\"Redazione Comunicati Stampa\"},\"url\":\"https:\/\/www.article-marketing.eu\/comunicati\/author\/redazione-comunicati-stampa\/\"}]}<\/script>\n<!-- \/ Yoast SEO plugin. -->","yoast_head_json":{"title":"ANDREEA SASU - La modella \u201cmilanese\u201d richiesta dai grandi stilisti! - Article Marketing","robots":{"index":"index","follow":"follow","max-snippet":"max-snippet:-1","max-image-preview":"max-image-preview:large","max-video-preview":"max-video-preview:-1"},"canonical":"https:\/\/www.article-marketing.eu\/comunicati\/tempo-libero\/intrattenimento\/andreea-sasu-la-modella-a?cmilanesea??-richiesta-dai-grandi-stilisti\/","og_locale":"it_IT","og_type":"article","og_title":"ANDREEA SASU - La modella \u201cmilanese\u201d richiesta dai grandi stilisti! - Article Marketing","og_description":"Perch\u00e9 sono cos\u00ec tante le ragazze che vogliono diventare modelle? \u00c8 un sogno, un'opportunit\u00e0, un qualcosa che aiuta a soddisfare il proprio ego? O magari una professione che offre la possibilit\u00e0 di viaggiare, guadagnare, conoscere e frequentare persone e ambienti diversi? Andreea Sasu, Top Model rumena da anni residente a Milano ci dar\u00e0 qualche risposta.","og_url":"https:\/\/www.article-marketing.eu\/comunicati\/tempo-libero\/intrattenimento\/andreea-sasu-la-modella-a?cmilanesea??-richiesta-dai-grandi-stilisti\/","og_site_name":"Article Marketing","article_published_time":"2016-03-09T22:05:56+00:00","author":"Redazione Comunicati Stampa","twitter_card":"summary_large_image","twitter_misc":{"Scritto da":"Redazione Comunicati Stampa","Tempo di lettura stimato":"4 minuti"},"schema":{"@context":"https:\/\/schema.org","@graph":[{"@type":"Article","@id":"https:\/\/www.article-marketing.eu\/comunicati\/tempo-libero\/intrattenimento\/andreea-sasu-la-modella-a%80cmilanesea%80%9d-richiesta-dai-grandi-stilisti\/#article","isPartOf":{"@id":"https:\/\/www.article-marketing.eu\/comunicati\/tempo-libero\/intrattenimento\/andreea-sasu-la-modella-a%80cmilanesea%80%9d-richiesta-dai-grandi-stilisti\/"},"author":{"name":"Redazione Comunicati Stampa","@id":"https:\/\/www.article-marketing.eu\/comunicati\/#\/schema\/person\/44372e4d4d0fa797b18e03ed1ace9017"},"headline":"ANDREEA SASU &#8211; La modella \u201cmilanese\u201d richiesta dai grandi stilisti!","datePublished":"2016-03-09T22:05:56+00:00","mainEntityOfPage":{"@id":"https:\/\/www.article-marketing.eu\/comunicati\/tempo-libero\/intrattenimento\/andreea-sasu-la-modella-a%80cmilanesea%80%9d-richiesta-dai-grandi-stilisti\/"},"wordCount":732,"commentCount":0,"keywords":["Andreea","Andreea_Sasu","atlas","atlas_group","group","milano","Modella","Sasu"],"articleSection":["Intrattenimento"],"inLanguage":"it-IT","potentialAction":[{"@type":"CommentAction","name":"Comment","target":["https:\/\/www.article-marketing.eu\/comunicati\/tempo-libero\/intrattenimento\/andreea-sasu-la-modella-a%80cmilanesea%80%9d-richiesta-dai-grandi-stilisti\/#respond"]}]},{"@type":"WebPage","@id":"https:\/\/www.article-marketing.eu\/comunicati\/tempo-libero\/intrattenimento\/andreea-sasu-la-modella-a%80cmilanesea%80%9d-richiesta-dai-grandi-stilisti\/","url":"https:\/\/www.article-marketing.eu\/comunicati\/tempo-libero\/intrattenimento\/andreea-sasu-la-modella-a%80cmilanesea%80%9d-richiesta-dai-grandi-stilisti\/","name":"ANDREEA SASU - La modella \u201cmilanese\u201d richiesta dai grandi stilisti! - Article Marketing","isPartOf":{"@id":"https:\/\/www.article-marketing.eu\/comunicati\/#website"},"datePublished":"2016-03-09T22:05:56+00:00","author":{"@id":"https:\/\/www.article-marketing.eu\/comunicati\/#\/schema\/person\/44372e4d4d0fa797b18e03ed1ace9017"},"breadcrumb":{"@id":"https:\/\/www.article-marketing.eu\/comunicati\/tempo-libero\/intrattenimento\/andreea-sasu-la-modella-a%80cmilanesea%80%9d-richiesta-dai-grandi-stilisti\/#breadcrumb"},"inLanguage":"it-IT","potentialAction":[{"@type":"ReadAction","target":["https:\/\/www.article-marketing.eu\/comunicati\/tempo-libero\/intrattenimento\/andreea-sasu-la-modella-a%80cmilanesea%80%9d-richiesta-dai-grandi-stilisti\/"]}]},{"@type":"BreadcrumbList","@id":"https:\/\/www.article-marketing.eu\/comunicati\/tempo-libero\/intrattenimento\/andreea-sasu-la-modella-a%80cmilanesea%80%9d-richiesta-dai-grandi-stilisti\/#breadcrumb","itemListElement":[{"@type":"ListItem","position":1,"name":"Home","item":"https:\/\/www.article-marketing.eu\/comunicati\/"},{"@type":"ListItem","position":2,"name":"ANDREEA SASU &#8211; La modella \u201cmilanese\u201d richiesta dai grandi stilisti!"}]},{"@type":"WebSite","@id":"https:\/\/www.article-marketing.eu\/comunicati\/#website","url":"https:\/\/www.article-marketing.eu\/comunicati\/","name":"Article Marketing","description":"article marketing &amp; press release","potentialAction":[{"@type":"SearchAction","target":{"@type":"EntryPoint","urlTemplate":"https:\/\/www.article-marketing.eu\/comunicati\/?s={search_term_string}"},"query-input":{"@type":"PropertyValueSpecification","valueRequired":true,"valueName":"search_term_string"}}],"inLanguage":"it-IT"},{"@type":"Person","@id":"https:\/\/www.article-marketing.eu\/comunicati\/#\/schema\/person\/44372e4d4d0fa797b18e03ed1ace9017","name":"Redazione Comunicati Stampa","image":{"@type":"ImageObject","inLanguage":"it-IT","@id":"https:\/\/www.article-marketing.eu\/comunicati\/#\/schema\/person\/image\/","url":"https:\/\/secure.gravatar.com\/avatar\/50e5c6421d3072f42e7ace803501602c60d75233d34e29fd05feb91c8760b792?s=96&d=mm&r=g","contentUrl":"https:\/\/secure.gravatar.com\/avatar\/50e5c6421d3072f42e7ace803501602c60d75233d34e29fd05feb91c8760b792?s=96&d=mm&r=g","caption":"Redazione Comunicati Stampa"},"url":"https:\/\/www.article-marketing.eu\/comunicati\/author\/redazione-comunicati-stampa\/"}]}},"_links":{"self":[{"href":"https:\/\/www.article-marketing.eu\/comunicati\/wp-json\/wp\/v2\/posts\/51559","targetHints":{"allow":["GET"]}}],"collection":[{"href":"https:\/\/www.article-marketing.eu\/comunicati\/wp-json\/wp\/v2\/posts"}],"about":[{"href":"https:\/\/www.article-marketing.eu\/comunicati\/wp-json\/wp\/v2\/types\/post"}],"author":[{"embeddable":true,"href":"https:\/\/www.article-marketing.eu\/comunicati\/wp-json\/wp\/v2\/users\/10"}],"replies":[{"embeddable":true,"href":"https:\/\/www.article-marketing.eu\/comunicati\/wp-json\/wp\/v2\/comments?post=51559"}],"version-history":[{"count":0,"href":"https:\/\/www.article-marketing.eu\/comunicati\/wp-json\/wp\/v2\/posts\/51559\/revisions"}],"wp:attachment":[{"href":"https:\/\/www.article-marketing.eu\/comunicati\/wp-json\/wp\/v2\/media?parent=51559"}],"wp:term":[{"taxonomy":"category","embeddable":true,"href":"https:\/\/www.article-marketing.eu\/comunicati\/wp-json\/wp\/v2\/categories?post=51559"},{"taxonomy":"post_tag","embeddable":true,"href":"https:\/\/www.article-marketing.eu\/comunicati\/wp-json\/wp\/v2\/tags?post=51559"}],"curies":[{"name":"wp","href":"https:\/\/api.w.org\/{rel}","templated":true}]}}