{"id":5166,"date":"2010-05-20T11:42:33","date_gmt":"2010-05-20T09:42:33","guid":{"rendered":"http:\/\/www.article-marketing.eu\/comunicati\/senza-categoria\/larte-di-comunicare-la-poetica-del-digitale\/"},"modified":"2010-05-20T11:42:33","modified_gmt":"2010-05-20T09:42:33","slug":"larte-di-comunicare-la-poetica-del-digitale","status":"publish","type":"post","link":"https:\/\/www.article-marketing.eu\/comunicati\/arte-e-cultura\/cinema\/larte-di-comunicare-la-poetica-del-digitale\/","title":{"rendered":"L&#8217;arte di comunicare: la poetica del digitale"},"content":{"rendered":"<p class=\" \">Quando si parla di marketing, si pensa a&nbsp; qualcosa che non ha nulla a che vedere con le discipline artistiche e letterarie: si tende a pensare ad una disciplina fredda e lontana dal mondo della comunicazione, eppure l&#8217;arte come mezzo comunicativo&nbsp; spesso \u00e8 fondamentale al marketing, almeno quanto, soprattutto nella contemporaneit\u00e0, il marketing \u00e8 indispensabile all&#8217;arte.<\/p>\n<p class=\" \">&nbsp;<\/p>\n<p class=\" \"><strong>\u201cL&#8217;arte di comunicare\u201d \u00e8 la nuova rubrica di MarketingWebTv .<\/strong><\/p>\n<p class=\" \">&nbsp;<\/p>\n<p class=\" \">Dopo docenti universitari e giornalisti affermati la neonata web tv si dedica agli artisti, agli imprenditori&nbsp; dell&#8217;arte e a tutti quelli che hanno fatto dell&#8217;arte e della comunicazione la passione della loro vita e spesso il loro lavoro.<\/p>\n<p class=\" \">Da art director a galleristi, da registi teatrali a grafici 3d: <strong>MarketingWebTv indaga l&#8217;arte.<\/strong><\/p>\n<p class=\" \">Il primo intervistato della nuova rubrica \u00e8 <strong>Maurizio Memoli:<\/strong> 35enne napoletano, modellatore 3d del cast di <strong>AVATAR<\/strong><\/p>\n<p class=\" \">&nbsp;<\/p>\n<p class=\" \">Maurizio Memoli, ha iniziato la sua carriera nel mondo delle arti visive come grafico pubblicitario e quasi per caso si addentrato nel meraviglioso mondo del 3d:<\/p>\n<p class=\" \">&nbsp;&#8211; &lt;&lt;all&#8217;inizio creavo prototipi 3d di scaffali&gt;&gt;, ci ha detto nel fuori onda dell&#8217;intervista per <strong>MarketingWebTv<\/strong>, ora sta girando un lungometraggio di fantascienza con<strong> i Manetti bros<\/strong> ed \u00e8 reduce dal successo di <strong>AVATAR<\/strong>, il film di <strong><em>James Cameron<\/em><\/strong> per il quale&nbsp; ha lavorato come modellatore.<\/p>\n<p class=\" \">Tutti volevano lavorare ad Avatar e lui ce l&#8217;ha fatta, il suo <em>sogno americano <\/em>(neozelandese ad essere precisi, come la <strong>Weta Digital<\/strong>, la societ\u00e0 che ha curato gli effetti speciali del kolossal 3d) si \u00e8 avverato. <\/p>\n<p class=\" \">Tuttavia, anche se l&#8217;estero ha dato forma ai suoi sogni, lui preferisce l&#8217;Italia: si vive meglio anche se gli italiani hanno la cultura del <em>cinepattone <\/em>e il <em>\u201clow budget\u201d<\/em> sembra essere imperativo per le case di produzione; \u00e8 questo che pensa Maurizio che, nonostante tutto, trova l&#8217;aria del Bel Paese&nbsp; ancora invidiabile e per molto ne ha sentito la mancanza.<\/p>\n<p class=\" \">Perch\u00e8, banale quanto vero, in Italia si respira cultura e tradizione ovunque: tradizione bellissima per certi aspetti che per\u00f2 a volte sembra ostacolare la modernizzazione di questo paese, dalla politica all&#8217;arte. L&#8217;Italia \u00e8 un paese di nostalgici e conservatori e le innovazioni, sappiamo che tardano ad arrivare e a farsi accettare. L&#8217;ostilit\u00e0 per le innovazioni riguarda ogni campo, sebbene Avatar, <strong>complice il passaparola sul web<\/strong>, abbia avuto un grande successo di pubblico ma anche&nbsp; di critica.<\/p>\n<p class=\" \">Non si pu\u00f2 avere paura del 3d, <strong>un attore &nbsp;digitale non sosituir\u00e0 mai un attore in carne ed ossa<\/strong>, dice Memoli, il 3d&nbsp; \u00e8 come un particolare \u201cmakeup\u201d; ogni avatar ha dietro una persona che lo segue in tutto e per tutto. <\/p>\n<p class=\" \">Per il grafico napoletano, il 3d \u00e8 una rivoluzione ma anche una naturale evoluzione cos\u00ec come lo fu&nbsp; il&nbsp; passaggio dal bianco a nero al colore e c&#8217;\u00e8 nulla da temere: la poesia del cinema \u00e8 la poesia della fantasia umana&#8230;e rimane pi\u00f9 che intatta anche nel 3d.<\/p>\n<p class=\" \">&nbsp;<\/p>\n<p class=\" \">Da luned\u00ec 24 maggio, \u00e8 possibile vedere la &nbsp;<strong>videointervista<\/strong> su: www.marketingwebtv.it<\/p>\n<p align=\"left\">&nbsp;<\/p>\n","protected":false},"excerpt":{"rendered":"<p>E\u2019 nata \u201cl&#8217;arte di comunicare\u201d, la prima rubrica sulla comunicazione dell&#8217;arte di MarketingWebTv: dal mondo di Avatar, la prima intervista.<\/p>\n","protected":false},"author":10,"featured_media":0,"comment_status":"open","ping_status":"open","sticky":false,"template":"","format":"standard","meta":{"cybocfi_hide_featured_image":"","footnotes":""},"categories":[202],"tags":[1698,11692,14627,14626,426],"class_list":["post-5166","post","type-post","status-publish","format-standard","hentry","category-cinema","tag-3d","tag-avatar","tag-marketingwebtv","tag-maurizio-memoli","tag-web-marketing"],"yoast_head":"<!-- This site is optimized with the Yoast SEO plugin v27.0 - https:\/\/yoast.com\/product\/yoast-seo-wordpress\/ -->\n<title>L&#039;arte di comunicare: la poetica del digitale - Article Marketing<\/title>\n<meta name=\"robots\" content=\"index, follow, max-snippet:-1, max-image-preview:large, max-video-preview:-1\" \/>\n<link rel=\"canonical\" href=\"https:\/\/www.article-marketing.eu\/comunicati\/arte-e-cultura\/cinema\/larte-di-comunicare-la-poetica-del-digitale\/\" \/>\n<meta property=\"og:locale\" content=\"it_IT\" \/>\n<meta property=\"og:type\" content=\"article\" \/>\n<meta property=\"og:title\" content=\"L&#039;arte di comunicare: la poetica del digitale - Article Marketing\" \/>\n<meta property=\"og:description\" content=\"E\u2019 nata \u201cl&#039;arte di comunicare\u201d, la prima rubrica sulla comunicazione dell&#039;arte di MarketingWebTv: dal mondo di Avatar, la prima intervista.\" \/>\n<meta property=\"og:url\" content=\"https:\/\/www.article-marketing.eu\/comunicati\/arte-e-cultura\/cinema\/larte-di-comunicare-la-poetica-del-digitale\/\" \/>\n<meta property=\"og:site_name\" content=\"Article Marketing\" \/>\n<meta property=\"article:published_time\" content=\"2010-05-20T09:42:33+00:00\" \/>\n<meta name=\"author\" content=\"Redazione Comunicati Stampa\" \/>\n<meta name=\"twitter:card\" content=\"summary_large_image\" \/>\n<meta name=\"twitter:label1\" content=\"Scritto da\" \/>\n\t<meta name=\"twitter:data1\" content=\"Redazione Comunicati Stampa\" \/>\n\t<meta name=\"twitter:label2\" content=\"Tempo di lettura stimato\" \/>\n\t<meta name=\"twitter:data2\" content=\"2 minuti\" \/>\n<script type=\"application\/ld+json\" class=\"yoast-schema-graph\">{\"@context\":\"https:\/\/schema.org\",\"@graph\":[{\"@type\":\"Article\",\"@id\":\"https:\/\/www.article-marketing.eu\/comunicati\/arte-e-cultura\/cinema\/larte-di-comunicare-la-poetica-del-digitale\/#article\",\"isPartOf\":{\"@id\":\"https:\/\/www.article-marketing.eu\/comunicati\/arte-e-cultura\/cinema\/larte-di-comunicare-la-poetica-del-digitale\/\"},\"author\":{\"name\":\"Redazione Comunicati Stampa\",\"@id\":\"https:\/\/www.article-marketing.eu\/comunicati\/#\/schema\/person\/44372e4d4d0fa797b18e03ed1ace9017\"},\"headline\":\"L&#8217;arte di comunicare: la poetica del digitale\",\"datePublished\":\"2010-05-20T09:42:33+00:00\",\"mainEntityOfPage\":{\"@id\":\"https:\/\/www.article-marketing.eu\/comunicati\/arte-e-cultura\/cinema\/larte-di-comunicare-la-poetica-del-digitale\/\"},\"wordCount\":497,\"commentCount\":0,\"keywords\":[\"3D\",\"avatar\",\"MarketingWebTv\",\"Maurizio Memoli\",\"web marketing\"],\"articleSection\":[\"Cinema\"],\"inLanguage\":\"it-IT\",\"potentialAction\":[{\"@type\":\"CommentAction\",\"name\":\"Comment\",\"target\":[\"https:\/\/www.article-marketing.eu\/comunicati\/arte-e-cultura\/cinema\/larte-di-comunicare-la-poetica-del-digitale\/#respond\"]}]},{\"@type\":\"WebPage\",\"@id\":\"https:\/\/www.article-marketing.eu\/comunicati\/arte-e-cultura\/cinema\/larte-di-comunicare-la-poetica-del-digitale\/\",\"url\":\"https:\/\/www.article-marketing.eu\/comunicati\/arte-e-cultura\/cinema\/larte-di-comunicare-la-poetica-del-digitale\/\",\"name\":\"L'arte di comunicare: la poetica del digitale - Article Marketing\",\"isPartOf\":{\"@id\":\"https:\/\/www.article-marketing.eu\/comunicati\/#website\"},\"datePublished\":\"2010-05-20T09:42:33+00:00\",\"author\":{\"@id\":\"https:\/\/www.article-marketing.eu\/comunicati\/#\/schema\/person\/44372e4d4d0fa797b18e03ed1ace9017\"},\"breadcrumb\":{\"@id\":\"https:\/\/www.article-marketing.eu\/comunicati\/arte-e-cultura\/cinema\/larte-di-comunicare-la-poetica-del-digitale\/#breadcrumb\"},\"inLanguage\":\"it-IT\",\"potentialAction\":[{\"@type\":\"ReadAction\",\"target\":[\"https:\/\/www.article-marketing.eu\/comunicati\/arte-e-cultura\/cinema\/larte-di-comunicare-la-poetica-del-digitale\/\"]}]},{\"@type\":\"BreadcrumbList\",\"@id\":\"https:\/\/www.article-marketing.eu\/comunicati\/arte-e-cultura\/cinema\/larte-di-comunicare-la-poetica-del-digitale\/#breadcrumb\",\"itemListElement\":[{\"@type\":\"ListItem\",\"position\":1,\"name\":\"Home\",\"item\":\"https:\/\/www.article-marketing.eu\/comunicati\/\"},{\"@type\":\"ListItem\",\"position\":2,\"name\":\"L&#8217;arte di comunicare: la poetica del digitale\"}]},{\"@type\":\"WebSite\",\"@id\":\"https:\/\/www.article-marketing.eu\/comunicati\/#website\",\"url\":\"https:\/\/www.article-marketing.eu\/comunicati\/\",\"name\":\"Article Marketing\",\"description\":\"article marketing &amp; press release\",\"potentialAction\":[{\"@type\":\"SearchAction\",\"target\":{\"@type\":\"EntryPoint\",\"urlTemplate\":\"https:\/\/www.article-marketing.eu\/comunicati\/?s={search_term_string}\"},\"query-input\":{\"@type\":\"PropertyValueSpecification\",\"valueRequired\":true,\"valueName\":\"search_term_string\"}}],\"inLanguage\":\"it-IT\"},{\"@type\":\"Person\",\"@id\":\"https:\/\/www.article-marketing.eu\/comunicati\/#\/schema\/person\/44372e4d4d0fa797b18e03ed1ace9017\",\"name\":\"Redazione Comunicati Stampa\",\"image\":{\"@type\":\"ImageObject\",\"inLanguage\":\"it-IT\",\"@id\":\"https:\/\/www.article-marketing.eu\/comunicati\/#\/schema\/person\/image\/\",\"url\":\"https:\/\/secure.gravatar.com\/avatar\/50e5c6421d3072f42e7ace803501602c60d75233d34e29fd05feb91c8760b792?s=96&d=mm&r=g\",\"contentUrl\":\"https:\/\/secure.gravatar.com\/avatar\/50e5c6421d3072f42e7ace803501602c60d75233d34e29fd05feb91c8760b792?s=96&d=mm&r=g\",\"caption\":\"Redazione Comunicati Stampa\"},\"url\":\"https:\/\/www.article-marketing.eu\/comunicati\/author\/redazione-comunicati-stampa\/\"}]}<\/script>\n<!-- \/ Yoast SEO plugin. -->","yoast_head_json":{"title":"L'arte di comunicare: la poetica del digitale - Article Marketing","robots":{"index":"index","follow":"follow","max-snippet":"max-snippet:-1","max-image-preview":"max-image-preview:large","max-video-preview":"max-video-preview:-1"},"canonical":"https:\/\/www.article-marketing.eu\/comunicati\/arte-e-cultura\/cinema\/larte-di-comunicare-la-poetica-del-digitale\/","og_locale":"it_IT","og_type":"article","og_title":"L'arte di comunicare: la poetica del digitale - Article Marketing","og_description":"E\u2019 nata \u201cl'arte di comunicare\u201d, la prima rubrica sulla comunicazione dell'arte di MarketingWebTv: dal mondo di Avatar, la prima intervista.","og_url":"https:\/\/www.article-marketing.eu\/comunicati\/arte-e-cultura\/cinema\/larte-di-comunicare-la-poetica-del-digitale\/","og_site_name":"Article Marketing","article_published_time":"2010-05-20T09:42:33+00:00","author":"Redazione Comunicati Stampa","twitter_card":"summary_large_image","twitter_misc":{"Scritto da":"Redazione Comunicati Stampa","Tempo di lettura stimato":"2 minuti"},"schema":{"@context":"https:\/\/schema.org","@graph":[{"@type":"Article","@id":"https:\/\/www.article-marketing.eu\/comunicati\/arte-e-cultura\/cinema\/larte-di-comunicare-la-poetica-del-digitale\/#article","isPartOf":{"@id":"https:\/\/www.article-marketing.eu\/comunicati\/arte-e-cultura\/cinema\/larte-di-comunicare-la-poetica-del-digitale\/"},"author":{"name":"Redazione Comunicati Stampa","@id":"https:\/\/www.article-marketing.eu\/comunicati\/#\/schema\/person\/44372e4d4d0fa797b18e03ed1ace9017"},"headline":"L&#8217;arte di comunicare: la poetica del digitale","datePublished":"2010-05-20T09:42:33+00:00","mainEntityOfPage":{"@id":"https:\/\/www.article-marketing.eu\/comunicati\/arte-e-cultura\/cinema\/larte-di-comunicare-la-poetica-del-digitale\/"},"wordCount":497,"commentCount":0,"keywords":["3D","avatar","MarketingWebTv","Maurizio Memoli","web marketing"],"articleSection":["Cinema"],"inLanguage":"it-IT","potentialAction":[{"@type":"CommentAction","name":"Comment","target":["https:\/\/www.article-marketing.eu\/comunicati\/arte-e-cultura\/cinema\/larte-di-comunicare-la-poetica-del-digitale\/#respond"]}]},{"@type":"WebPage","@id":"https:\/\/www.article-marketing.eu\/comunicati\/arte-e-cultura\/cinema\/larte-di-comunicare-la-poetica-del-digitale\/","url":"https:\/\/www.article-marketing.eu\/comunicati\/arte-e-cultura\/cinema\/larte-di-comunicare-la-poetica-del-digitale\/","name":"L'arte di comunicare: la poetica del digitale - Article Marketing","isPartOf":{"@id":"https:\/\/www.article-marketing.eu\/comunicati\/#website"},"datePublished":"2010-05-20T09:42:33+00:00","author":{"@id":"https:\/\/www.article-marketing.eu\/comunicati\/#\/schema\/person\/44372e4d4d0fa797b18e03ed1ace9017"},"breadcrumb":{"@id":"https:\/\/www.article-marketing.eu\/comunicati\/arte-e-cultura\/cinema\/larte-di-comunicare-la-poetica-del-digitale\/#breadcrumb"},"inLanguage":"it-IT","potentialAction":[{"@type":"ReadAction","target":["https:\/\/www.article-marketing.eu\/comunicati\/arte-e-cultura\/cinema\/larte-di-comunicare-la-poetica-del-digitale\/"]}]},{"@type":"BreadcrumbList","@id":"https:\/\/www.article-marketing.eu\/comunicati\/arte-e-cultura\/cinema\/larte-di-comunicare-la-poetica-del-digitale\/#breadcrumb","itemListElement":[{"@type":"ListItem","position":1,"name":"Home","item":"https:\/\/www.article-marketing.eu\/comunicati\/"},{"@type":"ListItem","position":2,"name":"L&#8217;arte di comunicare: la poetica del digitale"}]},{"@type":"WebSite","@id":"https:\/\/www.article-marketing.eu\/comunicati\/#website","url":"https:\/\/www.article-marketing.eu\/comunicati\/","name":"Article Marketing","description":"article marketing &amp; press release","potentialAction":[{"@type":"SearchAction","target":{"@type":"EntryPoint","urlTemplate":"https:\/\/www.article-marketing.eu\/comunicati\/?s={search_term_string}"},"query-input":{"@type":"PropertyValueSpecification","valueRequired":true,"valueName":"search_term_string"}}],"inLanguage":"it-IT"},{"@type":"Person","@id":"https:\/\/www.article-marketing.eu\/comunicati\/#\/schema\/person\/44372e4d4d0fa797b18e03ed1ace9017","name":"Redazione Comunicati Stampa","image":{"@type":"ImageObject","inLanguage":"it-IT","@id":"https:\/\/www.article-marketing.eu\/comunicati\/#\/schema\/person\/image\/","url":"https:\/\/secure.gravatar.com\/avatar\/50e5c6421d3072f42e7ace803501602c60d75233d34e29fd05feb91c8760b792?s=96&d=mm&r=g","contentUrl":"https:\/\/secure.gravatar.com\/avatar\/50e5c6421d3072f42e7ace803501602c60d75233d34e29fd05feb91c8760b792?s=96&d=mm&r=g","caption":"Redazione Comunicati Stampa"},"url":"https:\/\/www.article-marketing.eu\/comunicati\/author\/redazione-comunicati-stampa\/"}]}},"_links":{"self":[{"href":"https:\/\/www.article-marketing.eu\/comunicati\/wp-json\/wp\/v2\/posts\/5166","targetHints":{"allow":["GET"]}}],"collection":[{"href":"https:\/\/www.article-marketing.eu\/comunicati\/wp-json\/wp\/v2\/posts"}],"about":[{"href":"https:\/\/www.article-marketing.eu\/comunicati\/wp-json\/wp\/v2\/types\/post"}],"author":[{"embeddable":true,"href":"https:\/\/www.article-marketing.eu\/comunicati\/wp-json\/wp\/v2\/users\/10"}],"replies":[{"embeddable":true,"href":"https:\/\/www.article-marketing.eu\/comunicati\/wp-json\/wp\/v2\/comments?post=5166"}],"version-history":[{"count":0,"href":"https:\/\/www.article-marketing.eu\/comunicati\/wp-json\/wp\/v2\/posts\/5166\/revisions"}],"wp:attachment":[{"href":"https:\/\/www.article-marketing.eu\/comunicati\/wp-json\/wp\/v2\/media?parent=5166"}],"wp:term":[{"taxonomy":"category","embeddable":true,"href":"https:\/\/www.article-marketing.eu\/comunicati\/wp-json\/wp\/v2\/categories?post=5166"},{"taxonomy":"post_tag","embeddable":true,"href":"https:\/\/www.article-marketing.eu\/comunicati\/wp-json\/wp\/v2\/tags?post=5166"}],"curies":[{"name":"wp","href":"https:\/\/api.w.org\/{rel}","templated":true}]}}