{"id":51836,"date":"2016-03-22T16:03:46","date_gmt":"2016-03-22T15:03:46","guid":{"rendered":"http:\/\/www.article-marketing.eu\/comunicati\/senza-categoria\/fuorisalone-snaidero-presente-nella-pininfarina-home-design\/"},"modified":"2018-10-26T01:00:33","modified_gmt":"2018-10-25T23:00:33","slug":"fuorisalone-snaidero-presente-nella-pininfarina-home-design","status":"publish","type":"post","link":"https:\/\/www.article-marketing.eu\/comunicati\/comunicati-stampa\/eventi\/fuorisalone-snaidero-presente-nella-pininfarina-home-design\/","title":{"rendered":"Fuorisalone: Snaidero presente nella Pininfarina Home Design"},"content":{"rendered":"<p><strong>Luogo: Showroom Reflex, via Madonnina 17 (Brera) &ndash; Milano<\/strong><br \/><strong>Evento: mercoled&igrave; 13 aprile 2016 &ndash; ore 20<\/strong><br \/><strong><a href=\"http:\/\/www.snaidero.it\/\">Snaidero<\/a> tra i partner dell&rsquo;evento organizzato da Pininfarina per la presentazione in anteprima mondiale della Pininfarina Home Design, la Casa secondo Pininfarina, un progetto che parla di lusso e iconicit&agrave;, innovazione e artigianalit&agrave;. Il 13 aprile dalle ore 20 presso lo Showroom di Reflex, sar&agrave; possibile ammirare la cucina Idea40 di Snaidero disegnata proprio dal designer di fama internazionale Pininfarina, in una veste inedita realizzata ad hoc per il progetto. Tra gli altri partner della serata: Reflex e Casalgrande Padana.<\/strong> Pininfarina Home Design &egrave; un progetto di eccellenza che affonda le proprie radici nell&#8217;unicit&agrave; di Pininfarina e che combina una profonda expertise nel furniture design con uno stile architettonico e di interni innovativo. Nello showroom di Reflex sar&agrave; allestito uno spazio casa Pininfarina, con un ambiente Cucina in partnership con Snaidero, un ambiente Living in partnership con Reflex, e con una proposta di ceramiche in partnership con Casalgrande Padana. <strong>Idea40<\/strong> di <strong>Snaidero<\/strong> sar&agrave; la protagonista dello spazio cucina, un progetto in grado di trasferire l&rsquo;immagine di lusso reinterpretato in chiave moderna e ispirato ai valori progettuali di sempre. Seducente combinazione di design, razionalit&agrave; e materiali eccellenti, Idea40 (Design Pininfarina) &egrave; espressione dei valori domestici emergenti che vedono nella personalizzazione, convivialit&agrave; e sperimentazione i propri elementi distintivi. Per l&rsquo;occasione Idea40 vestir&agrave; un abito speciale cucito su misura per Pininfarina Home Design. Presenteranno il progetto Paolo Pininfarina, Presidente del Gruppo, Edi Snaidero, Presidente di Snaidero, Luciano Lucatello, Presidente di Reflex e Mauro Manfredini, Sales Director Casalgrande Padana. <strong> <\/strong> <strong>Per informazioni:<\/strong> Snaidero Rino SpA www.snaidero.it Digital PR a cura di Blu Wom Milano www.bluwom-milano.com p.fabretti@bluwom-milano.com<\/p>\n","protected":false},"excerpt":{"rendered":"<p>Snaidero tra i partner dell\u2019evento organizzato da Pininfarina per la presentazione in anteprima mondiale della Pininfarina Home Design, la Casa secondo Pininfarina, un progetto che parla di lusso e iconicit\u00e0, innovazione e artigianalit\u00e0. Il 13 aprile dalle ore 20 presso lo Showroom di Reflex, sar\u00e0 possibile ammirare la cucina Idea40 di Snaidero disegnata proprio dal designer di fama internazionale Pininfarina, in una veste inedita realizzata ad hoc per il progetto. Tra gli altri partner della serata: Reflex e Casalgrande Padana.<\/p>\n","protected":false},"author":10,"featured_media":0,"comment_status":"open","ping_status":"open","sticky":false,"template":"","format":"standard","meta":{"cybocfi_hide_featured_image":"","footnotes":""},"categories":[388],"tags":[54218,53635,54422,50093,11141,926,5767,1343,36272],"class_list":["post-51836","post","type-post","status-publish","format-standard","hentry","category-eventi","tag-idea40","tag-pininfarina","tag-pininfarinahomedesign","tag-brera","tag-cucine","tag-evento","tag-fuorisalone","tag-milano","tag-snaidero"],"yoast_head":"<!-- This site is optimized with the Yoast SEO plugin v27.0 - https:\/\/yoast.com\/product\/yoast-seo-wordpress\/ -->\n<title>Fuorisalone: Snaidero presente nella Pininfarina Home Design - Article Marketing<\/title>\n<meta name=\"robots\" content=\"index, follow, max-snippet:-1, max-image-preview:large, max-video-preview:-1\" \/>\n<link rel=\"canonical\" href=\"https:\/\/www.article-marketing.eu\/comunicati\/comunicati-stampa\/eventi\/fuorisalone-snaidero-presente-nella-pininfarina-home-design\/\" \/>\n<meta property=\"og:locale\" content=\"it_IT\" \/>\n<meta property=\"og:type\" content=\"article\" \/>\n<meta property=\"og:title\" content=\"Fuorisalone: Snaidero presente nella Pininfarina Home Design - Article Marketing\" \/>\n<meta property=\"og:description\" content=\"Snaidero tra i partner dell\u2019evento organizzato da Pininfarina per la presentazione in anteprima mondiale della Pininfarina Home Design, la Casa secondo Pininfarina, un progetto che parla di lusso e iconicit\u00e0, innovazione e artigianalit\u00e0. Il 13 aprile dalle ore 20 presso lo Showroom di Reflex, sar\u00e0 possibile ammirare la cucina Idea40 di Snaidero disegnata proprio dal designer di fama internazionale Pininfarina, in una veste inedita realizzata ad hoc per il progetto. Tra gli altri partner della serata: Reflex e Casalgrande Padana.\" \/>\n<meta property=\"og:url\" content=\"https:\/\/www.article-marketing.eu\/comunicati\/comunicati-stampa\/eventi\/fuorisalone-snaidero-presente-nella-pininfarina-home-design\/\" \/>\n<meta property=\"og:site_name\" content=\"Article Marketing\" \/>\n<meta property=\"article:published_time\" content=\"2016-03-22T15:03:46+00:00\" \/>\n<meta property=\"article:modified_time\" content=\"2018-10-25T23:00:33+00:00\" \/>\n<meta name=\"author\" content=\"Redazione Comunicati Stampa\" \/>\n<meta name=\"twitter:card\" content=\"summary_large_image\" \/>\n<meta name=\"twitter:label1\" content=\"Scritto da\" \/>\n\t<meta name=\"twitter:data1\" content=\"Redazione Comunicati Stampa\" \/>\n\t<meta name=\"twitter:label2\" content=\"Tempo di lettura stimato\" \/>\n\t<meta name=\"twitter:data2\" content=\"1 minuto\" \/>\n<script type=\"application\/ld+json\" class=\"yoast-schema-graph\">{\"@context\":\"https:\/\/schema.org\",\"@graph\":[{\"@type\":\"Article\",\"@id\":\"https:\/\/www.article-marketing.eu\/comunicati\/comunicati-stampa\/eventi\/fuorisalone-snaidero-presente-nella-pininfarina-home-design\/#article\",\"isPartOf\":{\"@id\":\"https:\/\/www.article-marketing.eu\/comunicati\/comunicati-stampa\/eventi\/fuorisalone-snaidero-presente-nella-pininfarina-home-design\/\"},\"author\":{\"name\":\"Redazione Comunicati Stampa\",\"@id\":\"https:\/\/www.article-marketing.eu\/comunicati\/#\/schema\/person\/44372e4d4d0fa797b18e03ed1ace9017\"},\"headline\":\"Fuorisalone: Snaidero presente nella Pininfarina Home Design\",\"datePublished\":\"2016-03-22T15:03:46+00:00\",\"dateModified\":\"2018-10-25T23:00:33+00:00\",\"mainEntityOfPage\":{\"@id\":\"https:\/\/www.article-marketing.eu\/comunicati\/comunicati-stampa\/eventi\/fuorisalone-snaidero-presente-nella-pininfarina-home-design\/\"},\"wordCount\":302,\"commentCount\":0,\"keywords\":[\"#Idea40\",\"#Pininfarina\",\"#PininfarinaHomeDesign\",\"brera\",\"cucine\",\"evento\",\"fuorisalone\",\"milano\",\"Snaidero\"],\"articleSection\":[\"Eventi\"],\"inLanguage\":\"it-IT\",\"potentialAction\":[{\"@type\":\"CommentAction\",\"name\":\"Comment\",\"target\":[\"https:\/\/www.article-marketing.eu\/comunicati\/comunicati-stampa\/eventi\/fuorisalone-snaidero-presente-nella-pininfarina-home-design\/#respond\"]}]},{\"@type\":\"WebPage\",\"@id\":\"https:\/\/www.article-marketing.eu\/comunicati\/comunicati-stampa\/eventi\/fuorisalone-snaidero-presente-nella-pininfarina-home-design\/\",\"url\":\"https:\/\/www.article-marketing.eu\/comunicati\/comunicati-stampa\/eventi\/fuorisalone-snaidero-presente-nella-pininfarina-home-design\/\",\"name\":\"Fuorisalone: Snaidero presente nella Pininfarina Home Design - Article Marketing\",\"isPartOf\":{\"@id\":\"https:\/\/www.article-marketing.eu\/comunicati\/#website\"},\"datePublished\":\"2016-03-22T15:03:46+00:00\",\"dateModified\":\"2018-10-25T23:00:33+00:00\",\"author\":{\"@id\":\"https:\/\/www.article-marketing.eu\/comunicati\/#\/schema\/person\/44372e4d4d0fa797b18e03ed1ace9017\"},\"breadcrumb\":{\"@id\":\"https:\/\/www.article-marketing.eu\/comunicati\/comunicati-stampa\/eventi\/fuorisalone-snaidero-presente-nella-pininfarina-home-design\/#breadcrumb\"},\"inLanguage\":\"it-IT\",\"potentialAction\":[{\"@type\":\"ReadAction\",\"target\":[\"https:\/\/www.article-marketing.eu\/comunicati\/comunicati-stampa\/eventi\/fuorisalone-snaidero-presente-nella-pininfarina-home-design\/\"]}]},{\"@type\":\"BreadcrumbList\",\"@id\":\"https:\/\/www.article-marketing.eu\/comunicati\/comunicati-stampa\/eventi\/fuorisalone-snaidero-presente-nella-pininfarina-home-design\/#breadcrumb\",\"itemListElement\":[{\"@type\":\"ListItem\",\"position\":1,\"name\":\"Home\",\"item\":\"https:\/\/www.article-marketing.eu\/comunicati\/\"},{\"@type\":\"ListItem\",\"position\":2,\"name\":\"Fuorisalone: Snaidero presente nella Pininfarina Home Design\"}]},{\"@type\":\"WebSite\",\"@id\":\"https:\/\/www.article-marketing.eu\/comunicati\/#website\",\"url\":\"https:\/\/www.article-marketing.eu\/comunicati\/\",\"name\":\"Article Marketing\",\"description\":\"article marketing &amp; press release\",\"potentialAction\":[{\"@type\":\"SearchAction\",\"target\":{\"@type\":\"EntryPoint\",\"urlTemplate\":\"https:\/\/www.article-marketing.eu\/comunicati\/?s={search_term_string}\"},\"query-input\":{\"@type\":\"PropertyValueSpecification\",\"valueRequired\":true,\"valueName\":\"search_term_string\"}}],\"inLanguage\":\"it-IT\"},{\"@type\":\"Person\",\"@id\":\"https:\/\/www.article-marketing.eu\/comunicati\/#\/schema\/person\/44372e4d4d0fa797b18e03ed1ace9017\",\"name\":\"Redazione Comunicati Stampa\",\"image\":{\"@type\":\"ImageObject\",\"inLanguage\":\"it-IT\",\"@id\":\"https:\/\/www.article-marketing.eu\/comunicati\/#\/schema\/person\/image\/\",\"url\":\"https:\/\/secure.gravatar.com\/avatar\/50e5c6421d3072f42e7ace803501602c60d75233d34e29fd05feb91c8760b792?s=96&d=mm&r=g\",\"contentUrl\":\"https:\/\/secure.gravatar.com\/avatar\/50e5c6421d3072f42e7ace803501602c60d75233d34e29fd05feb91c8760b792?s=96&d=mm&r=g\",\"caption\":\"Redazione Comunicati Stampa\"},\"url\":\"https:\/\/www.article-marketing.eu\/comunicati\/author\/redazione-comunicati-stampa\/\"}]}<\/script>\n<!-- \/ Yoast SEO plugin. -->","yoast_head_json":{"title":"Fuorisalone: Snaidero presente nella Pininfarina Home Design - Article Marketing","robots":{"index":"index","follow":"follow","max-snippet":"max-snippet:-1","max-image-preview":"max-image-preview:large","max-video-preview":"max-video-preview:-1"},"canonical":"https:\/\/www.article-marketing.eu\/comunicati\/comunicati-stampa\/eventi\/fuorisalone-snaidero-presente-nella-pininfarina-home-design\/","og_locale":"it_IT","og_type":"article","og_title":"Fuorisalone: Snaidero presente nella Pininfarina Home Design - Article Marketing","og_description":"Snaidero tra i partner dell\u2019evento organizzato da Pininfarina per la presentazione in anteprima mondiale della Pininfarina Home Design, la Casa secondo Pininfarina, un progetto che parla di lusso e iconicit\u00e0, innovazione e artigianalit\u00e0. Il 13 aprile dalle ore 20 presso lo Showroom di Reflex, sar\u00e0 possibile ammirare la cucina Idea40 di Snaidero disegnata proprio dal designer di fama internazionale Pininfarina, in una veste inedita realizzata ad hoc per il progetto. Tra gli altri partner della serata: Reflex e Casalgrande Padana.","og_url":"https:\/\/www.article-marketing.eu\/comunicati\/comunicati-stampa\/eventi\/fuorisalone-snaidero-presente-nella-pininfarina-home-design\/","og_site_name":"Article Marketing","article_published_time":"2016-03-22T15:03:46+00:00","article_modified_time":"2018-10-25T23:00:33+00:00","author":"Redazione Comunicati Stampa","twitter_card":"summary_large_image","twitter_misc":{"Scritto da":"Redazione Comunicati Stampa","Tempo di lettura stimato":"1 minuto"},"schema":{"@context":"https:\/\/schema.org","@graph":[{"@type":"Article","@id":"https:\/\/www.article-marketing.eu\/comunicati\/comunicati-stampa\/eventi\/fuorisalone-snaidero-presente-nella-pininfarina-home-design\/#article","isPartOf":{"@id":"https:\/\/www.article-marketing.eu\/comunicati\/comunicati-stampa\/eventi\/fuorisalone-snaidero-presente-nella-pininfarina-home-design\/"},"author":{"name":"Redazione Comunicati Stampa","@id":"https:\/\/www.article-marketing.eu\/comunicati\/#\/schema\/person\/44372e4d4d0fa797b18e03ed1ace9017"},"headline":"Fuorisalone: Snaidero presente nella Pininfarina Home Design","datePublished":"2016-03-22T15:03:46+00:00","dateModified":"2018-10-25T23:00:33+00:00","mainEntityOfPage":{"@id":"https:\/\/www.article-marketing.eu\/comunicati\/comunicati-stampa\/eventi\/fuorisalone-snaidero-presente-nella-pininfarina-home-design\/"},"wordCount":302,"commentCount":0,"keywords":["#Idea40","#Pininfarina","#PininfarinaHomeDesign","brera","cucine","evento","fuorisalone","milano","Snaidero"],"articleSection":["Eventi"],"inLanguage":"it-IT","potentialAction":[{"@type":"CommentAction","name":"Comment","target":["https:\/\/www.article-marketing.eu\/comunicati\/comunicati-stampa\/eventi\/fuorisalone-snaidero-presente-nella-pininfarina-home-design\/#respond"]}]},{"@type":"WebPage","@id":"https:\/\/www.article-marketing.eu\/comunicati\/comunicati-stampa\/eventi\/fuorisalone-snaidero-presente-nella-pininfarina-home-design\/","url":"https:\/\/www.article-marketing.eu\/comunicati\/comunicati-stampa\/eventi\/fuorisalone-snaidero-presente-nella-pininfarina-home-design\/","name":"Fuorisalone: Snaidero presente nella Pininfarina Home Design - Article Marketing","isPartOf":{"@id":"https:\/\/www.article-marketing.eu\/comunicati\/#website"},"datePublished":"2016-03-22T15:03:46+00:00","dateModified":"2018-10-25T23:00:33+00:00","author":{"@id":"https:\/\/www.article-marketing.eu\/comunicati\/#\/schema\/person\/44372e4d4d0fa797b18e03ed1ace9017"},"breadcrumb":{"@id":"https:\/\/www.article-marketing.eu\/comunicati\/comunicati-stampa\/eventi\/fuorisalone-snaidero-presente-nella-pininfarina-home-design\/#breadcrumb"},"inLanguage":"it-IT","potentialAction":[{"@type":"ReadAction","target":["https:\/\/www.article-marketing.eu\/comunicati\/comunicati-stampa\/eventi\/fuorisalone-snaidero-presente-nella-pininfarina-home-design\/"]}]},{"@type":"BreadcrumbList","@id":"https:\/\/www.article-marketing.eu\/comunicati\/comunicati-stampa\/eventi\/fuorisalone-snaidero-presente-nella-pininfarina-home-design\/#breadcrumb","itemListElement":[{"@type":"ListItem","position":1,"name":"Home","item":"https:\/\/www.article-marketing.eu\/comunicati\/"},{"@type":"ListItem","position":2,"name":"Fuorisalone: Snaidero presente nella Pininfarina Home Design"}]},{"@type":"WebSite","@id":"https:\/\/www.article-marketing.eu\/comunicati\/#website","url":"https:\/\/www.article-marketing.eu\/comunicati\/","name":"Article Marketing","description":"article marketing &amp; press release","potentialAction":[{"@type":"SearchAction","target":{"@type":"EntryPoint","urlTemplate":"https:\/\/www.article-marketing.eu\/comunicati\/?s={search_term_string}"},"query-input":{"@type":"PropertyValueSpecification","valueRequired":true,"valueName":"search_term_string"}}],"inLanguage":"it-IT"},{"@type":"Person","@id":"https:\/\/www.article-marketing.eu\/comunicati\/#\/schema\/person\/44372e4d4d0fa797b18e03ed1ace9017","name":"Redazione Comunicati Stampa","image":{"@type":"ImageObject","inLanguage":"it-IT","@id":"https:\/\/www.article-marketing.eu\/comunicati\/#\/schema\/person\/image\/","url":"https:\/\/secure.gravatar.com\/avatar\/50e5c6421d3072f42e7ace803501602c60d75233d34e29fd05feb91c8760b792?s=96&d=mm&r=g","contentUrl":"https:\/\/secure.gravatar.com\/avatar\/50e5c6421d3072f42e7ace803501602c60d75233d34e29fd05feb91c8760b792?s=96&d=mm&r=g","caption":"Redazione Comunicati Stampa"},"url":"https:\/\/www.article-marketing.eu\/comunicati\/author\/redazione-comunicati-stampa\/"}]}},"_links":{"self":[{"href":"https:\/\/www.article-marketing.eu\/comunicati\/wp-json\/wp\/v2\/posts\/51836","targetHints":{"allow":["GET"]}}],"collection":[{"href":"https:\/\/www.article-marketing.eu\/comunicati\/wp-json\/wp\/v2\/posts"}],"about":[{"href":"https:\/\/www.article-marketing.eu\/comunicati\/wp-json\/wp\/v2\/types\/post"}],"author":[{"embeddable":true,"href":"https:\/\/www.article-marketing.eu\/comunicati\/wp-json\/wp\/v2\/users\/10"}],"replies":[{"embeddable":true,"href":"https:\/\/www.article-marketing.eu\/comunicati\/wp-json\/wp\/v2\/comments?post=51836"}],"version-history":[{"count":1,"href":"https:\/\/www.article-marketing.eu\/comunicati\/wp-json\/wp\/v2\/posts\/51836\/revisions"}],"predecessor-version":[{"id":65209,"href":"https:\/\/www.article-marketing.eu\/comunicati\/wp-json\/wp\/v2\/posts\/51836\/revisions\/65209"}],"wp:attachment":[{"href":"https:\/\/www.article-marketing.eu\/comunicati\/wp-json\/wp\/v2\/media?parent=51836"}],"wp:term":[{"taxonomy":"category","embeddable":true,"href":"https:\/\/www.article-marketing.eu\/comunicati\/wp-json\/wp\/v2\/categories?post=51836"},{"taxonomy":"post_tag","embeddable":true,"href":"https:\/\/www.article-marketing.eu\/comunicati\/wp-json\/wp\/v2\/tags?post=51836"}],"curies":[{"name":"wp","href":"https:\/\/api.w.org\/{rel}","templated":true}]}}