{"id":52000,"date":"2016-04-05T09:38:19","date_gmt":"2016-04-05T07:38:19","guid":{"rendered":"http:\/\/www.article-marketing.eu\/comunicati\/senza-categoria\/anticipazioni-nobili-salone-del-bagno\/"},"modified":"2018-10-26T01:00:38","modified_gmt":"2018-10-25T23:00:38","slug":"anticipazioni-nobili-salone-del-bagno","status":"publish","type":"post","link":"https:\/\/www.article-marketing.eu\/comunicati\/comunicati-stampa\/eventi\/anticipazioni-nobili-salone-del-bagno\/","title":{"rendered":"Anticipazioni Nobili Salone del Bagno"},"content":{"rendered":"<p><strong>EVENTI UNICI ACCOMPAGNERANNO LE COLLEZIONI PRESENTI ALLO STAND DI NOBILI! <\/strong><\/p>\n<p><strong>Milano- Rho Fiera &#8211; dal 12 al 17 aprile 2016 PAD 24 stand B11 B15<\/strong><br \/><em> Grandi preparativi in corso in casa <\/em><strong><em>Nobili<\/em><\/strong><em>: l&#8217;azienda leader del settore rubinetteria da bagno e da cucina sar&agrave; presente quest&#8217;anno al <strong>Salone Internazionale del Bagno dal 12 al 17 aprile <\/strong>con uno stand ricco di novit&agrave; che ogni giorno si animer&agrave; di attivit&agrave; uniche che accompagneranno il visitatore in un viaggio all&rsquo;insegna del design.<\/em> E&rsquo; iniziato il conto alla rovescia: <strong>Nobili <\/strong>debutter&agrave; al <strong>Salone del Mobile<\/strong> durante la Design Week di Milano, <strong>dal 12 al 17 aprile,<\/strong> con uno <strong>stand rivoluzionario<\/strong>, <strong>ricco di novit&agrave;<\/strong> e di <strong>eventi unici ideati per presentare al meglio le collezioni presenti<\/strong>. I professionisti, il pubblico presente ed i giornalisti, avranno l&rsquo;opportunit&agrave; di assistere a pi&ugrave; presentazioni &ldquo;live&rdquo; della <strong>nuova collezione<\/strong> <strong>Dress <\/strong>e di toccare con mano le serie principali di successo del brand attraverso anche numerose interazioni digitali. Obiettivo primario: esprimere la propria identit&agrave;, raccontando la passione e il dinamismo creativo del brand Nobili, un&rsquo;azienda che da sempre guarda al futuro in termini di innovazione, tecnologia, funzionalit&agrave;, design ed attenzione all&rsquo;ambiente. Tra le iniziative che animeranno le collezioni allo stand nei giorni del Salone del Bagno:<\/p>\n<ul><\/p>\n<li><strong>L&#8217;illustrazione incontra il design<\/strong>: Nobili presenter&agrave; &#8220;live&#8221; la nuova collezione in partnership con <strong><strong>Associazione Illustri<\/strong>. <\/strong>Allo stand di Nobili Rubinetterie sar&agrave; infatti presente un&rsquo;area dedicata a <strong>6 grandi illustratori<\/strong>, uno per ogni giorno della Fiera, che personalizzeranno dal vivo la nuova e rivoluzionaria linea <strong>Dress<\/strong> di <strong>Nilo Gioacchini<\/strong>. Gli illustratori realizzeranno <strong>3 opere uniche al giorno<\/strong> (18 totali durante la design week) e avranno il compito di rappresentare al meglio la versatilit&agrave; della nuova linea.<\/li>\n<p><\/ul>\n<ul><\/p>\n<li>Nobili &egrave; lieta di invitare ed offrire a tutti i visitatori uno dei coloratissimi cocktails dedicati alle serie esposte: <strong>Acquaviva, Loop, Plus, Sofi, Tower, Move, Likid 300<\/strong>. Un&rsquo;opportunit&agrave; originale e divertente per conoscere le collezioni ed avvicinarsi al brand.<\/li>\n<p><\/ul>\n<p><strong> Queste sono le prime anticipazioni e i primi ottimi motivi per non mancare durante la Design Week allo stand Nobili: vi aspettiamo!<\/strong><br \/> Per ulteriori informazioni: Digital PR a cura di Blu Wom Milano www.bluwom-milano.com p.fabretti@bluwom-milano.com<\/p>\n","protected":false},"excerpt":{"rendered":"<p>Grandi preparativi in corso in casa Nobili: l&#8217;azienda leader del settore rubinetteria da bagno e da cucina sar\u00e0 presente quest&#8217;anno al Salone Internazionale del Bagno dal 12 al 17 aprile con uno stand ricco di novit\u00e0 che ogni giorno si animer\u00e0 di attivit\u00e0 uniche che accompagneranno il visitatore in un viaggio all\u2019insegna del design.<\/p>\n","protected":false},"author":10,"featured_media":0,"comment_status":"open","ping_status":"open","sticky":false,"template":"","format":"standard","meta":{"cybocfi_hide_featured_image":"","footnotes":""},"categories":[388],"tags":[53842,54542,54543,54547,54544,54546,53762,53938,54181,53921,54545,171,1107,1343,35119,2032,50255],"class_list":["post-52000","post","type-post","status-publish","format-standard","hentry","category-eventi","tag-acquaviva","tag-associazioneillustri","tag-dress","tag-likid300","tag-loop","tag-move","tag-nobili","tag-salonedelbagno","tag-sofi","tag-teknobili","tag-tower","tag-arte","tag-design","tag-milano","tag-plus","tag-rubinetti","tag-salonedelmobile"],"yoast_head":"<!-- This site is optimized with the Yoast SEO plugin v27.0 - https:\/\/yoast.com\/product\/yoast-seo-wordpress\/ -->\n<title>Anticipazioni Nobili Salone del Bagno - Article Marketing<\/title>\n<meta name=\"robots\" content=\"index, follow, max-snippet:-1, max-image-preview:large, max-video-preview:-1\" \/>\n<link rel=\"canonical\" href=\"https:\/\/www.article-marketing.eu\/comunicati\/comunicati-stampa\/eventi\/anticipazioni-nobili-salone-del-bagno\/\" \/>\n<meta property=\"og:locale\" content=\"it_IT\" \/>\n<meta property=\"og:type\" content=\"article\" \/>\n<meta property=\"og:title\" content=\"Anticipazioni Nobili Salone del Bagno - Article Marketing\" \/>\n<meta property=\"og:description\" content=\"Grandi preparativi in corso in casa Nobili: l&#039;azienda leader del settore rubinetteria da bagno e da cucina sar\u00e0 presente quest&#039;anno al Salone Internazionale del Bagno dal 12 al 17 aprile con uno stand ricco di novit\u00e0 che ogni giorno si animer\u00e0 di attivit\u00e0 uniche che accompagneranno il visitatore in un viaggio all\u2019insegna del design.\" \/>\n<meta property=\"og:url\" content=\"https:\/\/www.article-marketing.eu\/comunicati\/comunicati-stampa\/eventi\/anticipazioni-nobili-salone-del-bagno\/\" \/>\n<meta property=\"og:site_name\" content=\"Article Marketing\" \/>\n<meta property=\"article:published_time\" content=\"2016-04-05T07:38:19+00:00\" \/>\n<meta property=\"article:modified_time\" content=\"2018-10-25T23:00:38+00:00\" \/>\n<meta name=\"author\" content=\"Redazione Comunicati Stampa\" \/>\n<meta name=\"twitter:card\" content=\"summary_large_image\" \/>\n<meta name=\"twitter:label1\" content=\"Scritto da\" \/>\n\t<meta name=\"twitter:data1\" content=\"Redazione Comunicati Stampa\" \/>\n\t<meta name=\"twitter:label2\" content=\"Tempo di lettura stimato\" \/>\n\t<meta name=\"twitter:data2\" content=\"2 minuti\" \/>\n<script type=\"application\/ld+json\" class=\"yoast-schema-graph\">{\"@context\":\"https:\/\/schema.org\",\"@graph\":[{\"@type\":\"Article\",\"@id\":\"https:\/\/www.article-marketing.eu\/comunicati\/comunicati-stampa\/eventi\/anticipazioni-nobili-salone-del-bagno\/#article\",\"isPartOf\":{\"@id\":\"https:\/\/www.article-marketing.eu\/comunicati\/comunicati-stampa\/eventi\/anticipazioni-nobili-salone-del-bagno\/\"},\"author\":{\"name\":\"Redazione Comunicati Stampa\",\"@id\":\"https:\/\/www.article-marketing.eu\/comunicati\/#\/schema\/person\/44372e4d4d0fa797b18e03ed1ace9017\"},\"headline\":\"Anticipazioni Nobili Salone del Bagno\",\"datePublished\":\"2016-04-05T07:38:19+00:00\",\"dateModified\":\"2018-10-25T23:00:38+00:00\",\"mainEntityOfPage\":{\"@id\":\"https:\/\/www.article-marketing.eu\/comunicati\/comunicati-stampa\/eventi\/anticipazioni-nobili-salone-del-bagno\/\"},\"wordCount\":382,\"commentCount\":0,\"keywords\":[\"#Acquaviva\",\"#AssociazioneIllustri\",\"#Dress\",\"#Likid300\",\"#Loop\",\"#Move\",\"#Nobili\",\"#salonedelbagno\",\"#sof\u00ec\",\"#teknobili\",\"#Tower\",\"arte\",\"design\",\"milano\",\"plus\",\"rubinetti\",\"Salonedelmobile\"],\"articleSection\":[\"Eventi\"],\"inLanguage\":\"it-IT\",\"potentialAction\":[{\"@type\":\"CommentAction\",\"name\":\"Comment\",\"target\":[\"https:\/\/www.article-marketing.eu\/comunicati\/comunicati-stampa\/eventi\/anticipazioni-nobili-salone-del-bagno\/#respond\"]}]},{\"@type\":\"WebPage\",\"@id\":\"https:\/\/www.article-marketing.eu\/comunicati\/comunicati-stampa\/eventi\/anticipazioni-nobili-salone-del-bagno\/\",\"url\":\"https:\/\/www.article-marketing.eu\/comunicati\/comunicati-stampa\/eventi\/anticipazioni-nobili-salone-del-bagno\/\",\"name\":\"Anticipazioni Nobili Salone del Bagno - Article Marketing\",\"isPartOf\":{\"@id\":\"https:\/\/www.article-marketing.eu\/comunicati\/#website\"},\"datePublished\":\"2016-04-05T07:38:19+00:00\",\"dateModified\":\"2018-10-25T23:00:38+00:00\",\"author\":{\"@id\":\"https:\/\/www.article-marketing.eu\/comunicati\/#\/schema\/person\/44372e4d4d0fa797b18e03ed1ace9017\"},\"breadcrumb\":{\"@id\":\"https:\/\/www.article-marketing.eu\/comunicati\/comunicati-stampa\/eventi\/anticipazioni-nobili-salone-del-bagno\/#breadcrumb\"},\"inLanguage\":\"it-IT\",\"potentialAction\":[{\"@type\":\"ReadAction\",\"target\":[\"https:\/\/www.article-marketing.eu\/comunicati\/comunicati-stampa\/eventi\/anticipazioni-nobili-salone-del-bagno\/\"]}]},{\"@type\":\"BreadcrumbList\",\"@id\":\"https:\/\/www.article-marketing.eu\/comunicati\/comunicati-stampa\/eventi\/anticipazioni-nobili-salone-del-bagno\/#breadcrumb\",\"itemListElement\":[{\"@type\":\"ListItem\",\"position\":1,\"name\":\"Home\",\"item\":\"https:\/\/www.article-marketing.eu\/comunicati\/\"},{\"@type\":\"ListItem\",\"position\":2,\"name\":\"Anticipazioni Nobili Salone del Bagno\"}]},{\"@type\":\"WebSite\",\"@id\":\"https:\/\/www.article-marketing.eu\/comunicati\/#website\",\"url\":\"https:\/\/www.article-marketing.eu\/comunicati\/\",\"name\":\"Article Marketing\",\"description\":\"article marketing &amp; press release\",\"potentialAction\":[{\"@type\":\"SearchAction\",\"target\":{\"@type\":\"EntryPoint\",\"urlTemplate\":\"https:\/\/www.article-marketing.eu\/comunicati\/?s={search_term_string}\"},\"query-input\":{\"@type\":\"PropertyValueSpecification\",\"valueRequired\":true,\"valueName\":\"search_term_string\"}}],\"inLanguage\":\"it-IT\"},{\"@type\":\"Person\",\"@id\":\"https:\/\/www.article-marketing.eu\/comunicati\/#\/schema\/person\/44372e4d4d0fa797b18e03ed1ace9017\",\"name\":\"Redazione Comunicati Stampa\",\"image\":{\"@type\":\"ImageObject\",\"inLanguage\":\"it-IT\",\"@id\":\"https:\/\/www.article-marketing.eu\/comunicati\/#\/schema\/person\/image\/\",\"url\":\"https:\/\/secure.gravatar.com\/avatar\/50e5c6421d3072f42e7ace803501602c60d75233d34e29fd05feb91c8760b792?s=96&d=mm&r=g\",\"contentUrl\":\"https:\/\/secure.gravatar.com\/avatar\/50e5c6421d3072f42e7ace803501602c60d75233d34e29fd05feb91c8760b792?s=96&d=mm&r=g\",\"caption\":\"Redazione Comunicati Stampa\"},\"url\":\"https:\/\/www.article-marketing.eu\/comunicati\/author\/redazione-comunicati-stampa\/\"}]}<\/script>\n<!-- \/ Yoast SEO plugin. -->","yoast_head_json":{"title":"Anticipazioni Nobili Salone del Bagno - Article Marketing","robots":{"index":"index","follow":"follow","max-snippet":"max-snippet:-1","max-image-preview":"max-image-preview:large","max-video-preview":"max-video-preview:-1"},"canonical":"https:\/\/www.article-marketing.eu\/comunicati\/comunicati-stampa\/eventi\/anticipazioni-nobili-salone-del-bagno\/","og_locale":"it_IT","og_type":"article","og_title":"Anticipazioni Nobili Salone del Bagno - Article Marketing","og_description":"Grandi preparativi in corso in casa Nobili: l'azienda leader del settore rubinetteria da bagno e da cucina sar\u00e0 presente quest'anno al Salone Internazionale del Bagno dal 12 al 17 aprile con uno stand ricco di novit\u00e0 che ogni giorno si animer\u00e0 di attivit\u00e0 uniche che accompagneranno il visitatore in un viaggio all\u2019insegna del design.","og_url":"https:\/\/www.article-marketing.eu\/comunicati\/comunicati-stampa\/eventi\/anticipazioni-nobili-salone-del-bagno\/","og_site_name":"Article Marketing","article_published_time":"2016-04-05T07:38:19+00:00","article_modified_time":"2018-10-25T23:00:38+00:00","author":"Redazione Comunicati Stampa","twitter_card":"summary_large_image","twitter_misc":{"Scritto da":"Redazione Comunicati Stampa","Tempo di lettura stimato":"2 minuti"},"schema":{"@context":"https:\/\/schema.org","@graph":[{"@type":"Article","@id":"https:\/\/www.article-marketing.eu\/comunicati\/comunicati-stampa\/eventi\/anticipazioni-nobili-salone-del-bagno\/#article","isPartOf":{"@id":"https:\/\/www.article-marketing.eu\/comunicati\/comunicati-stampa\/eventi\/anticipazioni-nobili-salone-del-bagno\/"},"author":{"name":"Redazione Comunicati Stampa","@id":"https:\/\/www.article-marketing.eu\/comunicati\/#\/schema\/person\/44372e4d4d0fa797b18e03ed1ace9017"},"headline":"Anticipazioni Nobili Salone del Bagno","datePublished":"2016-04-05T07:38:19+00:00","dateModified":"2018-10-25T23:00:38+00:00","mainEntityOfPage":{"@id":"https:\/\/www.article-marketing.eu\/comunicati\/comunicati-stampa\/eventi\/anticipazioni-nobili-salone-del-bagno\/"},"wordCount":382,"commentCount":0,"keywords":["#Acquaviva","#AssociazioneIllustri","#Dress","#Likid300","#Loop","#Move","#Nobili","#salonedelbagno","#sof\u00ec","#teknobili","#Tower","arte","design","milano","plus","rubinetti","Salonedelmobile"],"articleSection":["Eventi"],"inLanguage":"it-IT","potentialAction":[{"@type":"CommentAction","name":"Comment","target":["https:\/\/www.article-marketing.eu\/comunicati\/comunicati-stampa\/eventi\/anticipazioni-nobili-salone-del-bagno\/#respond"]}]},{"@type":"WebPage","@id":"https:\/\/www.article-marketing.eu\/comunicati\/comunicati-stampa\/eventi\/anticipazioni-nobili-salone-del-bagno\/","url":"https:\/\/www.article-marketing.eu\/comunicati\/comunicati-stampa\/eventi\/anticipazioni-nobili-salone-del-bagno\/","name":"Anticipazioni Nobili Salone del Bagno - Article Marketing","isPartOf":{"@id":"https:\/\/www.article-marketing.eu\/comunicati\/#website"},"datePublished":"2016-04-05T07:38:19+00:00","dateModified":"2018-10-25T23:00:38+00:00","author":{"@id":"https:\/\/www.article-marketing.eu\/comunicati\/#\/schema\/person\/44372e4d4d0fa797b18e03ed1ace9017"},"breadcrumb":{"@id":"https:\/\/www.article-marketing.eu\/comunicati\/comunicati-stampa\/eventi\/anticipazioni-nobili-salone-del-bagno\/#breadcrumb"},"inLanguage":"it-IT","potentialAction":[{"@type":"ReadAction","target":["https:\/\/www.article-marketing.eu\/comunicati\/comunicati-stampa\/eventi\/anticipazioni-nobili-salone-del-bagno\/"]}]},{"@type":"BreadcrumbList","@id":"https:\/\/www.article-marketing.eu\/comunicati\/comunicati-stampa\/eventi\/anticipazioni-nobili-salone-del-bagno\/#breadcrumb","itemListElement":[{"@type":"ListItem","position":1,"name":"Home","item":"https:\/\/www.article-marketing.eu\/comunicati\/"},{"@type":"ListItem","position":2,"name":"Anticipazioni Nobili Salone del Bagno"}]},{"@type":"WebSite","@id":"https:\/\/www.article-marketing.eu\/comunicati\/#website","url":"https:\/\/www.article-marketing.eu\/comunicati\/","name":"Article Marketing","description":"article marketing &amp; press release","potentialAction":[{"@type":"SearchAction","target":{"@type":"EntryPoint","urlTemplate":"https:\/\/www.article-marketing.eu\/comunicati\/?s={search_term_string}"},"query-input":{"@type":"PropertyValueSpecification","valueRequired":true,"valueName":"search_term_string"}}],"inLanguage":"it-IT"},{"@type":"Person","@id":"https:\/\/www.article-marketing.eu\/comunicati\/#\/schema\/person\/44372e4d4d0fa797b18e03ed1ace9017","name":"Redazione Comunicati Stampa","image":{"@type":"ImageObject","inLanguage":"it-IT","@id":"https:\/\/www.article-marketing.eu\/comunicati\/#\/schema\/person\/image\/","url":"https:\/\/secure.gravatar.com\/avatar\/50e5c6421d3072f42e7ace803501602c60d75233d34e29fd05feb91c8760b792?s=96&d=mm&r=g","contentUrl":"https:\/\/secure.gravatar.com\/avatar\/50e5c6421d3072f42e7ace803501602c60d75233d34e29fd05feb91c8760b792?s=96&d=mm&r=g","caption":"Redazione Comunicati Stampa"},"url":"https:\/\/www.article-marketing.eu\/comunicati\/author\/redazione-comunicati-stampa\/"}]}},"_links":{"self":[{"href":"https:\/\/www.article-marketing.eu\/comunicati\/wp-json\/wp\/v2\/posts\/52000","targetHints":{"allow":["GET"]}}],"collection":[{"href":"https:\/\/www.article-marketing.eu\/comunicati\/wp-json\/wp\/v2\/posts"}],"about":[{"href":"https:\/\/www.article-marketing.eu\/comunicati\/wp-json\/wp\/v2\/types\/post"}],"author":[{"embeddable":true,"href":"https:\/\/www.article-marketing.eu\/comunicati\/wp-json\/wp\/v2\/users\/10"}],"replies":[{"embeddable":true,"href":"https:\/\/www.article-marketing.eu\/comunicati\/wp-json\/wp\/v2\/comments?post=52000"}],"version-history":[{"count":3,"href":"https:\/\/www.article-marketing.eu\/comunicati\/wp-json\/wp\/v2\/posts\/52000\/revisions"}],"predecessor-version":[{"id":65221,"href":"https:\/\/www.article-marketing.eu\/comunicati\/wp-json\/wp\/v2\/posts\/52000\/revisions\/65221"}],"wp:attachment":[{"href":"https:\/\/www.article-marketing.eu\/comunicati\/wp-json\/wp\/v2\/media?parent=52000"}],"wp:term":[{"taxonomy":"category","embeddable":true,"href":"https:\/\/www.article-marketing.eu\/comunicati\/wp-json\/wp\/v2\/categories?post=52000"},{"taxonomy":"post_tag","embeddable":true,"href":"https:\/\/www.article-marketing.eu\/comunicati\/wp-json\/wp\/v2\/tags?post=52000"}],"curies":[{"name":"wp","href":"https:\/\/api.w.org\/{rel}","templated":true}]}}