{"id":5204,"date":"2010-05-24T10:00:52","date_gmt":"2010-05-24T08:00:52","guid":{"rendered":"http:\/\/www.article-marketing.eu\/comunicati\/senza-categoria\/il-programma-della-notte-rosa-2010-a-misano-adriatico\/"},"modified":"2010-05-24T10:00:52","modified_gmt":"2010-05-24T08:00:52","slug":"il-programma-della-notte-rosa-2010-a-misano-adriatico","status":"publish","type":"post","link":"https:\/\/www.article-marketing.eu\/comunicati\/comunicati-stampa\/eventi\/il-programma-della-notte-rosa-2010-a-misano-adriatico\/","title":{"rendered":"Il programma della Notte Rosa 2010 a Misano Adriatico"},"content":{"rendered":"<p>La <strong>Notte Rosa<\/strong> \u00e8 la grande festa dell&#8217;estate, il capodanno estivo in Riviera.<br \/>Una notte unica, indimenticabile, una notte per tutti.<\/p>\n<p>Tutta la costa si tinge di rosa, dal tramonto all&#8217;alba i <em>110 chilometri della Riviera Adriatica<\/em> dell&#8217;Emilia Romagna sono un&#8217;esplosione di luci, suoni, immagini, colori, 110 chilometri di concerti, performance teatrali, reading, installazioni, convegni, mostre, spettacoli, magiche scenografie.<\/p>\n<p>Ogni localit\u00e0 interpreta il tema in modo creativo ed unico per regalare al pubblico una notte di intense emozioni, una notte in cui la Riviera diventa un grande palcoscenico dove tutti sono protagonisti del rito collettivo pi\u00f9 originale dell&#8217;estate ma dove il protagonista principale \u00e8 il divertimento sano e &quot;la dolce vita&quot;.<\/p>\n<p>Perch\u00e9 rosa? Il rosa \u00e8 un colore che racconta la Riviera come luogo di incontro, dell&#8217;ospitalit\u00e0, della gentilezza, delle relazioni, dei sentimenti, un luogo dove ancora \u00e8 forte il senso di appartenenza ad una comunit\u00e0 capace di accogliere.<\/p>\n<p>La <strong>Notte Rosa<\/strong> \u00e8 un evento unico, irripetibile altrove: tutto il sistema dell&#8217;accoglienza e dell&#8217;ospitalit\u00e0 si mette in gioco per offrire una notte indimenticabile e un&#8217;immagine autentica della Riviera, viva, positiva e dinamica.<\/p>\n<p>Il grande evento della <a href=\"http:\/\/www.hotel-misano.it\/eventi\/notte-rosa-misano.php\" target=\"_blank\">Notte Rosa&nbsp; Misano Adriatico<\/a> 2010 sar\u00e0 il concerto di <strong>Samuele Bersani<\/strong> che in prima serata, si esibir\u00e0 sul palco allestito nella centrale piazza della Repubblica.<\/p>\n<p>La quinta edizione della Notte Rosa \u00e8 alle porte e inizier\u00e0 venerd\u00ec<strong> 2 luglio 2010<\/strong>.<br \/>Ma quest&#8217;anno, pi\u00f9 che una Notte sar\u00e0 un week end rosa!<\/p>\n<p>L&#8217;Unione di Costa, i rappresentanti dei Comuni e delle Province della Riviera hanno deciso, infatti, di spostare la Notte Rosa dal sabato notte al venerd\u00ec.<\/p>\n<p>Dalla sua prima edizione nel 2006, la Notte Rosa ha visto crescere esponenzialmente il suo successo con migliaia e migliaia di persone provenienti da tutta Italia e una risonanza mediatica senza precedenti che ha varcato i confini nazionali.<\/p>\n<p>Il cantante riminese ha deciso di includere nel suo tour <strong>Manifesto Abusivo<\/strong> una data nella localit\u00e0 romagnola in occasione del grande appuntamento della Notte Rosa.<br \/>In questo concerto il cantante proporr\u00e0 le canzoni dell&#8217;ultimo album dello stesso nome del tour.<\/p>\n<p>Nell&#8217;ambito dell&#8217;evento, lunga la Via Romagna, si svolger\u00e0 anche il &quot;<em>VI Festival dell&#8217;artigianato della citt\u00e0 di Misano Adriatico<\/em>&quot;, che vedr\u00e0 l&#8217;esposizione di utensili e manufatti, decorazioni e oggetti artistici realizzati con diverse tecniche creative.<\/p>\n<p>Tanto altro ancora \u00e8 in programma per il famoso Capodanno Estivo ma ancora non \u00e8 reso pubblico in via ufficiale,continuate a seguirci ed avrete aggiornamenti sempre pi\u00f9 dettagliati sulla Notte Rosa 2010, l&#8217;evento che coinvolge 110 km di costa in un clima di divertimento e follia con la bellissima ambientazione rosa.<\/p>\n","protected":false},"excerpt":{"rendered":"<p>Il grande evento della Notte Rosa  Misano Adriatico 2010 sar\u00e0 il concerto di Samuele Bersani che in prima serata, si esibir\u00e0 sul palco allestito nella centrale piazza della Repubblica.<br \/>\nLa quinta edizione della Notte Rosa \u00e8 alle porte e inizier\u00e0 venerd\u00ec 2 luglio 2010.<br \/>\nMa quest&#8217;anno, pi\u00f9 che una Notte sar\u00e0 un week end rosa!<\/p>\n","protected":false},"author":10,"featured_media":0,"comment_status":"open","ping_status":"open","sticky":false,"template":"","format":"standard","meta":{"cybocfi_hide_featured_image":"","footnotes":""},"categories":[388],"tags":[6430,14604,14687,14688,14690,14689],"class_list":["post-5204","post","type-post","status-publish","format-standard","hentry","category-eventi","tag-notte-rosa","tag-notte-rosa-2010","tag-notte-rosa-misano","tag-notte-rosa-misano-2010","tag-notte-rosa-misano-adriatico","tag-notte-rosa-misano-adriatico-2010"],"yoast_head":"<!-- This site is optimized with the Yoast SEO plugin v27.0 - https:\/\/yoast.com\/product\/yoast-seo-wordpress\/ -->\n<title>Il programma della Notte Rosa 2010 a Misano Adriatico - Article Marketing<\/title>\n<meta name=\"robots\" content=\"index, follow, max-snippet:-1, max-image-preview:large, max-video-preview:-1\" \/>\n<link rel=\"canonical\" href=\"https:\/\/www.article-marketing.eu\/comunicati\/comunicati-stampa\/eventi\/il-programma-della-notte-rosa-2010-a-misano-adriatico\/\" \/>\n<meta property=\"og:locale\" content=\"it_IT\" \/>\n<meta property=\"og:type\" content=\"article\" \/>\n<meta property=\"og:title\" content=\"Il programma della Notte Rosa 2010 a Misano Adriatico - Article Marketing\" \/>\n<meta property=\"og:description\" content=\"Il grande evento della Notte Rosa Misano Adriatico 2010 sar\u00e0 il concerto di Samuele Bersani che in prima serata, si esibir\u00e0 sul palco allestito nella centrale piazza della Repubblica. La quinta edizione della Notte Rosa \u00e8 alle porte e inizier\u00e0 venerd\u00ec 2 luglio 2010. Ma quest&#039;anno, pi\u00f9 che una Notte sar\u00e0 un week end rosa!\" \/>\n<meta property=\"og:url\" content=\"https:\/\/www.article-marketing.eu\/comunicati\/comunicati-stampa\/eventi\/il-programma-della-notte-rosa-2010-a-misano-adriatico\/\" \/>\n<meta property=\"og:site_name\" content=\"Article Marketing\" \/>\n<meta property=\"article:published_time\" content=\"2010-05-24T08:00:52+00:00\" \/>\n<meta name=\"author\" content=\"Redazione Comunicati Stampa\" \/>\n<meta name=\"twitter:card\" content=\"summary_large_image\" \/>\n<meta name=\"twitter:label1\" content=\"Scritto da\" \/>\n\t<meta name=\"twitter:data1\" content=\"Redazione Comunicati Stampa\" \/>\n\t<meta name=\"twitter:label2\" content=\"Tempo di lettura stimato\" \/>\n\t<meta name=\"twitter:data2\" content=\"2 minuti\" \/>\n<script type=\"application\/ld+json\" class=\"yoast-schema-graph\">{\"@context\":\"https:\/\/schema.org\",\"@graph\":[{\"@type\":\"Article\",\"@id\":\"https:\/\/www.article-marketing.eu\/comunicati\/comunicati-stampa\/eventi\/il-programma-della-notte-rosa-2010-a-misano-adriatico\/#article\",\"isPartOf\":{\"@id\":\"https:\/\/www.article-marketing.eu\/comunicati\/comunicati-stampa\/eventi\/il-programma-della-notte-rosa-2010-a-misano-adriatico\/\"},\"author\":{\"name\":\"Redazione Comunicati Stampa\",\"@id\":\"https:\/\/www.article-marketing.eu\/comunicati\/#\/schema\/person\/44372e4d4d0fa797b18e03ed1ace9017\"},\"headline\":\"Il programma della Notte Rosa 2010 a Misano Adriatico\",\"datePublished\":\"2010-05-24T08:00:52+00:00\",\"mainEntityOfPage\":{\"@id\":\"https:\/\/www.article-marketing.eu\/comunicati\/comunicati-stampa\/eventi\/il-programma-della-notte-rosa-2010-a-misano-adriatico\/\"},\"wordCount\":423,\"commentCount\":0,\"keywords\":[\"notte rosa\",\"Notte Rosa 2010\",\"Notte Rosa Misano\",\"Notte Rosa Misano 2010\",\"Notte Rosa Misano Adriatico\",\"Notte Rosa Misano Adriatico 2010\"],\"articleSection\":[\"Eventi\"],\"inLanguage\":\"it-IT\",\"potentialAction\":[{\"@type\":\"CommentAction\",\"name\":\"Comment\",\"target\":[\"https:\/\/www.article-marketing.eu\/comunicati\/comunicati-stampa\/eventi\/il-programma-della-notte-rosa-2010-a-misano-adriatico\/#respond\"]}]},{\"@type\":\"WebPage\",\"@id\":\"https:\/\/www.article-marketing.eu\/comunicati\/comunicati-stampa\/eventi\/il-programma-della-notte-rosa-2010-a-misano-adriatico\/\",\"url\":\"https:\/\/www.article-marketing.eu\/comunicati\/comunicati-stampa\/eventi\/il-programma-della-notte-rosa-2010-a-misano-adriatico\/\",\"name\":\"Il programma della Notte Rosa 2010 a Misano Adriatico - Article Marketing\",\"isPartOf\":{\"@id\":\"https:\/\/www.article-marketing.eu\/comunicati\/#website\"},\"datePublished\":\"2010-05-24T08:00:52+00:00\",\"author\":{\"@id\":\"https:\/\/www.article-marketing.eu\/comunicati\/#\/schema\/person\/44372e4d4d0fa797b18e03ed1ace9017\"},\"breadcrumb\":{\"@id\":\"https:\/\/www.article-marketing.eu\/comunicati\/comunicati-stampa\/eventi\/il-programma-della-notte-rosa-2010-a-misano-adriatico\/#breadcrumb\"},\"inLanguage\":\"it-IT\",\"potentialAction\":[{\"@type\":\"ReadAction\",\"target\":[\"https:\/\/www.article-marketing.eu\/comunicati\/comunicati-stampa\/eventi\/il-programma-della-notte-rosa-2010-a-misano-adriatico\/\"]}]},{\"@type\":\"BreadcrumbList\",\"@id\":\"https:\/\/www.article-marketing.eu\/comunicati\/comunicati-stampa\/eventi\/il-programma-della-notte-rosa-2010-a-misano-adriatico\/#breadcrumb\",\"itemListElement\":[{\"@type\":\"ListItem\",\"position\":1,\"name\":\"Home\",\"item\":\"https:\/\/www.article-marketing.eu\/comunicati\/\"},{\"@type\":\"ListItem\",\"position\":2,\"name\":\"Il programma della Notte Rosa 2010 a Misano Adriatico\"}]},{\"@type\":\"WebSite\",\"@id\":\"https:\/\/www.article-marketing.eu\/comunicati\/#website\",\"url\":\"https:\/\/www.article-marketing.eu\/comunicati\/\",\"name\":\"Article Marketing\",\"description\":\"article marketing &amp; press release\",\"potentialAction\":[{\"@type\":\"SearchAction\",\"target\":{\"@type\":\"EntryPoint\",\"urlTemplate\":\"https:\/\/www.article-marketing.eu\/comunicati\/?s={search_term_string}\"},\"query-input\":{\"@type\":\"PropertyValueSpecification\",\"valueRequired\":true,\"valueName\":\"search_term_string\"}}],\"inLanguage\":\"it-IT\"},{\"@type\":\"Person\",\"@id\":\"https:\/\/www.article-marketing.eu\/comunicati\/#\/schema\/person\/44372e4d4d0fa797b18e03ed1ace9017\",\"name\":\"Redazione Comunicati Stampa\",\"image\":{\"@type\":\"ImageObject\",\"inLanguage\":\"it-IT\",\"@id\":\"https:\/\/www.article-marketing.eu\/comunicati\/#\/schema\/person\/image\/\",\"url\":\"https:\/\/secure.gravatar.com\/avatar\/50e5c6421d3072f42e7ace803501602c60d75233d34e29fd05feb91c8760b792?s=96&d=mm&r=g\",\"contentUrl\":\"https:\/\/secure.gravatar.com\/avatar\/50e5c6421d3072f42e7ace803501602c60d75233d34e29fd05feb91c8760b792?s=96&d=mm&r=g\",\"caption\":\"Redazione Comunicati Stampa\"},\"url\":\"https:\/\/www.article-marketing.eu\/comunicati\/author\/redazione-comunicati-stampa\/\"}]}<\/script>\n<!-- \/ Yoast SEO plugin. -->","yoast_head_json":{"title":"Il programma della Notte Rosa 2010 a Misano Adriatico - Article Marketing","robots":{"index":"index","follow":"follow","max-snippet":"max-snippet:-1","max-image-preview":"max-image-preview:large","max-video-preview":"max-video-preview:-1"},"canonical":"https:\/\/www.article-marketing.eu\/comunicati\/comunicati-stampa\/eventi\/il-programma-della-notte-rosa-2010-a-misano-adriatico\/","og_locale":"it_IT","og_type":"article","og_title":"Il programma della Notte Rosa 2010 a Misano Adriatico - Article Marketing","og_description":"Il grande evento della Notte Rosa Misano Adriatico 2010 sar\u00e0 il concerto di Samuele Bersani che in prima serata, si esibir\u00e0 sul palco allestito nella centrale piazza della Repubblica. La quinta edizione della Notte Rosa \u00e8 alle porte e inizier\u00e0 venerd\u00ec 2 luglio 2010. Ma quest'anno, pi\u00f9 che una Notte sar\u00e0 un week end rosa!","og_url":"https:\/\/www.article-marketing.eu\/comunicati\/comunicati-stampa\/eventi\/il-programma-della-notte-rosa-2010-a-misano-adriatico\/","og_site_name":"Article Marketing","article_published_time":"2010-05-24T08:00:52+00:00","author":"Redazione Comunicati Stampa","twitter_card":"summary_large_image","twitter_misc":{"Scritto da":"Redazione Comunicati Stampa","Tempo di lettura stimato":"2 minuti"},"schema":{"@context":"https:\/\/schema.org","@graph":[{"@type":"Article","@id":"https:\/\/www.article-marketing.eu\/comunicati\/comunicati-stampa\/eventi\/il-programma-della-notte-rosa-2010-a-misano-adriatico\/#article","isPartOf":{"@id":"https:\/\/www.article-marketing.eu\/comunicati\/comunicati-stampa\/eventi\/il-programma-della-notte-rosa-2010-a-misano-adriatico\/"},"author":{"name":"Redazione Comunicati Stampa","@id":"https:\/\/www.article-marketing.eu\/comunicati\/#\/schema\/person\/44372e4d4d0fa797b18e03ed1ace9017"},"headline":"Il programma della Notte Rosa 2010 a Misano Adriatico","datePublished":"2010-05-24T08:00:52+00:00","mainEntityOfPage":{"@id":"https:\/\/www.article-marketing.eu\/comunicati\/comunicati-stampa\/eventi\/il-programma-della-notte-rosa-2010-a-misano-adriatico\/"},"wordCount":423,"commentCount":0,"keywords":["notte rosa","Notte Rosa 2010","Notte Rosa Misano","Notte Rosa Misano 2010","Notte Rosa Misano Adriatico","Notte Rosa Misano Adriatico 2010"],"articleSection":["Eventi"],"inLanguage":"it-IT","potentialAction":[{"@type":"CommentAction","name":"Comment","target":["https:\/\/www.article-marketing.eu\/comunicati\/comunicati-stampa\/eventi\/il-programma-della-notte-rosa-2010-a-misano-adriatico\/#respond"]}]},{"@type":"WebPage","@id":"https:\/\/www.article-marketing.eu\/comunicati\/comunicati-stampa\/eventi\/il-programma-della-notte-rosa-2010-a-misano-adriatico\/","url":"https:\/\/www.article-marketing.eu\/comunicati\/comunicati-stampa\/eventi\/il-programma-della-notte-rosa-2010-a-misano-adriatico\/","name":"Il programma della Notte Rosa 2010 a Misano Adriatico - Article Marketing","isPartOf":{"@id":"https:\/\/www.article-marketing.eu\/comunicati\/#website"},"datePublished":"2010-05-24T08:00:52+00:00","author":{"@id":"https:\/\/www.article-marketing.eu\/comunicati\/#\/schema\/person\/44372e4d4d0fa797b18e03ed1ace9017"},"breadcrumb":{"@id":"https:\/\/www.article-marketing.eu\/comunicati\/comunicati-stampa\/eventi\/il-programma-della-notte-rosa-2010-a-misano-adriatico\/#breadcrumb"},"inLanguage":"it-IT","potentialAction":[{"@type":"ReadAction","target":["https:\/\/www.article-marketing.eu\/comunicati\/comunicati-stampa\/eventi\/il-programma-della-notte-rosa-2010-a-misano-adriatico\/"]}]},{"@type":"BreadcrumbList","@id":"https:\/\/www.article-marketing.eu\/comunicati\/comunicati-stampa\/eventi\/il-programma-della-notte-rosa-2010-a-misano-adriatico\/#breadcrumb","itemListElement":[{"@type":"ListItem","position":1,"name":"Home","item":"https:\/\/www.article-marketing.eu\/comunicati\/"},{"@type":"ListItem","position":2,"name":"Il programma della Notte Rosa 2010 a Misano Adriatico"}]},{"@type":"WebSite","@id":"https:\/\/www.article-marketing.eu\/comunicati\/#website","url":"https:\/\/www.article-marketing.eu\/comunicati\/","name":"Article Marketing","description":"article marketing &amp; press release","potentialAction":[{"@type":"SearchAction","target":{"@type":"EntryPoint","urlTemplate":"https:\/\/www.article-marketing.eu\/comunicati\/?s={search_term_string}"},"query-input":{"@type":"PropertyValueSpecification","valueRequired":true,"valueName":"search_term_string"}}],"inLanguage":"it-IT"},{"@type":"Person","@id":"https:\/\/www.article-marketing.eu\/comunicati\/#\/schema\/person\/44372e4d4d0fa797b18e03ed1ace9017","name":"Redazione Comunicati Stampa","image":{"@type":"ImageObject","inLanguage":"it-IT","@id":"https:\/\/www.article-marketing.eu\/comunicati\/#\/schema\/person\/image\/","url":"https:\/\/secure.gravatar.com\/avatar\/50e5c6421d3072f42e7ace803501602c60d75233d34e29fd05feb91c8760b792?s=96&d=mm&r=g","contentUrl":"https:\/\/secure.gravatar.com\/avatar\/50e5c6421d3072f42e7ace803501602c60d75233d34e29fd05feb91c8760b792?s=96&d=mm&r=g","caption":"Redazione Comunicati Stampa"},"url":"https:\/\/www.article-marketing.eu\/comunicati\/author\/redazione-comunicati-stampa\/"}]}},"_links":{"self":[{"href":"https:\/\/www.article-marketing.eu\/comunicati\/wp-json\/wp\/v2\/posts\/5204","targetHints":{"allow":["GET"]}}],"collection":[{"href":"https:\/\/www.article-marketing.eu\/comunicati\/wp-json\/wp\/v2\/posts"}],"about":[{"href":"https:\/\/www.article-marketing.eu\/comunicati\/wp-json\/wp\/v2\/types\/post"}],"author":[{"embeddable":true,"href":"https:\/\/www.article-marketing.eu\/comunicati\/wp-json\/wp\/v2\/users\/10"}],"replies":[{"embeddable":true,"href":"https:\/\/www.article-marketing.eu\/comunicati\/wp-json\/wp\/v2\/comments?post=5204"}],"version-history":[{"count":0,"href":"https:\/\/www.article-marketing.eu\/comunicati\/wp-json\/wp\/v2\/posts\/5204\/revisions"}],"wp:attachment":[{"href":"https:\/\/www.article-marketing.eu\/comunicati\/wp-json\/wp\/v2\/media?parent=5204"}],"wp:term":[{"taxonomy":"category","embeddable":true,"href":"https:\/\/www.article-marketing.eu\/comunicati\/wp-json\/wp\/v2\/categories?post=5204"},{"taxonomy":"post_tag","embeddable":true,"href":"https:\/\/www.article-marketing.eu\/comunicati\/wp-json\/wp\/v2\/tags?post=5204"}],"curies":[{"name":"wp","href":"https:\/\/api.w.org\/{rel}","templated":true}]}}