{"id":5212,"date":"2010-05-24T14:14:31","date_gmt":"2010-05-24T12:14:31","guid":{"rendered":"http:\/\/www.article-marketing.eu\/comunicati\/senza-categoria\/libri-ragazzi-tra-promozione-e-rimozione\/"},"modified":"2018-07-10T04:59:53","modified_gmt":"2018-07-10T02:59:53","slug":"libri-ragazzi-tra-promozione-e-rimozione","status":"publish","type":"post","link":"https:\/\/www.article-marketing.eu\/comunicati\/arte-e-cultura\/libri\/libri-ragazzi-tra-promozione-e-rimozione\/","title":{"rendered":"Libri ragazzi tra promozione e rimozione"},"content":{"rendered":"<p>I ragazzi&nbsp; leggono molto poco e male.<\/p>\n<p>Giornali e libri per ragazzi non abbondano nelle case italiane, sempre pi\u00f9 affollate di TV al plasma anche nelle camere dei piccoli: tutto il tempo davanti alla televisione e poca lettura. Oltre il 40% degli italiani non legge i quotidiani o li legge meno di una volta a settimana: se leggono poco i genitori leggono poco anche i figli, infatti di Libri ragazzi non se ne vede nemmeno l&#8217;ombra. Impressiona il fatto che oltre la met\u00e0 degli adolescenti maschi non legga alcun libro o comunque meno di uno l&#8217;anno.<\/p>\n<p>Leggere \u00e8 un privilegio esclusivo degli esseri umani: nessun&#8217; altra creatura vivente possiede le stesse capacit\u00e0.<br \/>Attraverso la lettura possiamo contattare con centinaia di migliaia di altre vite oltre che con la nostra e possiamo comunicare con saggi e filosofi che sono vissuti anche migliaia di anni fa.<br \/>Leggere \u00e8 come fare una bela escursione. Si pu\u00f2 viaggiare in tutte le direzione e conoscere nuovi luoghi e nuove persone. I libri per ragazzi spesso ci trasportano in altri paesi dove possiamo incontrare personaggi che possono diventare i nostri maestri di vita, che possono aiutarci a trovare le risposte ai nostri quesiti.<br \/>I libri possono dare l\u2019opportunit\u00e0 di partecipare a una spedizione con Alessandro Magno o di diventare amici di persone come Socrate o Platone e intrattenere una conversazione con loro.<\/p>\n<p>Secondo il matematico e filosofo francese Blaise Pascal (1623 \u2013 62) le persone sono \u201ccanne pensanti\u201d. E leggere \u00e8 primordiale per pensare. E\u2019 importante trovare il tempo per leggere e riflettere seriamente sulle cose.<\/p>\n<p>La forza della lettura, in effetti, risiede nel fatto che permette di sviluppare la propria immaginazione e la capacit\u00e0 di pensare. Leggere permette di creare un qualcosa nella propria mente, nella propria vita. D\u00e0 sostanza alla crescita della persona evitando cos\u00ec di rimanere ottusi.<\/p>\n<p>Cerchiamo di pensare a che&nbsp; cosa unisce e rende uguali e cosa distingue e rende diversi i ragazzi e le ragazze d&#8217;Europa e del Mondo? Li unisce la voglia di imparare, la curiosit\u00e0 che li spinge a interrogare il Mondo e a porre mille domande. Li unisce, inoltre, il diritto ad una nascita non violenta, alla salute, ad essere riconosciuti soggetti autonomi, il bisogno e diritto all&#8217;istruzione, alla conoscenza e alla creativit\u00e0. <\/p>\n<p>Cosa, invece, differenzia i ragazzi e le ragazze del Mondo? Li differenzia l\u2019accento e i suoni della lingua, la propria cultura, l\u2019irripetibilit\u00e0 del proprio modo di essere, pensare, esprimersi e comunicare. Differenze queste che sono valori e risorse, diritti da rivendicare, rispettare e far rispettare. Troppo spesso, tuttavia, tali differenze si traducono in trappole che fanno scattare processi di esclusione e discriminazione. <br \/>Come passare da una societ\u00e0 multiculturale, caratterizzata dalla presenza di una crescente pluralit\u00e0 di etnie, lingue e culture tra loro separate e talvolta ostili, ad una societ\u00e0 interculturale, di produttiva interazione e integrazione in cui le varie culture siano in grado di dare e prendere elementi della propria specificit\u00e0? Se l\u2019interculturalit\u00e0 consiste nella disponibilit\u00e0 ad uscire dai confini della propria cultura per entrare nei territori di altre culture e apprendere a vedere, conoscere ed interpretare la realt\u00e0 secondo schemi e sistemi simbolici differenziati e molteplici, un progetto di educazione interculturale comporta lo sviluppo di pensiero aperto e flessibile.<br \/>La scuola \u00e8 uno dei luoghi nevralgici per la costruzione di tali obiettivi, e deve poter essere uno spazio di arricchimento di ogni allievo, ma anche di orientamento.<\/p>\n<p>Le barriere etniche, linguistiche, culturali, mentali e relazionali si abbattono con la conoscenza e quindi anche con la lettura di libri che aiutano i giovani ad andare verso gli altri e quindi a&nbsp; comprendere le differenze, con la padronanza di strumenti di pensiero in grado di interpretare i caratteri di connessione e di integrazione che unificano e collegano le varie culture. Per costruire pensiero e personalit\u00e0 interculturali occorre poter offrire ai ragazzi una molteplicit\u00e0 di alfabeti e di saperi, attraverso cui apprendere a vivere la pluralit\u00e0 come costitutiva dei sistemi viventi e di quelli simbolico-culturali. Solo attraverso alfabeti e saperi molteplici e articolati \u00e8, infatti, possibile difendere l&#8217;identit\u00e0 e la propria autonomia intellettuale, contrastare la dipendenza e l&#8217;omologazione.<\/p>\n<p>Un libro \u00e9 il regalo pi\u00f9 bello che puoi dare a un ragazzo!<\/p>\n","protected":false},"excerpt":{"rendered":"<p>I ragazzi  leggono molto poco e male.<\/p>\n<p>Giornali e libri per ragazzi non abbondano nelle case italiane, sempre pi\u00f9 affollate di TV al plasma anche nelle camere dei piccoli:<\/p>\n","protected":false},"author":10,"featured_media":0,"comment_status":"open","ping_status":"open","sticky":false,"template":"","format":"standard","meta":{"cybocfi_hide_featured_image":"","footnotes":""},"categories":[88],"tags":[10360,14700],"class_list":["post-5212","post","type-post","status-publish","format-standard","hentry","category-libri","tag-libri-per-ragazzi","tag-libri-ragazzi"],"yoast_head":"<!-- This site is optimized with the Yoast SEO plugin v27.0 - https:\/\/yoast.com\/product\/yoast-seo-wordpress\/ -->\n<title>Libri ragazzi tra promozione e rimozione - Article Marketing<\/title>\n<meta name=\"robots\" content=\"index, follow, max-snippet:-1, max-image-preview:large, max-video-preview:-1\" \/>\n<link rel=\"canonical\" href=\"https:\/\/www.article-marketing.eu\/comunicati\/arte-e-cultura\/libri\/libri-ragazzi-tra-promozione-e-rimozione\/\" \/>\n<meta property=\"og:locale\" content=\"it_IT\" \/>\n<meta property=\"og:type\" content=\"article\" \/>\n<meta property=\"og:title\" content=\"Libri ragazzi tra promozione e rimozione - Article Marketing\" \/>\n<meta property=\"og:description\" content=\"I ragazzi leggono molto poco e male. Giornali e libri per ragazzi non abbondano nelle case italiane, sempre pi\u00f9 affollate di TV al plasma anche nelle camere dei piccoli:\" \/>\n<meta property=\"og:url\" content=\"https:\/\/www.article-marketing.eu\/comunicati\/arte-e-cultura\/libri\/libri-ragazzi-tra-promozione-e-rimozione\/\" \/>\n<meta property=\"og:site_name\" content=\"Article Marketing\" \/>\n<meta property=\"article:published_time\" content=\"2010-05-24T12:14:31+00:00\" \/>\n<meta property=\"article:modified_time\" content=\"2018-07-10T02:59:53+00:00\" \/>\n<meta name=\"author\" content=\"Redazione Comunicati Stampa\" \/>\n<meta name=\"twitter:card\" content=\"summary_large_image\" \/>\n<meta name=\"twitter:label1\" content=\"Scritto da\" \/>\n\t<meta name=\"twitter:data1\" content=\"Redazione Comunicati Stampa\" \/>\n\t<meta name=\"twitter:label2\" content=\"Tempo di lettura stimato\" \/>\n\t<meta name=\"twitter:data2\" content=\"3 minuti\" \/>\n<script type=\"application\/ld+json\" class=\"yoast-schema-graph\">{\"@context\":\"https:\/\/schema.org\",\"@graph\":[{\"@type\":\"Article\",\"@id\":\"https:\/\/www.article-marketing.eu\/comunicati\/arte-e-cultura\/libri\/libri-ragazzi-tra-promozione-e-rimozione\/#article\",\"isPartOf\":{\"@id\":\"https:\/\/www.article-marketing.eu\/comunicati\/arte-e-cultura\/libri\/libri-ragazzi-tra-promozione-e-rimozione\/\"},\"author\":{\"name\":\"Redazione Comunicati Stampa\",\"@id\":\"https:\/\/www.article-marketing.eu\/comunicati\/#\/schema\/person\/44372e4d4d0fa797b18e03ed1ace9017\"},\"headline\":\"Libri ragazzi tra promozione e rimozione\",\"datePublished\":\"2010-05-24T12:14:31+00:00\",\"dateModified\":\"2018-07-10T02:59:53+00:00\",\"mainEntityOfPage\":{\"@id\":\"https:\/\/www.article-marketing.eu\/comunicati\/arte-e-cultura\/libri\/libri-ragazzi-tra-promozione-e-rimozione\/\"},\"wordCount\":698,\"commentCount\":0,\"keywords\":[\"libri per ragazzi\",\"libri ragazzi\"],\"articleSection\":[\"Libri\"],\"inLanguage\":\"it-IT\",\"potentialAction\":[{\"@type\":\"CommentAction\",\"name\":\"Comment\",\"target\":[\"https:\/\/www.article-marketing.eu\/comunicati\/arte-e-cultura\/libri\/libri-ragazzi-tra-promozione-e-rimozione\/#respond\"]}]},{\"@type\":\"WebPage\",\"@id\":\"https:\/\/www.article-marketing.eu\/comunicati\/arte-e-cultura\/libri\/libri-ragazzi-tra-promozione-e-rimozione\/\",\"url\":\"https:\/\/www.article-marketing.eu\/comunicati\/arte-e-cultura\/libri\/libri-ragazzi-tra-promozione-e-rimozione\/\",\"name\":\"Libri ragazzi tra promozione e rimozione - Article Marketing\",\"isPartOf\":{\"@id\":\"https:\/\/www.article-marketing.eu\/comunicati\/#website\"},\"datePublished\":\"2010-05-24T12:14:31+00:00\",\"dateModified\":\"2018-07-10T02:59:53+00:00\",\"author\":{\"@id\":\"https:\/\/www.article-marketing.eu\/comunicati\/#\/schema\/person\/44372e4d4d0fa797b18e03ed1ace9017\"},\"breadcrumb\":{\"@id\":\"https:\/\/www.article-marketing.eu\/comunicati\/arte-e-cultura\/libri\/libri-ragazzi-tra-promozione-e-rimozione\/#breadcrumb\"},\"inLanguage\":\"it-IT\",\"potentialAction\":[{\"@type\":\"ReadAction\",\"target\":[\"https:\/\/www.article-marketing.eu\/comunicati\/arte-e-cultura\/libri\/libri-ragazzi-tra-promozione-e-rimozione\/\"]}]},{\"@type\":\"BreadcrumbList\",\"@id\":\"https:\/\/www.article-marketing.eu\/comunicati\/arte-e-cultura\/libri\/libri-ragazzi-tra-promozione-e-rimozione\/#breadcrumb\",\"itemListElement\":[{\"@type\":\"ListItem\",\"position\":1,\"name\":\"Home\",\"item\":\"https:\/\/www.article-marketing.eu\/comunicati\/\"},{\"@type\":\"ListItem\",\"position\":2,\"name\":\"Libri ragazzi tra promozione e rimozione\"}]},{\"@type\":\"WebSite\",\"@id\":\"https:\/\/www.article-marketing.eu\/comunicati\/#website\",\"url\":\"https:\/\/www.article-marketing.eu\/comunicati\/\",\"name\":\"Article Marketing\",\"description\":\"article marketing &amp; press release\",\"potentialAction\":[{\"@type\":\"SearchAction\",\"target\":{\"@type\":\"EntryPoint\",\"urlTemplate\":\"https:\/\/www.article-marketing.eu\/comunicati\/?s={search_term_string}\"},\"query-input\":{\"@type\":\"PropertyValueSpecification\",\"valueRequired\":true,\"valueName\":\"search_term_string\"}}],\"inLanguage\":\"it-IT\"},{\"@type\":\"Person\",\"@id\":\"https:\/\/www.article-marketing.eu\/comunicati\/#\/schema\/person\/44372e4d4d0fa797b18e03ed1ace9017\",\"name\":\"Redazione Comunicati Stampa\",\"image\":{\"@type\":\"ImageObject\",\"inLanguage\":\"it-IT\",\"@id\":\"https:\/\/www.article-marketing.eu\/comunicati\/#\/schema\/person\/image\/\",\"url\":\"https:\/\/secure.gravatar.com\/avatar\/50e5c6421d3072f42e7ace803501602c60d75233d34e29fd05feb91c8760b792?s=96&d=mm&r=g\",\"contentUrl\":\"https:\/\/secure.gravatar.com\/avatar\/50e5c6421d3072f42e7ace803501602c60d75233d34e29fd05feb91c8760b792?s=96&d=mm&r=g\",\"caption\":\"Redazione Comunicati Stampa\"},\"url\":\"https:\/\/www.article-marketing.eu\/comunicati\/author\/redazione-comunicati-stampa\/\"}]}<\/script>\n<!-- \/ Yoast SEO plugin. -->","yoast_head_json":{"title":"Libri ragazzi tra promozione e rimozione - Article Marketing","robots":{"index":"index","follow":"follow","max-snippet":"max-snippet:-1","max-image-preview":"max-image-preview:large","max-video-preview":"max-video-preview:-1"},"canonical":"https:\/\/www.article-marketing.eu\/comunicati\/arte-e-cultura\/libri\/libri-ragazzi-tra-promozione-e-rimozione\/","og_locale":"it_IT","og_type":"article","og_title":"Libri ragazzi tra promozione e rimozione - Article Marketing","og_description":"I ragazzi leggono molto poco e male. Giornali e libri per ragazzi non abbondano nelle case italiane, sempre pi\u00f9 affollate di TV al plasma anche nelle camere dei piccoli:","og_url":"https:\/\/www.article-marketing.eu\/comunicati\/arte-e-cultura\/libri\/libri-ragazzi-tra-promozione-e-rimozione\/","og_site_name":"Article Marketing","article_published_time":"2010-05-24T12:14:31+00:00","article_modified_time":"2018-07-10T02:59:53+00:00","author":"Redazione Comunicati Stampa","twitter_card":"summary_large_image","twitter_misc":{"Scritto da":"Redazione Comunicati Stampa","Tempo di lettura stimato":"3 minuti"},"schema":{"@context":"https:\/\/schema.org","@graph":[{"@type":"Article","@id":"https:\/\/www.article-marketing.eu\/comunicati\/arte-e-cultura\/libri\/libri-ragazzi-tra-promozione-e-rimozione\/#article","isPartOf":{"@id":"https:\/\/www.article-marketing.eu\/comunicati\/arte-e-cultura\/libri\/libri-ragazzi-tra-promozione-e-rimozione\/"},"author":{"name":"Redazione Comunicati Stampa","@id":"https:\/\/www.article-marketing.eu\/comunicati\/#\/schema\/person\/44372e4d4d0fa797b18e03ed1ace9017"},"headline":"Libri ragazzi tra promozione e rimozione","datePublished":"2010-05-24T12:14:31+00:00","dateModified":"2018-07-10T02:59:53+00:00","mainEntityOfPage":{"@id":"https:\/\/www.article-marketing.eu\/comunicati\/arte-e-cultura\/libri\/libri-ragazzi-tra-promozione-e-rimozione\/"},"wordCount":698,"commentCount":0,"keywords":["libri per ragazzi","libri ragazzi"],"articleSection":["Libri"],"inLanguage":"it-IT","potentialAction":[{"@type":"CommentAction","name":"Comment","target":["https:\/\/www.article-marketing.eu\/comunicati\/arte-e-cultura\/libri\/libri-ragazzi-tra-promozione-e-rimozione\/#respond"]}]},{"@type":"WebPage","@id":"https:\/\/www.article-marketing.eu\/comunicati\/arte-e-cultura\/libri\/libri-ragazzi-tra-promozione-e-rimozione\/","url":"https:\/\/www.article-marketing.eu\/comunicati\/arte-e-cultura\/libri\/libri-ragazzi-tra-promozione-e-rimozione\/","name":"Libri ragazzi tra promozione e rimozione - Article Marketing","isPartOf":{"@id":"https:\/\/www.article-marketing.eu\/comunicati\/#website"},"datePublished":"2010-05-24T12:14:31+00:00","dateModified":"2018-07-10T02:59:53+00:00","author":{"@id":"https:\/\/www.article-marketing.eu\/comunicati\/#\/schema\/person\/44372e4d4d0fa797b18e03ed1ace9017"},"breadcrumb":{"@id":"https:\/\/www.article-marketing.eu\/comunicati\/arte-e-cultura\/libri\/libri-ragazzi-tra-promozione-e-rimozione\/#breadcrumb"},"inLanguage":"it-IT","potentialAction":[{"@type":"ReadAction","target":["https:\/\/www.article-marketing.eu\/comunicati\/arte-e-cultura\/libri\/libri-ragazzi-tra-promozione-e-rimozione\/"]}]},{"@type":"BreadcrumbList","@id":"https:\/\/www.article-marketing.eu\/comunicati\/arte-e-cultura\/libri\/libri-ragazzi-tra-promozione-e-rimozione\/#breadcrumb","itemListElement":[{"@type":"ListItem","position":1,"name":"Home","item":"https:\/\/www.article-marketing.eu\/comunicati\/"},{"@type":"ListItem","position":2,"name":"Libri ragazzi tra promozione e rimozione"}]},{"@type":"WebSite","@id":"https:\/\/www.article-marketing.eu\/comunicati\/#website","url":"https:\/\/www.article-marketing.eu\/comunicati\/","name":"Article Marketing","description":"article marketing &amp; press release","potentialAction":[{"@type":"SearchAction","target":{"@type":"EntryPoint","urlTemplate":"https:\/\/www.article-marketing.eu\/comunicati\/?s={search_term_string}"},"query-input":{"@type":"PropertyValueSpecification","valueRequired":true,"valueName":"search_term_string"}}],"inLanguage":"it-IT"},{"@type":"Person","@id":"https:\/\/www.article-marketing.eu\/comunicati\/#\/schema\/person\/44372e4d4d0fa797b18e03ed1ace9017","name":"Redazione Comunicati Stampa","image":{"@type":"ImageObject","inLanguage":"it-IT","@id":"https:\/\/www.article-marketing.eu\/comunicati\/#\/schema\/person\/image\/","url":"https:\/\/secure.gravatar.com\/avatar\/50e5c6421d3072f42e7ace803501602c60d75233d34e29fd05feb91c8760b792?s=96&d=mm&r=g","contentUrl":"https:\/\/secure.gravatar.com\/avatar\/50e5c6421d3072f42e7ace803501602c60d75233d34e29fd05feb91c8760b792?s=96&d=mm&r=g","caption":"Redazione Comunicati Stampa"},"url":"https:\/\/www.article-marketing.eu\/comunicati\/author\/redazione-comunicati-stampa\/"}]}},"_links":{"self":[{"href":"https:\/\/www.article-marketing.eu\/comunicati\/wp-json\/wp\/v2\/posts\/5212","targetHints":{"allow":["GET"]}}],"collection":[{"href":"https:\/\/www.article-marketing.eu\/comunicati\/wp-json\/wp\/v2\/posts"}],"about":[{"href":"https:\/\/www.article-marketing.eu\/comunicati\/wp-json\/wp\/v2\/types\/post"}],"author":[{"embeddable":true,"href":"https:\/\/www.article-marketing.eu\/comunicati\/wp-json\/wp\/v2\/users\/10"}],"replies":[{"embeddable":true,"href":"https:\/\/www.article-marketing.eu\/comunicati\/wp-json\/wp\/v2\/comments?post=5212"}],"version-history":[{"count":2,"href":"https:\/\/www.article-marketing.eu\/comunicati\/wp-json\/wp\/v2\/posts\/5212\/revisions"}],"predecessor-version":[{"id":60342,"href":"https:\/\/www.article-marketing.eu\/comunicati\/wp-json\/wp\/v2\/posts\/5212\/revisions\/60342"}],"wp:attachment":[{"href":"https:\/\/www.article-marketing.eu\/comunicati\/wp-json\/wp\/v2\/media?parent=5212"}],"wp:term":[{"taxonomy":"category","embeddable":true,"href":"https:\/\/www.article-marketing.eu\/comunicati\/wp-json\/wp\/v2\/categories?post=5212"},{"taxonomy":"post_tag","embeddable":true,"href":"https:\/\/www.article-marketing.eu\/comunicati\/wp-json\/wp\/v2\/tags?post=5212"}],"curies":[{"name":"wp","href":"https:\/\/api.w.org\/{rel}","templated":true}]}}