{"id":52222,"date":"2016-05-24T15:10:45","date_gmt":"2016-05-24T13:10:45","guid":{"rendered":"http:\/\/www.article-marketing.eu\/comunicati\/senza-categoria\/design-eventi-fieristici-accademia-fiera-milano-e-poli-design-insieme-per-formare-gli-specialisti-del-progetto-di-eventi-fieristici-e-temporaneit%c3%a0-2\/"},"modified":"2016-05-24T15:10:45","modified_gmt":"2016-05-24T13:10:45","slug":"design-eventi-fieristici-accademia-fiera-milano-e-poli-design-insieme-per-formare-gli-specialisti-del-progetto-di-eventi-fieristici-e-temporaneit%c3%a0-2","status":"publish","type":"post","link":"https:\/\/www.article-marketing.eu\/comunicati\/istruzione\/corsi\/design-eventi-fieristici-accademia-fiera-milano-e-poli-design-insieme-per-formare-gli-specialisti-del-progetto-di-eventi-fieristici-e-temporaneit%c3%a0-2\/","title":{"rendered":"DESIGN EVENTI FIERISTICI: Accademia Fiera Milano e POLI.design insieme per formare gli specialisti del progetto di eventi fieristici e temporaneit\u00e0"},"content":{"rendered":"<p>Dall&#8217;accordo tra <strong>Accademia Fiera Milano<\/strong> e <strong>POLI.design, Consorzio del Politecnico di Milano<\/strong>, nasce <strong>DEF<\/strong>, <strong>il nuovo Corso di Alta Formazione in Design Eventi Fieristici<\/strong> in programma dal 7 novembre al 2 dicembre presso il BestLab di Nolostand a Fiera Milano.<br \/>Il corso mira alla formazione di <strong>nuovi professionisti del progetto<\/strong> attraverso l&rsquo;applicazione di un metodo in grado di esplicitare le potenzialit&agrave; e i modelli di pensiero alla base del &ldquo;Design Thinking&rdquo;; un processo creativo che permette di sviluppare nei partecipanti al corso qualit&agrave; come: empatia, capacit&agrave; di lavorare in gruppo e abilit&agrave; nella strutturazione del cosiddetto pensiero creativo.<br \/>Il percorso si articola in <strong>quattro settimane di corso progettuale, altamente professionalizzante<\/strong>, integrato da lezioni mirate di docenti ed esperti del settore che forniranno un supporto diretto e di immediata applicazione; l&rsquo;approccio adottato &egrave; <strong><em>learning by doing<\/em><\/strong>, una modalit&agrave; di lavoro che ha lo scopo di stimolare i partecipanti a &ldquo;cimentarsi&rdquo; sui contenuti trattati durante le lezioni frontali, contestualizzandoli nelle loro specifiche realt&agrave;.<br \/>Il corso &egrave; sviluppato sulla base di <strong>un preciso brief elaborato con il supporto di Fondazione Fiera Milano<\/strong>: riproducendo in aula <strong>un&rsquo;esperienza di progetto reale<\/strong>, come in uno studio di progettazione professionale, i partecipanti affronteranno la didattica divisi in gruppi di lavoro. Fondazione Fiera Milano svolger&agrave; a tutti gli effetti il ruolo di committente fornendo, insieme al brief di progetto, il giusto mix di informazioni e di vincoli ai diversi team che dovranno sviluppare concept convincenti ed efficaci sulla base delle indicazioni ricevute.<br \/>&#8220;<em>Grazie al DEF<\/em> &#8211; spiega <strong>Benito Benedini, presidente di Fondazione Fiera Milano<\/strong> &#8211; <em>i nostri studenti acquisiranno capacit&agrave; progettuali e otterranno un attestato di partecipazione al Corso di Alta Formazione in &#8216;Design eventi fieristici&#8217; di POLI.design, Consorzio del Politecnico di Milano e Fondazione Fiera Milano \/ Accademia. Potranno cos&igrave; collaborare con societ&agrave; di progettazione e design, operare come consulenti del settore per aziende private, per il settore allestimenti, in enti, istituzioni culturali per la realizzazione di strutture espositive? per manifestazioni fieristiche, come coordinatori e creativi in aziende per l&#8217;organizzazione degli eventi, dell&#8217;allestimento e della comunicazione<\/em>&#8220;.<em><\/em><br \/>E non &egrave; tutto: <strong>ai due partecipanti pi&ugrave; meritevoli<\/strong>, infatti, verr&agrave; <strong>garantito un tirocinio retribuito in una societ&agrave; del Gruppo Fiera Milano.<\/strong><br \/>Il corso si rivolge preferibilmente, ma non necessariamente, a laureati in architettura, design o ingegneria e a professionisti del settore che intendono specializzarsi nell&rsquo;ideazione, progettazione di eventi fieristici e temporanei.<\/p>\n<p><strong>Per ulteriori informazioni<\/strong> sulla didattica e per le procedure di iscrizione contattare l&rsquo;Ufficio Coordinamento Formazione di POLI.design: tel. +39 02.2399.7275; e-mail: <a href=\"mailto:formazione@polidesign.net\">formazione@polidesign.net<\/a> oppure Accademia Fiera Milano e-mail: accademia@fondazionefiera.it tel. +39 02.4997.7292 &#8211; 7002<\/p>\n","protected":false},"excerpt":{"rendered":"<p>A novembre il nuovo Corso di Alta Formazione: tirocinio retribuito in una societ\u00e0 del Gruppo Fiera Milano per i due partecipanti pi\u00f9 meritevoli<\/p>\n","protected":false},"author":10,"featured_media":0,"comment_status":"open","ping_status":"open","sticky":false,"template":"","format":"standard","meta":{"cybocfi_hide_featured_image":"","footnotes":""},"categories":[747],"tags":[40050,54699,2251,1107,54698,456,2437,54696,1343,48445,54697,43045],"class_list":["post-52222","post","type-post","status-publish","format-standard","hentry","category-corsi","tag-accademia-fiera-milano","tag-benedini","tag-corso","tag-design","tag-design-thinking","tag-eventi","tag-fiera","tag-fieristici","tag-milano","tag-poli-design","tag-retribuito","tag-tirocinio"],"yoast_head":"<!-- This site is optimized with the Yoast SEO plugin v27.0 - https:\/\/yoast.com\/product\/yoast-seo-wordpress\/ -->\n<title>DESIGN EVENTI FIERISTICI: Accademia Fiera Milano e POLI.design insieme per formare gli specialisti del progetto di eventi fieristici e temporaneit\u00e0 - Article Marketing<\/title>\n<meta name=\"robots\" content=\"index, follow, max-snippet:-1, max-image-preview:large, max-video-preview:-1\" \/>\n<link rel=\"canonical\" href=\"https:\/\/www.article-marketing.eu\/comunicati\/istruzione\/corsi\/design-eventi-fieristici-accademia-fiera-milano-e-poli-design-insieme-per-formare-gli-specialisti-del-progetto-di-eventi-fieristici-e-temporaneit\u00e0-2\/\" \/>\n<meta property=\"og:locale\" content=\"it_IT\" \/>\n<meta property=\"og:type\" content=\"article\" \/>\n<meta property=\"og:title\" content=\"DESIGN EVENTI FIERISTICI: Accademia Fiera Milano e POLI.design insieme per formare gli specialisti del progetto di eventi fieristici e temporaneit\u00e0 - Article Marketing\" \/>\n<meta property=\"og:description\" content=\"A novembre il nuovo Corso di Alta Formazione: tirocinio retribuito in una societ\u00e0 del Gruppo Fiera Milano per i due partecipanti pi\u00f9 meritevoli\" \/>\n<meta property=\"og:url\" content=\"https:\/\/www.article-marketing.eu\/comunicati\/istruzione\/corsi\/design-eventi-fieristici-accademia-fiera-milano-e-poli-design-insieme-per-formare-gli-specialisti-del-progetto-di-eventi-fieristici-e-temporaneit\u00e0-2\/\" \/>\n<meta property=\"og:site_name\" content=\"Article Marketing\" \/>\n<meta property=\"article:published_time\" content=\"2016-05-24T13:10:45+00:00\" \/>\n<meta name=\"author\" content=\"Redazione Comunicati Stampa\" \/>\n<meta name=\"twitter:card\" content=\"summary_large_image\" \/>\n<meta name=\"twitter:label1\" content=\"Scritto da\" \/>\n\t<meta name=\"twitter:data1\" content=\"Redazione Comunicati Stampa\" \/>\n\t<meta name=\"twitter:label2\" content=\"Tempo di lettura stimato\" \/>\n\t<meta name=\"twitter:data2\" content=\"2 minuti\" \/>\n<script type=\"application\/ld+json\" class=\"yoast-schema-graph\">{\"@context\":\"https:\/\/schema.org\",\"@graph\":[{\"@type\":\"Article\",\"@id\":\"https:\/\/www.article-marketing.eu\/comunicati\/istruzione\/corsi\/design-eventi-fieristici-accademia-fiera-milano-e-poli-design-insieme-per-formare-gli-specialisti-del-progetto-di-eventi-fieristici-e-temporaneit%c3%a0-2\/#article\",\"isPartOf\":{\"@id\":\"https:\/\/www.article-marketing.eu\/comunicati\/istruzione\/corsi\/design-eventi-fieristici-accademia-fiera-milano-e-poli-design-insieme-per-formare-gli-specialisti-del-progetto-di-eventi-fieristici-e-temporaneit%c3%a0-2\/\"},\"author\":{\"name\":\"Redazione Comunicati Stampa\",\"@id\":\"https:\/\/www.article-marketing.eu\/comunicati\/#\/schema\/person\/44372e4d4d0fa797b18e03ed1ace9017\"},\"headline\":\"DESIGN EVENTI FIERISTICI: Accademia Fiera Milano e POLI.design insieme per formare gli specialisti del progetto di eventi fieristici e temporaneit\u00e0\",\"datePublished\":\"2016-05-24T13:10:45+00:00\",\"mainEntityOfPage\":{\"@id\":\"https:\/\/www.article-marketing.eu\/comunicati\/istruzione\/corsi\/design-eventi-fieristici-accademia-fiera-milano-e-poli-design-insieme-per-formare-gli-specialisti-del-progetto-di-eventi-fieristici-e-temporaneit%c3%a0-2\/\"},\"wordCount\":471,\"commentCount\":0,\"keywords\":[\"accademia fiera milano\",\"Benedini\",\"corso\",\"design\",\"Design Thinking\",\"eventi\",\"fiera\",\"fieristici\",\"milano\",\"poli.design\",\"retribuito\",\"Tirocinio\"],\"articleSection\":[\"Corsi\"],\"inLanguage\":\"it-IT\",\"potentialAction\":[{\"@type\":\"CommentAction\",\"name\":\"Comment\",\"target\":[\"https:\/\/www.article-marketing.eu\/comunicati\/istruzione\/corsi\/design-eventi-fieristici-accademia-fiera-milano-e-poli-design-insieme-per-formare-gli-specialisti-del-progetto-di-eventi-fieristici-e-temporaneit%c3%a0-2\/#respond\"]}]},{\"@type\":\"WebPage\",\"@id\":\"https:\/\/www.article-marketing.eu\/comunicati\/istruzione\/corsi\/design-eventi-fieristici-accademia-fiera-milano-e-poli-design-insieme-per-formare-gli-specialisti-del-progetto-di-eventi-fieristici-e-temporaneit%c3%a0-2\/\",\"url\":\"https:\/\/www.article-marketing.eu\/comunicati\/istruzione\/corsi\/design-eventi-fieristici-accademia-fiera-milano-e-poli-design-insieme-per-formare-gli-specialisti-del-progetto-di-eventi-fieristici-e-temporaneit%c3%a0-2\/\",\"name\":\"DESIGN EVENTI FIERISTICI: Accademia Fiera Milano e POLI.design insieme per formare gli specialisti del progetto di eventi fieristici e temporaneit\u00e0 - Article Marketing\",\"isPartOf\":{\"@id\":\"https:\/\/www.article-marketing.eu\/comunicati\/#website\"},\"datePublished\":\"2016-05-24T13:10:45+00:00\",\"author\":{\"@id\":\"https:\/\/www.article-marketing.eu\/comunicati\/#\/schema\/person\/44372e4d4d0fa797b18e03ed1ace9017\"},\"breadcrumb\":{\"@id\":\"https:\/\/www.article-marketing.eu\/comunicati\/istruzione\/corsi\/design-eventi-fieristici-accademia-fiera-milano-e-poli-design-insieme-per-formare-gli-specialisti-del-progetto-di-eventi-fieristici-e-temporaneit%c3%a0-2\/#breadcrumb\"},\"inLanguage\":\"it-IT\",\"potentialAction\":[{\"@type\":\"ReadAction\",\"target\":[\"https:\/\/www.article-marketing.eu\/comunicati\/istruzione\/corsi\/design-eventi-fieristici-accademia-fiera-milano-e-poli-design-insieme-per-formare-gli-specialisti-del-progetto-di-eventi-fieristici-e-temporaneit%c3%a0-2\/\"]}]},{\"@type\":\"BreadcrumbList\",\"@id\":\"https:\/\/www.article-marketing.eu\/comunicati\/istruzione\/corsi\/design-eventi-fieristici-accademia-fiera-milano-e-poli-design-insieme-per-formare-gli-specialisti-del-progetto-di-eventi-fieristici-e-temporaneit%c3%a0-2\/#breadcrumb\",\"itemListElement\":[{\"@type\":\"ListItem\",\"position\":1,\"name\":\"Home\",\"item\":\"https:\/\/www.article-marketing.eu\/comunicati\/\"},{\"@type\":\"ListItem\",\"position\":2,\"name\":\"DESIGN EVENTI FIERISTICI: Accademia Fiera Milano e POLI.design insieme per formare gli specialisti del progetto di eventi fieristici e temporaneit\u00e0\"}]},{\"@type\":\"WebSite\",\"@id\":\"https:\/\/www.article-marketing.eu\/comunicati\/#website\",\"url\":\"https:\/\/www.article-marketing.eu\/comunicati\/\",\"name\":\"Article Marketing\",\"description\":\"article marketing &amp; press release\",\"potentialAction\":[{\"@type\":\"SearchAction\",\"target\":{\"@type\":\"EntryPoint\",\"urlTemplate\":\"https:\/\/www.article-marketing.eu\/comunicati\/?s={search_term_string}\"},\"query-input\":{\"@type\":\"PropertyValueSpecification\",\"valueRequired\":true,\"valueName\":\"search_term_string\"}}],\"inLanguage\":\"it-IT\"},{\"@type\":\"Person\",\"@id\":\"https:\/\/www.article-marketing.eu\/comunicati\/#\/schema\/person\/44372e4d4d0fa797b18e03ed1ace9017\",\"name\":\"Redazione Comunicati Stampa\",\"image\":{\"@type\":\"ImageObject\",\"inLanguage\":\"it-IT\",\"@id\":\"https:\/\/www.article-marketing.eu\/comunicati\/#\/schema\/person\/image\/\",\"url\":\"https:\/\/secure.gravatar.com\/avatar\/50e5c6421d3072f42e7ace803501602c60d75233d34e29fd05feb91c8760b792?s=96&d=mm&r=g\",\"contentUrl\":\"https:\/\/secure.gravatar.com\/avatar\/50e5c6421d3072f42e7ace803501602c60d75233d34e29fd05feb91c8760b792?s=96&d=mm&r=g\",\"caption\":\"Redazione Comunicati Stampa\"},\"url\":\"https:\/\/www.article-marketing.eu\/comunicati\/author\/redazione-comunicati-stampa\/\"}]}<\/script>\n<!-- \/ Yoast SEO plugin. -->","yoast_head_json":{"title":"DESIGN EVENTI FIERISTICI: Accademia Fiera Milano e POLI.design insieme per formare gli specialisti del progetto di eventi fieristici e temporaneit\u00e0 - Article Marketing","robots":{"index":"index","follow":"follow","max-snippet":"max-snippet:-1","max-image-preview":"max-image-preview:large","max-video-preview":"max-video-preview:-1"},"canonical":"https:\/\/www.article-marketing.eu\/comunicati\/istruzione\/corsi\/design-eventi-fieristici-accademia-fiera-milano-e-poli-design-insieme-per-formare-gli-specialisti-del-progetto-di-eventi-fieristici-e-temporaneit\u00e0-2\/","og_locale":"it_IT","og_type":"article","og_title":"DESIGN EVENTI FIERISTICI: Accademia Fiera Milano e POLI.design insieme per formare gli specialisti del progetto di eventi fieristici e temporaneit\u00e0 - Article Marketing","og_description":"A novembre il nuovo Corso di Alta Formazione: tirocinio retribuito in una societ\u00e0 del Gruppo Fiera Milano per i due partecipanti pi\u00f9 meritevoli","og_url":"https:\/\/www.article-marketing.eu\/comunicati\/istruzione\/corsi\/design-eventi-fieristici-accademia-fiera-milano-e-poli-design-insieme-per-formare-gli-specialisti-del-progetto-di-eventi-fieristici-e-temporaneit\u00e0-2\/","og_site_name":"Article Marketing","article_published_time":"2016-05-24T13:10:45+00:00","author":"Redazione Comunicati Stampa","twitter_card":"summary_large_image","twitter_misc":{"Scritto da":"Redazione Comunicati Stampa","Tempo di lettura stimato":"2 minuti"},"schema":{"@context":"https:\/\/schema.org","@graph":[{"@type":"Article","@id":"https:\/\/www.article-marketing.eu\/comunicati\/istruzione\/corsi\/design-eventi-fieristici-accademia-fiera-milano-e-poli-design-insieme-per-formare-gli-specialisti-del-progetto-di-eventi-fieristici-e-temporaneit%c3%a0-2\/#article","isPartOf":{"@id":"https:\/\/www.article-marketing.eu\/comunicati\/istruzione\/corsi\/design-eventi-fieristici-accademia-fiera-milano-e-poli-design-insieme-per-formare-gli-specialisti-del-progetto-di-eventi-fieristici-e-temporaneit%c3%a0-2\/"},"author":{"name":"Redazione Comunicati Stampa","@id":"https:\/\/www.article-marketing.eu\/comunicati\/#\/schema\/person\/44372e4d4d0fa797b18e03ed1ace9017"},"headline":"DESIGN EVENTI FIERISTICI: Accademia Fiera Milano e POLI.design insieme per formare gli specialisti del progetto di eventi fieristici e temporaneit\u00e0","datePublished":"2016-05-24T13:10:45+00:00","mainEntityOfPage":{"@id":"https:\/\/www.article-marketing.eu\/comunicati\/istruzione\/corsi\/design-eventi-fieristici-accademia-fiera-milano-e-poli-design-insieme-per-formare-gli-specialisti-del-progetto-di-eventi-fieristici-e-temporaneit%c3%a0-2\/"},"wordCount":471,"commentCount":0,"keywords":["accademia fiera milano","Benedini","corso","design","Design Thinking","eventi","fiera","fieristici","milano","poli.design","retribuito","Tirocinio"],"articleSection":["Corsi"],"inLanguage":"it-IT","potentialAction":[{"@type":"CommentAction","name":"Comment","target":["https:\/\/www.article-marketing.eu\/comunicati\/istruzione\/corsi\/design-eventi-fieristici-accademia-fiera-milano-e-poli-design-insieme-per-formare-gli-specialisti-del-progetto-di-eventi-fieristici-e-temporaneit%c3%a0-2\/#respond"]}]},{"@type":"WebPage","@id":"https:\/\/www.article-marketing.eu\/comunicati\/istruzione\/corsi\/design-eventi-fieristici-accademia-fiera-milano-e-poli-design-insieme-per-formare-gli-specialisti-del-progetto-di-eventi-fieristici-e-temporaneit%c3%a0-2\/","url":"https:\/\/www.article-marketing.eu\/comunicati\/istruzione\/corsi\/design-eventi-fieristici-accademia-fiera-milano-e-poli-design-insieme-per-formare-gli-specialisti-del-progetto-di-eventi-fieristici-e-temporaneit%c3%a0-2\/","name":"DESIGN EVENTI FIERISTICI: Accademia Fiera Milano e POLI.design insieme per formare gli specialisti del progetto di eventi fieristici e temporaneit\u00e0 - Article Marketing","isPartOf":{"@id":"https:\/\/www.article-marketing.eu\/comunicati\/#website"},"datePublished":"2016-05-24T13:10:45+00:00","author":{"@id":"https:\/\/www.article-marketing.eu\/comunicati\/#\/schema\/person\/44372e4d4d0fa797b18e03ed1ace9017"},"breadcrumb":{"@id":"https:\/\/www.article-marketing.eu\/comunicati\/istruzione\/corsi\/design-eventi-fieristici-accademia-fiera-milano-e-poli-design-insieme-per-formare-gli-specialisti-del-progetto-di-eventi-fieristici-e-temporaneit%c3%a0-2\/#breadcrumb"},"inLanguage":"it-IT","potentialAction":[{"@type":"ReadAction","target":["https:\/\/www.article-marketing.eu\/comunicati\/istruzione\/corsi\/design-eventi-fieristici-accademia-fiera-milano-e-poli-design-insieme-per-formare-gli-specialisti-del-progetto-di-eventi-fieristici-e-temporaneit%c3%a0-2\/"]}]},{"@type":"BreadcrumbList","@id":"https:\/\/www.article-marketing.eu\/comunicati\/istruzione\/corsi\/design-eventi-fieristici-accademia-fiera-milano-e-poli-design-insieme-per-formare-gli-specialisti-del-progetto-di-eventi-fieristici-e-temporaneit%c3%a0-2\/#breadcrumb","itemListElement":[{"@type":"ListItem","position":1,"name":"Home","item":"https:\/\/www.article-marketing.eu\/comunicati\/"},{"@type":"ListItem","position":2,"name":"DESIGN EVENTI FIERISTICI: Accademia Fiera Milano e POLI.design insieme per formare gli specialisti del progetto di eventi fieristici e temporaneit\u00e0"}]},{"@type":"WebSite","@id":"https:\/\/www.article-marketing.eu\/comunicati\/#website","url":"https:\/\/www.article-marketing.eu\/comunicati\/","name":"Article Marketing","description":"article marketing &amp; press release","potentialAction":[{"@type":"SearchAction","target":{"@type":"EntryPoint","urlTemplate":"https:\/\/www.article-marketing.eu\/comunicati\/?s={search_term_string}"},"query-input":{"@type":"PropertyValueSpecification","valueRequired":true,"valueName":"search_term_string"}}],"inLanguage":"it-IT"},{"@type":"Person","@id":"https:\/\/www.article-marketing.eu\/comunicati\/#\/schema\/person\/44372e4d4d0fa797b18e03ed1ace9017","name":"Redazione Comunicati Stampa","image":{"@type":"ImageObject","inLanguage":"it-IT","@id":"https:\/\/www.article-marketing.eu\/comunicati\/#\/schema\/person\/image\/","url":"https:\/\/secure.gravatar.com\/avatar\/50e5c6421d3072f42e7ace803501602c60d75233d34e29fd05feb91c8760b792?s=96&d=mm&r=g","contentUrl":"https:\/\/secure.gravatar.com\/avatar\/50e5c6421d3072f42e7ace803501602c60d75233d34e29fd05feb91c8760b792?s=96&d=mm&r=g","caption":"Redazione Comunicati Stampa"},"url":"https:\/\/www.article-marketing.eu\/comunicati\/author\/redazione-comunicati-stampa\/"}]}},"_links":{"self":[{"href":"https:\/\/www.article-marketing.eu\/comunicati\/wp-json\/wp\/v2\/posts\/52222","targetHints":{"allow":["GET"]}}],"collection":[{"href":"https:\/\/www.article-marketing.eu\/comunicati\/wp-json\/wp\/v2\/posts"}],"about":[{"href":"https:\/\/www.article-marketing.eu\/comunicati\/wp-json\/wp\/v2\/types\/post"}],"author":[{"embeddable":true,"href":"https:\/\/www.article-marketing.eu\/comunicati\/wp-json\/wp\/v2\/users\/10"}],"replies":[{"embeddable":true,"href":"https:\/\/www.article-marketing.eu\/comunicati\/wp-json\/wp\/v2\/comments?post=52222"}],"version-history":[{"count":0,"href":"https:\/\/www.article-marketing.eu\/comunicati\/wp-json\/wp\/v2\/posts\/52222\/revisions"}],"wp:attachment":[{"href":"https:\/\/www.article-marketing.eu\/comunicati\/wp-json\/wp\/v2\/media?parent=52222"}],"wp:term":[{"taxonomy":"category","embeddable":true,"href":"https:\/\/www.article-marketing.eu\/comunicati\/wp-json\/wp\/v2\/categories?post=52222"},{"taxonomy":"post_tag","embeddable":true,"href":"https:\/\/www.article-marketing.eu\/comunicati\/wp-json\/wp\/v2\/tags?post=52222"}],"curies":[{"name":"wp","href":"https:\/\/api.w.org\/{rel}","templated":true}]}}