{"id":52246,"date":"2016-04-15T14:29:49","date_gmt":"2016-04-15T12:29:49","guid":{"rendered":"http:\/\/www.article-marketing.eu\/comunicati\/senza-categoria\/caff%25252525c3%25252525a8-e-salute-ica-2016\/"},"modified":"2018-10-26T01:01:44","modified_gmt":"2018-10-25T23:01:44","slug":"caff%25252525c3%25252525a8-e-salute-ica-2016","status":"publish","type":"post","link":"https:\/\/www.article-marketing.eu\/comunicati\/arte-e-cultura\/scienze\/caff%25252525c3%25252525a8-e-salute-ica-2016\/","title":{"rendered":"Caff\u00e8 e Salute-Convegno Ica 2016"},"content":{"rendered":"<p>Gioved&igrave; 10 marzo 2016 a Milano, presso la sede Confcommercio situata in Corso Venezia, si &egrave; tenuto il <strong style=\"font-family: Raleway, Arial, Helvetica, sans-serif; box-sizing: border-box; margin: 0px; padding: 0px; border: 0px; font-stretch: inherit; font-size: 14px; line-height: 21px; vertical-align: baseline; color: #333333; background-color: #f9f9f9;\">convegno &ldquo;Il ruolo del caff&egrave; sulla salute&rdquo;<\/strong>, aperto a tutti coloro che operano nel settore dedicato al caff&egrave;.<br style=\"font-family: Raleway, Arial, Helvetica, sans-serif; box-sizing: border-box; color: #666666; font-size: 14px; line-height: 21px; background-color: #f9f9f9;\" \/>Gli organizzatori dell&rsquo;ICA, Italian Coffee Association, tra i quali il presidente, il dottor Alessandro Polojac, sono consapevoli dell&rsquo;importanza che ha acquisito seguire una corretta alimentazione ogni giorno, facendo attivit&agrave; fisica regolarmente e combinando gli alimenti in modo giusto ed equilibrato, per godere di buona salute e del giusto benessere psicofisico. Ed &egrave; proprio qui che entra in gioco il caff&egrave;: tra le bevande pi&ugrave; consumate al mondo, rito e piacere nelle nostre giornate, &egrave; stato spesso oggetto di controversie riguardanti le sue propriet&agrave; ed effetti sull&rsquo;organismo.<br style=\"font-family: Raleway, Arial, Helvetica, sans-serif; box-sizing: border-box; color: #666666; font-size: 14px; line-height: 21px; background-color: #f9f9f9;\" \/>Il convengo si &egrave; proposto di <strong style=\"font-family: Raleway, Arial, Helvetica, sans-serif; box-sizing: border-box; margin: 0px; padding: 0px; border: 0px; font-stretch: inherit; font-size: 14px; line-height: 21px; vertical-align: baseline; color: #333333; background-color: #f9f9f9;\">fornire un quadro ampio e completo sull&rsquo;alimento<\/strong>, richiedendo l&rsquo;intervento di numerose autorit&agrave; in campo medico e scientifico. Sotto attenta osservazione, dopo trent&rsquo;anni di ricerche e circa 200 studi scientifici, si &egrave; potuto finalmente affermare a pieno titolo l&rsquo;importanza che riveste il caff&egrave; all&rsquo;interno di un piano alimentare sano e controllato. &ldquo;E&rsquo; stato dimostrato che, se bevuto rispettando le dosi indicate dalla comunit&agrave; scientifica mondiale, 300mg ca. al giorno (ovvero 4-5 tazzine di espresso, 3-4 di preparato con la moka o 2,5 tazze di caff&egrave; americano) non produce alcun effetto negativo nell&rsquo;individuo sano, ma pu&ograve; addirittura<strong style=\"font-family: Raleway, Arial, Helvetica, sans-serif; box-sizing: border-box; margin: 0px; padding: 0px; border: 0px; font-stretch: inherit; font-size: 14px; line-height: 21px; vertical-align: baseline; color: #333333; background-color: #f9f9f9;\">prevenire l&rsquo;insorgenza di numerose patologie grazie al suo potere antiossidante<\/strong>&rdquo;, afferma Amleto D&rsquo;Amicis, coordinatore scientifico dell&rsquo;evento. Eliminando fattori confondenti di tipo ambientale e di stile di vita (ad esempio il fumo) spesso correlati alla bevanda, &egrave; stato possibile delinearne la reale azione sull&rsquo;organismo, come la riduzione della mortalit&agrave; e di patologie cardiocerebrovascolari, diabete, infezioni e perfino alcuni tipi di tumore: quali tumore colon-rettale, al fegato e all&rsquo;endometrio.<strong style=\"font-family: Raleway, Arial, Helvetica, sans-serif; box-sizing: border-box; margin: 0px; padding: 0px; border: 0px; font-stretch: inherit; font-size: 14px; line-height: 21px; vertical-align: baseline; color: #333333; background-color: #f9f9f9;\"> Lo studio, effettuato dal &ldquo;National Institutes of Health&rdquo;<\/strong> e condotto in 229.119 uomini e 173.141 donne dai 50 ai 71 anni, rincuora finalmente tutti i consumatori abituali di caff&egrave;, che sembrerebbe fungere da deterrente rispetto a malattie croniche del tratto gastrointestinale e del fegato. Insomma, caff&egrave; non &egrave; solo sinonimo di pausa e gusto, ma anche di salute!<br style=\"font-family: Raleway, Arial, Helvetica, sans-serif; box-sizing: border-box; color: #666666; font-size: 14px; line-height: 21px; background-color: #f9f9f9;\" \/>&ldquo;Ora, dobbiamo compiere un ulteriore sforzo di ricerca per comprendere quale sia la complessa relazione tra il consumo della bevanda e i numerosi benefici che apporta all&rsquo;organismo&rdquo; commenta infine Daniele Del Rio, professore associato di Nutrizione umana presso l&rsquo;Universit&agrave; degli Studi di Parma, concludendo il convegno.<br \/>Fonte: http:\/\/www.xn--cafstival-23a.com\/2016\/03\/25\/caffe-salute-ica-2016\/<\/p>\n","protected":false},"excerpt":{"rendered":"<p>Gioved\u00ec 10 marzo 2016 a Milano, presso la sede Confcommercio situata in Corso Venezia, si \u00e8 tenuto il convegno \u201cIl ruolo del caff\u00e8 sulla salute\u201d, aperto a tutti coloro che operano nel settore dedicato al caff\u00e8.<\/p>\n","protected":false},"author":10,"featured_media":0,"comment_status":"open","ping_status":"open","sticky":false,"template":"","format":"standard","meta":{"cybocfi_hide_featured_image":"","footnotes":""},"categories":[30],"tags":[4164,2466,4544,54721,243],"class_list":["post-52246","post","type-post","status-publish","format-standard","hentry","category-scienze","tag-caffe","tag-convegno","tag-espresso","tag-ica","tag-salute"],"yoast_head":"<!-- This site is optimized with the Yoast SEO plugin v27.0 - https:\/\/yoast.com\/product\/yoast-seo-wordpress\/ -->\n<title>Caff\u00e8 e Salute-Convegno Ica 2016 - Article Marketing<\/title>\n<meta name=\"robots\" content=\"index, follow, max-snippet:-1, max-image-preview:large, max-video-preview:-1\" \/>\n<link rel=\"canonical\" href=\"https:\/\/www.article-marketing.eu\/comunicati\/arte-e-cultura\/scienze\/caff%252525c3%252525a8-e-salute-ica-2016\/\" \/>\n<meta property=\"og:locale\" content=\"it_IT\" \/>\n<meta property=\"og:type\" content=\"article\" \/>\n<meta property=\"og:title\" content=\"Caff\u00e8 e Salute-Convegno Ica 2016 - Article Marketing\" \/>\n<meta property=\"og:description\" content=\"Gioved\u00ec 10 marzo 2016 a Milano, presso la sede Confcommercio situata in Corso Venezia, si \u00e8 tenuto il convegno \u201cIl ruolo del caff\u00e8 sulla salute\u201d, aperto a tutti coloro che operano nel settore dedicato al caff\u00e8.\" \/>\n<meta property=\"og:url\" content=\"https:\/\/www.article-marketing.eu\/comunicati\/arte-e-cultura\/scienze\/caff%252525c3%252525a8-e-salute-ica-2016\/\" \/>\n<meta property=\"og:site_name\" content=\"Article Marketing\" \/>\n<meta property=\"article:published_time\" content=\"2016-04-15T12:29:49+00:00\" \/>\n<meta property=\"article:modified_time\" content=\"2018-10-25T23:01:44+00:00\" \/>\n<meta name=\"author\" content=\"Redazione Comunicati Stampa\" \/>\n<meta name=\"twitter:card\" content=\"summary_large_image\" \/>\n<meta name=\"twitter:label1\" content=\"Scritto da\" \/>\n\t<meta name=\"twitter:data1\" content=\"Redazione Comunicati Stampa\" \/>\n\t<meta name=\"twitter:label2\" content=\"Tempo di lettura stimato\" \/>\n\t<meta name=\"twitter:data2\" content=\"2 minuti\" \/>\n<script type=\"application\/ld+json\" class=\"yoast-schema-graph\">{\"@context\":\"https:\/\/schema.org\",\"@graph\":[{\"@type\":\"Article\",\"@id\":\"https:\/\/www.article-marketing.eu\/comunicati\/arte-e-cultura\/scienze\/caff%25252525c3%25252525a8-e-salute-ica-2016\/#article\",\"isPartOf\":{\"@id\":\"https:\/\/www.article-marketing.eu\/comunicati\/arte-e-cultura\/scienze\/caff%25252525c3%25252525a8-e-salute-ica-2016\/\"},\"author\":{\"name\":\"Redazione Comunicati Stampa\",\"@id\":\"https:\/\/www.article-marketing.eu\/comunicati\/#\/schema\/person\/44372e4d4d0fa797b18e03ed1ace9017\"},\"headline\":\"Caff\u00e8 e Salute-Convegno Ica 2016\",\"datePublished\":\"2016-04-15T12:29:49+00:00\",\"dateModified\":\"2018-10-25T23:01:44+00:00\",\"mainEntityOfPage\":{\"@id\":\"https:\/\/www.article-marketing.eu\/comunicati\/arte-e-cultura\/scienze\/caff%25252525c3%25252525a8-e-salute-ica-2016\/\"},\"wordCount\":453,\"commentCount\":0,\"keywords\":[\"caff\u00e8\",\"convegno\",\"espresso\",\"ica\",\"salute\"],\"articleSection\":[\"Scienze\"],\"inLanguage\":\"it-IT\",\"potentialAction\":[{\"@type\":\"CommentAction\",\"name\":\"Comment\",\"target\":[\"https:\/\/www.article-marketing.eu\/comunicati\/arte-e-cultura\/scienze\/caff%25252525c3%25252525a8-e-salute-ica-2016\/#respond\"]}]},{\"@type\":\"WebPage\",\"@id\":\"https:\/\/www.article-marketing.eu\/comunicati\/arte-e-cultura\/scienze\/caff%25252525c3%25252525a8-e-salute-ica-2016\/\",\"url\":\"https:\/\/www.article-marketing.eu\/comunicati\/arte-e-cultura\/scienze\/caff%25252525c3%25252525a8-e-salute-ica-2016\/\",\"name\":\"Caff\u00e8 e Salute-Convegno Ica 2016 - Article Marketing\",\"isPartOf\":{\"@id\":\"https:\/\/www.article-marketing.eu\/comunicati\/#website\"},\"datePublished\":\"2016-04-15T12:29:49+00:00\",\"dateModified\":\"2018-10-25T23:01:44+00:00\",\"author\":{\"@id\":\"https:\/\/www.article-marketing.eu\/comunicati\/#\/schema\/person\/44372e4d4d0fa797b18e03ed1ace9017\"},\"breadcrumb\":{\"@id\":\"https:\/\/www.article-marketing.eu\/comunicati\/arte-e-cultura\/scienze\/caff%25252525c3%25252525a8-e-salute-ica-2016\/#breadcrumb\"},\"inLanguage\":\"it-IT\",\"potentialAction\":[{\"@type\":\"ReadAction\",\"target\":[\"https:\/\/www.article-marketing.eu\/comunicati\/arte-e-cultura\/scienze\/caff%25252525c3%25252525a8-e-salute-ica-2016\/\"]}]},{\"@type\":\"BreadcrumbList\",\"@id\":\"https:\/\/www.article-marketing.eu\/comunicati\/arte-e-cultura\/scienze\/caff%25252525c3%25252525a8-e-salute-ica-2016\/#breadcrumb\",\"itemListElement\":[{\"@type\":\"ListItem\",\"position\":1,\"name\":\"Home\",\"item\":\"https:\/\/www.article-marketing.eu\/comunicati\/\"},{\"@type\":\"ListItem\",\"position\":2,\"name\":\"Caff\u00e8 e Salute-Convegno Ica 2016\"}]},{\"@type\":\"WebSite\",\"@id\":\"https:\/\/www.article-marketing.eu\/comunicati\/#website\",\"url\":\"https:\/\/www.article-marketing.eu\/comunicati\/\",\"name\":\"Article Marketing\",\"description\":\"article marketing &amp; press release\",\"potentialAction\":[{\"@type\":\"SearchAction\",\"target\":{\"@type\":\"EntryPoint\",\"urlTemplate\":\"https:\/\/www.article-marketing.eu\/comunicati\/?s={search_term_string}\"},\"query-input\":{\"@type\":\"PropertyValueSpecification\",\"valueRequired\":true,\"valueName\":\"search_term_string\"}}],\"inLanguage\":\"it-IT\"},{\"@type\":\"Person\",\"@id\":\"https:\/\/www.article-marketing.eu\/comunicati\/#\/schema\/person\/44372e4d4d0fa797b18e03ed1ace9017\",\"name\":\"Redazione Comunicati Stampa\",\"image\":{\"@type\":\"ImageObject\",\"inLanguage\":\"it-IT\",\"@id\":\"https:\/\/www.article-marketing.eu\/comunicati\/#\/schema\/person\/image\/\",\"url\":\"https:\/\/secure.gravatar.com\/avatar\/50e5c6421d3072f42e7ace803501602c60d75233d34e29fd05feb91c8760b792?s=96&d=mm&r=g\",\"contentUrl\":\"https:\/\/secure.gravatar.com\/avatar\/50e5c6421d3072f42e7ace803501602c60d75233d34e29fd05feb91c8760b792?s=96&d=mm&r=g\",\"caption\":\"Redazione Comunicati Stampa\"},\"url\":\"https:\/\/www.article-marketing.eu\/comunicati\/author\/redazione-comunicati-stampa\/\"}]}<\/script>\n<!-- \/ Yoast SEO plugin. -->","yoast_head_json":{"title":"Caff\u00e8 e Salute-Convegno Ica 2016 - Article Marketing","robots":{"index":"index","follow":"follow","max-snippet":"max-snippet:-1","max-image-preview":"max-image-preview:large","max-video-preview":"max-video-preview:-1"},"canonical":"https:\/\/www.article-marketing.eu\/comunicati\/arte-e-cultura\/scienze\/caff%252525c3%252525a8-e-salute-ica-2016\/","og_locale":"it_IT","og_type":"article","og_title":"Caff\u00e8 e Salute-Convegno Ica 2016 - Article Marketing","og_description":"Gioved\u00ec 10 marzo 2016 a Milano, presso la sede Confcommercio situata in Corso Venezia, si \u00e8 tenuto il convegno \u201cIl ruolo del caff\u00e8 sulla salute\u201d, aperto a tutti coloro che operano nel settore dedicato al caff\u00e8.","og_url":"https:\/\/www.article-marketing.eu\/comunicati\/arte-e-cultura\/scienze\/caff%252525c3%252525a8-e-salute-ica-2016\/","og_site_name":"Article Marketing","article_published_time":"2016-04-15T12:29:49+00:00","article_modified_time":"2018-10-25T23:01:44+00:00","author":"Redazione Comunicati Stampa","twitter_card":"summary_large_image","twitter_misc":{"Scritto da":"Redazione Comunicati Stampa","Tempo di lettura stimato":"2 minuti"},"schema":{"@context":"https:\/\/schema.org","@graph":[{"@type":"Article","@id":"https:\/\/www.article-marketing.eu\/comunicati\/arte-e-cultura\/scienze\/caff%25252525c3%25252525a8-e-salute-ica-2016\/#article","isPartOf":{"@id":"https:\/\/www.article-marketing.eu\/comunicati\/arte-e-cultura\/scienze\/caff%25252525c3%25252525a8-e-salute-ica-2016\/"},"author":{"name":"Redazione Comunicati Stampa","@id":"https:\/\/www.article-marketing.eu\/comunicati\/#\/schema\/person\/44372e4d4d0fa797b18e03ed1ace9017"},"headline":"Caff\u00e8 e Salute-Convegno Ica 2016","datePublished":"2016-04-15T12:29:49+00:00","dateModified":"2018-10-25T23:01:44+00:00","mainEntityOfPage":{"@id":"https:\/\/www.article-marketing.eu\/comunicati\/arte-e-cultura\/scienze\/caff%25252525c3%25252525a8-e-salute-ica-2016\/"},"wordCount":453,"commentCount":0,"keywords":["caff\u00e8","convegno","espresso","ica","salute"],"articleSection":["Scienze"],"inLanguage":"it-IT","potentialAction":[{"@type":"CommentAction","name":"Comment","target":["https:\/\/www.article-marketing.eu\/comunicati\/arte-e-cultura\/scienze\/caff%25252525c3%25252525a8-e-salute-ica-2016\/#respond"]}]},{"@type":"WebPage","@id":"https:\/\/www.article-marketing.eu\/comunicati\/arte-e-cultura\/scienze\/caff%25252525c3%25252525a8-e-salute-ica-2016\/","url":"https:\/\/www.article-marketing.eu\/comunicati\/arte-e-cultura\/scienze\/caff%25252525c3%25252525a8-e-salute-ica-2016\/","name":"Caff\u00e8 e Salute-Convegno Ica 2016 - Article Marketing","isPartOf":{"@id":"https:\/\/www.article-marketing.eu\/comunicati\/#website"},"datePublished":"2016-04-15T12:29:49+00:00","dateModified":"2018-10-25T23:01:44+00:00","author":{"@id":"https:\/\/www.article-marketing.eu\/comunicati\/#\/schema\/person\/44372e4d4d0fa797b18e03ed1ace9017"},"breadcrumb":{"@id":"https:\/\/www.article-marketing.eu\/comunicati\/arte-e-cultura\/scienze\/caff%25252525c3%25252525a8-e-salute-ica-2016\/#breadcrumb"},"inLanguage":"it-IT","potentialAction":[{"@type":"ReadAction","target":["https:\/\/www.article-marketing.eu\/comunicati\/arte-e-cultura\/scienze\/caff%25252525c3%25252525a8-e-salute-ica-2016\/"]}]},{"@type":"BreadcrumbList","@id":"https:\/\/www.article-marketing.eu\/comunicati\/arte-e-cultura\/scienze\/caff%25252525c3%25252525a8-e-salute-ica-2016\/#breadcrumb","itemListElement":[{"@type":"ListItem","position":1,"name":"Home","item":"https:\/\/www.article-marketing.eu\/comunicati\/"},{"@type":"ListItem","position":2,"name":"Caff\u00e8 e Salute-Convegno Ica 2016"}]},{"@type":"WebSite","@id":"https:\/\/www.article-marketing.eu\/comunicati\/#website","url":"https:\/\/www.article-marketing.eu\/comunicati\/","name":"Article Marketing","description":"article marketing &amp; press release","potentialAction":[{"@type":"SearchAction","target":{"@type":"EntryPoint","urlTemplate":"https:\/\/www.article-marketing.eu\/comunicati\/?s={search_term_string}"},"query-input":{"@type":"PropertyValueSpecification","valueRequired":true,"valueName":"search_term_string"}}],"inLanguage":"it-IT"},{"@type":"Person","@id":"https:\/\/www.article-marketing.eu\/comunicati\/#\/schema\/person\/44372e4d4d0fa797b18e03ed1ace9017","name":"Redazione Comunicati Stampa","image":{"@type":"ImageObject","inLanguage":"it-IT","@id":"https:\/\/www.article-marketing.eu\/comunicati\/#\/schema\/person\/image\/","url":"https:\/\/secure.gravatar.com\/avatar\/50e5c6421d3072f42e7ace803501602c60d75233d34e29fd05feb91c8760b792?s=96&d=mm&r=g","contentUrl":"https:\/\/secure.gravatar.com\/avatar\/50e5c6421d3072f42e7ace803501602c60d75233d34e29fd05feb91c8760b792?s=96&d=mm&r=g","caption":"Redazione Comunicati Stampa"},"url":"https:\/\/www.article-marketing.eu\/comunicati\/author\/redazione-comunicati-stampa\/"}]}},"_links":{"self":[{"href":"https:\/\/www.article-marketing.eu\/comunicati\/wp-json\/wp\/v2\/posts\/52246","targetHints":{"allow":["GET"]}}],"collection":[{"href":"https:\/\/www.article-marketing.eu\/comunicati\/wp-json\/wp\/v2\/posts"}],"about":[{"href":"https:\/\/www.article-marketing.eu\/comunicati\/wp-json\/wp\/v2\/types\/post"}],"author":[{"embeddable":true,"href":"https:\/\/www.article-marketing.eu\/comunicati\/wp-json\/wp\/v2\/users\/10"}],"replies":[{"embeddable":true,"href":"https:\/\/www.article-marketing.eu\/comunicati\/wp-json\/wp\/v2\/comments?post=52246"}],"version-history":[{"count":1,"href":"https:\/\/www.article-marketing.eu\/comunicati\/wp-json\/wp\/v2\/posts\/52246\/revisions"}],"predecessor-version":[{"id":65240,"href":"https:\/\/www.article-marketing.eu\/comunicati\/wp-json\/wp\/v2\/posts\/52246\/revisions\/65240"}],"wp:attachment":[{"href":"https:\/\/www.article-marketing.eu\/comunicati\/wp-json\/wp\/v2\/media?parent=52246"}],"wp:term":[{"taxonomy":"category","embeddable":true,"href":"https:\/\/www.article-marketing.eu\/comunicati\/wp-json\/wp\/v2\/categories?post=52246"},{"taxonomy":"post_tag","embeddable":true,"href":"https:\/\/www.article-marketing.eu\/comunicati\/wp-json\/wp\/v2\/tags?post=52246"}],"curies":[{"name":"wp","href":"https:\/\/api.w.org\/{rel}","templated":true}]}}