{"id":52336,"date":"2016-04-18T15:08:16","date_gmt":"2016-04-18T13:08:16","guid":{"rendered":"http:\/\/www.article-marketing.eu\/comunicati\/senza-categoria\/perch%c3%a8-dedicated-ha-scelto-di-lavorare-in-ottica-lean-thinking\/"},"modified":"2016-04-18T15:08:16","modified_gmt":"2016-04-18T13:08:16","slug":"perch%c3%a8-dedicated-ha-scelto-di-lavorare-in-ottica-lean-thinking","status":"publish","type":"post","link":"https:\/\/www.article-marketing.eu\/comunicati\/economia-e-lavoro\/aziende\/perch%c3%a8-dedicated-ha-scelto-di-lavorare-in-ottica-lean-thinking\/","title":{"rendered":"Perch\u00e8 dEDIcated ha scelto di lavorare in ottica lean thinking?"},"content":{"rendered":"<p>Nel nostro percorso di innovazione di processo abbiamo sempre avuto un punto di riferimento:<br style=\"box-sizing: border-box;\" \/>il <strong style=\"box-sizing: border-box;\">Lean Thinking<\/strong>.<br \/>Guidati da questo &ldquo;faro&rdquo;, abbiamo identificato tramite la mappatura della nostra value stream, tutti gli sprechi che potevamo eliminare, e preso in considerazione solo quello che &egrave; un vero valore per il nostro cliente.<\/p>\n<p><strong style=\"box-sizing: border-box;\"><a href=\"http:\/\/www.dedicated.world\">dEDI<\/a>cated <\/strong>nasce da una lunga e attenta analisi fatta con metodo e disciplina.<br \/>Quando pensi a Lean Thinking la prima cosa che ti viene in mente &egrave;: caccia allo spreco.<br style=\"box-sizing: border-box;\" \/>Si parte sempre da questo punto, l&rsquo;identificazione di ci&ograve; che non serve:<br \/>&ndash; lo spreco &egrave; qualsiasi cosa che non aggiunge valore direttamente al prodotto\/servizio finale o non contribuisce alla trasformazione del prodotto\/servizio<br \/>&ndash; lo spreco aggiunge solo tempo e\/o costo, non valore<br \/>&ndash; lo spreco interrompe il flusso del prodotto\/servizio ed &egrave; una causa determinante di mancanza di competitivit&agrave;.<br \/><strong style=\"box-sizing: border-box;\">A noi non piace lo spreco e non vogliamo scaricare i costi, di sprechi non identificati, sui nostri clienti.<\/strong><br \/>Nelle aziende, le scorte e le azioni di routine svolte lungo il processo nascondono i problemi e creano i presupposti perch&eacute; le persone si abituino a conviverci. Viceversa, se si smette di considerare certe pratiche come &ldquo;inevitabili&rdquo; e si riducono le azioni dettate dall&rsquo;abitudine, i problemi storici diventano &ldquo;stretti&rdquo; e si creano i presupposti per il miglioramento continuo.<br \/>Sono oramai molto noti i principi del lean thinking:<\/p>\n<ol style=\"box-sizing: border-box; border: 0px; font-family: Lato; font-size: 14px; margin: 0px 0px 20px; outline: 0px; padding: 0px; vertical-align: baseline; color: #333333; line-height: 25.2px;\"><\/p>\n<li style=\"box-sizing: border-box; border: 0px; font-family: inherit; font-style: inherit; font-weight: inherit; margin: 0px 0px 0px 20px; outline: 0px; padding: 0px; vertical-align: baseline;\">Definire il valore, cio&egrave; ci&ograve; per cui i clienti sono disposti a pagare un prezzo<\/li>\n<p><\/p>\n<li style=\"box-sizing: border-box; border: 0px; font-family: inherit; font-style: inherit; font-weight: inherit; margin: 0px 0px 0px 20px; outline: 0px; padding: 0px; vertical-align: baseline;\">Identificare il flusso del valore<\/li>\n<p><\/p>\n<li style=\"box-sizing: border-box; border: 0px; font-family: inherit; font-style: inherit; font-weight: inherit; margin: 0px 0px 0px 20px; outline: 0px; padding: 0px; vertical-align: baseline;\">Far scorrere il flusso del valore, che deve risultare continuo e bilanciato<\/li>\n<p><\/p>\n<li style=\"box-sizing: border-box; border: 0px; font-family: inherit; font-style: inherit; font-weight: inherit; margin: 0px 0px 0px 20px; outline: 0px; padding: 0px; vertical-align: baseline;\">Flusso tirato, cio&egrave; il fabbisogno di attivit&agrave; &egrave; determinato dai reali consumi a valle<\/li>\n<p><\/p>\n<li style=\"box-sizing: border-box; border: 0px; font-family: inherit; font-style: inherit; font-weight: inherit; margin: 0px 0px 0px 20px; outline: 0px; padding: 0px; vertical-align: baseline;\">Tendere alla perfezione, cio&egrave; assumere la perfezione come riferimento per programmi di miglioramento continuo<\/li>\n<p><\/p>\n<li style=\"box-sizing: border-box; border: 0px; font-family: inherit; font-style: inherit; font-weight: inherit; margin: 0px 0px 0px 20px; outline: 0px; padding: 0px; vertical-align: baseline;\">Estendere i principi del lean thinking alla supply chain.<\/li>\n<p><\/ol>\n<p>Un&rsquo;azienda che fa queste scelte aumenta le vendite, la produttivit&agrave; e riduce i costi.<br style=\"box-sizing: border-box;\" \/>Quindi, diventa automaticamente molto pi&ugrave; competitiva sul mercato.<br \/>Ricordiamo, che punto fondamentale per il successo di questa trasformazione &egrave; che il capo dell&rsquo;azienda sia il &ldquo;primo&rdquo; esperto di Lean.<br \/>Se la spinta al miglioramento continuo non viene dall&rsquo;alto la % di fallimento dell&rsquo;implementazione del metodo &egrave; molto alta.<br \/>Ricordiamo anche che i numeri in azienda sono importantissimi, &egrave; quindi necessario dotarsi di un sistema di reporting e di controllo che fornisca indicatori utili al governo dell&rsquo;impresa.<\/p>\n","protected":false},"excerpt":{"rendered":"<p>Perch\u00e8 lavorare in ottica lean thinking pu\u00f2 portare molti benefici. Il caso di dEDIcated. L&#8217;eliminazione delle attivit\u00e0 a basso valore aggiunto e la creazione di flusso.<\/p>\n","protected":false},"author":10,"featured_media":0,"comment_status":"open","ping_status":"open","sticky":false,"template":"","format":"standard","meta":{"cybocfi_hide_featured_image":"","footnotes":""},"categories":[129],"tags":[6937,53467,53703,29692,12381,54765,54764],"class_list":["post-52336","post","type-post","status-publish","format-standard","hentry","category-aziende","tag-costi","tag-dedicated","tag-edi","tag-lean-thinking","tag-sprechi","tag-the-invisible-hand-srl","tag-value-stream"],"yoast_head":"<!-- This site is optimized with the Yoast SEO plugin v27.0 - https:\/\/yoast.com\/product\/yoast-seo-wordpress\/ -->\n<title>Perch\u00e8 dEDIcated ha scelto di lavorare in ottica lean thinking? - Article Marketing<\/title>\n<meta name=\"robots\" content=\"index, follow, max-snippet:-1, max-image-preview:large, max-video-preview:-1\" \/>\n<link rel=\"canonical\" href=\"https:\/\/www.article-marketing.eu\/comunicati\/economia-e-lavoro\/aziende\/perch\u00e8-dedicated-ha-scelto-di-lavorare-in-ottica-lean-thinking\/\" \/>\n<meta property=\"og:locale\" content=\"it_IT\" \/>\n<meta property=\"og:type\" content=\"article\" \/>\n<meta property=\"og:title\" content=\"Perch\u00e8 dEDIcated ha scelto di lavorare in ottica lean thinking? - Article Marketing\" \/>\n<meta property=\"og:description\" content=\"Perch\u00e8 lavorare in ottica lean thinking pu\u00f2 portare molti benefici. Il caso di dEDIcated. L&#039;eliminazione delle attivit\u00e0 a basso valore aggiunto e la creazione di flusso.\" \/>\n<meta property=\"og:url\" content=\"https:\/\/www.article-marketing.eu\/comunicati\/economia-e-lavoro\/aziende\/perch\u00e8-dedicated-ha-scelto-di-lavorare-in-ottica-lean-thinking\/\" \/>\n<meta property=\"og:site_name\" content=\"Article Marketing\" \/>\n<meta property=\"article:published_time\" content=\"2016-04-18T13:08:16+00:00\" \/>\n<meta name=\"author\" content=\"Redazione Comunicati Stampa\" \/>\n<meta name=\"twitter:card\" content=\"summary_large_image\" \/>\n<meta name=\"twitter:label1\" content=\"Scritto da\" \/>\n\t<meta name=\"twitter:data1\" content=\"Redazione Comunicati Stampa\" \/>\n\t<meta name=\"twitter:label2\" content=\"Tempo di lettura stimato\" \/>\n\t<meta name=\"twitter:data2\" content=\"2 minuti\" \/>\n<script type=\"application\/ld+json\" class=\"yoast-schema-graph\">{\"@context\":\"https:\/\/schema.org\",\"@graph\":[{\"@type\":\"Article\",\"@id\":\"https:\/\/www.article-marketing.eu\/comunicati\/economia-e-lavoro\/aziende\/perch%c3%a8-dedicated-ha-scelto-di-lavorare-in-ottica-lean-thinking\/#article\",\"isPartOf\":{\"@id\":\"https:\/\/www.article-marketing.eu\/comunicati\/economia-e-lavoro\/aziende\/perch%c3%a8-dedicated-ha-scelto-di-lavorare-in-ottica-lean-thinking\/\"},\"author\":{\"name\":\"Redazione Comunicati Stampa\",\"@id\":\"https:\/\/www.article-marketing.eu\/comunicati\/#\/schema\/person\/44372e4d4d0fa797b18e03ed1ace9017\"},\"headline\":\"Perch\u00e8 dEDIcated ha scelto di lavorare in ottica lean thinking?\",\"datePublished\":\"2016-04-18T13:08:16+00:00\",\"mainEntityOfPage\":{\"@id\":\"https:\/\/www.article-marketing.eu\/comunicati\/economia-e-lavoro\/aziende\/perch%c3%a8-dedicated-ha-scelto-di-lavorare-in-ottica-lean-thinking\/\"},\"wordCount\":431,\"commentCount\":0,\"keywords\":[\"costi\",\"dedicated\",\"edi\",\"lean thinking\",\"sprechi\",\"the invisible hand srl\",\"value stream\"],\"articleSection\":[\"Aziende\"],\"inLanguage\":\"it-IT\",\"potentialAction\":[{\"@type\":\"CommentAction\",\"name\":\"Comment\",\"target\":[\"https:\/\/www.article-marketing.eu\/comunicati\/economia-e-lavoro\/aziende\/perch%c3%a8-dedicated-ha-scelto-di-lavorare-in-ottica-lean-thinking\/#respond\"]}]},{\"@type\":\"WebPage\",\"@id\":\"https:\/\/www.article-marketing.eu\/comunicati\/economia-e-lavoro\/aziende\/perch%c3%a8-dedicated-ha-scelto-di-lavorare-in-ottica-lean-thinking\/\",\"url\":\"https:\/\/www.article-marketing.eu\/comunicati\/economia-e-lavoro\/aziende\/perch%c3%a8-dedicated-ha-scelto-di-lavorare-in-ottica-lean-thinking\/\",\"name\":\"Perch\u00e8 dEDIcated ha scelto di lavorare in ottica lean thinking? - Article Marketing\",\"isPartOf\":{\"@id\":\"https:\/\/www.article-marketing.eu\/comunicati\/#website\"},\"datePublished\":\"2016-04-18T13:08:16+00:00\",\"author\":{\"@id\":\"https:\/\/www.article-marketing.eu\/comunicati\/#\/schema\/person\/44372e4d4d0fa797b18e03ed1ace9017\"},\"breadcrumb\":{\"@id\":\"https:\/\/www.article-marketing.eu\/comunicati\/economia-e-lavoro\/aziende\/perch%c3%a8-dedicated-ha-scelto-di-lavorare-in-ottica-lean-thinking\/#breadcrumb\"},\"inLanguage\":\"it-IT\",\"potentialAction\":[{\"@type\":\"ReadAction\",\"target\":[\"https:\/\/www.article-marketing.eu\/comunicati\/economia-e-lavoro\/aziende\/perch%c3%a8-dedicated-ha-scelto-di-lavorare-in-ottica-lean-thinking\/\"]}]},{\"@type\":\"BreadcrumbList\",\"@id\":\"https:\/\/www.article-marketing.eu\/comunicati\/economia-e-lavoro\/aziende\/perch%c3%a8-dedicated-ha-scelto-di-lavorare-in-ottica-lean-thinking\/#breadcrumb\",\"itemListElement\":[{\"@type\":\"ListItem\",\"position\":1,\"name\":\"Home\",\"item\":\"https:\/\/www.article-marketing.eu\/comunicati\/\"},{\"@type\":\"ListItem\",\"position\":2,\"name\":\"Perch\u00e8 dEDIcated ha scelto di lavorare in ottica lean thinking?\"}]},{\"@type\":\"WebSite\",\"@id\":\"https:\/\/www.article-marketing.eu\/comunicati\/#website\",\"url\":\"https:\/\/www.article-marketing.eu\/comunicati\/\",\"name\":\"Article Marketing\",\"description\":\"article marketing &amp; press release\",\"potentialAction\":[{\"@type\":\"SearchAction\",\"target\":{\"@type\":\"EntryPoint\",\"urlTemplate\":\"https:\/\/www.article-marketing.eu\/comunicati\/?s={search_term_string}\"},\"query-input\":{\"@type\":\"PropertyValueSpecification\",\"valueRequired\":true,\"valueName\":\"search_term_string\"}}],\"inLanguage\":\"it-IT\"},{\"@type\":\"Person\",\"@id\":\"https:\/\/www.article-marketing.eu\/comunicati\/#\/schema\/person\/44372e4d4d0fa797b18e03ed1ace9017\",\"name\":\"Redazione Comunicati Stampa\",\"image\":{\"@type\":\"ImageObject\",\"inLanguage\":\"it-IT\",\"@id\":\"https:\/\/www.article-marketing.eu\/comunicati\/#\/schema\/person\/image\/\",\"url\":\"https:\/\/secure.gravatar.com\/avatar\/50e5c6421d3072f42e7ace803501602c60d75233d34e29fd05feb91c8760b792?s=96&d=mm&r=g\",\"contentUrl\":\"https:\/\/secure.gravatar.com\/avatar\/50e5c6421d3072f42e7ace803501602c60d75233d34e29fd05feb91c8760b792?s=96&d=mm&r=g\",\"caption\":\"Redazione Comunicati Stampa\"},\"url\":\"https:\/\/www.article-marketing.eu\/comunicati\/author\/redazione-comunicati-stampa\/\"}]}<\/script>\n<!-- \/ Yoast SEO plugin. -->","yoast_head_json":{"title":"Perch\u00e8 dEDIcated ha scelto di lavorare in ottica lean thinking? - Article Marketing","robots":{"index":"index","follow":"follow","max-snippet":"max-snippet:-1","max-image-preview":"max-image-preview:large","max-video-preview":"max-video-preview:-1"},"canonical":"https:\/\/www.article-marketing.eu\/comunicati\/economia-e-lavoro\/aziende\/perch\u00e8-dedicated-ha-scelto-di-lavorare-in-ottica-lean-thinking\/","og_locale":"it_IT","og_type":"article","og_title":"Perch\u00e8 dEDIcated ha scelto di lavorare in ottica lean thinking? - Article Marketing","og_description":"Perch\u00e8 lavorare in ottica lean thinking pu\u00f2 portare molti benefici. Il caso di dEDIcated. L'eliminazione delle attivit\u00e0 a basso valore aggiunto e la creazione di flusso.","og_url":"https:\/\/www.article-marketing.eu\/comunicati\/economia-e-lavoro\/aziende\/perch\u00e8-dedicated-ha-scelto-di-lavorare-in-ottica-lean-thinking\/","og_site_name":"Article Marketing","article_published_time":"2016-04-18T13:08:16+00:00","author":"Redazione Comunicati Stampa","twitter_card":"summary_large_image","twitter_misc":{"Scritto da":"Redazione Comunicati Stampa","Tempo di lettura stimato":"2 minuti"},"schema":{"@context":"https:\/\/schema.org","@graph":[{"@type":"Article","@id":"https:\/\/www.article-marketing.eu\/comunicati\/economia-e-lavoro\/aziende\/perch%c3%a8-dedicated-ha-scelto-di-lavorare-in-ottica-lean-thinking\/#article","isPartOf":{"@id":"https:\/\/www.article-marketing.eu\/comunicati\/economia-e-lavoro\/aziende\/perch%c3%a8-dedicated-ha-scelto-di-lavorare-in-ottica-lean-thinking\/"},"author":{"name":"Redazione Comunicati Stampa","@id":"https:\/\/www.article-marketing.eu\/comunicati\/#\/schema\/person\/44372e4d4d0fa797b18e03ed1ace9017"},"headline":"Perch\u00e8 dEDIcated ha scelto di lavorare in ottica lean thinking?","datePublished":"2016-04-18T13:08:16+00:00","mainEntityOfPage":{"@id":"https:\/\/www.article-marketing.eu\/comunicati\/economia-e-lavoro\/aziende\/perch%c3%a8-dedicated-ha-scelto-di-lavorare-in-ottica-lean-thinking\/"},"wordCount":431,"commentCount":0,"keywords":["costi","dedicated","edi","lean thinking","sprechi","the invisible hand srl","value stream"],"articleSection":["Aziende"],"inLanguage":"it-IT","potentialAction":[{"@type":"CommentAction","name":"Comment","target":["https:\/\/www.article-marketing.eu\/comunicati\/economia-e-lavoro\/aziende\/perch%c3%a8-dedicated-ha-scelto-di-lavorare-in-ottica-lean-thinking\/#respond"]}]},{"@type":"WebPage","@id":"https:\/\/www.article-marketing.eu\/comunicati\/economia-e-lavoro\/aziende\/perch%c3%a8-dedicated-ha-scelto-di-lavorare-in-ottica-lean-thinking\/","url":"https:\/\/www.article-marketing.eu\/comunicati\/economia-e-lavoro\/aziende\/perch%c3%a8-dedicated-ha-scelto-di-lavorare-in-ottica-lean-thinking\/","name":"Perch\u00e8 dEDIcated ha scelto di lavorare in ottica lean thinking? - Article Marketing","isPartOf":{"@id":"https:\/\/www.article-marketing.eu\/comunicati\/#website"},"datePublished":"2016-04-18T13:08:16+00:00","author":{"@id":"https:\/\/www.article-marketing.eu\/comunicati\/#\/schema\/person\/44372e4d4d0fa797b18e03ed1ace9017"},"breadcrumb":{"@id":"https:\/\/www.article-marketing.eu\/comunicati\/economia-e-lavoro\/aziende\/perch%c3%a8-dedicated-ha-scelto-di-lavorare-in-ottica-lean-thinking\/#breadcrumb"},"inLanguage":"it-IT","potentialAction":[{"@type":"ReadAction","target":["https:\/\/www.article-marketing.eu\/comunicati\/economia-e-lavoro\/aziende\/perch%c3%a8-dedicated-ha-scelto-di-lavorare-in-ottica-lean-thinking\/"]}]},{"@type":"BreadcrumbList","@id":"https:\/\/www.article-marketing.eu\/comunicati\/economia-e-lavoro\/aziende\/perch%c3%a8-dedicated-ha-scelto-di-lavorare-in-ottica-lean-thinking\/#breadcrumb","itemListElement":[{"@type":"ListItem","position":1,"name":"Home","item":"https:\/\/www.article-marketing.eu\/comunicati\/"},{"@type":"ListItem","position":2,"name":"Perch\u00e8 dEDIcated ha scelto di lavorare in ottica lean thinking?"}]},{"@type":"WebSite","@id":"https:\/\/www.article-marketing.eu\/comunicati\/#website","url":"https:\/\/www.article-marketing.eu\/comunicati\/","name":"Article Marketing","description":"article marketing &amp; press release","potentialAction":[{"@type":"SearchAction","target":{"@type":"EntryPoint","urlTemplate":"https:\/\/www.article-marketing.eu\/comunicati\/?s={search_term_string}"},"query-input":{"@type":"PropertyValueSpecification","valueRequired":true,"valueName":"search_term_string"}}],"inLanguage":"it-IT"},{"@type":"Person","@id":"https:\/\/www.article-marketing.eu\/comunicati\/#\/schema\/person\/44372e4d4d0fa797b18e03ed1ace9017","name":"Redazione Comunicati Stampa","image":{"@type":"ImageObject","inLanguage":"it-IT","@id":"https:\/\/www.article-marketing.eu\/comunicati\/#\/schema\/person\/image\/","url":"https:\/\/secure.gravatar.com\/avatar\/50e5c6421d3072f42e7ace803501602c60d75233d34e29fd05feb91c8760b792?s=96&d=mm&r=g","contentUrl":"https:\/\/secure.gravatar.com\/avatar\/50e5c6421d3072f42e7ace803501602c60d75233d34e29fd05feb91c8760b792?s=96&d=mm&r=g","caption":"Redazione Comunicati Stampa"},"url":"https:\/\/www.article-marketing.eu\/comunicati\/author\/redazione-comunicati-stampa\/"}]}},"_links":{"self":[{"href":"https:\/\/www.article-marketing.eu\/comunicati\/wp-json\/wp\/v2\/posts\/52336","targetHints":{"allow":["GET"]}}],"collection":[{"href":"https:\/\/www.article-marketing.eu\/comunicati\/wp-json\/wp\/v2\/posts"}],"about":[{"href":"https:\/\/www.article-marketing.eu\/comunicati\/wp-json\/wp\/v2\/types\/post"}],"author":[{"embeddable":true,"href":"https:\/\/www.article-marketing.eu\/comunicati\/wp-json\/wp\/v2\/users\/10"}],"replies":[{"embeddable":true,"href":"https:\/\/www.article-marketing.eu\/comunicati\/wp-json\/wp\/v2\/comments?post=52336"}],"version-history":[{"count":0,"href":"https:\/\/www.article-marketing.eu\/comunicati\/wp-json\/wp\/v2\/posts\/52336\/revisions"}],"wp:attachment":[{"href":"https:\/\/www.article-marketing.eu\/comunicati\/wp-json\/wp\/v2\/media?parent=52336"}],"wp:term":[{"taxonomy":"category","embeddable":true,"href":"https:\/\/www.article-marketing.eu\/comunicati\/wp-json\/wp\/v2\/categories?post=52336"},{"taxonomy":"post_tag","embeddable":true,"href":"https:\/\/www.article-marketing.eu\/comunicati\/wp-json\/wp\/v2\/tags?post=52336"}],"curies":[{"name":"wp","href":"https:\/\/api.w.org\/{rel}","templated":true}]}}