{"id":5241,"date":"2010-05-26T12:17:45","date_gmt":"2010-05-26T10:17:45","guid":{"rendered":"http:\/\/www.article-marketing.eu\/comunicati\/senza-categoria\/arriva-packology-salone-delle-tecnologie-perpackaging-e-il-processing-di-rimini\/"},"modified":"2010-05-26T12:17:45","modified_gmt":"2010-05-26T10:17:45","slug":"arriva-packology-salone-delle-tecnologie-perpackaging-e-il-processing-di-rimini","status":"publish","type":"post","link":"https:\/\/www.article-marketing.eu\/comunicati\/comunicati-stampa\/eventi\/arriva-packology-salone-delle-tecnologie-perpackaging-e-il-processing-di-rimini\/","title":{"rendered":"Arriva Packology, salone delle tecnologie perpackaging e il processing di Rimini"},"content":{"rendered":"<p><strong>La Fiera di Rinimi<\/strong> sar\u00e0 teatro del primo evento tutto dedicato a packaging e processi produttivi, in un grande evento con ben 180 espositori, per una grande area espositiva di 30 mila metri quadri. Organizzata, oltre che da <strong>Rimini Fiere<\/strong>, anche da <strong>UCIMA<\/strong>, render\u00e0 possibile ai visitatori la visione dei macchinari dedicati al confezionamento di differenti prodotti, divisi per macro aree.<\/p>\n<p> Le 4 aree espositive saranno infatti: settore chimico, settore alimentare, settore beverage e imballaggi per logistica. In tali aree saranno in evidenza i pi\u00f9 moderni macchinari dedicati al processamento dei prodotti nelle catene automatizzate, al 90%, grazie a robot molto complessi.<\/p>\n<p>Il <strong>packaging <\/strong>infatti, come molti sanno, rappresenta sempre di pi\u00f9 uno step fondamentale nel marketing e nel market-placement di un prodotto. La <strong>scatola <\/strong>deve comunicare molte cose, e non solo cosa contiene. Tramite la confezione, i marchi pi\u00f9 prestigiosi vogliono comunicare al cliente finale che il prodotto \u00e8 quello adatto a loro, il migliore, il pi\u00f9 curato. Il packaging e la sua importanza sono rilevabili tutti i giorni semplicemente <strong>facendo la spesa al supermercato<\/strong>, quando tra gli <a href=\"http:\/\/www.brescancin.it\" title=\"Scaffali e scaffalature\"><strong>scaffali <\/strong><\/a>troviamo mille marche diverse per il medesimo prodotto, come il latte, che nella fattispecie \u00e8 propio uno dei prodotti in cui il packaging si \u00e8 rivoluzionato maggiormente. Ricordiamo ad esempio il tetra pack, invenzione tutta italiana che si \u00e8 evoluto negli anni fino al pack con tappo in plastica, presente ormai negli scaffali anche delle pi\u00f9 piccole botteghe, che di fatto \u00e8 un packaging estremamente complesso per un prodotto semplicissimo!<\/p>\n<p>Ma il <strong>packaging <\/strong>non riverte un ruolo importante solo per i beni alimentari negli scaffali del supermercato, pensiamo infatti ad oggetti tecnologici come i cellulari: la loro confezione deve contemporaneamente assolvere a moltissimi scopi: deve proteggere il contenuto dagli urti, deve essere estremamente gradevole e curata e valorizzare al massimo il bene per incrementare le vendite ed aumentare il valore percepito dal cliente.<\/p>\n<p>Per contro, non possiamo escludere i danni che un packaging eccessivo e selvaggio come quello di oggi crea all&#8217;ambiente. In un solo giorno una mersona pu\u00f2 produrre anche 1 kg di immondizia semplicemente per ci\u00f2 che mangia, e proprio per questo spero vivamente che al nuovo salone verranno proposte soluzioni che tengano conto della natura e delle problematiche che il consumismo sfrenato causa, anche a causa del packaging. Il sito della manifestazione \u00e8 http:\/\/www.packologyexpo.com\/.<\/p>\n<p>Chiaramente \u00e8 compreso un grande programma ricco di convegni, seminari e work-shop grazie ai quali PACKOLOGY si guadagner\u00e0 l&#8217;autorevolezza di un evento formativo estremamente gradito ed utile non solo ai tecnici del settore ma anche alle aziende che devono improntare il proprio business in concomitanza con fattori importanti quali i processi di packaging. Nell&#8217;evento saranno infatti coinvolte GDO, multinazionali e responsabili nella<br \/>\nricerca.<\/p>\n<p>Sono attesi visitatori da tutta Europa, in quanto questo settore di nicchia seppur in continua evoluzione non ha ancora visto eventi di questa portata in passato, e l&#8217;Italia come sempre vuole primeggiare offrendo la massima qualit\u00e0 non solo nella sostanza ma anche nella forma, con esposizioni di alto livello ed i massimi esperti relatori.<\/p><\/p>\n","protected":false},"excerpt":{"rendered":"<p>Durer\u00e0 dall&#8217;8 all&#8217;11 giugno e sar\u00e0 la prima fiera dedicata al packaging ed all&#8217;innovazione dei processi produttivi. 180 aziende e 30 000 metri quadri di idee.<\/p>\n","protected":false},"author":10,"featured_media":0,"comment_status":"open","ping_status":"open","sticky":false,"template":"","format":"standard","meta":{"cybocfi_hide_featured_image":"","footnotes":""},"categories":[388],"tags":[6637,10375,14748],"class_list":["post-5241","post","type-post","status-publish","format-standard","hentry","category-eventi","tag-packaging","tag-scaffali","tag-supermercati"],"yoast_head":"<!-- This site is optimized with the Yoast SEO plugin v27.0 - https:\/\/yoast.com\/product\/yoast-seo-wordpress\/ -->\n<title>Arriva Packology, salone delle tecnologie perpackaging e il processing di Rimini - Article Marketing<\/title>\n<meta name=\"robots\" content=\"index, follow, max-snippet:-1, max-image-preview:large, max-video-preview:-1\" \/>\n<link rel=\"canonical\" href=\"https:\/\/www.article-marketing.eu\/comunicati\/comunicati-stampa\/eventi\/arriva-packology-salone-delle-tecnologie-perpackaging-e-il-processing-di-rimini\/\" \/>\n<meta property=\"og:locale\" content=\"it_IT\" \/>\n<meta property=\"og:type\" content=\"article\" \/>\n<meta property=\"og:title\" content=\"Arriva Packology, salone delle tecnologie perpackaging e il processing di Rimini - Article Marketing\" \/>\n<meta property=\"og:description\" content=\"Durer\u00e0 dall&#039;8 all&#039;11 giugno e sar\u00e0 la prima fiera dedicata al packaging ed all&#039;innovazione dei processi produttivi. 180 aziende e 30 000 metri quadri di idee.\" \/>\n<meta property=\"og:url\" content=\"https:\/\/www.article-marketing.eu\/comunicati\/comunicati-stampa\/eventi\/arriva-packology-salone-delle-tecnologie-perpackaging-e-il-processing-di-rimini\/\" \/>\n<meta property=\"og:site_name\" content=\"Article Marketing\" \/>\n<meta property=\"article:published_time\" content=\"2010-05-26T10:17:45+00:00\" \/>\n<meta name=\"author\" content=\"Redazione Comunicati Stampa\" \/>\n<meta name=\"twitter:card\" content=\"summary_large_image\" \/>\n<meta name=\"twitter:label1\" content=\"Scritto da\" \/>\n\t<meta name=\"twitter:data1\" content=\"Redazione Comunicati Stampa\" \/>\n\t<meta name=\"twitter:label2\" content=\"Tempo di lettura stimato\" \/>\n\t<meta name=\"twitter:data2\" content=\"2 minuti\" \/>\n<script type=\"application\/ld+json\" class=\"yoast-schema-graph\">{\"@context\":\"https:\/\/schema.org\",\"@graph\":[{\"@type\":\"Article\",\"@id\":\"https:\/\/www.article-marketing.eu\/comunicati\/comunicati-stampa\/eventi\/arriva-packology-salone-delle-tecnologie-perpackaging-e-il-processing-di-rimini\/#article\",\"isPartOf\":{\"@id\":\"https:\/\/www.article-marketing.eu\/comunicati\/comunicati-stampa\/eventi\/arriva-packology-salone-delle-tecnologie-perpackaging-e-il-processing-di-rimini\/\"},\"author\":{\"name\":\"Redazione Comunicati Stampa\",\"@id\":\"https:\/\/www.article-marketing.eu\/comunicati\/#\/schema\/person\/44372e4d4d0fa797b18e03ed1ace9017\"},\"headline\":\"Arriva Packology, salone delle tecnologie perpackaging e il processing di Rimini\",\"datePublished\":\"2010-05-26T10:17:45+00:00\",\"mainEntityOfPage\":{\"@id\":\"https:\/\/www.article-marketing.eu\/comunicati\/comunicati-stampa\/eventi\/arriva-packology-salone-delle-tecnologie-perpackaging-e-il-processing-di-rimini\/\"},\"wordCount\":506,\"commentCount\":0,\"keywords\":[\"packaging\",\"scaffali\",\"supermercati\"],\"articleSection\":[\"Eventi\"],\"inLanguage\":\"it-IT\",\"potentialAction\":[{\"@type\":\"CommentAction\",\"name\":\"Comment\",\"target\":[\"https:\/\/www.article-marketing.eu\/comunicati\/comunicati-stampa\/eventi\/arriva-packology-salone-delle-tecnologie-perpackaging-e-il-processing-di-rimini\/#respond\"]}]},{\"@type\":\"WebPage\",\"@id\":\"https:\/\/www.article-marketing.eu\/comunicati\/comunicati-stampa\/eventi\/arriva-packology-salone-delle-tecnologie-perpackaging-e-il-processing-di-rimini\/\",\"url\":\"https:\/\/www.article-marketing.eu\/comunicati\/comunicati-stampa\/eventi\/arriva-packology-salone-delle-tecnologie-perpackaging-e-il-processing-di-rimini\/\",\"name\":\"Arriva Packology, salone delle tecnologie perpackaging e il processing di Rimini - Article Marketing\",\"isPartOf\":{\"@id\":\"https:\/\/www.article-marketing.eu\/comunicati\/#website\"},\"datePublished\":\"2010-05-26T10:17:45+00:00\",\"author\":{\"@id\":\"https:\/\/www.article-marketing.eu\/comunicati\/#\/schema\/person\/44372e4d4d0fa797b18e03ed1ace9017\"},\"breadcrumb\":{\"@id\":\"https:\/\/www.article-marketing.eu\/comunicati\/comunicati-stampa\/eventi\/arriva-packology-salone-delle-tecnologie-perpackaging-e-il-processing-di-rimini\/#breadcrumb\"},\"inLanguage\":\"it-IT\",\"potentialAction\":[{\"@type\":\"ReadAction\",\"target\":[\"https:\/\/www.article-marketing.eu\/comunicati\/comunicati-stampa\/eventi\/arriva-packology-salone-delle-tecnologie-perpackaging-e-il-processing-di-rimini\/\"]}]},{\"@type\":\"BreadcrumbList\",\"@id\":\"https:\/\/www.article-marketing.eu\/comunicati\/comunicati-stampa\/eventi\/arriva-packology-salone-delle-tecnologie-perpackaging-e-il-processing-di-rimini\/#breadcrumb\",\"itemListElement\":[{\"@type\":\"ListItem\",\"position\":1,\"name\":\"Home\",\"item\":\"https:\/\/www.article-marketing.eu\/comunicati\/\"},{\"@type\":\"ListItem\",\"position\":2,\"name\":\"Arriva Packology, salone delle tecnologie perpackaging e il processing di Rimini\"}]},{\"@type\":\"WebSite\",\"@id\":\"https:\/\/www.article-marketing.eu\/comunicati\/#website\",\"url\":\"https:\/\/www.article-marketing.eu\/comunicati\/\",\"name\":\"Article Marketing\",\"description\":\"article marketing &amp; press release\",\"potentialAction\":[{\"@type\":\"SearchAction\",\"target\":{\"@type\":\"EntryPoint\",\"urlTemplate\":\"https:\/\/www.article-marketing.eu\/comunicati\/?s={search_term_string}\"},\"query-input\":{\"@type\":\"PropertyValueSpecification\",\"valueRequired\":true,\"valueName\":\"search_term_string\"}}],\"inLanguage\":\"it-IT\"},{\"@type\":\"Person\",\"@id\":\"https:\/\/www.article-marketing.eu\/comunicati\/#\/schema\/person\/44372e4d4d0fa797b18e03ed1ace9017\",\"name\":\"Redazione Comunicati Stampa\",\"image\":{\"@type\":\"ImageObject\",\"inLanguage\":\"it-IT\",\"@id\":\"https:\/\/www.article-marketing.eu\/comunicati\/#\/schema\/person\/image\/\",\"url\":\"https:\/\/secure.gravatar.com\/avatar\/50e5c6421d3072f42e7ace803501602c60d75233d34e29fd05feb91c8760b792?s=96&d=mm&r=g\",\"contentUrl\":\"https:\/\/secure.gravatar.com\/avatar\/50e5c6421d3072f42e7ace803501602c60d75233d34e29fd05feb91c8760b792?s=96&d=mm&r=g\",\"caption\":\"Redazione Comunicati Stampa\"},\"url\":\"https:\/\/www.article-marketing.eu\/comunicati\/author\/redazione-comunicati-stampa\/\"}]}<\/script>\n<!-- \/ Yoast SEO plugin. -->","yoast_head_json":{"title":"Arriva Packology, salone delle tecnologie perpackaging e il processing di Rimini - Article Marketing","robots":{"index":"index","follow":"follow","max-snippet":"max-snippet:-1","max-image-preview":"max-image-preview:large","max-video-preview":"max-video-preview:-1"},"canonical":"https:\/\/www.article-marketing.eu\/comunicati\/comunicati-stampa\/eventi\/arriva-packology-salone-delle-tecnologie-perpackaging-e-il-processing-di-rimini\/","og_locale":"it_IT","og_type":"article","og_title":"Arriva Packology, salone delle tecnologie perpackaging e il processing di Rimini - Article Marketing","og_description":"Durer\u00e0 dall'8 all'11 giugno e sar\u00e0 la prima fiera dedicata al packaging ed all'innovazione dei processi produttivi. 180 aziende e 30 000 metri quadri di idee.","og_url":"https:\/\/www.article-marketing.eu\/comunicati\/comunicati-stampa\/eventi\/arriva-packology-salone-delle-tecnologie-perpackaging-e-il-processing-di-rimini\/","og_site_name":"Article Marketing","article_published_time":"2010-05-26T10:17:45+00:00","author":"Redazione Comunicati Stampa","twitter_card":"summary_large_image","twitter_misc":{"Scritto da":"Redazione Comunicati Stampa","Tempo di lettura stimato":"2 minuti"},"schema":{"@context":"https:\/\/schema.org","@graph":[{"@type":"Article","@id":"https:\/\/www.article-marketing.eu\/comunicati\/comunicati-stampa\/eventi\/arriva-packology-salone-delle-tecnologie-perpackaging-e-il-processing-di-rimini\/#article","isPartOf":{"@id":"https:\/\/www.article-marketing.eu\/comunicati\/comunicati-stampa\/eventi\/arriva-packology-salone-delle-tecnologie-perpackaging-e-il-processing-di-rimini\/"},"author":{"name":"Redazione Comunicati Stampa","@id":"https:\/\/www.article-marketing.eu\/comunicati\/#\/schema\/person\/44372e4d4d0fa797b18e03ed1ace9017"},"headline":"Arriva Packology, salone delle tecnologie perpackaging e il processing di Rimini","datePublished":"2010-05-26T10:17:45+00:00","mainEntityOfPage":{"@id":"https:\/\/www.article-marketing.eu\/comunicati\/comunicati-stampa\/eventi\/arriva-packology-salone-delle-tecnologie-perpackaging-e-il-processing-di-rimini\/"},"wordCount":506,"commentCount":0,"keywords":["packaging","scaffali","supermercati"],"articleSection":["Eventi"],"inLanguage":"it-IT","potentialAction":[{"@type":"CommentAction","name":"Comment","target":["https:\/\/www.article-marketing.eu\/comunicati\/comunicati-stampa\/eventi\/arriva-packology-salone-delle-tecnologie-perpackaging-e-il-processing-di-rimini\/#respond"]}]},{"@type":"WebPage","@id":"https:\/\/www.article-marketing.eu\/comunicati\/comunicati-stampa\/eventi\/arriva-packology-salone-delle-tecnologie-perpackaging-e-il-processing-di-rimini\/","url":"https:\/\/www.article-marketing.eu\/comunicati\/comunicati-stampa\/eventi\/arriva-packology-salone-delle-tecnologie-perpackaging-e-il-processing-di-rimini\/","name":"Arriva Packology, salone delle tecnologie perpackaging e il processing di Rimini - Article Marketing","isPartOf":{"@id":"https:\/\/www.article-marketing.eu\/comunicati\/#website"},"datePublished":"2010-05-26T10:17:45+00:00","author":{"@id":"https:\/\/www.article-marketing.eu\/comunicati\/#\/schema\/person\/44372e4d4d0fa797b18e03ed1ace9017"},"breadcrumb":{"@id":"https:\/\/www.article-marketing.eu\/comunicati\/comunicati-stampa\/eventi\/arriva-packology-salone-delle-tecnologie-perpackaging-e-il-processing-di-rimini\/#breadcrumb"},"inLanguage":"it-IT","potentialAction":[{"@type":"ReadAction","target":["https:\/\/www.article-marketing.eu\/comunicati\/comunicati-stampa\/eventi\/arriva-packology-salone-delle-tecnologie-perpackaging-e-il-processing-di-rimini\/"]}]},{"@type":"BreadcrumbList","@id":"https:\/\/www.article-marketing.eu\/comunicati\/comunicati-stampa\/eventi\/arriva-packology-salone-delle-tecnologie-perpackaging-e-il-processing-di-rimini\/#breadcrumb","itemListElement":[{"@type":"ListItem","position":1,"name":"Home","item":"https:\/\/www.article-marketing.eu\/comunicati\/"},{"@type":"ListItem","position":2,"name":"Arriva Packology, salone delle tecnologie perpackaging e il processing di Rimini"}]},{"@type":"WebSite","@id":"https:\/\/www.article-marketing.eu\/comunicati\/#website","url":"https:\/\/www.article-marketing.eu\/comunicati\/","name":"Article Marketing","description":"article marketing &amp; press release","potentialAction":[{"@type":"SearchAction","target":{"@type":"EntryPoint","urlTemplate":"https:\/\/www.article-marketing.eu\/comunicati\/?s={search_term_string}"},"query-input":{"@type":"PropertyValueSpecification","valueRequired":true,"valueName":"search_term_string"}}],"inLanguage":"it-IT"},{"@type":"Person","@id":"https:\/\/www.article-marketing.eu\/comunicati\/#\/schema\/person\/44372e4d4d0fa797b18e03ed1ace9017","name":"Redazione Comunicati Stampa","image":{"@type":"ImageObject","inLanguage":"it-IT","@id":"https:\/\/www.article-marketing.eu\/comunicati\/#\/schema\/person\/image\/","url":"https:\/\/secure.gravatar.com\/avatar\/50e5c6421d3072f42e7ace803501602c60d75233d34e29fd05feb91c8760b792?s=96&d=mm&r=g","contentUrl":"https:\/\/secure.gravatar.com\/avatar\/50e5c6421d3072f42e7ace803501602c60d75233d34e29fd05feb91c8760b792?s=96&d=mm&r=g","caption":"Redazione Comunicati Stampa"},"url":"https:\/\/www.article-marketing.eu\/comunicati\/author\/redazione-comunicati-stampa\/"}]}},"_links":{"self":[{"href":"https:\/\/www.article-marketing.eu\/comunicati\/wp-json\/wp\/v2\/posts\/5241","targetHints":{"allow":["GET"]}}],"collection":[{"href":"https:\/\/www.article-marketing.eu\/comunicati\/wp-json\/wp\/v2\/posts"}],"about":[{"href":"https:\/\/www.article-marketing.eu\/comunicati\/wp-json\/wp\/v2\/types\/post"}],"author":[{"embeddable":true,"href":"https:\/\/www.article-marketing.eu\/comunicati\/wp-json\/wp\/v2\/users\/10"}],"replies":[{"embeddable":true,"href":"https:\/\/www.article-marketing.eu\/comunicati\/wp-json\/wp\/v2\/comments?post=5241"}],"version-history":[{"count":0,"href":"https:\/\/www.article-marketing.eu\/comunicati\/wp-json\/wp\/v2\/posts\/5241\/revisions"}],"wp:attachment":[{"href":"https:\/\/www.article-marketing.eu\/comunicati\/wp-json\/wp\/v2\/media?parent=5241"}],"wp:term":[{"taxonomy":"category","embeddable":true,"href":"https:\/\/www.article-marketing.eu\/comunicati\/wp-json\/wp\/v2\/categories?post=5241"},{"taxonomy":"post_tag","embeddable":true,"href":"https:\/\/www.article-marketing.eu\/comunicati\/wp-json\/wp\/v2\/tags?post=5241"}],"curies":[{"name":"wp","href":"https:\/\/api.w.org\/{rel}","templated":true}]}}