{"id":52448,"date":"2016-04-27T18:23:01","date_gmt":"2016-04-27T16:23:01","guid":{"rendered":"http:\/\/www.article-marketing.eu\/comunicati\/senza-categoria\/vacanze-a-giugno-jesolo-%25c3%25a8-la-scelta-ideale_3\/"},"modified":"2020-08-10T01:21:11","modified_gmt":"2020-08-09T23:21:11","slug":"vacanze-a-giugno-jesolo-%25c3%25a8-la-scelta-ideale_3","status":"publish","type":"post","link":"https:\/\/www.article-marketing.eu\/comunicati\/viaggi-e-vacanze\/hotels-ed-alberghi\/vacanze-a-giugno-jesolo-%25c3%25a8-la-scelta-ideale_3\/","title":{"rendered":"Vacanze a Giugno: Jesolo \u00e8 la scelta ideale"},"content":{"rendered":"<p>Scegliere le vacanze a giugno &egrave; una scelta intelligente e di qualit&agrave;. Si tratta di un&rsquo;ottica diversa, improntata al vero relax, alla tranquillit&agrave; e al risparmio. Ebbene s&igrave;, giugno &egrave; la porta aperta alla vera estate, &egrave; l&rsquo;ingresso maestro alla stagione estiva. <br style=\"font-family: Verdana, Arial, Helvetica; font-size: 13px;\" \/><br style=\"font-family: Verdana, Arial, Helvetica; font-size: 13px;\" \/>A giugno finiscono le scuole, e soprattutto le famiglie prendono in considerazione di concedersi il meritato relax in questo mese. Dopo la sfacchinata dell&rsquo;inverno, la scuola, la famiglia, i bimbi da scarrozzare su e gi&ugrave; per le loro attivit&agrave; sportive post scuola, organizza i tempi fra il proprio lavoro e la scuola, una volta terminata la folle organizzazione ed operativit&agrave; invernale, i genitori amano questo momento di tregua. Si tratta di una scelta dettata dalla stanchezza, dal bisogno di uno stop, ma , dettata anche di sicuro dalla possibilit&agrave; di risparmiare un pochino.<br style=\"font-family: Verdana, Arial, Helvetica; font-size: 13px;\" \/><br style=\"font-family: Verdana, Arial, Helvetica; font-size: 13px;\" \/>Gli hotels, e soprattutto gli <a href=\"http:\/\/www.hoteltorinojesolo.it\/offerte.html\" title=\"offerta giugno Jesolo , bimbi gratis\">hotels 3 selle in zone di mare come Jesolo<\/a>, dedicano una buona parte della loro attivit&agrave; di marketing proprio alla famiglia e al mese di giugno. Un mese dove le famiglie riescono ad usufruire di servizi di qualit&agrave; elevata, pur a prezzi decisamente economici. <br style=\"font-family: Verdana, Arial, Helvetica; font-size: 13px;\" \/><br style=\"font-family: Verdana, Arial, Helvetica; font-size: 13px;\" \/>Non si deve pensare di trovare meno qualit&agrave; offerta nei mesi di bassa, media stagione, anzi, lo standard &egrave; spesso identico all&rsquo;altissima stagione, ma con un ritmo pi&ugrave; equilibrato e rilassato, e con maggior tempo per l&rsquo;albergatore di dedicarsi al cliente e alla fidelizzazione. Un tratto fondamentale del turismo della media, bassa stagione &egrave; infatti l&rsquo;alto tasso di fidelizzazione : si tratta di famiglie che, se si trovano bene in una struttura, se si sentono a casa in un albergo, finch&egrave; i bambini non crescono tendono a ritornare.<br style=\"font-family: Verdana, Arial, Helvetica; font-size: 13px;\" \/><br style=\"font-family: Verdana, Arial, Helvetica; font-size: 13px;\" \/>La vacanza a Giugno, e soprattutto al mare a Jesolo, &egrave; come andare , per molti genitori con i bimbi, nella casa al mare, &egrave; come ritrovarsi ogni anno, concedersi quella settimana di scago, ritrovando magari altri clienti con cui si ha fatto amicizia l&rsquo;anno precedente. Sembra assurdo, ma succede cos&igrave; : l&rsquo;atmosfera negli alberghi a Jesolo, a giugno ha il sapore della casa, ha il gusto della famiglia, ha il prfumo dei bimbi, del latte fresco, ha il suono delle voci squillanti e dei sorrisi dei baby guests.<br style=\"font-family: Verdana, Arial, Helvetica; font-size: 13px;\" \/><br style=\"font-family: Verdana, Arial, Helvetica; font-size: 13px;\" \/>Ci&ograve; non toglie che la vacanza a giugno non possa essere anche divertimento e spasso, dato che la spiaggia di jesolo, ad esempio, propone, a parte la classica movida che &egrave; gi&agrave; attiva in bassa stagione, eventi come il Full Moon Dj festival , un incontro strepitoso di dj che suonano , sulla spiaggia del faro, location di grande impatto visivo, la musica elettronica del momento. Giugno non &egrave; solo il mese della famiglie, ma &egrave; la porta maestra al relax e al divertimento estivo.<br style=\"font-family: Verdana, Arial, Helvetica; font-size: 13px;\" \/><br style=\"font-family: Verdana, Arial, Helvetica; font-size: 13px;\" \/>Meditate gente, meditate! Divertimento, qualit&agrave; dei servizi e prezzi economici !<\/p>\n","protected":false},"excerpt":{"rendered":"<p>Giugno \u00e8 il mese che apre le porte all&#8217;estate e chiude le porte alla scuola, ecco perch\u00e8 \u00e8 il mese ideale per le vacanze delle famiglie con bambini. E se Giugno \u00e8 il mese ideale per le famiglie, Jesolo \u00e8 la meta ideale a Giugno<\/p>\n","protected":false},"author":10,"featured_media":0,"comment_status":"open","ping_status":"open","sticky":false,"template":"","format":"standard","meta":{"cybocfi_hide_featured_image":"","footnotes":""},"categories":[151],"tags":[31623,54844,54845],"class_list":["post-52448","post","type-post","status-publish","format-standard","hentry","category-hotels-ed-alberghi","tag-hotel-3-stelle-jesolo","tag-offerte-giugno-a-jesolo","tag-pensione-completa-giugno-a-jesolo"],"yoast_head":"<!-- This site is optimized with the Yoast SEO plugin v27.0 - https:\/\/yoast.com\/product\/yoast-seo-wordpress\/ -->\n<title>Vacanze a Giugno: Jesolo \u00e8 la scelta ideale - Article Marketing<\/title>\n<meta name=\"robots\" content=\"index, follow, max-snippet:-1, max-image-preview:large, max-video-preview:-1\" \/>\n<link rel=\"canonical\" href=\"https:\/\/www.article-marketing.eu\/comunicati\/viaggi-e-vacanze\/hotels-ed-alberghi\/vacanze-a-giugno-jesolo-%c3%a8-la-scelta-ideale_3\/\" \/>\n<meta property=\"og:locale\" content=\"it_IT\" \/>\n<meta property=\"og:type\" content=\"article\" \/>\n<meta property=\"og:title\" content=\"Vacanze a Giugno: Jesolo \u00e8 la scelta ideale - Article Marketing\" \/>\n<meta property=\"og:description\" content=\"Giugno \u00e8 il mese che apre le porte all&#039;estate e chiude le porte alla scuola, ecco perch\u00e8 \u00e8 il mese ideale per le vacanze delle famiglie con bambini. E se Giugno \u00e8 il mese ideale per le famiglie, Jesolo \u00e8 la meta ideale a Giugno\" \/>\n<meta property=\"og:url\" content=\"https:\/\/www.article-marketing.eu\/comunicati\/viaggi-e-vacanze\/hotels-ed-alberghi\/vacanze-a-giugno-jesolo-%c3%a8-la-scelta-ideale_3\/\" \/>\n<meta property=\"og:site_name\" content=\"Article Marketing\" \/>\n<meta property=\"article:published_time\" content=\"2016-04-27T16:23:01+00:00\" \/>\n<meta property=\"article:modified_time\" content=\"2020-08-09T23:21:11+00:00\" \/>\n<meta name=\"author\" content=\"Redazione Comunicati Stampa\" \/>\n<meta name=\"twitter:card\" content=\"summary_large_image\" \/>\n<meta name=\"twitter:label1\" content=\"Scritto da\" \/>\n\t<meta name=\"twitter:data1\" content=\"Redazione Comunicati Stampa\" \/>\n\t<meta name=\"twitter:label2\" content=\"Tempo di lettura stimato\" \/>\n\t<meta name=\"twitter:data2\" content=\"2 minuti\" \/>\n<script type=\"application\/ld+json\" class=\"yoast-schema-graph\">{\"@context\":\"https:\/\/schema.org\",\"@graph\":[{\"@type\":\"Article\",\"@id\":\"https:\/\/www.article-marketing.eu\/comunicati\/viaggi-e-vacanze\/hotels-ed-alberghi\/vacanze-a-giugno-jesolo-%25c3%25a8-la-scelta-ideale_3\/#article\",\"isPartOf\":{\"@id\":\"https:\/\/www.article-marketing.eu\/comunicati\/viaggi-e-vacanze\/hotels-ed-alberghi\/vacanze-a-giugno-jesolo-%25c3%25a8-la-scelta-ideale_3\/\"},\"author\":{\"name\":\"Redazione Comunicati Stampa\",\"@id\":\"https:\/\/www.article-marketing.eu\/comunicati\/#\/schema\/person\/44372e4d4d0fa797b18e03ed1ace9017\"},\"headline\":\"Vacanze a Giugno: Jesolo \u00e8 la scelta ideale\",\"datePublished\":\"2016-04-27T16:23:01+00:00\",\"dateModified\":\"2020-08-09T23:21:11+00:00\",\"mainEntityOfPage\":{\"@id\":\"https:\/\/www.article-marketing.eu\/comunicati\/viaggi-e-vacanze\/hotels-ed-alberghi\/vacanze-a-giugno-jesolo-%25c3%25a8-la-scelta-ideale_3\/\"},\"wordCount\":488,\"commentCount\":0,\"keywords\":[\"hotel 3 stelle jesolo\",\"offerte Giugno a Jesolo\",\"pensione completa giugno a Jesolo\"],\"articleSection\":[\"Hotels ed alberghi\"],\"inLanguage\":\"it-IT\",\"potentialAction\":[{\"@type\":\"CommentAction\",\"name\":\"Comment\",\"target\":[\"https:\/\/www.article-marketing.eu\/comunicati\/viaggi-e-vacanze\/hotels-ed-alberghi\/vacanze-a-giugno-jesolo-%25c3%25a8-la-scelta-ideale_3\/#respond\"]}]},{\"@type\":\"WebPage\",\"@id\":\"https:\/\/www.article-marketing.eu\/comunicati\/viaggi-e-vacanze\/hotels-ed-alberghi\/vacanze-a-giugno-jesolo-%25c3%25a8-la-scelta-ideale_3\/\",\"url\":\"https:\/\/www.article-marketing.eu\/comunicati\/viaggi-e-vacanze\/hotels-ed-alberghi\/vacanze-a-giugno-jesolo-%25c3%25a8-la-scelta-ideale_3\/\",\"name\":\"Vacanze a Giugno: Jesolo \u00e8 la scelta ideale - Article Marketing\",\"isPartOf\":{\"@id\":\"https:\/\/www.article-marketing.eu\/comunicati\/#website\"},\"datePublished\":\"2016-04-27T16:23:01+00:00\",\"dateModified\":\"2020-08-09T23:21:11+00:00\",\"author\":{\"@id\":\"https:\/\/www.article-marketing.eu\/comunicati\/#\/schema\/person\/44372e4d4d0fa797b18e03ed1ace9017\"},\"breadcrumb\":{\"@id\":\"https:\/\/www.article-marketing.eu\/comunicati\/viaggi-e-vacanze\/hotels-ed-alberghi\/vacanze-a-giugno-jesolo-%25c3%25a8-la-scelta-ideale_3\/#breadcrumb\"},\"inLanguage\":\"it-IT\",\"potentialAction\":[{\"@type\":\"ReadAction\",\"target\":[\"https:\/\/www.article-marketing.eu\/comunicati\/viaggi-e-vacanze\/hotels-ed-alberghi\/vacanze-a-giugno-jesolo-%25c3%25a8-la-scelta-ideale_3\/\"]}]},{\"@type\":\"BreadcrumbList\",\"@id\":\"https:\/\/www.article-marketing.eu\/comunicati\/viaggi-e-vacanze\/hotels-ed-alberghi\/vacanze-a-giugno-jesolo-%25c3%25a8-la-scelta-ideale_3\/#breadcrumb\",\"itemListElement\":[{\"@type\":\"ListItem\",\"position\":1,\"name\":\"Home\",\"item\":\"https:\/\/www.article-marketing.eu\/comunicati\/\"},{\"@type\":\"ListItem\",\"position\":2,\"name\":\"Vacanze a Giugno: Jesolo \u00e8 la scelta ideale\"}]},{\"@type\":\"WebSite\",\"@id\":\"https:\/\/www.article-marketing.eu\/comunicati\/#website\",\"url\":\"https:\/\/www.article-marketing.eu\/comunicati\/\",\"name\":\"Article Marketing\",\"description\":\"article marketing &amp; press release\",\"potentialAction\":[{\"@type\":\"SearchAction\",\"target\":{\"@type\":\"EntryPoint\",\"urlTemplate\":\"https:\/\/www.article-marketing.eu\/comunicati\/?s={search_term_string}\"},\"query-input\":{\"@type\":\"PropertyValueSpecification\",\"valueRequired\":true,\"valueName\":\"search_term_string\"}}],\"inLanguage\":\"it-IT\"},{\"@type\":\"Person\",\"@id\":\"https:\/\/www.article-marketing.eu\/comunicati\/#\/schema\/person\/44372e4d4d0fa797b18e03ed1ace9017\",\"name\":\"Redazione Comunicati Stampa\",\"image\":{\"@type\":\"ImageObject\",\"inLanguage\":\"it-IT\",\"@id\":\"https:\/\/www.article-marketing.eu\/comunicati\/#\/schema\/person\/image\/\",\"url\":\"https:\/\/secure.gravatar.com\/avatar\/50e5c6421d3072f42e7ace803501602c60d75233d34e29fd05feb91c8760b792?s=96&d=mm&r=g\",\"contentUrl\":\"https:\/\/secure.gravatar.com\/avatar\/50e5c6421d3072f42e7ace803501602c60d75233d34e29fd05feb91c8760b792?s=96&d=mm&r=g\",\"caption\":\"Redazione Comunicati Stampa\"},\"url\":\"https:\/\/www.article-marketing.eu\/comunicati\/author\/redazione-comunicati-stampa\/\"}]}<\/script>\n<!-- \/ Yoast SEO plugin. -->","yoast_head_json":{"title":"Vacanze a Giugno: Jesolo \u00e8 la scelta ideale - Article Marketing","robots":{"index":"index","follow":"follow","max-snippet":"max-snippet:-1","max-image-preview":"max-image-preview:large","max-video-preview":"max-video-preview:-1"},"canonical":"https:\/\/www.article-marketing.eu\/comunicati\/viaggi-e-vacanze\/hotels-ed-alberghi\/vacanze-a-giugno-jesolo-%c3%a8-la-scelta-ideale_3\/","og_locale":"it_IT","og_type":"article","og_title":"Vacanze a Giugno: Jesolo \u00e8 la scelta ideale - Article Marketing","og_description":"Giugno \u00e8 il mese che apre le porte all'estate e chiude le porte alla scuola, ecco perch\u00e8 \u00e8 il mese ideale per le vacanze delle famiglie con bambini. E se Giugno \u00e8 il mese ideale per le famiglie, Jesolo \u00e8 la meta ideale a Giugno","og_url":"https:\/\/www.article-marketing.eu\/comunicati\/viaggi-e-vacanze\/hotels-ed-alberghi\/vacanze-a-giugno-jesolo-%c3%a8-la-scelta-ideale_3\/","og_site_name":"Article Marketing","article_published_time":"2016-04-27T16:23:01+00:00","article_modified_time":"2020-08-09T23:21:11+00:00","author":"Redazione Comunicati Stampa","twitter_card":"summary_large_image","twitter_misc":{"Scritto da":"Redazione Comunicati Stampa","Tempo di lettura stimato":"2 minuti"},"schema":{"@context":"https:\/\/schema.org","@graph":[{"@type":"Article","@id":"https:\/\/www.article-marketing.eu\/comunicati\/viaggi-e-vacanze\/hotels-ed-alberghi\/vacanze-a-giugno-jesolo-%25c3%25a8-la-scelta-ideale_3\/#article","isPartOf":{"@id":"https:\/\/www.article-marketing.eu\/comunicati\/viaggi-e-vacanze\/hotels-ed-alberghi\/vacanze-a-giugno-jesolo-%25c3%25a8-la-scelta-ideale_3\/"},"author":{"name":"Redazione Comunicati Stampa","@id":"https:\/\/www.article-marketing.eu\/comunicati\/#\/schema\/person\/44372e4d4d0fa797b18e03ed1ace9017"},"headline":"Vacanze a Giugno: Jesolo \u00e8 la scelta ideale","datePublished":"2016-04-27T16:23:01+00:00","dateModified":"2020-08-09T23:21:11+00:00","mainEntityOfPage":{"@id":"https:\/\/www.article-marketing.eu\/comunicati\/viaggi-e-vacanze\/hotels-ed-alberghi\/vacanze-a-giugno-jesolo-%25c3%25a8-la-scelta-ideale_3\/"},"wordCount":488,"commentCount":0,"keywords":["hotel 3 stelle jesolo","offerte Giugno a Jesolo","pensione completa giugno a Jesolo"],"articleSection":["Hotels ed alberghi"],"inLanguage":"it-IT","potentialAction":[{"@type":"CommentAction","name":"Comment","target":["https:\/\/www.article-marketing.eu\/comunicati\/viaggi-e-vacanze\/hotels-ed-alberghi\/vacanze-a-giugno-jesolo-%25c3%25a8-la-scelta-ideale_3\/#respond"]}]},{"@type":"WebPage","@id":"https:\/\/www.article-marketing.eu\/comunicati\/viaggi-e-vacanze\/hotels-ed-alberghi\/vacanze-a-giugno-jesolo-%25c3%25a8-la-scelta-ideale_3\/","url":"https:\/\/www.article-marketing.eu\/comunicati\/viaggi-e-vacanze\/hotels-ed-alberghi\/vacanze-a-giugno-jesolo-%25c3%25a8-la-scelta-ideale_3\/","name":"Vacanze a Giugno: Jesolo \u00e8 la scelta ideale - Article Marketing","isPartOf":{"@id":"https:\/\/www.article-marketing.eu\/comunicati\/#website"},"datePublished":"2016-04-27T16:23:01+00:00","dateModified":"2020-08-09T23:21:11+00:00","author":{"@id":"https:\/\/www.article-marketing.eu\/comunicati\/#\/schema\/person\/44372e4d4d0fa797b18e03ed1ace9017"},"breadcrumb":{"@id":"https:\/\/www.article-marketing.eu\/comunicati\/viaggi-e-vacanze\/hotels-ed-alberghi\/vacanze-a-giugno-jesolo-%25c3%25a8-la-scelta-ideale_3\/#breadcrumb"},"inLanguage":"it-IT","potentialAction":[{"@type":"ReadAction","target":["https:\/\/www.article-marketing.eu\/comunicati\/viaggi-e-vacanze\/hotels-ed-alberghi\/vacanze-a-giugno-jesolo-%25c3%25a8-la-scelta-ideale_3\/"]}]},{"@type":"BreadcrumbList","@id":"https:\/\/www.article-marketing.eu\/comunicati\/viaggi-e-vacanze\/hotels-ed-alberghi\/vacanze-a-giugno-jesolo-%25c3%25a8-la-scelta-ideale_3\/#breadcrumb","itemListElement":[{"@type":"ListItem","position":1,"name":"Home","item":"https:\/\/www.article-marketing.eu\/comunicati\/"},{"@type":"ListItem","position":2,"name":"Vacanze a Giugno: Jesolo \u00e8 la scelta ideale"}]},{"@type":"WebSite","@id":"https:\/\/www.article-marketing.eu\/comunicati\/#website","url":"https:\/\/www.article-marketing.eu\/comunicati\/","name":"Article Marketing","description":"article marketing &amp; press release","potentialAction":[{"@type":"SearchAction","target":{"@type":"EntryPoint","urlTemplate":"https:\/\/www.article-marketing.eu\/comunicati\/?s={search_term_string}"},"query-input":{"@type":"PropertyValueSpecification","valueRequired":true,"valueName":"search_term_string"}}],"inLanguage":"it-IT"},{"@type":"Person","@id":"https:\/\/www.article-marketing.eu\/comunicati\/#\/schema\/person\/44372e4d4d0fa797b18e03ed1ace9017","name":"Redazione Comunicati Stampa","image":{"@type":"ImageObject","inLanguage":"it-IT","@id":"https:\/\/www.article-marketing.eu\/comunicati\/#\/schema\/person\/image\/","url":"https:\/\/secure.gravatar.com\/avatar\/50e5c6421d3072f42e7ace803501602c60d75233d34e29fd05feb91c8760b792?s=96&d=mm&r=g","contentUrl":"https:\/\/secure.gravatar.com\/avatar\/50e5c6421d3072f42e7ace803501602c60d75233d34e29fd05feb91c8760b792?s=96&d=mm&r=g","caption":"Redazione Comunicati Stampa"},"url":"https:\/\/www.article-marketing.eu\/comunicati\/author\/redazione-comunicati-stampa\/"}]}},"_links":{"self":[{"href":"https:\/\/www.article-marketing.eu\/comunicati\/wp-json\/wp\/v2\/posts\/52448","targetHints":{"allow":["GET"]}}],"collection":[{"href":"https:\/\/www.article-marketing.eu\/comunicati\/wp-json\/wp\/v2\/posts"}],"about":[{"href":"https:\/\/www.article-marketing.eu\/comunicati\/wp-json\/wp\/v2\/types\/post"}],"author":[{"embeddable":true,"href":"https:\/\/www.article-marketing.eu\/comunicati\/wp-json\/wp\/v2\/users\/10"}],"replies":[{"embeddable":true,"href":"https:\/\/www.article-marketing.eu\/comunicati\/wp-json\/wp\/v2\/comments?post=52448"}],"version-history":[{"count":1,"href":"https:\/\/www.article-marketing.eu\/comunicati\/wp-json\/wp\/v2\/posts\/52448\/revisions"}],"predecessor-version":[{"id":67274,"href":"https:\/\/www.article-marketing.eu\/comunicati\/wp-json\/wp\/v2\/posts\/52448\/revisions\/67274"}],"wp:attachment":[{"href":"https:\/\/www.article-marketing.eu\/comunicati\/wp-json\/wp\/v2\/media?parent=52448"}],"wp:term":[{"taxonomy":"category","embeddable":true,"href":"https:\/\/www.article-marketing.eu\/comunicati\/wp-json\/wp\/v2\/categories?post=52448"},{"taxonomy":"post_tag","embeddable":true,"href":"https:\/\/www.article-marketing.eu\/comunicati\/wp-json\/wp\/v2\/tags?post=52448"}],"curies":[{"name":"wp","href":"https:\/\/api.w.org\/{rel}","templated":true}]}}