{"id":52516,"date":"2016-05-18T10:54:59","date_gmt":"2016-05-18T08:54:59","guid":{"rendered":"http:\/\/www.article-marketing.eu\/comunicati\/senza-categoria\/fondi-di-caff%2525252525c3%2525252525a8-uno-scarto-dalle-mille-potenzialit%2525252525c3%2525252525a0\/"},"modified":"2018-10-26T01:01:41","modified_gmt":"2018-10-25T23:01:41","slug":"fondi-di-caff%2525252525c3%2525252525a8-uno-scarto-dalle-mille-potenzialit%2525252525c3%2525252525a0","status":"publish","type":"post","link":"https:\/\/www.article-marketing.eu\/comunicati\/ambiente\/fonti-rinnovabili\/fondi-di-caff%2525252525c3%2525252525a8-uno-scarto-dalle-mille-potenzialit%2525252525c3%2525252525a0\/","title":{"rendered":"Fondi di caff\u00e8: uno scarto dalle mille potenzialit\u00e0"},"content":{"rendered":"<p>Dopo l&rsquo;impiego dei fondi di caff&egrave; in agricoltura (leggi &ldquo;Funghi Espresso&rdquo;: la nuova frontiera dell&rsquo;agricoltura), in estetica ed in progetti eco-sostenibili quali la creazione di fibre tessili o inchiostri per stampanti, questi preziosissimi scarti entrano anche nel mondo del design!<br \/>Una startup di Berlino ha recentemente lanciato sul mercato una linea di tazzine decisamente innovativa: un <strong style=\"font-family: Raleway, Arial, Helvetica, sans-serif; box-sizing: border-box; margin: 0px; padding: 0px; border: 0px; font-stretch: inherit; font-size: 14px; line-height: 21px; vertical-align: baseline; color: #333333; background-color: #f9f9f9;\">mix di fondi di caff&egrave; (circa il 40%)<\/strong>, fibre vegetali, scaglie di legno e biopolimeri, sapientemente lavorati per creare delle<strong style=\"font-family: Raleway, Arial, Helvetica, sans-serif; box-sizing: border-box; margin: 0px; padding: 0px; border: 0px; font-stretch: inherit; font-size: 14px; line-height: 21px; vertical-align: baseline; color: #333333; background-color: #f9f9f9;\"> tazzine e piattini &ldquo;eco-sostenibili&rdquo;<\/strong>, resistenti nel tempo ed ai lavaggi in lavastoviglie. <img decoding=\"async\" src=\"\/uploads\/images\/u_44218\/thumb_cafestival_kaffeform.gif\" border=\"0\" \/> La linea si chiama <strong style=\"font-family: Raleway, Arial, Helvetica, sans-serif; box-sizing: border-box; margin: 0px; padding: 0px; border: 0px; font-stretch: inherit; font-size: 14px; line-height: 21px; vertical-align: baseline; color: #333333; background-color: #f9f9f9;\">&lsquo;Kaffeeform&rsquo;<\/strong> ed &egrave; frutto di un&rsquo;idea di Julian Lechner, giovane laureato in design industriale che, durante gli studi a Bolzano, ha considerato possibilit&agrave; alternative per il riutilizzo dei fondi di caff&egrave;, mettendo a punto la formula che &egrave; ora alla base della produzione &lsquo;Kaffeeform coffee cup&rsquo;. Il processo produttivo inizia con la raccolta dei fondi di caff&egrave; nei bar, dai cinque ai sei chili al giorno, che vengono fatti essiccare prima di essere lavorati all&rsquo;interno di un piccolo laboratorio dove avviene la miscelazione dei vari materiali. Il risultato &egrave; un composto che verr&agrave; modellato con il calore per dare vita al prodotto finale: tazzine dal design accattivante e minimalista, che mantengono un piacevole aroma di caff&egrave;. Al momento ne viene prodotto un solo modello (per l&rsquo;espresso classico o macchiato) ma, vista l&rsquo;ottima accoglienza da parte del pubblico, la societ&agrave; prevede di lanciare presto sul mercato, tazze da cappuccino e mug, utilizzate per il caff&egrave; americano. Un set, composto da tazzina e piattino, &egrave; in vendita ad un costo di circa 20 euro ed &egrave; acquistabile in alcuni shop di Berlino, Parigi, Liegi, Londra, Amsterdam, Oslo e Reykjav&iacute;k, anche se non escludiamo che ben presto possa fare il suo arrivo in Italia. In ogni caso, per gli impazienti, &egrave; possibile acquistarlo online sul sito ufficiale (https:\/\/www.kaffeeform.com\/).<br style=\"font-family: Raleway, Arial, Helvetica, sans-serif; box-sizing: border-box; color: #666666; font-size: 14px; line-height: 21px; background-color: #f9f9f9;\" \/>Dopo la tazza tecnologica che ricarica il cellulare, nasce <strong style=\"font-family: Raleway, Arial, Helvetica, sans-serif; box-sizing: border-box; margin: 0px; padding: 0px; border: 0px; font-stretch: inherit; font-size: 14px; line-height: 21px; vertical-align: baseline; color: #333333; background-color: #f9f9f9;\">un nuovo prodotto con caratteristiche 100% &ldquo;green&rdquo;<\/strong>, quindi perch&eacute; non acquistarlo e provare il piacere di sorseggiare un caff&egrave; dall&rsquo;aroma amplificato, frutto del suo stesso fondo?<\/p>\n","protected":false},"excerpt":{"rendered":"<p>Una startup di Berlino ha recentemente lanciato sul mercato una linea di tazzine decisamente innovativa: un mix di fondi di caff\u00e8 (circa il 40%), fibre vegetali, scaglie di legno e biopolimeri, sapientemente lavorati per creare delle tazzine e piattini \u201ceco-sostenibili\u201d, resistenti nel tempo ed ai lavaggi in lavastoviglie. La linea si chiama \u2018Kaffeeform\u2019 ed \u00e8 frutto di un\u2019idea di Julian Lechner, giovane laureato in design industriale che, durante gli studi a Bolzano, ha considerato possibilit\u00e0 alternative per il riutilizzo dei fondi di caff\u00e8, mettendo a punto la formula che \u00e8 ora alla base della produzione \u2018Kaffeeform coffee cup\u2019.<\/p>\n","protected":false},"author":10,"featured_media":0,"comment_status":"open","ping_status":"open","sticky":false,"template":"","format":"standard","meta":{"cybocfi_hide_featured_image":"","footnotes":""},"categories":[112],"tags":[54887,54889,54888],"class_list":["post-52516","post","type-post","status-publish","format-standard","hentry","category-fonti-rinnovabili","tag-fondi-di-caffe","tag-kaffeeform","tag-tazzine-eco-sostenibili"],"yoast_head":"<!-- This site is optimized with the Yoast SEO plugin v27.0 - https:\/\/yoast.com\/product\/yoast-seo-wordpress\/ -->\n<title>Fondi di caff\u00e8: uno scarto dalle mille potenzialit\u00e0 - Article Marketing<\/title>\n<meta name=\"robots\" content=\"index, follow, max-snippet:-1, max-image-preview:large, max-video-preview:-1\" \/>\n<link rel=\"canonical\" href=\"https:\/\/www.article-marketing.eu\/comunicati\/ambiente\/fonti-rinnovabili\/fondi-di-caff%25252525c3%25252525a8-uno-scarto-dalle-mille-potenzialit%25252525c3%25252525a0\/\" \/>\n<meta property=\"og:locale\" content=\"it_IT\" \/>\n<meta property=\"og:type\" content=\"article\" \/>\n<meta property=\"og:title\" content=\"Fondi di caff\u00e8: uno scarto dalle mille potenzialit\u00e0 - Article Marketing\" \/>\n<meta property=\"og:description\" content=\"Una startup di Berlino ha recentemente lanciato sul mercato una linea di tazzine decisamente innovativa: un mix di fondi di caff\u00e8 (circa il 40%), fibre vegetali, scaglie di legno e biopolimeri, sapientemente lavorati per creare delle tazzine e piattini \u201ceco-sostenibili\u201d, resistenti nel tempo ed ai lavaggi in lavastoviglie. La linea si chiama \u2018Kaffeeform\u2019 ed \u00e8 frutto di un\u2019idea di Julian Lechner, giovane laureato in design industriale che, durante gli studi a Bolzano, ha considerato possibilit\u00e0 alternative per il riutilizzo dei fondi di caff\u00e8, mettendo a punto la formula che \u00e8 ora alla base della produzione \u2018Kaffeeform coffee cup\u2019.\" \/>\n<meta property=\"og:url\" content=\"https:\/\/www.article-marketing.eu\/comunicati\/ambiente\/fonti-rinnovabili\/fondi-di-caff%25252525c3%25252525a8-uno-scarto-dalle-mille-potenzialit%25252525c3%25252525a0\/\" \/>\n<meta property=\"og:site_name\" content=\"Article Marketing\" \/>\n<meta property=\"article:published_time\" content=\"2016-05-18T08:54:59+00:00\" \/>\n<meta property=\"article:modified_time\" content=\"2018-10-25T23:01:41+00:00\" \/>\n<meta property=\"og:image\" content=\"https:\/\/www.article-marketing.eu\/uploads\/images\/u_44218\/thumb_cafestival_kaffeform.gif\" \/>\n<meta name=\"author\" content=\"Redazione Comunicati Stampa\" \/>\n<meta name=\"twitter:card\" content=\"summary_large_image\" \/>\n<meta name=\"twitter:label1\" content=\"Scritto da\" \/>\n\t<meta name=\"twitter:data1\" content=\"Redazione Comunicati Stampa\" \/>\n\t<meta name=\"twitter:label2\" content=\"Tempo di lettura stimato\" \/>\n\t<meta name=\"twitter:data2\" content=\"2 minuti\" \/>\n<script type=\"application\/ld+json\" class=\"yoast-schema-graph\">{\"@context\":\"https:\/\/schema.org\",\"@graph\":[{\"@type\":\"Article\",\"@id\":\"https:\/\/www.article-marketing.eu\/comunicati\/ambiente\/fonti-rinnovabili\/fondi-di-caff%2525252525c3%2525252525a8-uno-scarto-dalle-mille-potenzialit%2525252525c3%2525252525a0\/#article\",\"isPartOf\":{\"@id\":\"https:\/\/www.article-marketing.eu\/comunicati\/ambiente\/fonti-rinnovabili\/fondi-di-caff%2525252525c3%2525252525a8-uno-scarto-dalle-mille-potenzialit%2525252525c3%2525252525a0\/\"},\"author\":{\"name\":\"Redazione Comunicati Stampa\",\"@id\":\"https:\/\/www.article-marketing.eu\/comunicati\/#\/schema\/person\/44372e4d4d0fa797b18e03ed1ace9017\"},\"headline\":\"Fondi di caff\u00e8: uno scarto dalle mille potenzialit\u00e0\",\"datePublished\":\"2016-05-18T08:54:59+00:00\",\"dateModified\":\"2018-10-25T23:01:41+00:00\",\"mainEntityOfPage\":{\"@id\":\"https:\/\/www.article-marketing.eu\/comunicati\/ambiente\/fonti-rinnovabili\/fondi-di-caff%2525252525c3%2525252525a8-uno-scarto-dalle-mille-potenzialit%2525252525c3%2525252525a0\/\"},\"wordCount\":387,\"commentCount\":0,\"keywords\":[\"fondi di caff\u00e8\",\"Kaffeeform\",\"tazzine eco-sostenibili\"],\"articleSection\":[\"Fonti rinnovabili\"],\"inLanguage\":\"it-IT\",\"potentialAction\":[{\"@type\":\"CommentAction\",\"name\":\"Comment\",\"target\":[\"https:\/\/www.article-marketing.eu\/comunicati\/ambiente\/fonti-rinnovabili\/fondi-di-caff%2525252525c3%2525252525a8-uno-scarto-dalle-mille-potenzialit%2525252525c3%2525252525a0\/#respond\"]}]},{\"@type\":\"WebPage\",\"@id\":\"https:\/\/www.article-marketing.eu\/comunicati\/ambiente\/fonti-rinnovabili\/fondi-di-caff%2525252525c3%2525252525a8-uno-scarto-dalle-mille-potenzialit%2525252525c3%2525252525a0\/\",\"url\":\"https:\/\/www.article-marketing.eu\/comunicati\/ambiente\/fonti-rinnovabili\/fondi-di-caff%2525252525c3%2525252525a8-uno-scarto-dalle-mille-potenzialit%2525252525c3%2525252525a0\/\",\"name\":\"Fondi di caff\u00e8: uno scarto dalle mille potenzialit\u00e0 - Article Marketing\",\"isPartOf\":{\"@id\":\"https:\/\/www.article-marketing.eu\/comunicati\/#website\"},\"datePublished\":\"2016-05-18T08:54:59+00:00\",\"dateModified\":\"2018-10-25T23:01:41+00:00\",\"author\":{\"@id\":\"https:\/\/www.article-marketing.eu\/comunicati\/#\/schema\/person\/44372e4d4d0fa797b18e03ed1ace9017\"},\"breadcrumb\":{\"@id\":\"https:\/\/www.article-marketing.eu\/comunicati\/ambiente\/fonti-rinnovabili\/fondi-di-caff%2525252525c3%2525252525a8-uno-scarto-dalle-mille-potenzialit%2525252525c3%2525252525a0\/#breadcrumb\"},\"inLanguage\":\"it-IT\",\"potentialAction\":[{\"@type\":\"ReadAction\",\"target\":[\"https:\/\/www.article-marketing.eu\/comunicati\/ambiente\/fonti-rinnovabili\/fondi-di-caff%2525252525c3%2525252525a8-uno-scarto-dalle-mille-potenzialit%2525252525c3%2525252525a0\/\"]}]},{\"@type\":\"BreadcrumbList\",\"@id\":\"https:\/\/www.article-marketing.eu\/comunicati\/ambiente\/fonti-rinnovabili\/fondi-di-caff%2525252525c3%2525252525a8-uno-scarto-dalle-mille-potenzialit%2525252525c3%2525252525a0\/#breadcrumb\",\"itemListElement\":[{\"@type\":\"ListItem\",\"position\":1,\"name\":\"Home\",\"item\":\"https:\/\/www.article-marketing.eu\/comunicati\/\"},{\"@type\":\"ListItem\",\"position\":2,\"name\":\"Fondi di caff\u00e8: uno scarto dalle mille potenzialit\u00e0\"}]},{\"@type\":\"WebSite\",\"@id\":\"https:\/\/www.article-marketing.eu\/comunicati\/#website\",\"url\":\"https:\/\/www.article-marketing.eu\/comunicati\/\",\"name\":\"Article Marketing\",\"description\":\"article marketing &amp; press release\",\"potentialAction\":[{\"@type\":\"SearchAction\",\"target\":{\"@type\":\"EntryPoint\",\"urlTemplate\":\"https:\/\/www.article-marketing.eu\/comunicati\/?s={search_term_string}\"},\"query-input\":{\"@type\":\"PropertyValueSpecification\",\"valueRequired\":true,\"valueName\":\"search_term_string\"}}],\"inLanguage\":\"it-IT\"},{\"@type\":\"Person\",\"@id\":\"https:\/\/www.article-marketing.eu\/comunicati\/#\/schema\/person\/44372e4d4d0fa797b18e03ed1ace9017\",\"name\":\"Redazione Comunicati Stampa\",\"image\":{\"@type\":\"ImageObject\",\"inLanguage\":\"it-IT\",\"@id\":\"https:\/\/www.article-marketing.eu\/comunicati\/#\/schema\/person\/image\/\",\"url\":\"https:\/\/secure.gravatar.com\/avatar\/50e5c6421d3072f42e7ace803501602c60d75233d34e29fd05feb91c8760b792?s=96&d=mm&r=g\",\"contentUrl\":\"https:\/\/secure.gravatar.com\/avatar\/50e5c6421d3072f42e7ace803501602c60d75233d34e29fd05feb91c8760b792?s=96&d=mm&r=g\",\"caption\":\"Redazione Comunicati Stampa\"},\"url\":\"https:\/\/www.article-marketing.eu\/comunicati\/author\/redazione-comunicati-stampa\/\"}]}<\/script>\n<!-- \/ Yoast SEO plugin. -->","yoast_head_json":{"title":"Fondi di caff\u00e8: uno scarto dalle mille potenzialit\u00e0 - Article Marketing","robots":{"index":"index","follow":"follow","max-snippet":"max-snippet:-1","max-image-preview":"max-image-preview:large","max-video-preview":"max-video-preview:-1"},"canonical":"https:\/\/www.article-marketing.eu\/comunicati\/ambiente\/fonti-rinnovabili\/fondi-di-caff%25252525c3%25252525a8-uno-scarto-dalle-mille-potenzialit%25252525c3%25252525a0\/","og_locale":"it_IT","og_type":"article","og_title":"Fondi di caff\u00e8: uno scarto dalle mille potenzialit\u00e0 - Article Marketing","og_description":"Una startup di Berlino ha recentemente lanciato sul mercato una linea di tazzine decisamente innovativa: un mix di fondi di caff\u00e8 (circa il 40%), fibre vegetali, scaglie di legno e biopolimeri, sapientemente lavorati per creare delle tazzine e piattini \u201ceco-sostenibili\u201d, resistenti nel tempo ed ai lavaggi in lavastoviglie. La linea si chiama \u2018Kaffeeform\u2019 ed \u00e8 frutto di un\u2019idea di Julian Lechner, giovane laureato in design industriale che, durante gli studi a Bolzano, ha considerato possibilit\u00e0 alternative per il riutilizzo dei fondi di caff\u00e8, mettendo a punto la formula che \u00e8 ora alla base della produzione \u2018Kaffeeform coffee cup\u2019.","og_url":"https:\/\/www.article-marketing.eu\/comunicati\/ambiente\/fonti-rinnovabili\/fondi-di-caff%25252525c3%25252525a8-uno-scarto-dalle-mille-potenzialit%25252525c3%25252525a0\/","og_site_name":"Article Marketing","article_published_time":"2016-05-18T08:54:59+00:00","article_modified_time":"2018-10-25T23:01:41+00:00","og_image":[{"url":"https:\/\/www.article-marketing.eu\/uploads\/images\/u_44218\/thumb_cafestival_kaffeform.gif","type":"","width":"","height":""}],"author":"Redazione Comunicati Stampa","twitter_card":"summary_large_image","twitter_misc":{"Scritto da":"Redazione Comunicati Stampa","Tempo di lettura stimato":"2 minuti"},"schema":{"@context":"https:\/\/schema.org","@graph":[{"@type":"Article","@id":"https:\/\/www.article-marketing.eu\/comunicati\/ambiente\/fonti-rinnovabili\/fondi-di-caff%2525252525c3%2525252525a8-uno-scarto-dalle-mille-potenzialit%2525252525c3%2525252525a0\/#article","isPartOf":{"@id":"https:\/\/www.article-marketing.eu\/comunicati\/ambiente\/fonti-rinnovabili\/fondi-di-caff%2525252525c3%2525252525a8-uno-scarto-dalle-mille-potenzialit%2525252525c3%2525252525a0\/"},"author":{"name":"Redazione Comunicati Stampa","@id":"https:\/\/www.article-marketing.eu\/comunicati\/#\/schema\/person\/44372e4d4d0fa797b18e03ed1ace9017"},"headline":"Fondi di caff\u00e8: uno scarto dalle mille potenzialit\u00e0","datePublished":"2016-05-18T08:54:59+00:00","dateModified":"2018-10-25T23:01:41+00:00","mainEntityOfPage":{"@id":"https:\/\/www.article-marketing.eu\/comunicati\/ambiente\/fonti-rinnovabili\/fondi-di-caff%2525252525c3%2525252525a8-uno-scarto-dalle-mille-potenzialit%2525252525c3%2525252525a0\/"},"wordCount":387,"commentCount":0,"keywords":["fondi di caff\u00e8","Kaffeeform","tazzine eco-sostenibili"],"articleSection":["Fonti rinnovabili"],"inLanguage":"it-IT","potentialAction":[{"@type":"CommentAction","name":"Comment","target":["https:\/\/www.article-marketing.eu\/comunicati\/ambiente\/fonti-rinnovabili\/fondi-di-caff%2525252525c3%2525252525a8-uno-scarto-dalle-mille-potenzialit%2525252525c3%2525252525a0\/#respond"]}]},{"@type":"WebPage","@id":"https:\/\/www.article-marketing.eu\/comunicati\/ambiente\/fonti-rinnovabili\/fondi-di-caff%2525252525c3%2525252525a8-uno-scarto-dalle-mille-potenzialit%2525252525c3%2525252525a0\/","url":"https:\/\/www.article-marketing.eu\/comunicati\/ambiente\/fonti-rinnovabili\/fondi-di-caff%2525252525c3%2525252525a8-uno-scarto-dalle-mille-potenzialit%2525252525c3%2525252525a0\/","name":"Fondi di caff\u00e8: uno scarto dalle mille potenzialit\u00e0 - Article Marketing","isPartOf":{"@id":"https:\/\/www.article-marketing.eu\/comunicati\/#website"},"datePublished":"2016-05-18T08:54:59+00:00","dateModified":"2018-10-25T23:01:41+00:00","author":{"@id":"https:\/\/www.article-marketing.eu\/comunicati\/#\/schema\/person\/44372e4d4d0fa797b18e03ed1ace9017"},"breadcrumb":{"@id":"https:\/\/www.article-marketing.eu\/comunicati\/ambiente\/fonti-rinnovabili\/fondi-di-caff%2525252525c3%2525252525a8-uno-scarto-dalle-mille-potenzialit%2525252525c3%2525252525a0\/#breadcrumb"},"inLanguage":"it-IT","potentialAction":[{"@type":"ReadAction","target":["https:\/\/www.article-marketing.eu\/comunicati\/ambiente\/fonti-rinnovabili\/fondi-di-caff%2525252525c3%2525252525a8-uno-scarto-dalle-mille-potenzialit%2525252525c3%2525252525a0\/"]}]},{"@type":"BreadcrumbList","@id":"https:\/\/www.article-marketing.eu\/comunicati\/ambiente\/fonti-rinnovabili\/fondi-di-caff%2525252525c3%2525252525a8-uno-scarto-dalle-mille-potenzialit%2525252525c3%2525252525a0\/#breadcrumb","itemListElement":[{"@type":"ListItem","position":1,"name":"Home","item":"https:\/\/www.article-marketing.eu\/comunicati\/"},{"@type":"ListItem","position":2,"name":"Fondi di caff\u00e8: uno scarto dalle mille potenzialit\u00e0"}]},{"@type":"WebSite","@id":"https:\/\/www.article-marketing.eu\/comunicati\/#website","url":"https:\/\/www.article-marketing.eu\/comunicati\/","name":"Article Marketing","description":"article marketing &amp; press release","potentialAction":[{"@type":"SearchAction","target":{"@type":"EntryPoint","urlTemplate":"https:\/\/www.article-marketing.eu\/comunicati\/?s={search_term_string}"},"query-input":{"@type":"PropertyValueSpecification","valueRequired":true,"valueName":"search_term_string"}}],"inLanguage":"it-IT"},{"@type":"Person","@id":"https:\/\/www.article-marketing.eu\/comunicati\/#\/schema\/person\/44372e4d4d0fa797b18e03ed1ace9017","name":"Redazione Comunicati Stampa","image":{"@type":"ImageObject","inLanguage":"it-IT","@id":"https:\/\/www.article-marketing.eu\/comunicati\/#\/schema\/person\/image\/","url":"https:\/\/secure.gravatar.com\/avatar\/50e5c6421d3072f42e7ace803501602c60d75233d34e29fd05feb91c8760b792?s=96&d=mm&r=g","contentUrl":"https:\/\/secure.gravatar.com\/avatar\/50e5c6421d3072f42e7ace803501602c60d75233d34e29fd05feb91c8760b792?s=96&d=mm&r=g","caption":"Redazione Comunicati Stampa"},"url":"https:\/\/www.article-marketing.eu\/comunicati\/author\/redazione-comunicati-stampa\/"}]}},"_links":{"self":[{"href":"https:\/\/www.article-marketing.eu\/comunicati\/wp-json\/wp\/v2\/posts\/52516","targetHints":{"allow":["GET"]}}],"collection":[{"href":"https:\/\/www.article-marketing.eu\/comunicati\/wp-json\/wp\/v2\/posts"}],"about":[{"href":"https:\/\/www.article-marketing.eu\/comunicati\/wp-json\/wp\/v2\/types\/post"}],"author":[{"embeddable":true,"href":"https:\/\/www.article-marketing.eu\/comunicati\/wp-json\/wp\/v2\/users\/10"}],"replies":[{"embeddable":true,"href":"https:\/\/www.article-marketing.eu\/comunicati\/wp-json\/wp\/v2\/comments?post=52516"}],"version-history":[{"count":1,"href":"https:\/\/www.article-marketing.eu\/comunicati\/wp-json\/wp\/v2\/posts\/52516\/revisions"}],"predecessor-version":[{"id":65233,"href":"https:\/\/www.article-marketing.eu\/comunicati\/wp-json\/wp\/v2\/posts\/52516\/revisions\/65233"}],"wp:attachment":[{"href":"https:\/\/www.article-marketing.eu\/comunicati\/wp-json\/wp\/v2\/media?parent=52516"}],"wp:term":[{"taxonomy":"category","embeddable":true,"href":"https:\/\/www.article-marketing.eu\/comunicati\/wp-json\/wp\/v2\/categories?post=52516"},{"taxonomy":"post_tag","embeddable":true,"href":"https:\/\/www.article-marketing.eu\/comunicati\/wp-json\/wp\/v2\/tags?post=52516"}],"curies":[{"name":"wp","href":"https:\/\/api.w.org\/{rel}","templated":true}]}}