{"id":52526,"date":"2016-05-18T11:08:08","date_gmt":"2016-05-18T09:08:08","guid":{"rendered":"http:\/\/www.article-marketing.eu\/comunicati\/senza-categoria\/lavazza-in-partnership-con-il-mudec-museo-delle-culture-di-milano\/"},"modified":"2016-05-18T11:08:08","modified_gmt":"2016-05-18T09:08:08","slug":"lavazza-in-partnership-con-il-mudec-museo-delle-culture-di-milano","status":"publish","type":"post","link":"https:\/\/www.article-marketing.eu\/comunicati\/arte-e-cultura\/lavazza-in-partnership-con-il-mudec-museo-delle-culture-di-milano\/","title":{"rendered":"Lavazza in partnership con il MUDEC, Museo delle culture di Milano"},"content":{"rendered":"<p>In occasione della mostra dedicata all&rsquo;artista spagnolo Joan Mir&ograve;, il marchio<strong style=\"font-family: Raleway, Arial, Helvetica, sans-serif; box-sizing: border-box; margin: 0px; padding: 0px; border: 0px; font-stretch: inherit; font-size: 14px; line-height: 21px; vertical-align: baseline; color: #333333; background-color: #f9f9f9;\"> Lavazza<\/strong> ha annunciato la sua <strong style=\"font-family: Raleway, Arial, Helvetica, sans-serif; box-sizing: border-box; margin: 0px; padding: 0px; border: 0px; font-stretch: inherit; font-size: 14px; line-height: 21px; vertical-align: baseline; color: #333333; background-color: #f9f9f9;\">partnership con il MUDEC (Museo delle Culture di Milano) <\/strong>con lo scopo di creare una sinergia sul tema della cultura del caff&egrave;. Il prodotto, simbolo della cultura Italiana per eccellenza, ha origine in luoghi lontani che Lavazza ha deciso di esplorare da ben 5 generazioni, sostenendone ed accompagnandone la crescita sotto l&rsquo;aspetto economico e sociale attraverso progetti di sostenibilit&agrave;.<br style=\"font-family: Raleway, Arial, Helvetica, sans-serif; box-sizing: border-box; color: #666666; font-size: 14px; line-height: 21px; background-color: #f9f9f9;\" \/>Il marchio non &egrave; attento solamente alla cultura dei popoli ma anche alla loro espressione artistica, infatti, &egrave; da oltre 20 anni che l&rsquo;azienda ha instaurato un forte legame con la fotografia, grazie alla quale sviluppa i propri progetti di comunicazione. Il calendario Lavazza 2015, infatti, ha coinvolto i pi&ugrave; grandi fotografi d&rsquo;arte contemporanea come Annie Leibovitz, Eugenio Recuenco, Mark Seliger e Steve McCurry.<br style=\"font-family: Raleway, Arial, Helvetica, sans-serif; box-sizing: border-box; color: #666666; font-size: 14px; line-height: 21px; background-color: #f9f9f9;\" \/>Dopo le precedenti collaborazioni con la Fondazione Musei Civici di Venezia o il Guggenheim di New York, Lavazza &egrave; pronta per una nuova partnership &ldquo;Made in Italy&rdquo; per avvicinarsi ancor pi&ugrave; al mondo artistico. Il caff&egrave; infatti, &egrave; un elemento molto vicino all&rsquo;arte,basti pensare che in passato i<strong style=\"font-family: Raleway, Arial, Helvetica, sans-serif; box-sizing: border-box; margin: 0px; padding: 0px; border: 0px; font-stretch: inherit; font-size: 14px; line-height: 21px; vertical-align: baseline; color: #333333; background-color: #f9f9f9;\"> grandi scrittori, pensatori e filosofi si riunivano nei bar e salotti, discutendo e sorseggiando la nera bevanda<\/strong>.<br style=\"font-family: Raleway, Arial, Helvetica, sans-serif; box-sizing: border-box; color: #666666; font-size: 14px; line-height: 21px; background-color: #f9f9f9;\" \/>Con l&rsquo;inaugurazione della mostra dedicata a Mir&ograve;, Lavazza &egrave; diventato il caff&egrave; ufficiale del MUDEC, dove il pubblico potr&agrave; gustare la miscela<strong style=\"font-family: Raleway, Arial, Helvetica, sans-serif; box-sizing: border-box; margin: 0px; padding: 0px; border: 0px; font-stretch: inherit; font-size: 14px; line-height: 21px; vertical-align: baseline; color: #333333; background-color: #f9f9f9;\"> &iexcl;Tierra!<\/strong>, caratterizzata da un&rsquo;altissima qualit&agrave; grazie alle sue caratteristiche di gusto e aroma. Sar&agrave; disponibile anche una nuova gamma di monorigini &iexcl;Tierra! Origins dal gusto intenso e dall&rsquo;impegno sostenibile, perch&eacute; provenienti da aziende agricole certificate dalla ONG Rainforest Alliance.<br style=\"font-family: Raleway, Arial, Helvetica, sans-serif; box-sizing: border-box; color: #666666; font-size: 14px; line-height: 21px; background-color: #f9f9f9;\" \/>Queste miscele devono il loro nome al progetto di sostenibilit&agrave; Lavazza &iexcl;Tierra! che, dal 2002 ad oggi, ha coinvolto migliaia di coltivatori dell&rsquo;Honduras, Per&ugrave;, Colombia, India, Brasile, Tanzania, Etiopia e Vietnam, con l&rsquo;obiettivo di migliorare le condizioni di vita dei &lsquo;caficultores&rsquo; ed innovare le tecniche produttive. Il prodotto ottenuto &egrave; una miscela di qualit&agrave; superiore, conforme ai rigorosi standard richiesti per conseguire la certificazione e, inoltre, gode di un narratore d&rsquo;eccezione: <strong style=\"font-family: Raleway, Arial, Helvetica, sans-serif; box-sizing: border-box; margin: 0px; padding: 0px; border: 0px; font-stretch: inherit; font-size: 14px; line-height: 21px; vertical-align: baseline; color: #333333; background-color: #f9f9f9;\">Steve McCurry<\/strong>, fotografo noto al pubblico soprattutto per i suoi servizi sul National Geographic. La sua collaborazione con il marchio Lavazza iniziata 10 anni fa continua tutt&rsquo;oggi, ed &egrave; proprio nella caffetteria del <strong style=\"font-family: Raleway, Arial, Helvetica, sans-serif; box-sizing: border-box; margin: 0px; padding: 0px; border: 0px; font-stretch: inherit; font-size: 14px; line-height: 21px; vertical-align: baseline; color: #333333; background-color: #f9f9f9;\">MUDEC che &egrave; esposta una selezione d&rsquo;immagini identificative del fotografo<\/strong>, scenografie che arricchiscono il mondo dell&rsquo;espresso e dell&rsquo;arte, fondendoli in un connubio perfetto.<\/p>\n","protected":false},"excerpt":{"rendered":"<p>In occasione della mostra dedicata all\u2019artista spagnolo Joan Mir\u00f2, il marchio Lavazza ha annunciato la sua partnership con il MUDEC (Museo delle Culture di Milano) con lo scopo di creare una sinergia sul tema della cultura del caff\u00e8. Il caff\u00e8 infatti, \u00e8 un elemento molto vicino all\u2019arte,basti pensare che in passato i grandi scrittori, pensatori e filosofi si riunivano nei bar e salotti, discutendo e sorseggiando la nera bevanda.<\/p>\n","protected":false},"author":10,"featured_media":0,"comment_status":"open","ping_status":"open","sticky":false,"template":"","format":"standard","meta":{"cybocfi_hide_featured_image":"","footnotes":""},"categories":[27],"tags":[171,4164,54891],"class_list":["post-52526","post","type-post","status-publish","format-standard","hentry","category-arte-e-cultura","tag-arte","tag-caffe","tag-mudec"],"yoast_head":"<!-- This site is optimized with the Yoast SEO plugin v27.0 - https:\/\/yoast.com\/product\/yoast-seo-wordpress\/ -->\n<title>Lavazza in partnership con il MUDEC, Museo delle culture di Milano - Article Marketing<\/title>\n<meta name=\"robots\" content=\"index, follow, max-snippet:-1, max-image-preview:large, max-video-preview:-1\" \/>\n<link rel=\"canonical\" href=\"https:\/\/www.article-marketing.eu\/comunicati\/arte-e-cultura\/lavazza-in-partnership-con-il-mudec-museo-delle-culture-di-milano\/\" \/>\n<meta property=\"og:locale\" content=\"it_IT\" \/>\n<meta property=\"og:type\" content=\"article\" \/>\n<meta property=\"og:title\" content=\"Lavazza in partnership con il MUDEC, Museo delle culture di Milano - Article Marketing\" \/>\n<meta property=\"og:description\" content=\"In occasione della mostra dedicata all\u2019artista spagnolo Joan Mir\u00f2, il marchio Lavazza ha annunciato la sua partnership con il MUDEC (Museo delle Culture di Milano) con lo scopo di creare una sinergia sul tema della cultura del caff\u00e8. Il caff\u00e8 infatti, \u00e8 un elemento molto vicino all\u2019arte,basti pensare che in passato i grandi scrittori, pensatori e filosofi si riunivano nei bar e salotti, discutendo e sorseggiando la nera bevanda.\" \/>\n<meta property=\"og:url\" content=\"https:\/\/www.article-marketing.eu\/comunicati\/arte-e-cultura\/lavazza-in-partnership-con-il-mudec-museo-delle-culture-di-milano\/\" \/>\n<meta property=\"og:site_name\" content=\"Article Marketing\" \/>\n<meta property=\"article:published_time\" content=\"2016-05-18T09:08:08+00:00\" \/>\n<meta name=\"author\" content=\"Redazione Comunicati Stampa\" \/>\n<meta name=\"twitter:card\" content=\"summary_large_image\" \/>\n<meta name=\"twitter:label1\" content=\"Scritto da\" \/>\n\t<meta name=\"twitter:data1\" content=\"Redazione Comunicati Stampa\" \/>\n\t<meta name=\"twitter:label2\" content=\"Tempo di lettura stimato\" \/>\n\t<meta name=\"twitter:data2\" content=\"2 minuti\" \/>\n<script type=\"application\/ld+json\" class=\"yoast-schema-graph\">{\"@context\":\"https:\/\/schema.org\",\"@graph\":[{\"@type\":\"Article\",\"@id\":\"https:\/\/www.article-marketing.eu\/comunicati\/arte-e-cultura\/lavazza-in-partnership-con-il-mudec-museo-delle-culture-di-milano\/#article\",\"isPartOf\":{\"@id\":\"https:\/\/www.article-marketing.eu\/comunicati\/arte-e-cultura\/lavazza-in-partnership-con-il-mudec-museo-delle-culture-di-milano\/\"},\"author\":{\"name\":\"Redazione Comunicati Stampa\",\"@id\":\"https:\/\/www.article-marketing.eu\/comunicati\/#\/schema\/person\/44372e4d4d0fa797b18e03ed1ace9017\"},\"headline\":\"Lavazza in partnership con il MUDEC, Museo delle culture di Milano\",\"datePublished\":\"2016-05-18T09:08:08+00:00\",\"mainEntityOfPage\":{\"@id\":\"https:\/\/www.article-marketing.eu\/comunicati\/arte-e-cultura\/lavazza-in-partnership-con-il-mudec-museo-delle-culture-di-milano\/\"},\"wordCount\":451,\"commentCount\":0,\"keywords\":[\"arte\",\"caff\u00e8\",\"MUDEC\"],\"articleSection\":[\"Arte e cultura\"],\"inLanguage\":\"it-IT\",\"potentialAction\":[{\"@type\":\"CommentAction\",\"name\":\"Comment\",\"target\":[\"https:\/\/www.article-marketing.eu\/comunicati\/arte-e-cultura\/lavazza-in-partnership-con-il-mudec-museo-delle-culture-di-milano\/#respond\"]}]},{\"@type\":\"WebPage\",\"@id\":\"https:\/\/www.article-marketing.eu\/comunicati\/arte-e-cultura\/lavazza-in-partnership-con-il-mudec-museo-delle-culture-di-milano\/\",\"url\":\"https:\/\/www.article-marketing.eu\/comunicati\/arte-e-cultura\/lavazza-in-partnership-con-il-mudec-museo-delle-culture-di-milano\/\",\"name\":\"Lavazza in partnership con il MUDEC, Museo delle culture di Milano - Article Marketing\",\"isPartOf\":{\"@id\":\"https:\/\/www.article-marketing.eu\/comunicati\/#website\"},\"datePublished\":\"2016-05-18T09:08:08+00:00\",\"author\":{\"@id\":\"https:\/\/www.article-marketing.eu\/comunicati\/#\/schema\/person\/44372e4d4d0fa797b18e03ed1ace9017\"},\"breadcrumb\":{\"@id\":\"https:\/\/www.article-marketing.eu\/comunicati\/arte-e-cultura\/lavazza-in-partnership-con-il-mudec-museo-delle-culture-di-milano\/#breadcrumb\"},\"inLanguage\":\"it-IT\",\"potentialAction\":[{\"@type\":\"ReadAction\",\"target\":[\"https:\/\/www.article-marketing.eu\/comunicati\/arte-e-cultura\/lavazza-in-partnership-con-il-mudec-museo-delle-culture-di-milano\/\"]}]},{\"@type\":\"BreadcrumbList\",\"@id\":\"https:\/\/www.article-marketing.eu\/comunicati\/arte-e-cultura\/lavazza-in-partnership-con-il-mudec-museo-delle-culture-di-milano\/#breadcrumb\",\"itemListElement\":[{\"@type\":\"ListItem\",\"position\":1,\"name\":\"Home\",\"item\":\"https:\/\/www.article-marketing.eu\/comunicati\/\"},{\"@type\":\"ListItem\",\"position\":2,\"name\":\"Lavazza in partnership con il MUDEC, Museo delle culture di Milano\"}]},{\"@type\":\"WebSite\",\"@id\":\"https:\/\/www.article-marketing.eu\/comunicati\/#website\",\"url\":\"https:\/\/www.article-marketing.eu\/comunicati\/\",\"name\":\"Article Marketing\",\"description\":\"article marketing &amp; press release\",\"potentialAction\":[{\"@type\":\"SearchAction\",\"target\":{\"@type\":\"EntryPoint\",\"urlTemplate\":\"https:\/\/www.article-marketing.eu\/comunicati\/?s={search_term_string}\"},\"query-input\":{\"@type\":\"PropertyValueSpecification\",\"valueRequired\":true,\"valueName\":\"search_term_string\"}}],\"inLanguage\":\"it-IT\"},{\"@type\":\"Person\",\"@id\":\"https:\/\/www.article-marketing.eu\/comunicati\/#\/schema\/person\/44372e4d4d0fa797b18e03ed1ace9017\",\"name\":\"Redazione Comunicati Stampa\",\"image\":{\"@type\":\"ImageObject\",\"inLanguage\":\"it-IT\",\"@id\":\"https:\/\/www.article-marketing.eu\/comunicati\/#\/schema\/person\/image\/\",\"url\":\"https:\/\/secure.gravatar.com\/avatar\/50e5c6421d3072f42e7ace803501602c60d75233d34e29fd05feb91c8760b792?s=96&d=mm&r=g\",\"contentUrl\":\"https:\/\/secure.gravatar.com\/avatar\/50e5c6421d3072f42e7ace803501602c60d75233d34e29fd05feb91c8760b792?s=96&d=mm&r=g\",\"caption\":\"Redazione Comunicati Stampa\"},\"url\":\"https:\/\/www.article-marketing.eu\/comunicati\/author\/redazione-comunicati-stampa\/\"}]}<\/script>\n<!-- \/ Yoast SEO plugin. -->","yoast_head_json":{"title":"Lavazza in partnership con il MUDEC, Museo delle culture di Milano - Article Marketing","robots":{"index":"index","follow":"follow","max-snippet":"max-snippet:-1","max-image-preview":"max-image-preview:large","max-video-preview":"max-video-preview:-1"},"canonical":"https:\/\/www.article-marketing.eu\/comunicati\/arte-e-cultura\/lavazza-in-partnership-con-il-mudec-museo-delle-culture-di-milano\/","og_locale":"it_IT","og_type":"article","og_title":"Lavazza in partnership con il MUDEC, Museo delle culture di Milano - Article Marketing","og_description":"In occasione della mostra dedicata all\u2019artista spagnolo Joan Mir\u00f2, il marchio Lavazza ha annunciato la sua partnership con il MUDEC (Museo delle Culture di Milano) con lo scopo di creare una sinergia sul tema della cultura del caff\u00e8. Il caff\u00e8 infatti, \u00e8 un elemento molto vicino all\u2019arte,basti pensare che in passato i grandi scrittori, pensatori e filosofi si riunivano nei bar e salotti, discutendo e sorseggiando la nera bevanda.","og_url":"https:\/\/www.article-marketing.eu\/comunicati\/arte-e-cultura\/lavazza-in-partnership-con-il-mudec-museo-delle-culture-di-milano\/","og_site_name":"Article Marketing","article_published_time":"2016-05-18T09:08:08+00:00","author":"Redazione Comunicati Stampa","twitter_card":"summary_large_image","twitter_misc":{"Scritto da":"Redazione Comunicati Stampa","Tempo di lettura stimato":"2 minuti"},"schema":{"@context":"https:\/\/schema.org","@graph":[{"@type":"Article","@id":"https:\/\/www.article-marketing.eu\/comunicati\/arte-e-cultura\/lavazza-in-partnership-con-il-mudec-museo-delle-culture-di-milano\/#article","isPartOf":{"@id":"https:\/\/www.article-marketing.eu\/comunicati\/arte-e-cultura\/lavazza-in-partnership-con-il-mudec-museo-delle-culture-di-milano\/"},"author":{"name":"Redazione Comunicati Stampa","@id":"https:\/\/www.article-marketing.eu\/comunicati\/#\/schema\/person\/44372e4d4d0fa797b18e03ed1ace9017"},"headline":"Lavazza in partnership con il MUDEC, Museo delle culture di Milano","datePublished":"2016-05-18T09:08:08+00:00","mainEntityOfPage":{"@id":"https:\/\/www.article-marketing.eu\/comunicati\/arte-e-cultura\/lavazza-in-partnership-con-il-mudec-museo-delle-culture-di-milano\/"},"wordCount":451,"commentCount":0,"keywords":["arte","caff\u00e8","MUDEC"],"articleSection":["Arte e cultura"],"inLanguage":"it-IT","potentialAction":[{"@type":"CommentAction","name":"Comment","target":["https:\/\/www.article-marketing.eu\/comunicati\/arte-e-cultura\/lavazza-in-partnership-con-il-mudec-museo-delle-culture-di-milano\/#respond"]}]},{"@type":"WebPage","@id":"https:\/\/www.article-marketing.eu\/comunicati\/arte-e-cultura\/lavazza-in-partnership-con-il-mudec-museo-delle-culture-di-milano\/","url":"https:\/\/www.article-marketing.eu\/comunicati\/arte-e-cultura\/lavazza-in-partnership-con-il-mudec-museo-delle-culture-di-milano\/","name":"Lavazza in partnership con il MUDEC, Museo delle culture di Milano - Article Marketing","isPartOf":{"@id":"https:\/\/www.article-marketing.eu\/comunicati\/#website"},"datePublished":"2016-05-18T09:08:08+00:00","author":{"@id":"https:\/\/www.article-marketing.eu\/comunicati\/#\/schema\/person\/44372e4d4d0fa797b18e03ed1ace9017"},"breadcrumb":{"@id":"https:\/\/www.article-marketing.eu\/comunicati\/arte-e-cultura\/lavazza-in-partnership-con-il-mudec-museo-delle-culture-di-milano\/#breadcrumb"},"inLanguage":"it-IT","potentialAction":[{"@type":"ReadAction","target":["https:\/\/www.article-marketing.eu\/comunicati\/arte-e-cultura\/lavazza-in-partnership-con-il-mudec-museo-delle-culture-di-milano\/"]}]},{"@type":"BreadcrumbList","@id":"https:\/\/www.article-marketing.eu\/comunicati\/arte-e-cultura\/lavazza-in-partnership-con-il-mudec-museo-delle-culture-di-milano\/#breadcrumb","itemListElement":[{"@type":"ListItem","position":1,"name":"Home","item":"https:\/\/www.article-marketing.eu\/comunicati\/"},{"@type":"ListItem","position":2,"name":"Lavazza in partnership con il MUDEC, Museo delle culture di Milano"}]},{"@type":"WebSite","@id":"https:\/\/www.article-marketing.eu\/comunicati\/#website","url":"https:\/\/www.article-marketing.eu\/comunicati\/","name":"Article Marketing","description":"article marketing &amp; press release","potentialAction":[{"@type":"SearchAction","target":{"@type":"EntryPoint","urlTemplate":"https:\/\/www.article-marketing.eu\/comunicati\/?s={search_term_string}"},"query-input":{"@type":"PropertyValueSpecification","valueRequired":true,"valueName":"search_term_string"}}],"inLanguage":"it-IT"},{"@type":"Person","@id":"https:\/\/www.article-marketing.eu\/comunicati\/#\/schema\/person\/44372e4d4d0fa797b18e03ed1ace9017","name":"Redazione Comunicati Stampa","image":{"@type":"ImageObject","inLanguage":"it-IT","@id":"https:\/\/www.article-marketing.eu\/comunicati\/#\/schema\/person\/image\/","url":"https:\/\/secure.gravatar.com\/avatar\/50e5c6421d3072f42e7ace803501602c60d75233d34e29fd05feb91c8760b792?s=96&d=mm&r=g","contentUrl":"https:\/\/secure.gravatar.com\/avatar\/50e5c6421d3072f42e7ace803501602c60d75233d34e29fd05feb91c8760b792?s=96&d=mm&r=g","caption":"Redazione Comunicati Stampa"},"url":"https:\/\/www.article-marketing.eu\/comunicati\/author\/redazione-comunicati-stampa\/"}]}},"_links":{"self":[{"href":"https:\/\/www.article-marketing.eu\/comunicati\/wp-json\/wp\/v2\/posts\/52526","targetHints":{"allow":["GET"]}}],"collection":[{"href":"https:\/\/www.article-marketing.eu\/comunicati\/wp-json\/wp\/v2\/posts"}],"about":[{"href":"https:\/\/www.article-marketing.eu\/comunicati\/wp-json\/wp\/v2\/types\/post"}],"author":[{"embeddable":true,"href":"https:\/\/www.article-marketing.eu\/comunicati\/wp-json\/wp\/v2\/users\/10"}],"replies":[{"embeddable":true,"href":"https:\/\/www.article-marketing.eu\/comunicati\/wp-json\/wp\/v2\/comments?post=52526"}],"version-history":[{"count":0,"href":"https:\/\/www.article-marketing.eu\/comunicati\/wp-json\/wp\/v2\/posts\/52526\/revisions"}],"wp:attachment":[{"href":"https:\/\/www.article-marketing.eu\/comunicati\/wp-json\/wp\/v2\/media?parent=52526"}],"wp:term":[{"taxonomy":"category","embeddable":true,"href":"https:\/\/www.article-marketing.eu\/comunicati\/wp-json\/wp\/v2\/categories?post=52526"},{"taxonomy":"post_tag","embeddable":true,"href":"https:\/\/www.article-marketing.eu\/comunicati\/wp-json\/wp\/v2\/tags?post=52526"}],"curies":[{"name":"wp","href":"https:\/\/api.w.org\/{rel}","templated":true}]}}