{"id":52652,"date":"2016-06-01T16:02:40","date_gmt":"2016-06-01T14:02:40","guid":{"rendered":"http:\/\/www.article-marketing.eu\/comunicati\/senza-categoria\/mangiare-and-salute-la-settimana-dedicata-alla-dieta-mediterranea\/"},"modified":"2020-02-12T02:35:35","modified_gmt":"2020-02-12T01:35:35","slug":"mangiare-and-salute-la-settimana-dedicata-alla-dieta-mediterranea","status":"publish","type":"post","link":"https:\/\/www.article-marketing.eu\/comunicati\/salute-e-benessere\/dieta-e-nutrizione\/mangiare-and-salute-la-settimana-dedicata-alla-dieta-mediterranea\/","title":{"rendered":"Mangiare&#038;Salute: la settimana dedicata alla dieta mediterranea"},"content":{"rendered":"<h1>Mangiare&amp;Salute: la settimana dedicata alla dieta mediterranea<\/h1>\n<p>Sono oltre 1200 i biologi nutrizionisti che hanno aderito all\u2019iniziativa di Mangiare &amp; Salute, dal 6 al 10 giugno 2016, settimana dedicata alla dieta mediterranea durante la quale si potr\u00e0 prenotare una prima visita gratuita. 5 giorni dedicati alla salute, all\u2019alimentazione e al benessere fisico.<\/p>\n<p>L\u2019Ordine Nazionale dei Biologi lancia questa iniziativa per diffondere un messaggio consapevole circa l\u2019importanza di introdurre un\u2019adeguata alimentazione, in linea con i principi della dieta mediterranea.<br \/>\n\u00abDiversi studi hanno dimostrato che la dieta mediterranea \u2013 spiega il presidente dell\u2019Ordine Nazionale dei Biologi, Ermanno Calcatelli \u2013, presenta numerosi vantaggi per la nostra salute: aiuta a perdere peso, previene malattie cardiovascolari, in quanto mantiene sotto controllo colesterolo, trigliceridi, pressione arteriosa e il livello di zuccheri nel sangue, riduce il rischio di diabete, grazie a un elevato consumo di vegetali, cereali e un basso apporto di grassi e zuccheri\u00bb. Inoltre, prevedendo l\u2019integrazione di diversi alimenti, mantiene il cuore sano e facilita il mantenimento di un peso corporeo adeguato.<br \/>\n<script async src=\"https:\/\/pagead2.googlesyndication.com\/pagead\/js\/adsbygoogle.js\"><\/script><br \/>\n<!-- article-marketing.eu_over_adattabile --><br \/>\n<ins class=\"adsbygoogle\" style=\"display: block;\" data-ad-client=\"ca-pub-3786472933840786\" data-ad-slot=\"4851434602\" data-ad-format=\"auto\" data-full-width-responsive=\"true\"><\/ins><br \/>\n<script>\n     (adsbygoogle = window.adsbygoogle || []).push({});\n<\/script><br \/>\nMa non finisco qui i benefici della dieta mediterranea: \u00e8 uno dei regimi alimentari pi\u00f9 sani tra quelli conosciuti, ed \u00e8 riconosciuto a livello mondiale. Per questo l\u2019UNESCO considera la dieta mediterranea Patrimonio immateriale dell\u2019Umanit\u00e0. Ha un impatto sull\u2019ambiente minore rispetto ad altre diete, basate su un eccesso di grassi animali, in relazione dei principi di biodiversit\u00e0, stagionalit\u00e0 e frugalit\u00e0. Simboleggia lo stile di vita alimentare mediterraneo e quindi il legame con il territorio, la convivialit\u00e0, l\u2019identit\u00e0, lo scambio tra i popoli del Mediterraneo.<\/p>\n<p>Per prenotare la visita \u00e8 possibile andare sul sito www.mangiareesalute.it, inserire il comune di interesse e scegliere il biologo nutrizionista. L\u2019estate \u00e8 alle porte e per tornare in forma sempre pi\u00f9 persone si affidano a diete last minute o rimedi fai da te. Per questo l\u2019Ordine Nazionale dei Biologi, con l&#8217;iniziativa Mangiare&amp;Salute, vuole contribuire a diffondere un messaggio consapevole sull\u2019importanza di introdurre un\u2019adeguata alimentazione nella propria vita, in linea con i principi della dieta mediterranea, affidandosi soltanto a professionisti nel campo della nutrizione.<br \/>\n&#8212;<\/p>\n<p>Il biologo nutrizionista ha sempre pi\u00f9 consenso nella societ\u00e0 di oggi, in quanto \u00e8 un punto di riferimento per i cittadini che vogliono migliorare lo stato di salute o che vogliono cambiare le proprie abitudini alimentari. \u00c8 un professionista laureato in biologia, biotecnologie o scienze della nutrizione umana specializzato in scienze dell\u2019alimentazione o in campi affini (biochimica clinica, patologia clinica, microbiologia e virologia). In base ai suoi studi, possiede le competenze necessarie per valutare i fabbisogni nutrizionali e per elaborare profili personalizzati.<\/p>\n","protected":false},"excerpt":{"rendered":"<p>Mangiare&#038;Salute: dal 6 al 10 giugno visite gratuite durante la settimana dedicata alla dieta mediterranea<\/p>\n","protected":false},"author":100,"featured_media":0,"comment_status":"open","ping_status":"open","sticky":false,"template":"","format":"standard","meta":{"cybocfi_hide_featured_image":"","footnotes":""},"categories":[162],"tags":[55997,2207,24273,54969,9213,54970,3217],"class_list":["post-52652","post","type-post","status-publish","format-standard","hentry","category-dieta-e-nutrizione","tag-adv20","tag-alimentazione","tag-alimentazione-sana","tag-cibo-sano","tag-dieta-mediterranea","tag-mangiaresalute","tag-nutrizione"],"yoast_head":"<!-- This site is optimized with the Yoast SEO plugin v27.0 - https:\/\/yoast.com\/product\/yoast-seo-wordpress\/ -->\n<title>Mangiare&amp;Salute: la settimana dedicata alla dieta mediterranea - Article Marketing<\/title>\n<meta name=\"robots\" content=\"index, follow, max-snippet:-1, max-image-preview:large, max-video-preview:-1\" \/>\n<link rel=\"canonical\" href=\"https:\/\/www.article-marketing.eu\/comunicati\/salute-e-benessere\/dieta-e-nutrizione\/mangiare-and-salute-la-settimana-dedicata-alla-dieta-mediterranea\/\" \/>\n<meta property=\"og:locale\" content=\"it_IT\" \/>\n<meta property=\"og:type\" content=\"article\" \/>\n<meta property=\"og:title\" content=\"Mangiare&amp;Salute: la settimana dedicata alla dieta mediterranea - Article Marketing\" \/>\n<meta property=\"og:description\" content=\"Mangiare&amp;Salute: dal 6 al 10 giugno visite gratuite durante la settimana dedicata alla dieta mediterranea\" \/>\n<meta property=\"og:url\" content=\"https:\/\/www.article-marketing.eu\/comunicati\/salute-e-benessere\/dieta-e-nutrizione\/mangiare-and-salute-la-settimana-dedicata-alla-dieta-mediterranea\/\" \/>\n<meta property=\"og:site_name\" content=\"Article Marketing\" \/>\n<meta property=\"article:published_time\" content=\"2016-06-01T14:02:40+00:00\" \/>\n<meta property=\"article:modified_time\" content=\"2020-02-12T01:35:35+00:00\" \/>\n<meta name=\"twitter:card\" content=\"summary_large_image\" \/>\n<meta name=\"twitter:label1\" content=\"Scritto da\" \/>\n\t<meta name=\"twitter:data1\" content=\"\" \/>\n\t<meta name=\"twitter:label2\" content=\"Tempo di lettura stimato\" \/>\n\t<meta name=\"twitter:data2\" content=\"2 minuti\" \/>\n<script type=\"application\/ld+json\" class=\"yoast-schema-graph\">{\"@context\":\"https:\/\/schema.org\",\"@graph\":[{\"@type\":\"Article\",\"@id\":\"https:\/\/www.article-marketing.eu\/comunicati\/salute-e-benessere\/dieta-e-nutrizione\/mangiare-and-salute-la-settimana-dedicata-alla-dieta-mediterranea\/#article\",\"isPartOf\":{\"@id\":\"https:\/\/www.article-marketing.eu\/comunicati\/salute-e-benessere\/dieta-e-nutrizione\/mangiare-and-salute-la-settimana-dedicata-alla-dieta-mediterranea\/\"},\"author\":{\"name\":\"\",\"@id\":\"\"},\"headline\":\"Mangiare&#038;Salute: la settimana dedicata alla dieta mediterranea\",\"datePublished\":\"2016-06-01T14:02:40+00:00\",\"dateModified\":\"2020-02-12T01:35:35+00:00\",\"mainEntityOfPage\":{\"@id\":\"https:\/\/www.article-marketing.eu\/comunicati\/salute-e-benessere\/dieta-e-nutrizione\/mangiare-and-salute-la-settimana-dedicata-alla-dieta-mediterranea\/\"},\"wordCount\":434,\"commentCount\":0,\"keywords\":[\"adv20\",\"alimentazione\",\"alimentazione sana\",\"cibo sano\",\"dieta mediterranea\",\"mangiare&amp;salute\",\"nutrizione\"],\"articleSection\":[\"Dieta e Nutrizione\"],\"inLanguage\":\"it-IT\",\"potentialAction\":[{\"@type\":\"CommentAction\",\"name\":\"Comment\",\"target\":[\"https:\/\/www.article-marketing.eu\/comunicati\/salute-e-benessere\/dieta-e-nutrizione\/mangiare-and-salute-la-settimana-dedicata-alla-dieta-mediterranea\/#respond\"]}]},{\"@type\":\"WebPage\",\"@id\":\"https:\/\/www.article-marketing.eu\/comunicati\/salute-e-benessere\/dieta-e-nutrizione\/mangiare-and-salute-la-settimana-dedicata-alla-dieta-mediterranea\/\",\"url\":\"https:\/\/www.article-marketing.eu\/comunicati\/salute-e-benessere\/dieta-e-nutrizione\/mangiare-and-salute-la-settimana-dedicata-alla-dieta-mediterranea\/\",\"name\":\"Mangiare&Salute: la settimana dedicata alla dieta mediterranea - Article Marketing\",\"isPartOf\":{\"@id\":\"https:\/\/www.article-marketing.eu\/comunicati\/#website\"},\"datePublished\":\"2016-06-01T14:02:40+00:00\",\"dateModified\":\"2020-02-12T01:35:35+00:00\",\"author\":{\"@id\":\"\"},\"breadcrumb\":{\"@id\":\"https:\/\/www.article-marketing.eu\/comunicati\/salute-e-benessere\/dieta-e-nutrizione\/mangiare-and-salute-la-settimana-dedicata-alla-dieta-mediterranea\/#breadcrumb\"},\"inLanguage\":\"it-IT\",\"potentialAction\":[{\"@type\":\"ReadAction\",\"target\":[\"https:\/\/www.article-marketing.eu\/comunicati\/salute-e-benessere\/dieta-e-nutrizione\/mangiare-and-salute-la-settimana-dedicata-alla-dieta-mediterranea\/\"]}]},{\"@type\":\"BreadcrumbList\",\"@id\":\"https:\/\/www.article-marketing.eu\/comunicati\/salute-e-benessere\/dieta-e-nutrizione\/mangiare-and-salute-la-settimana-dedicata-alla-dieta-mediterranea\/#breadcrumb\",\"itemListElement\":[{\"@type\":\"ListItem\",\"position\":1,\"name\":\"Home\",\"item\":\"https:\/\/www.article-marketing.eu\/comunicati\/\"},{\"@type\":\"ListItem\",\"position\":2,\"name\":\"Mangiare&#038;Salute: la settimana dedicata alla dieta mediterranea\"}]},{\"@type\":\"WebSite\",\"@id\":\"https:\/\/www.article-marketing.eu\/comunicati\/#website\",\"url\":\"https:\/\/www.article-marketing.eu\/comunicati\/\",\"name\":\"Article Marketing\",\"description\":\"article marketing &amp; press release\",\"potentialAction\":[{\"@type\":\"SearchAction\",\"target\":{\"@type\":\"EntryPoint\",\"urlTemplate\":\"https:\/\/www.article-marketing.eu\/comunicati\/?s={search_term_string}\"},\"query-input\":{\"@type\":\"PropertyValueSpecification\",\"valueRequired\":true,\"valueName\":\"search_term_string\"}}],\"inLanguage\":\"it-IT\"},{\"@type\":\"Person\",\"@id\":\"\",\"url\":\"https:\/\/www.article-marketing.eu\/comunicati\/author\/\"}]}<\/script>\n<!-- \/ Yoast SEO plugin. -->","yoast_head_json":{"title":"Mangiare&Salute: la settimana dedicata alla dieta mediterranea - Article Marketing","robots":{"index":"index","follow":"follow","max-snippet":"max-snippet:-1","max-image-preview":"max-image-preview:large","max-video-preview":"max-video-preview:-1"},"canonical":"https:\/\/www.article-marketing.eu\/comunicati\/salute-e-benessere\/dieta-e-nutrizione\/mangiare-and-salute-la-settimana-dedicata-alla-dieta-mediterranea\/","og_locale":"it_IT","og_type":"article","og_title":"Mangiare&Salute: la settimana dedicata alla dieta mediterranea - Article Marketing","og_description":"Mangiare&Salute: dal 6 al 10 giugno visite gratuite durante la settimana dedicata alla dieta mediterranea","og_url":"https:\/\/www.article-marketing.eu\/comunicati\/salute-e-benessere\/dieta-e-nutrizione\/mangiare-and-salute-la-settimana-dedicata-alla-dieta-mediterranea\/","og_site_name":"Article Marketing","article_published_time":"2016-06-01T14:02:40+00:00","article_modified_time":"2020-02-12T01:35:35+00:00","twitter_card":"summary_large_image","twitter_misc":{"Scritto da":"","Tempo di lettura stimato":"2 minuti"},"schema":{"@context":"https:\/\/schema.org","@graph":[{"@type":"Article","@id":"https:\/\/www.article-marketing.eu\/comunicati\/salute-e-benessere\/dieta-e-nutrizione\/mangiare-and-salute-la-settimana-dedicata-alla-dieta-mediterranea\/#article","isPartOf":{"@id":"https:\/\/www.article-marketing.eu\/comunicati\/salute-e-benessere\/dieta-e-nutrizione\/mangiare-and-salute-la-settimana-dedicata-alla-dieta-mediterranea\/"},"author":{"name":"","@id":""},"headline":"Mangiare&#038;Salute: la settimana dedicata alla dieta mediterranea","datePublished":"2016-06-01T14:02:40+00:00","dateModified":"2020-02-12T01:35:35+00:00","mainEntityOfPage":{"@id":"https:\/\/www.article-marketing.eu\/comunicati\/salute-e-benessere\/dieta-e-nutrizione\/mangiare-and-salute-la-settimana-dedicata-alla-dieta-mediterranea\/"},"wordCount":434,"commentCount":0,"keywords":["adv20","alimentazione","alimentazione sana","cibo sano","dieta mediterranea","mangiare&amp;salute","nutrizione"],"articleSection":["Dieta e Nutrizione"],"inLanguage":"it-IT","potentialAction":[{"@type":"CommentAction","name":"Comment","target":["https:\/\/www.article-marketing.eu\/comunicati\/salute-e-benessere\/dieta-e-nutrizione\/mangiare-and-salute-la-settimana-dedicata-alla-dieta-mediterranea\/#respond"]}]},{"@type":"WebPage","@id":"https:\/\/www.article-marketing.eu\/comunicati\/salute-e-benessere\/dieta-e-nutrizione\/mangiare-and-salute-la-settimana-dedicata-alla-dieta-mediterranea\/","url":"https:\/\/www.article-marketing.eu\/comunicati\/salute-e-benessere\/dieta-e-nutrizione\/mangiare-and-salute-la-settimana-dedicata-alla-dieta-mediterranea\/","name":"Mangiare&Salute: la settimana dedicata alla dieta mediterranea - Article Marketing","isPartOf":{"@id":"https:\/\/www.article-marketing.eu\/comunicati\/#website"},"datePublished":"2016-06-01T14:02:40+00:00","dateModified":"2020-02-12T01:35:35+00:00","author":{"@id":""},"breadcrumb":{"@id":"https:\/\/www.article-marketing.eu\/comunicati\/salute-e-benessere\/dieta-e-nutrizione\/mangiare-and-salute-la-settimana-dedicata-alla-dieta-mediterranea\/#breadcrumb"},"inLanguage":"it-IT","potentialAction":[{"@type":"ReadAction","target":["https:\/\/www.article-marketing.eu\/comunicati\/salute-e-benessere\/dieta-e-nutrizione\/mangiare-and-salute-la-settimana-dedicata-alla-dieta-mediterranea\/"]}]},{"@type":"BreadcrumbList","@id":"https:\/\/www.article-marketing.eu\/comunicati\/salute-e-benessere\/dieta-e-nutrizione\/mangiare-and-salute-la-settimana-dedicata-alla-dieta-mediterranea\/#breadcrumb","itemListElement":[{"@type":"ListItem","position":1,"name":"Home","item":"https:\/\/www.article-marketing.eu\/comunicati\/"},{"@type":"ListItem","position":2,"name":"Mangiare&#038;Salute: la settimana dedicata alla dieta mediterranea"}]},{"@type":"WebSite","@id":"https:\/\/www.article-marketing.eu\/comunicati\/#website","url":"https:\/\/www.article-marketing.eu\/comunicati\/","name":"Article Marketing","description":"article marketing &amp; press release","potentialAction":[{"@type":"SearchAction","target":{"@type":"EntryPoint","urlTemplate":"https:\/\/www.article-marketing.eu\/comunicati\/?s={search_term_string}"},"query-input":{"@type":"PropertyValueSpecification","valueRequired":true,"valueName":"search_term_string"}}],"inLanguage":"it-IT"},{"@type":"Person","@id":"","url":"https:\/\/www.article-marketing.eu\/comunicati\/author\/"}]}},"_links":{"self":[{"href":"https:\/\/www.article-marketing.eu\/comunicati\/wp-json\/wp\/v2\/posts\/52652","targetHints":{"allow":["GET"]}}],"collection":[{"href":"https:\/\/www.article-marketing.eu\/comunicati\/wp-json\/wp\/v2\/posts"}],"about":[{"href":"https:\/\/www.article-marketing.eu\/comunicati\/wp-json\/wp\/v2\/types\/post"}],"author":[{"embeddable":true,"href":"https:\/\/www.article-marketing.eu\/comunicati\/wp-json\/wp\/v2\/users\/100"}],"replies":[{"embeddable":true,"href":"https:\/\/www.article-marketing.eu\/comunicati\/wp-json\/wp\/v2\/comments?post=52652"}],"version-history":[{"count":4,"href":"https:\/\/www.article-marketing.eu\/comunicati\/wp-json\/wp\/v2\/posts\/52652\/revisions"}],"predecessor-version":[{"id":65849,"href":"https:\/\/www.article-marketing.eu\/comunicati\/wp-json\/wp\/v2\/posts\/52652\/revisions\/65849"}],"wp:attachment":[{"href":"https:\/\/www.article-marketing.eu\/comunicati\/wp-json\/wp\/v2\/media?parent=52652"}],"wp:term":[{"taxonomy":"category","embeddable":true,"href":"https:\/\/www.article-marketing.eu\/comunicati\/wp-json\/wp\/v2\/categories?post=52652"},{"taxonomy":"post_tag","embeddable":true,"href":"https:\/\/www.article-marketing.eu\/comunicati\/wp-json\/wp\/v2\/tags?post=52652"}],"curies":[{"name":"wp","href":"https:\/\/api.w.org\/{rel}","templated":true}]}}