{"id":528,"date":"2009-07-16T15:01:02","date_gmt":"2009-07-16T13:01:02","guid":{"rendered":"http:\/\/www.article-marketing.eu\/comunicati\/senza-categoria\/promozione-rottama-il-tuo-ufficio\/"},"modified":"2009-07-16T15:01:02","modified_gmt":"2009-07-16T13:01:02","slug":"promozione-rottama-il-tuo-ufficio","status":"publish","type":"post","link":"https:\/\/www.article-marketing.eu\/comunicati\/economia-e-lavoro\/aziende\/promozione-rottama-il-tuo-ufficio\/","title":{"rendered":"Promozione: \u201cRottama il tuo Ufficio\u201d"},"content":{"rendered":"<p class=\" \" style=\"TEXT-ALIGN: justify; MARGIN: 0cm 0cm 10pt\">Cerchi una sede per la tua nuova azienda? Cerchi un Ufficio gi\u00e0 arredato? Ti serve una segretaria?<\/p>\n<p class=\" \" style=\"TEXT-ALIGN: justify; MARGIN: 0cm 0cm 10pt\">Cambiare o trovare un Ufficio in affitto significa spesso visitare parecchie agenzie immobiliari visionare diversi locali e investire capitali anticipati.<\/p>\n<p class=\" \" style=\"TEXT-ALIGN: justify; MARGIN: 0cm 0cm 10pt\">Successivamente si devono ricercare i vari fornitori:<\/p>\n<p class=\" \" style=\"TEXT-ALIGN: justify; TEXT-INDENT: -18pt; MARGIN: 0cm 0cm 10pt 39pt\">\u00b7&nbsp;&nbsp;&nbsp;&nbsp;&nbsp;&nbsp;&nbsp;&nbsp; per strutturarlo: pareti e divisori, cablaggi, rete dati, centralino, impianti di illuminazioni, condizionamento;&nbsp; <\/p>\n<p class=\" \" style=\"TEXT-ALIGN: justify; TEXT-INDENT: -18pt; MARGIN: 0cm 0cm 10pt 39pt\">\u00b7&nbsp;&nbsp;&nbsp;&nbsp;&nbsp;&nbsp;&nbsp;&nbsp; per arredarlo: scrivanie, sedie, armadi, cassettiere, tavolo riunioni, postazione segreteria, poltrone presidenziali ed accessori vari; <\/p>\n<p class=\" \" style=\"TEXT-ALIGN: justify; TEXT-INDENT: -18pt; MARGIN: 0cm 0cm 10pt 39pt\">\u00b7&nbsp;&nbsp;&nbsp;&nbsp;&nbsp;&nbsp;&nbsp;&nbsp; per renderlo funzionale: allacciamenti di luce, gas\/metano, acqua, linee telefoniche, adsl;<\/p>\n<p class=\" \" style=\"TEXT-ALIGN: justify; TEXT-INDENT: -18pt; MARGIN: 0cm 0cm 10pt 39pt\">\u00b7&nbsp;&nbsp;&nbsp;&nbsp;&nbsp;&nbsp;&nbsp;&nbsp; per utilizzarlo: impianto di centralino, telefoni, personal computer, fax, stampante di rete, scanner, fotocopiatore;<\/p>\n<p class=\" \" style=\"TEXT-ALIGN: justify; TEXT-INDENT: -18pt; MARGIN: 0cm 0cm 10pt 39pt\">\u00b7&nbsp;&nbsp;&nbsp;&nbsp;&nbsp;&nbsp;&nbsp;&nbsp; per renderlo operativo: addetta alla segreteria,addetti alla pulizia, addetti alla sorveglianza.<\/p>\n<p class=\" \" style=\"TEXT-ALIGN: justify; MARGIN: 0cm 0cm 10pt\">Tutto questo significa oltre ai capitali, prezioso tempo da togliere al proprio lavoro per dedicarsi alla ricerca dei vari fornitori.<\/p>\n<p class=\" \" style=\"TEXT-ALIGN: justify; MARGIN: 0cm 0cm 10pt\">Ma anche per coloro che hanno gi\u00e0 un Ufficio funzionale dove i costi fissi sono importanti \u00e8 possibile abbattere le spese senza rinunciare alle comodit\u00e0 del proprio ufficio.<\/p>\n<p class=\" \" style=\"TEXT-ALIGN: justify; MARGIN: 0cm 0cm 10pt\">Un\u2019ottima alternativa \u00e8 l\u2019Ufficio Virtuale: zero rischi, nessun capitale investito; zero stress, pensiamo a tutto noi; zero rigidit\u00e0, lavori dove, come e quando decidi tu; zero attese, sei operativo gi\u00e0 dopo 2 minuti; zero dipendenti, grazie alla professionalit\u00e0 del nostre segretarie.<\/p>\n<p class=\" \" style=\"TEXT-ALIGN: justify; MARGIN: 0cm 0cm 10pt\">Cos\u2019\u00e8 l\u2019Ufficio Virtuale? Si tratta di un Ufficio vero e proprio con tanto di indirizzo fisico per ricevere la tua corrispondenza, un numero di fax, un numero di telefono dove una operatrice risponde e filtra le tue telefonate, informandoti delle comunicazioni che ti riguardano.<\/p>\n<p class=\" \" style=\"TEXT-ALIGN: justify; MARGIN: 0cm 0cm 10pt\">Il Business Center Treviso per agevolare l\u2019offerta dei nostri servizi innovativi, a professionisti imprenditori, artigiani,agenti di commercio offre una <strong><em>mensilit\u00e0 gratuita<\/em><\/strong> sull\u2019annualit\u00e0, a coloro che prenoteranno entro il <em>31 Luglio 2009<\/em>.<\/p>\n<p class=\" \" style=\"TEXT-ALIGN: justify; MARGIN: 0cm 0cm 10pt\">Per maggiori info chiamateci al numero <strong>0422694050<\/strong>.<\/p>\n","protected":false},"excerpt":{"rendered":"<p>Cerchi una sede per la tua nuova azienda? Cerchi un Ufficio gi\u00e0 arredato? Ti serve una segretaria? Cambiare o trovare un Ufficio in affitto?<\/p>\n","protected":false},"author":10,"featured_media":0,"comment_status":"open","ping_status":"open","sticky":false,"template":"","format":"standard","meta":{"cybocfi_hide_featured_image":"","footnotes":""},"categories":[129],"tags":[1861,1855,1858,1854,1859,1853,1860,1856,1857],"class_list":["post-528","post","type-post","status-publish","format-standard","hentry","category-aziende","tag-attivazione-partita-iva","tag-domiciliazione","tag-risposta-telefonica","tag-segretaria-treviso","tag-segretariato","tag-ufficio-arredato","tag-ufficio-residence","tag-ufficio-temporaneo","tag-ufficio-virtuale"],"yoast_head":"<!-- This site is optimized with the Yoast SEO plugin v27.0 - https:\/\/yoast.com\/product\/yoast-seo-wordpress\/ -->\n<title>Promozione: \u201cRottama il tuo Ufficio\u201d - Article Marketing<\/title>\n<meta name=\"robots\" content=\"index, follow, max-snippet:-1, max-image-preview:large, max-video-preview:-1\" \/>\n<link rel=\"canonical\" href=\"https:\/\/www.article-marketing.eu\/comunicati\/economia-e-lavoro\/aziende\/promozione-rottama-il-tuo-ufficio\/\" \/>\n<meta property=\"og:locale\" content=\"it_IT\" \/>\n<meta property=\"og:type\" content=\"article\" \/>\n<meta property=\"og:title\" content=\"Promozione: \u201cRottama il tuo Ufficio\u201d - Article Marketing\" \/>\n<meta property=\"og:description\" content=\"Cerchi una sede per la tua nuova azienda? Cerchi un Ufficio gi\u00e0 arredato? Ti serve una segretaria? Cambiare o trovare un Ufficio in affitto?\" \/>\n<meta property=\"og:url\" content=\"https:\/\/www.article-marketing.eu\/comunicati\/economia-e-lavoro\/aziende\/promozione-rottama-il-tuo-ufficio\/\" \/>\n<meta property=\"og:site_name\" content=\"Article Marketing\" \/>\n<meta property=\"article:published_time\" content=\"2009-07-16T13:01:02+00:00\" \/>\n<meta name=\"author\" content=\"Redazione Comunicati Stampa\" \/>\n<meta name=\"twitter:card\" content=\"summary_large_image\" \/>\n<meta name=\"twitter:label1\" content=\"Scritto da\" \/>\n\t<meta name=\"twitter:data1\" content=\"Redazione Comunicati Stampa\" \/>\n\t<meta name=\"twitter:label2\" content=\"Tempo di lettura stimato\" \/>\n\t<meta name=\"twitter:data2\" content=\"2 minuti\" \/>\n<script type=\"application\/ld+json\" class=\"yoast-schema-graph\">{\"@context\":\"https:\/\/schema.org\",\"@graph\":[{\"@type\":\"Article\",\"@id\":\"https:\/\/www.article-marketing.eu\/comunicati\/economia-e-lavoro\/aziende\/promozione-rottama-il-tuo-ufficio\/#article\",\"isPartOf\":{\"@id\":\"https:\/\/www.article-marketing.eu\/comunicati\/economia-e-lavoro\/aziende\/promozione-rottama-il-tuo-ufficio\/\"},\"author\":{\"name\":\"Redazione Comunicati Stampa\",\"@id\":\"https:\/\/www.article-marketing.eu\/comunicati\/#\/schema\/person\/44372e4d4d0fa797b18e03ed1ace9017\"},\"headline\":\"Promozione: \u201cRottama il tuo Ufficio\u201d\",\"datePublished\":\"2009-07-16T13:01:02+00:00\",\"mainEntityOfPage\":{\"@id\":\"https:\/\/www.article-marketing.eu\/comunicati\/economia-e-lavoro\/aziende\/promozione-rottama-il-tuo-ufficio\/\"},\"wordCount\":327,\"commentCount\":0,\"keywords\":[\"attivazione partita IVA.\",\"domiciliazione\",\"risposta telefonica\",\"segretaria Treviso\",\"segretariato\",\"Ufficio arredato\",\"ufficio residence\",\"ufficio temporaneo\",\"ufficio virtuale\"],\"articleSection\":[\"Aziende\"],\"inLanguage\":\"it-IT\",\"potentialAction\":[{\"@type\":\"CommentAction\",\"name\":\"Comment\",\"target\":[\"https:\/\/www.article-marketing.eu\/comunicati\/economia-e-lavoro\/aziende\/promozione-rottama-il-tuo-ufficio\/#respond\"]}]},{\"@type\":\"WebPage\",\"@id\":\"https:\/\/www.article-marketing.eu\/comunicati\/economia-e-lavoro\/aziende\/promozione-rottama-il-tuo-ufficio\/\",\"url\":\"https:\/\/www.article-marketing.eu\/comunicati\/economia-e-lavoro\/aziende\/promozione-rottama-il-tuo-ufficio\/\",\"name\":\"Promozione: \u201cRottama il tuo Ufficio\u201d - Article Marketing\",\"isPartOf\":{\"@id\":\"https:\/\/www.article-marketing.eu\/comunicati\/#website\"},\"datePublished\":\"2009-07-16T13:01:02+00:00\",\"author\":{\"@id\":\"https:\/\/www.article-marketing.eu\/comunicati\/#\/schema\/person\/44372e4d4d0fa797b18e03ed1ace9017\"},\"breadcrumb\":{\"@id\":\"https:\/\/www.article-marketing.eu\/comunicati\/economia-e-lavoro\/aziende\/promozione-rottama-il-tuo-ufficio\/#breadcrumb\"},\"inLanguage\":\"it-IT\",\"potentialAction\":[{\"@type\":\"ReadAction\",\"target\":[\"https:\/\/www.article-marketing.eu\/comunicati\/economia-e-lavoro\/aziende\/promozione-rottama-il-tuo-ufficio\/\"]}]},{\"@type\":\"BreadcrumbList\",\"@id\":\"https:\/\/www.article-marketing.eu\/comunicati\/economia-e-lavoro\/aziende\/promozione-rottama-il-tuo-ufficio\/#breadcrumb\",\"itemListElement\":[{\"@type\":\"ListItem\",\"position\":1,\"name\":\"Home\",\"item\":\"https:\/\/www.article-marketing.eu\/comunicati\/\"},{\"@type\":\"ListItem\",\"position\":2,\"name\":\"Promozione: \u201cRottama il tuo Ufficio\u201d\"}]},{\"@type\":\"WebSite\",\"@id\":\"https:\/\/www.article-marketing.eu\/comunicati\/#website\",\"url\":\"https:\/\/www.article-marketing.eu\/comunicati\/\",\"name\":\"Article Marketing\",\"description\":\"article marketing &amp; press release\",\"potentialAction\":[{\"@type\":\"SearchAction\",\"target\":{\"@type\":\"EntryPoint\",\"urlTemplate\":\"https:\/\/www.article-marketing.eu\/comunicati\/?s={search_term_string}\"},\"query-input\":{\"@type\":\"PropertyValueSpecification\",\"valueRequired\":true,\"valueName\":\"search_term_string\"}}],\"inLanguage\":\"it-IT\"},{\"@type\":\"Person\",\"@id\":\"https:\/\/www.article-marketing.eu\/comunicati\/#\/schema\/person\/44372e4d4d0fa797b18e03ed1ace9017\",\"name\":\"Redazione Comunicati Stampa\",\"image\":{\"@type\":\"ImageObject\",\"inLanguage\":\"it-IT\",\"@id\":\"https:\/\/www.article-marketing.eu\/comunicati\/#\/schema\/person\/image\/\",\"url\":\"https:\/\/secure.gravatar.com\/avatar\/50e5c6421d3072f42e7ace803501602c60d75233d34e29fd05feb91c8760b792?s=96&d=mm&r=g\",\"contentUrl\":\"https:\/\/secure.gravatar.com\/avatar\/50e5c6421d3072f42e7ace803501602c60d75233d34e29fd05feb91c8760b792?s=96&d=mm&r=g\",\"caption\":\"Redazione Comunicati Stampa\"},\"url\":\"https:\/\/www.article-marketing.eu\/comunicati\/author\/redazione-comunicati-stampa\/\"}]}<\/script>\n<!-- \/ Yoast SEO plugin. -->","yoast_head_json":{"title":"Promozione: \u201cRottama il tuo Ufficio\u201d - Article Marketing","robots":{"index":"index","follow":"follow","max-snippet":"max-snippet:-1","max-image-preview":"max-image-preview:large","max-video-preview":"max-video-preview:-1"},"canonical":"https:\/\/www.article-marketing.eu\/comunicati\/economia-e-lavoro\/aziende\/promozione-rottama-il-tuo-ufficio\/","og_locale":"it_IT","og_type":"article","og_title":"Promozione: \u201cRottama il tuo Ufficio\u201d - Article Marketing","og_description":"Cerchi una sede per la tua nuova azienda? Cerchi un Ufficio gi\u00e0 arredato? Ti serve una segretaria? Cambiare o trovare un Ufficio in affitto?","og_url":"https:\/\/www.article-marketing.eu\/comunicati\/economia-e-lavoro\/aziende\/promozione-rottama-il-tuo-ufficio\/","og_site_name":"Article Marketing","article_published_time":"2009-07-16T13:01:02+00:00","author":"Redazione Comunicati Stampa","twitter_card":"summary_large_image","twitter_misc":{"Scritto da":"Redazione Comunicati Stampa","Tempo di lettura stimato":"2 minuti"},"schema":{"@context":"https:\/\/schema.org","@graph":[{"@type":"Article","@id":"https:\/\/www.article-marketing.eu\/comunicati\/economia-e-lavoro\/aziende\/promozione-rottama-il-tuo-ufficio\/#article","isPartOf":{"@id":"https:\/\/www.article-marketing.eu\/comunicati\/economia-e-lavoro\/aziende\/promozione-rottama-il-tuo-ufficio\/"},"author":{"name":"Redazione Comunicati Stampa","@id":"https:\/\/www.article-marketing.eu\/comunicati\/#\/schema\/person\/44372e4d4d0fa797b18e03ed1ace9017"},"headline":"Promozione: \u201cRottama il tuo Ufficio\u201d","datePublished":"2009-07-16T13:01:02+00:00","mainEntityOfPage":{"@id":"https:\/\/www.article-marketing.eu\/comunicati\/economia-e-lavoro\/aziende\/promozione-rottama-il-tuo-ufficio\/"},"wordCount":327,"commentCount":0,"keywords":["attivazione partita IVA.","domiciliazione","risposta telefonica","segretaria Treviso","segretariato","Ufficio arredato","ufficio residence","ufficio temporaneo","ufficio virtuale"],"articleSection":["Aziende"],"inLanguage":"it-IT","potentialAction":[{"@type":"CommentAction","name":"Comment","target":["https:\/\/www.article-marketing.eu\/comunicati\/economia-e-lavoro\/aziende\/promozione-rottama-il-tuo-ufficio\/#respond"]}]},{"@type":"WebPage","@id":"https:\/\/www.article-marketing.eu\/comunicati\/economia-e-lavoro\/aziende\/promozione-rottama-il-tuo-ufficio\/","url":"https:\/\/www.article-marketing.eu\/comunicati\/economia-e-lavoro\/aziende\/promozione-rottama-il-tuo-ufficio\/","name":"Promozione: \u201cRottama il tuo Ufficio\u201d - Article Marketing","isPartOf":{"@id":"https:\/\/www.article-marketing.eu\/comunicati\/#website"},"datePublished":"2009-07-16T13:01:02+00:00","author":{"@id":"https:\/\/www.article-marketing.eu\/comunicati\/#\/schema\/person\/44372e4d4d0fa797b18e03ed1ace9017"},"breadcrumb":{"@id":"https:\/\/www.article-marketing.eu\/comunicati\/economia-e-lavoro\/aziende\/promozione-rottama-il-tuo-ufficio\/#breadcrumb"},"inLanguage":"it-IT","potentialAction":[{"@type":"ReadAction","target":["https:\/\/www.article-marketing.eu\/comunicati\/economia-e-lavoro\/aziende\/promozione-rottama-il-tuo-ufficio\/"]}]},{"@type":"BreadcrumbList","@id":"https:\/\/www.article-marketing.eu\/comunicati\/economia-e-lavoro\/aziende\/promozione-rottama-il-tuo-ufficio\/#breadcrumb","itemListElement":[{"@type":"ListItem","position":1,"name":"Home","item":"https:\/\/www.article-marketing.eu\/comunicati\/"},{"@type":"ListItem","position":2,"name":"Promozione: \u201cRottama il tuo Ufficio\u201d"}]},{"@type":"WebSite","@id":"https:\/\/www.article-marketing.eu\/comunicati\/#website","url":"https:\/\/www.article-marketing.eu\/comunicati\/","name":"Article Marketing","description":"article marketing &amp; press release","potentialAction":[{"@type":"SearchAction","target":{"@type":"EntryPoint","urlTemplate":"https:\/\/www.article-marketing.eu\/comunicati\/?s={search_term_string}"},"query-input":{"@type":"PropertyValueSpecification","valueRequired":true,"valueName":"search_term_string"}}],"inLanguage":"it-IT"},{"@type":"Person","@id":"https:\/\/www.article-marketing.eu\/comunicati\/#\/schema\/person\/44372e4d4d0fa797b18e03ed1ace9017","name":"Redazione Comunicati Stampa","image":{"@type":"ImageObject","inLanguage":"it-IT","@id":"https:\/\/www.article-marketing.eu\/comunicati\/#\/schema\/person\/image\/","url":"https:\/\/secure.gravatar.com\/avatar\/50e5c6421d3072f42e7ace803501602c60d75233d34e29fd05feb91c8760b792?s=96&d=mm&r=g","contentUrl":"https:\/\/secure.gravatar.com\/avatar\/50e5c6421d3072f42e7ace803501602c60d75233d34e29fd05feb91c8760b792?s=96&d=mm&r=g","caption":"Redazione Comunicati Stampa"},"url":"https:\/\/www.article-marketing.eu\/comunicati\/author\/redazione-comunicati-stampa\/"}]}},"_links":{"self":[{"href":"https:\/\/www.article-marketing.eu\/comunicati\/wp-json\/wp\/v2\/posts\/528","targetHints":{"allow":["GET"]}}],"collection":[{"href":"https:\/\/www.article-marketing.eu\/comunicati\/wp-json\/wp\/v2\/posts"}],"about":[{"href":"https:\/\/www.article-marketing.eu\/comunicati\/wp-json\/wp\/v2\/types\/post"}],"author":[{"embeddable":true,"href":"https:\/\/www.article-marketing.eu\/comunicati\/wp-json\/wp\/v2\/users\/10"}],"replies":[{"embeddable":true,"href":"https:\/\/www.article-marketing.eu\/comunicati\/wp-json\/wp\/v2\/comments?post=528"}],"version-history":[{"count":0,"href":"https:\/\/www.article-marketing.eu\/comunicati\/wp-json\/wp\/v2\/posts\/528\/revisions"}],"wp:attachment":[{"href":"https:\/\/www.article-marketing.eu\/comunicati\/wp-json\/wp\/v2\/media?parent=528"}],"wp:term":[{"taxonomy":"category","embeddable":true,"href":"https:\/\/www.article-marketing.eu\/comunicati\/wp-json\/wp\/v2\/categories?post=528"},{"taxonomy":"post_tag","embeddable":true,"href":"https:\/\/www.article-marketing.eu\/comunicati\/wp-json\/wp\/v2\/tags?post=528"}],"curies":[{"name":"wp","href":"https:\/\/api.w.org\/{rel}","templated":true}]}}