{"id":5288,"date":"2010-05-30T22:45:44","date_gmt":"2010-05-30T20:45:44","guid":{"rendered":"http:\/\/www.article-marketing.eu\/comunicati\/senza-categoria\/il-biologico-di-iris-bio-viaggia-sui-greenpallet-di-palm\/"},"modified":"2018-07-10T05:35:58","modified_gmt":"2018-07-10T03:35:58","slug":"il-biologico-di-iris-bio-viaggia-sui-greenpallet-di-palm","status":"publish","type":"post","link":"https:\/\/www.article-marketing.eu\/comunicati\/economia-e-lavoro\/aziende\/il-biologico-di-iris-bio-viaggia-sui-greenpallet-di-palm\/","title":{"rendered":"Il Biologico di Iris Bio viaggia sui GreenPallet di Palm"},"content":{"rendered":"<p>\n<strong><a href=\"http:\/\/www.palm.it\/\">PALM<\/a><\/strong>, societ\u00e0 di<br \/>\n  Viadana (Mantova) che produce pallet ecologici e <strong>IRIS BIO<\/strong>, cooperativa<br \/>\nagricola di Calvatone (Cremona) che lavora nel settore del Biologico<br \/>\nhanno dato vita ad un accordo sulla tracciabilit\u00e0 di filiera.<br \/>\nL\u2019accordo riguarda l\u2019utilizzo di pallet ecologici PALM per il<br \/>\ntrasporto dei prodotti dell\u2019azienda biologica IRIS.<br \/>\nI pallet \u2013 detti anche pedane o bancali di legno \u2013 sono utilizzati<br \/>\n per movimentare le merci e fanno quindi parte a pieno titolo della<br \/>\nstoria di un prodotto. Si fa tanta attenzione alle modalit\u00e0 di<br \/>\ncoltivazione e alla confezione finale (packaging), ma in pochi sanno che<br \/>\n  i prodotti, per arrivare dal campo alla tavola viaggiano sui pallet, e<br \/>\n  un prodotto portatore di valori etici e sociali, deve essere<br \/>\ntrasportato  in modo responsabile e sostenibile.<br \/>\nPer questo IRIS BIO ha scelto per la movimentazione dei propri<br \/>\nprodotti biologici il Greenpallet di PALM garantendo una continuit\u00e0<br \/>\nnella tracciabilit\u00e0 dei propri prodotti lungo tutta la filiera: dal<br \/>\ncampo fino alla tavola.<br \/>\nPALM, azienda leader nella produzione di pallet eco-sostenibili e<br \/>\nIRIS BIO si uniscono per promuovere la filiera Bosco &gt; Legno &gt;<br \/>\nConsumatore responsabile.<br \/>\nQualit\u00e0 dei cibi da agricoltura biologica, salvaguardia forestale,<br \/>\n riqualificazione del territorio e rispetto dei valori etici e dei<br \/>\ndiritti umani sono i concetti cardine sui quali ruota questo accordo.<br \/>\nSi tratta di un passaggio fondamentale: da un\u2019economia di prodotto<br \/>\n si passa ad un\u2019economia di sistema. Il prodotto biologico diventa cos\u00cf<br \/>\n il riflesso di un sistema sostenibile strutturato che non danneggia<br \/>\nl\u2019ambiente, riduce i costi sociali, combatte l\u2019illegalit\u00e0 e assicura<br \/>\ntrasparenza e qualit\u00e0.<br \/>\nDiventa la scelta di un nuovo consumatore consapevole, per il quale<br \/>\n  la qualit\u00e0 non \u00e8 pi\u00f9 solo quella del prodotto finale, ma \u00e8 anche<br \/>\nqualit\u00e0 ambientale, etica e di processo.<\/p>\n<p>\u2014\u2014\u2014-<br \/>\n<strong>Approfondimento &gt; PALM e il Greenpallet<\/strong><br \/>\nPALM combatte il taglio illegale, la deforestazione e l\u2019utilizzo di<br \/>\n  legnami di dubbia provenienza radioattivi o contaminati da sostanze<br \/>\nchimiche.<br \/>\nPalm S.p.A. con il progetto \u201cGreenpallet: buono, sano e pulito\u201d \u00e8<br \/>\nin grado di accompagnare il pallet con l\u2019Etichetta Ambientale AssoSCAI<br \/>\nche qualifica il prodotto e il servizio, nella quale vengono esplicitate<br \/>\n  le caratteristiche ambientali che riguardano tutto il ciclo di vita.<br \/>\nIl Greenpallet sostituisce il vecchio pallet EUR-Epal spesso<br \/>\noggetto di traffico illegale che provoca ingenti danni etici ed<br \/>\neconomici alle aziende e ai trasportatori.<br \/>\nCon l\u2019uso di pallet EUR-Epal pu\u00f2 succedere che prodotti alimentari<br \/>\n vengano trasportati su pallet precedentemente usati per il trasporto di<br \/>\n  prodotti chimici, con conseguenti rischi sanitari per il consumatore<br \/>\nfinale.<br \/>\nIl consumatore deve pretendere che i prodotti abbiano un\u2019etichetta<br \/>\n di tracciabilit\u00e0 completa della filiera per una scelta etica, equa e<br \/>\nresponsabile.<br \/>\n\u2014\u2014\u2014<br \/>\n<strong>Approfondimento &gt; Certificazioni Greenpallet<\/strong><br \/>\nOgni Greenpallet ha una vera e propria carta di identit\u00e0 che<br \/>\ncontiene dichiarazioni certificate, dalle fonti energetiche rinnovabili<br \/>\n che alimentano la produzione e gli uffici, ai criteri di selezione e<br \/>\ncontrollo della materia prima rinnovabile e certificata.<br \/>\nIl legname utilizzato \u00e8 a marchio FSC-PEFC privilegiando quello<br \/>\nricavato da silvicoltura locale, in modo da abbattere le emissioni di<br \/>\nCO2 legate al trasporto su gomma e dare impulso all\u2019economia del<br \/>\nterritorio. Gli standard qualitativi e di affidabilit\u00e0 di Palm S.p.A.<br \/>\nsono garantiti dal conseguimento della certificazione di qualit\u00e0 ISO<br \/>\n9001:2000, dalla marcatura di sicurezza PalOK (ISO 8611) sulla portata<br \/>\nmassima dei pallet e dall\u2019etichetta ambientale AssoSCAI<br \/>\nsull\u2019eco-progettazione ed eco-sostenibilit\u00e0 dei prodotti per una<br \/>\ncomunicazione corretta e non fraintendibile.<br \/>\nPALM \u00e8 inoltre impegnata in uno studio di Carbon Foot Print di<br \/>\nfiliera, che permette di monitorare le emissioni di CO2 ed intervenire<br \/>\nin diversi punti della filiera, Palm ha ottenuto un importante risultato<br \/>\n  ambientale: la riduzione del 10% delle emissioni di CO2 nell\u2019arco del<br \/>\n 2008.<br \/>\n\u2014\u2014-<br \/>\n<strong>Punti chiave<\/strong><br \/>\n1- <strong><em>Ogni italiano ha 4 pallet<\/em><\/strong><br \/>\nIn italia ci sono svariati milioni di pallet, 4 per ogni abitante.<br \/>\n Dove sono i tuoi 4 pallet? Beh, ogni volta che fai la spesa te ne porti<br \/>\n  dietro un pezzo, pagandone il prezzo, economico e ambientale.<br \/>\n2- <strong><em>Da consumatore a consum-attore<\/em><\/strong><br \/>\nSai come sono trasportati i prodotti che arrivano a casa tua?<br \/>\nScegli i prodotti che adottano una politica di trasparenza, in tutte le<br \/>\n fasi della produzione, trasporto compreso. Un prodotto etico per un<br \/>\nconsumatore consapevole.<br \/>\n3- <em><strong>Filiera bosco &gt; legno &gt; consumatore<br \/>\nresponsabile<\/strong><\/em><br \/>\nIl greenpallet di palm \u00e8 portatore di valori etici e rispetto per<br \/>\nl\u2019ambiente, garantendo trasparenza e tracciabilit\u00e0 a tutta la filiera.<br \/>\n4- <strong><em>Con Palm proteggi l\u2019ambiente<\/em><\/strong><br \/>\nScegliendo i prodotti trasportati su eco-pallet contribuisci a<br \/>\nlimitare la deforestazione irresponsabile, difendi la biodiversit\u00e0, gli<br \/>\n ecosistemi e il clima del Pianeta.<br \/>\n5 \u2013 <strong><em>L\u2019impresa con le ali<\/em><\/strong><br \/>\nPalm promuove un\u2019economia basata su qualit\u00e0, etica e rispetto.<br \/>\nUn\u2019economia basata sugli aspetti umani, sulla condivisione e il crescere<br \/>\n  insieme. La mission di palm non \u00e8 creare bisogni, ma soddisfarli.<br \/>\n6- <strong><em>Pallet \u00e8 packaging. Scegli quello sostenibile<\/em><\/strong><br \/>\nIl pallet sta nella tua borsa della spesa; anche se tu non lo vedi<br \/>\n ne porti il peso, economico e ambientale. Il pallet \u00e8 parte<br \/>\ndell\u2019imballaggio del prodotto che acquisti, pretendi quindi il meglio:<br \/>\nscegli il pallet dal cuore verde.<\/p>\n","protected":false},"excerpt":{"rendered":"<p>PALM, societ\u00e0 di Viadana (Mantova) che produce pallet ecologici e IRIS BIO, cooperativa agricola di Calvatone (Cremona) che lavora nel settore del Biologico hanno dato vita ad un accordo sulla tracciabilit\u00e0 di filiera.<br \/>\nL\u2019accordo riguarda l\u2019utilizzo di pallet ecologici PALM per il trasporto dei prodotti dell\u2019azienda biologica IRIS.<\/p>\n","protected":false},"author":10,"featured_media":0,"comment_status":"open","ping_status":"open","sticky":false,"template":"","format":"standard","meta":{"cybocfi_hide_featured_image":"","footnotes":""},"categories":[129],"tags":[11379,14847,14845,14018,5902,14846,14019],"class_list":["post-5288","post","type-post","status-publish","format-standard","hentry","category-aziende","tag-biologico","tag-filiera-sostenibile","tag-green-pallet","tag-iris-bio","tag-pallet","tag-pallet-ecologico","tag-palm"],"yoast_head":"<!-- This site is optimized with the Yoast SEO plugin v27.0 - https:\/\/yoast.com\/product\/yoast-seo-wordpress\/ -->\n<title>Il Biologico di Iris Bio viaggia sui GreenPallet di Palm - Article Marketing<\/title>\n<meta name=\"robots\" content=\"index, follow, max-snippet:-1, max-image-preview:large, max-video-preview:-1\" \/>\n<link rel=\"canonical\" href=\"https:\/\/www.article-marketing.eu\/comunicati\/economia-e-lavoro\/aziende\/il-biologico-di-iris-bio-viaggia-sui-greenpallet-di-palm\/\" \/>\n<meta property=\"og:locale\" content=\"it_IT\" \/>\n<meta property=\"og:type\" content=\"article\" \/>\n<meta property=\"og:title\" content=\"Il Biologico di Iris Bio viaggia sui GreenPallet di Palm - Article Marketing\" \/>\n<meta property=\"og:description\" content=\"PALM, societ\u00e0 di Viadana (Mantova) che produce pallet ecologici e IRIS BIO, cooperativa agricola di Calvatone (Cremona) che lavora nel settore del Biologico hanno dato vita ad un accordo sulla tracciabilit\u00e0 di filiera. L\u2019accordo riguarda l\u2019utilizzo di pallet ecologici PALM per il trasporto dei prodotti dell\u2019azienda biologica IRIS.\" \/>\n<meta property=\"og:url\" content=\"https:\/\/www.article-marketing.eu\/comunicati\/economia-e-lavoro\/aziende\/il-biologico-di-iris-bio-viaggia-sui-greenpallet-di-palm\/\" \/>\n<meta property=\"og:site_name\" content=\"Article Marketing\" \/>\n<meta property=\"article:published_time\" content=\"2010-05-30T20:45:44+00:00\" \/>\n<meta property=\"article:modified_time\" content=\"2018-07-10T03:35:58+00:00\" \/>\n<meta name=\"author\" content=\"Redazione Comunicati Stampa\" \/>\n<meta name=\"twitter:card\" content=\"summary_large_image\" \/>\n<meta name=\"twitter:label1\" content=\"Scritto da\" \/>\n\t<meta name=\"twitter:data1\" content=\"Redazione Comunicati Stampa\" \/>\n\t<meta name=\"twitter:label2\" content=\"Tempo di lettura stimato\" \/>\n\t<meta name=\"twitter:data2\" content=\"4 minuti\" \/>\n<script type=\"application\/ld+json\" class=\"yoast-schema-graph\">{\"@context\":\"https:\/\/schema.org\",\"@graph\":[{\"@type\":\"Article\",\"@id\":\"https:\/\/www.article-marketing.eu\/comunicati\/economia-e-lavoro\/aziende\/il-biologico-di-iris-bio-viaggia-sui-greenpallet-di-palm\/#article\",\"isPartOf\":{\"@id\":\"https:\/\/www.article-marketing.eu\/comunicati\/economia-e-lavoro\/aziende\/il-biologico-di-iris-bio-viaggia-sui-greenpallet-di-palm\/\"},\"author\":{\"name\":\"Redazione Comunicati Stampa\",\"@id\":\"https:\/\/www.article-marketing.eu\/comunicati\/#\/schema\/person\/44372e4d4d0fa797b18e03ed1ace9017\"},\"headline\":\"Il Biologico di Iris Bio viaggia sui GreenPallet di Palm\",\"datePublished\":\"2010-05-30T20:45:44+00:00\",\"dateModified\":\"2018-07-10T03:35:58+00:00\",\"mainEntityOfPage\":{\"@id\":\"https:\/\/www.article-marketing.eu\/comunicati\/economia-e-lavoro\/aziende\/il-biologico-di-iris-bio-viaggia-sui-greenpallet-di-palm\/\"},\"wordCount\":832,\"commentCount\":0,\"keywords\":[\"biologico\",\"filiera sostenibile\",\"green pallet\",\"iris bio\",\"pallet\",\"pallet ecologico\",\"palm\"],\"articleSection\":[\"Aziende\"],\"inLanguage\":\"it-IT\",\"potentialAction\":[{\"@type\":\"CommentAction\",\"name\":\"Comment\",\"target\":[\"https:\/\/www.article-marketing.eu\/comunicati\/economia-e-lavoro\/aziende\/il-biologico-di-iris-bio-viaggia-sui-greenpallet-di-palm\/#respond\"]}]},{\"@type\":\"WebPage\",\"@id\":\"https:\/\/www.article-marketing.eu\/comunicati\/economia-e-lavoro\/aziende\/il-biologico-di-iris-bio-viaggia-sui-greenpallet-di-palm\/\",\"url\":\"https:\/\/www.article-marketing.eu\/comunicati\/economia-e-lavoro\/aziende\/il-biologico-di-iris-bio-viaggia-sui-greenpallet-di-palm\/\",\"name\":\"Il Biologico di Iris Bio viaggia sui GreenPallet di Palm - Article Marketing\",\"isPartOf\":{\"@id\":\"https:\/\/www.article-marketing.eu\/comunicati\/#website\"},\"datePublished\":\"2010-05-30T20:45:44+00:00\",\"dateModified\":\"2018-07-10T03:35:58+00:00\",\"author\":{\"@id\":\"https:\/\/www.article-marketing.eu\/comunicati\/#\/schema\/person\/44372e4d4d0fa797b18e03ed1ace9017\"},\"breadcrumb\":{\"@id\":\"https:\/\/www.article-marketing.eu\/comunicati\/economia-e-lavoro\/aziende\/il-biologico-di-iris-bio-viaggia-sui-greenpallet-di-palm\/#breadcrumb\"},\"inLanguage\":\"it-IT\",\"potentialAction\":[{\"@type\":\"ReadAction\",\"target\":[\"https:\/\/www.article-marketing.eu\/comunicati\/economia-e-lavoro\/aziende\/il-biologico-di-iris-bio-viaggia-sui-greenpallet-di-palm\/\"]}]},{\"@type\":\"BreadcrumbList\",\"@id\":\"https:\/\/www.article-marketing.eu\/comunicati\/economia-e-lavoro\/aziende\/il-biologico-di-iris-bio-viaggia-sui-greenpallet-di-palm\/#breadcrumb\",\"itemListElement\":[{\"@type\":\"ListItem\",\"position\":1,\"name\":\"Home\",\"item\":\"https:\/\/www.article-marketing.eu\/comunicati\/\"},{\"@type\":\"ListItem\",\"position\":2,\"name\":\"Il Biologico di Iris Bio viaggia sui GreenPallet di Palm\"}]},{\"@type\":\"WebSite\",\"@id\":\"https:\/\/www.article-marketing.eu\/comunicati\/#website\",\"url\":\"https:\/\/www.article-marketing.eu\/comunicati\/\",\"name\":\"Article Marketing\",\"description\":\"article marketing &amp; press release\",\"potentialAction\":[{\"@type\":\"SearchAction\",\"target\":{\"@type\":\"EntryPoint\",\"urlTemplate\":\"https:\/\/www.article-marketing.eu\/comunicati\/?s={search_term_string}\"},\"query-input\":{\"@type\":\"PropertyValueSpecification\",\"valueRequired\":true,\"valueName\":\"search_term_string\"}}],\"inLanguage\":\"it-IT\"},{\"@type\":\"Person\",\"@id\":\"https:\/\/www.article-marketing.eu\/comunicati\/#\/schema\/person\/44372e4d4d0fa797b18e03ed1ace9017\",\"name\":\"Redazione Comunicati Stampa\",\"image\":{\"@type\":\"ImageObject\",\"inLanguage\":\"it-IT\",\"@id\":\"https:\/\/www.article-marketing.eu\/comunicati\/#\/schema\/person\/image\/\",\"url\":\"https:\/\/secure.gravatar.com\/avatar\/50e5c6421d3072f42e7ace803501602c60d75233d34e29fd05feb91c8760b792?s=96&d=mm&r=g\",\"contentUrl\":\"https:\/\/secure.gravatar.com\/avatar\/50e5c6421d3072f42e7ace803501602c60d75233d34e29fd05feb91c8760b792?s=96&d=mm&r=g\",\"caption\":\"Redazione Comunicati Stampa\"},\"url\":\"https:\/\/www.article-marketing.eu\/comunicati\/author\/redazione-comunicati-stampa\/\"}]}<\/script>\n<!-- \/ Yoast SEO plugin. -->","yoast_head_json":{"title":"Il Biologico di Iris Bio viaggia sui GreenPallet di Palm - Article Marketing","robots":{"index":"index","follow":"follow","max-snippet":"max-snippet:-1","max-image-preview":"max-image-preview:large","max-video-preview":"max-video-preview:-1"},"canonical":"https:\/\/www.article-marketing.eu\/comunicati\/economia-e-lavoro\/aziende\/il-biologico-di-iris-bio-viaggia-sui-greenpallet-di-palm\/","og_locale":"it_IT","og_type":"article","og_title":"Il Biologico di Iris Bio viaggia sui GreenPallet di Palm - Article Marketing","og_description":"PALM, societ\u00e0 di Viadana (Mantova) che produce pallet ecologici e IRIS BIO, cooperativa agricola di Calvatone (Cremona) che lavora nel settore del Biologico hanno dato vita ad un accordo sulla tracciabilit\u00e0 di filiera. L\u2019accordo riguarda l\u2019utilizzo di pallet ecologici PALM per il trasporto dei prodotti dell\u2019azienda biologica IRIS.","og_url":"https:\/\/www.article-marketing.eu\/comunicati\/economia-e-lavoro\/aziende\/il-biologico-di-iris-bio-viaggia-sui-greenpallet-di-palm\/","og_site_name":"Article Marketing","article_published_time":"2010-05-30T20:45:44+00:00","article_modified_time":"2018-07-10T03:35:58+00:00","author":"Redazione Comunicati Stampa","twitter_card":"summary_large_image","twitter_misc":{"Scritto da":"Redazione Comunicati Stampa","Tempo di lettura stimato":"4 minuti"},"schema":{"@context":"https:\/\/schema.org","@graph":[{"@type":"Article","@id":"https:\/\/www.article-marketing.eu\/comunicati\/economia-e-lavoro\/aziende\/il-biologico-di-iris-bio-viaggia-sui-greenpallet-di-palm\/#article","isPartOf":{"@id":"https:\/\/www.article-marketing.eu\/comunicati\/economia-e-lavoro\/aziende\/il-biologico-di-iris-bio-viaggia-sui-greenpallet-di-palm\/"},"author":{"name":"Redazione Comunicati Stampa","@id":"https:\/\/www.article-marketing.eu\/comunicati\/#\/schema\/person\/44372e4d4d0fa797b18e03ed1ace9017"},"headline":"Il Biologico di Iris Bio viaggia sui GreenPallet di Palm","datePublished":"2010-05-30T20:45:44+00:00","dateModified":"2018-07-10T03:35:58+00:00","mainEntityOfPage":{"@id":"https:\/\/www.article-marketing.eu\/comunicati\/economia-e-lavoro\/aziende\/il-biologico-di-iris-bio-viaggia-sui-greenpallet-di-palm\/"},"wordCount":832,"commentCount":0,"keywords":["biologico","filiera sostenibile","green pallet","iris bio","pallet","pallet ecologico","palm"],"articleSection":["Aziende"],"inLanguage":"it-IT","potentialAction":[{"@type":"CommentAction","name":"Comment","target":["https:\/\/www.article-marketing.eu\/comunicati\/economia-e-lavoro\/aziende\/il-biologico-di-iris-bio-viaggia-sui-greenpallet-di-palm\/#respond"]}]},{"@type":"WebPage","@id":"https:\/\/www.article-marketing.eu\/comunicati\/economia-e-lavoro\/aziende\/il-biologico-di-iris-bio-viaggia-sui-greenpallet-di-palm\/","url":"https:\/\/www.article-marketing.eu\/comunicati\/economia-e-lavoro\/aziende\/il-biologico-di-iris-bio-viaggia-sui-greenpallet-di-palm\/","name":"Il Biologico di Iris Bio viaggia sui GreenPallet di Palm - Article Marketing","isPartOf":{"@id":"https:\/\/www.article-marketing.eu\/comunicati\/#website"},"datePublished":"2010-05-30T20:45:44+00:00","dateModified":"2018-07-10T03:35:58+00:00","author":{"@id":"https:\/\/www.article-marketing.eu\/comunicati\/#\/schema\/person\/44372e4d4d0fa797b18e03ed1ace9017"},"breadcrumb":{"@id":"https:\/\/www.article-marketing.eu\/comunicati\/economia-e-lavoro\/aziende\/il-biologico-di-iris-bio-viaggia-sui-greenpallet-di-palm\/#breadcrumb"},"inLanguage":"it-IT","potentialAction":[{"@type":"ReadAction","target":["https:\/\/www.article-marketing.eu\/comunicati\/economia-e-lavoro\/aziende\/il-biologico-di-iris-bio-viaggia-sui-greenpallet-di-palm\/"]}]},{"@type":"BreadcrumbList","@id":"https:\/\/www.article-marketing.eu\/comunicati\/economia-e-lavoro\/aziende\/il-biologico-di-iris-bio-viaggia-sui-greenpallet-di-palm\/#breadcrumb","itemListElement":[{"@type":"ListItem","position":1,"name":"Home","item":"https:\/\/www.article-marketing.eu\/comunicati\/"},{"@type":"ListItem","position":2,"name":"Il Biologico di Iris Bio viaggia sui GreenPallet di Palm"}]},{"@type":"WebSite","@id":"https:\/\/www.article-marketing.eu\/comunicati\/#website","url":"https:\/\/www.article-marketing.eu\/comunicati\/","name":"Article Marketing","description":"article marketing &amp; press release","potentialAction":[{"@type":"SearchAction","target":{"@type":"EntryPoint","urlTemplate":"https:\/\/www.article-marketing.eu\/comunicati\/?s={search_term_string}"},"query-input":{"@type":"PropertyValueSpecification","valueRequired":true,"valueName":"search_term_string"}}],"inLanguage":"it-IT"},{"@type":"Person","@id":"https:\/\/www.article-marketing.eu\/comunicati\/#\/schema\/person\/44372e4d4d0fa797b18e03ed1ace9017","name":"Redazione Comunicati Stampa","image":{"@type":"ImageObject","inLanguage":"it-IT","@id":"https:\/\/www.article-marketing.eu\/comunicati\/#\/schema\/person\/image\/","url":"https:\/\/secure.gravatar.com\/avatar\/50e5c6421d3072f42e7ace803501602c60d75233d34e29fd05feb91c8760b792?s=96&d=mm&r=g","contentUrl":"https:\/\/secure.gravatar.com\/avatar\/50e5c6421d3072f42e7ace803501602c60d75233d34e29fd05feb91c8760b792?s=96&d=mm&r=g","caption":"Redazione Comunicati Stampa"},"url":"https:\/\/www.article-marketing.eu\/comunicati\/author\/redazione-comunicati-stampa\/"}]}},"_links":{"self":[{"href":"https:\/\/www.article-marketing.eu\/comunicati\/wp-json\/wp\/v2\/posts\/5288","targetHints":{"allow":["GET"]}}],"collection":[{"href":"https:\/\/www.article-marketing.eu\/comunicati\/wp-json\/wp\/v2\/posts"}],"about":[{"href":"https:\/\/www.article-marketing.eu\/comunicati\/wp-json\/wp\/v2\/types\/post"}],"author":[{"embeddable":true,"href":"https:\/\/www.article-marketing.eu\/comunicati\/wp-json\/wp\/v2\/users\/10"}],"replies":[{"embeddable":true,"href":"https:\/\/www.article-marketing.eu\/comunicati\/wp-json\/wp\/v2\/comments?post=5288"}],"version-history":[{"count":3,"href":"https:\/\/www.article-marketing.eu\/comunicati\/wp-json\/wp\/v2\/posts\/5288\/revisions"}],"predecessor-version":[{"id":61886,"href":"https:\/\/www.article-marketing.eu\/comunicati\/wp-json\/wp\/v2\/posts\/5288\/revisions\/61886"}],"wp:attachment":[{"href":"https:\/\/www.article-marketing.eu\/comunicati\/wp-json\/wp\/v2\/media?parent=5288"}],"wp:term":[{"taxonomy":"category","embeddable":true,"href":"https:\/\/www.article-marketing.eu\/comunicati\/wp-json\/wp\/v2\/categories?post=5288"},{"taxonomy":"post_tag","embeddable":true,"href":"https:\/\/www.article-marketing.eu\/comunicati\/wp-json\/wp\/v2\/tags?post=5288"}],"curies":[{"name":"wp","href":"https:\/\/api.w.org\/{rel}","templated":true}]}}